{"id":98634,"date":"2024-09-13T22:50:36","date_gmt":"2024-09-13T22:50:36","guid":{"rendered":"https:\/\/elregionalvm.com.ar\/noticias-villa-maria\/?p=98634"},"modified":"2024-09-13T22:50:38","modified_gmt":"2024-09-13T22:50:38","slug":"el-colegio-de-abogados-de-villa-maria-solicita-mejoras-de-accesibilidad-en-los-tribunales","status":"publish","type":"post","link":"https:\/\/elregionalvm.com.ar\/noticias-villa-maria\/el-colegio-de-abogados-de-villa-maria-solicita-mejoras-de-accesibilidad-en-los-tribunales\/","title":{"rendered":"El Colegio de Abogados de Villa Mar\u00eda solicita mejoras de accesibilidad en los Tribunales"},"content":{"rendered":"\n<p>El Colegio de Abogados de Villa Mar\u00eda (CAVM) present\u00f3 un pedido formal ante la Superintendencia del Poder Judicial de Villa Mar\u00eda, con el objetivo de garantizar el acceso adecuado al edificio de tribunales para personas con limitaci\u00f3n funcional o discapacidad. Este derecho fundamental es esencial para asegurar que todos los ciudadanos puedan acceder sin dificultades a la justicia.<\/p>\n\n\n\n<figure class=\"wp-block-image size-large\"><img data-recalc-dims=\"1\" fetchpriority=\"high\" decoding=\"async\" width=\"1024\" height=\"576\" src=\"https:\/\/i0.wp.com\/elregionalvm.com.ar\/noticias-villa-maria\/wp-content\/uploads\/2024\/09\/WhatsApp-Image-2024-09-12-at-15.30.10.jpeg?resize=1024%2C576&#038;ssl=1\" alt=\"\" class=\"wp-image-98635\" srcset=\"https:\/\/i0.wp.com\/elregionalvm.com.ar\/noticias-villa-maria\/wp-content\/uploads\/2024\/09\/WhatsApp-Image-2024-09-12-at-15.30.10.jpeg?resize=1024%2C576&amp;ssl=1 1024w, https:\/\/i0.wp.com\/elregionalvm.com.ar\/noticias-villa-maria\/wp-content\/uploads\/2024\/09\/WhatsApp-Image-2024-09-12-at-15.30.10.jpeg?resize=300%2C169&amp;ssl=1 300w, https:\/\/i0.wp.com\/elregionalvm.com.ar\/noticias-villa-maria\/wp-content\/uploads\/2024\/09\/WhatsApp-Image-2024-09-12-at-15.30.10.jpeg?resize=768%2C432&amp;ssl=1 768w, https:\/\/i0.wp.com\/elregionalvm.com.ar\/noticias-villa-maria\/wp-content\/uploads\/2024\/09\/WhatsApp-Image-2024-09-12-at-15.30.10.jpeg?w=1280&amp;ssl=1 1280w\" sizes=\"(max-width: 1000px) 100vw, 1000px\" \/><\/figure>\n\n\n\n<p>La presidenta de la CAVM, Itat\u00ed Demarchi, expres\u00f3 su preocupaci\u00f3n al respecto: \u201cEs un tema que nos inquieta y hemos dado un primer paso hacia un acceso justo m\u00e1s a la justicia, buscando una tutela judicial efectiva y genuina. El estado actual del edificio es preocupante, ya que entendemos que no se est\u00e1 garantizando un acceso real a la justicia para la ciudad.<\/p>\n\n\n\n<p>El Colegio de Abogados de Villa Mar\u00eda (CAVM) present\u00f3 un pedido formal ante la Superintendencia del Poder Judicial de Villa Mar\u00eda, con el objetivo de garantizar el acceso adecuado al edificio de tribunales para personas con limitaci\u00f3n funcional o discapacidad. Este derecho fundamental es esencial para asegurar que todos los ciudadanos puedan acceder sin dificultades a la justicia.<\/p>\n\n\n\n<p>La presidenta de la CAVM, Itat\u00ed Demarchi, expres\u00f3 su preocupaci\u00f3n al respecto: \u201cEs un tema que nos inquieta y hemos dado un primer paso hacia un acceso justo m\u00e1s a la justicia, buscando una tutela judicial efectiva y genuina. El estado actual del edificio es preocupante, ya que entendemos que no se est\u00e1 garantizando un acceso real a la justicia para la ciudad.<\/p>\n\n\n\n<p>Al inicio de su gesti\u00f3n, Demarchi se\u00f1al\u00f3 que una de las barreras m\u00e1s evidentes era la falta de una rampa de acceso en los tribunales. \u00abActualmente, no tenemos rampa en el edificio, donde se tramitan amparos por discapacidad y se protegen los derechos de personas con limitaciones funcionales, a quienes decimos que defendemos, pero que no pueden ingresar al lugar\u00bb, subray\u00f3.<\/p>\n\n\n\n<p>En respuesta al pedido del CAVM, bajo apercibimiento de amparo, la Administraci\u00f3n General del Poder Judicial inform\u00f3 que arquitectos ya est\u00e1n trabajando en la construcci\u00f3n de una rampa accesible, cumpliendo con los tratados internacionales y la normativa nacional vigente. \u201cLa novedad es que hemos recibido por parte de la Administraci\u00f3n General la visita de un grupo de arquitectos que est\u00e1 evaluando la obra\u201d, indic\u00f3 Demarchi.<\/p>\n\n\n\n<p>Mientras se desarrollan las obras, se ha dispuesto como medida transitoria habilitar el ingreso por la calle San Juan para abogados y ciudadanos con limitaci\u00f3n funcional o discapacidad. \u201cSe est\u00e1 trabajando en la habilitaci\u00f3n de la puerta de la calle San Juan, y el Colegio ha solicitado que este acceso sea adecuado para permitir que las personas puedan ingresar sin obst\u00e1culos\u201d, explic\u00f3.<\/p>\n","protected":false},"excerpt":{"rendered":"<p>El Colegio de Abogados de Villa Mar\u00eda (CAVM) present\u00f3 un pedido formal ante la Superintendencia del Poder Judicial de Villa Mar\u00eda, con el objetivo de garantizar el acceso adecuado al edificio de tribunales para personas con limitaci\u00f3n funcional o discapacidad. Este derecho fundamental es esencial para asegurar que todos los ciudadanos puedan acceder sin dificultades [&hellip;]<\/p>\n","protected":false},"author":4,"featured_media":98636,"comment_status":"open","ping_status":"open","sticky":false,"template":"","format":"standard","meta":{"site-sidebar-layout":"default","site-content-layout":"","ast-site-content-layout":"default","site-content-style":"default","site-sidebar-style":"default","ast-global-header-display":"","ast-banner-title-visibility":"","ast-main-header-display":"","ast-hfb-above-header-display":"","ast-hfb-below-header-display":"","ast-hfb-mobile-header-display":"","site-post-title":"","ast-breadcrumbs-content":"","ast-featured-img":"","footer-sml-layout":"","ast-disable-related-posts":"","theme-transparent-header-meta":"","adv-header-id-meta":"","stick-header-meta":"","header-above-stick-meta":"","header-main-stick-meta":"","header-below-stick-meta":"","astra-migrate-meta-layouts":"set","ast-page-background-enabled":"default","ast-page-background-meta":{"desktop":{"background-color":"","background-image":"","background-repeat":"repeat","background-position":"center center","background-size":"auto","background-attachment":"scroll","background-type":"","background-media":"","overlay-type":"","overlay-color":"","overlay-opacity":"","overlay-gradient":""},"tablet":{"background-color":"","background-image":"","background-repeat":"repeat","background-position":"center center","background-size":"auto","background-attachment":"scroll","background-type":"","background-media":"","overlay-type":"","overlay-color":"","overlay-opacity":"","overlay-gradient":""},"mobile":{"background-color":"","background-image":"","background-repeat":"repeat","background-position":"center center","background-size":"auto","background-attachment":"scroll","background-type":"","background-media":"","overlay-type":"","overlay-color":"","overlay-opacity":"","overlay-gradient":""}},"ast-content-background-meta":{"desktop":{"background-color":"var(--ast-global-color-5)","background-image":"","background-repeat":"repeat","background-position":"center center","background-size":"auto","background-attachment":"scroll","background-type":"","background-media":"","overlay-type":"","overlay-color":"","overlay-opacity":"","overlay-gradient":""},"tablet":{"background-color":"var(--ast-global-color-5)","background-image":"","background-repeat":"repeat","background-position":"center center","background-size":"auto","background-attachment":"scroll","background-type":"","background-media":"","overlay-type":"","overlay-color":"","overlay-opacity":"","overlay-gradient":""},"mobile":{"background-color":"var(--ast-global-color-5)","background-image":"","background-repeat":"repeat","background-position":"center center","background-size":"auto","background-attachment":"scroll","background-type":"","background-media":"","overlay-type":"","overlay-color":"","overlay-opacity":"","overlay-gradient":""}},"_jetpack_memberships_contains_paid_content":false,"_joinchat":[],"footnotes":""},"categories":[15302,5,2],"tags":[],"class_list":["post-98634","post","type-post","status-publish","format-standard","has-post-thumbnail","hentry","category-destacado","category-sociedad","category-villa-maria"],"yoast_head":"<!-- This site is optimized with the Yoast SEO plugin v26.8 - https:\/\/yoast.com\/product\/yoast-seo-wordpress\/ -->\n<title>El Colegio de Abogados de Villa Mar\u00eda solicita mejoras de accesibilidad en los Tribunales - El Regional<\/title>\n<meta name=\"robots\" content=\"index, follow, max-snippet:-1, max-image-preview:large, max-video-preview:-1\" \/>\n<link rel=\"canonical\" href=\"https:\/\/elregionalvm.com.ar\/noticias-villa-maria\/el-colegio-de-abogados-de-villa-maria-solicita-mejoras-de-accesibilidad-en-los-tribunales\/\" \/>\n<meta property=\"og:locale\" content=\"es_ES\" \/>\n<meta property=\"og:type\" content=\"article\" \/>\n<meta property=\"og:title\" content=\"El Colegio de Abogados de Villa Mar\u00eda solicita mejoras de accesibilidad en los Tribunales - El Regional\" \/>\n<meta property=\"og:description\" content=\"El Colegio de Abogados de Villa Mar\u00eda (CAVM) present\u00f3 un pedido formal ante la Superintendencia del Poder Judicial de Villa Mar\u00eda, con el objetivo de garantizar el acceso adecuado al edificio de tribunales para personas con limitaci\u00f3n funcional o discapacidad. Este derecho fundamental es esencial para asegurar que todos los ciudadanos puedan acceder sin dificultades [&hellip;]\" \/>\n<meta property=\"og:url\" content=\"https:\/\/elregionalvm.com.ar\/noticias-villa-maria\/el-colegio-de-abogados-de-villa-maria-solicita-mejoras-de-accesibilidad-en-los-tribunales\/\" \/>\n<meta property=\"og:site_name\" content=\"El Regional\" \/>\n<meta property=\"article:publisher\" content=\"https:\/\/www.facebook.com\/elregionalvm\" \/>\n<meta property=\"article:published_time\" content=\"2024-09-13T22:50:36+00:00\" \/>\n<meta property=\"article:modified_time\" content=\"2024-09-13T22:50:38+00:00\" \/>\n<meta property=\"og:image\" content=\"https:\/\/elregionalvm.com.ar\/noticias-villa-maria\/wp-content\/uploads\/2024\/09\/WhatsApp-Image-2024-09-12-at-15.30.11.jpeg\" \/>\n\t<meta property=\"og:image:width\" content=\"1280\" \/>\n\t<meta property=\"og:image:height\" content=\"720\" \/>\n\t<meta property=\"og:image:type\" content=\"image\/jpeg\" \/>\n<meta name=\"author\" content=\"Contenidos El Regional\" \/>\n<meta name=\"twitter:card\" content=\"summary_large_image\" \/>\n<meta name=\"twitter:creator\" content=\"@elregionalvm1\" \/>\n<meta name=\"twitter:site\" content=\"@elregionalvm1\" \/>\n<meta name=\"twitter:label1\" content=\"Escrito por\" \/>\n\t<meta name=\"twitter:data1\" content=\"Contenidos El Regional\" \/>\n\t<meta name=\"twitter:label2\" content=\"Tiempo de lectura\" \/>\n\t<meta name=\"twitter:data2\" content=\"3 minutos\" \/>\n<script type=\"application\/ld+json\" class=\"yoast-schema-graph\">{\"@context\":\"https:\/\/schema.org\",\"@graph\":[{\"@type\":\"Article\",\"@id\":\"https:\/\/elregionalvm.com.ar\/noticias-villa-maria\/el-colegio-de-abogados-de-villa-maria-solicita-mejoras-de-accesibilidad-en-los-tribunales\/#article\",\"isPartOf\":{\"@id\":\"https:\/\/elregionalvm.com.ar\/noticias-villa-maria\/el-colegio-de-abogados-de-villa-maria-solicita-mejoras-de-accesibilidad-en-los-tribunales\/\"},\"author\":{\"name\":\"Contenidos El Regional\",\"@id\":\"http:\/\/elregionalvm.com.ar\/noticias-villa-maria\/#\/schema\/person\/a0fb9c422317faca23d50163151bc354\"},\"headline\":\"El Colegio de Abogados de Villa Mar\u00eda solicita mejoras de accesibilidad en los Tribunales\",\"datePublished\":\"2024-09-13T22:50:36+00:00\",\"dateModified\":\"2024-09-13T22:50:38+00:00\",\"mainEntityOfPage\":{\"@id\":\"https:\/\/elregionalvm.com.ar\/noticias-villa-maria\/el-colegio-de-abogados-de-villa-maria-solicita-mejoras-de-accesibilidad-en-los-tribunales\/\"},\"wordCount\":465,\"commentCount\":0,\"image\":{\"@id\":\"https:\/\/elregionalvm.com.ar\/noticias-villa-maria\/el-colegio-de-abogados-de-villa-maria-solicita-mejoras-de-accesibilidad-en-los-tribunales\/#primaryimage\"},\"thumbnailUrl\":\"https:\/\/i0.wp.com\/elregionalvm.com.ar\/noticias-villa-maria\/wp-content\/uploads\/2024\/09\/WhatsApp-Image-2024-09-12-at-15.30.11.jpeg?fit=1280%2C720&ssl=1\",\"articleSection\":[\"destacado\",\"Sociedad\",\"Villa Mar\u00eda\"],\"inLanguage\":\"es\",\"potentialAction\":[{\"@type\":\"CommentAction\",\"name\":\"Comment\",\"target\":[\"https:\/\/elregionalvm.com.ar\/noticias-villa-maria\/el-colegio-de-abogados-de-villa-maria-solicita-mejoras-de-accesibilidad-en-los-tribunales\/#respond\"]}]},{\"@type\":\"WebPage\",\"@id\":\"https:\/\/elregionalvm.com.ar\/noticias-villa-maria\/el-colegio-de-abogados-de-villa-maria-solicita-mejoras-de-accesibilidad-en-los-tribunales\/\",\"url\":\"https:\/\/elregionalvm.com.ar\/noticias-villa-maria\/el-colegio-de-abogados-de-villa-maria-solicita-mejoras-de-accesibilidad-en-los-tribunales\/\",\"name\":\"El Colegio de Abogados de Villa Mar\u00eda solicita mejoras de accesibilidad en los Tribunales - El Regional\",\"isPartOf\":{\"@id\":\"http:\/\/elregionalvm.com.ar\/noticias-villa-maria\/#website\"},\"primaryImageOfPage\":{\"@id\":\"https:\/\/elregionalvm.com.ar\/noticias-villa-maria\/el-colegio-de-abogados-de-villa-maria-solicita-mejoras-de-accesibilidad-en-los-tribunales\/#primaryimage\"},\"image\":{\"@id\":\"https:\/\/elregionalvm.com.ar\/noticias-villa-maria\/el-colegio-de-abogados-de-villa-maria-solicita-mejoras-de-accesibilidad-en-los-tribunales\/#primaryimage\"},\"thumbnailUrl\":\"https:\/\/i0.wp.com\/elregionalvm.com.ar\/noticias-villa-maria\/wp-content\/uploads\/2024\/09\/WhatsApp-Image-2024-09-12-at-15.30.11.jpeg?fit=1280%2C720&ssl=1\",\"datePublished\":\"2024-09-13T22:50:36+00:00\",\"dateModified\":\"2024-09-13T22:50:38+00:00\",\"author\":{\"@id\":\"http:\/\/elregionalvm.com.ar\/noticias-villa-maria\/#\/schema\/person\/a0fb9c422317faca23d50163151bc354\"},\"breadcrumb\":{\"@id\":\"https:\/\/elregionalvm.com.ar\/noticias-villa-maria\/el-colegio-de-abogados-de-villa-maria-solicita-mejoras-de-accesibilidad-en-los-tribunales\/#breadcrumb\"},\"inLanguage\":\"es\",\"potentialAction\":[{\"@type\":\"ReadAction\",\"target\":[\"https:\/\/elregionalvm.com.ar\/noticias-villa-maria\/el-colegio-de-abogados-de-villa-maria-solicita-mejoras-de-accesibilidad-en-los-tribunales\/\"]}]},{\"@type\":\"ImageObject\",\"inLanguage\":\"es\",\"@id\":\"https:\/\/elregionalvm.com.ar\/noticias-villa-maria\/el-colegio-de-abogados-de-villa-maria-solicita-mejoras-de-accesibilidad-en-los-tribunales\/#primaryimage\",\"url\":\"https:\/\/i0.wp.com\/elregionalvm.com.ar\/noticias-villa-maria\/wp-content\/uploads\/2024\/09\/WhatsApp-Image-2024-09-12-at-15.30.11.jpeg?fit=1280%2C720&ssl=1\",\"contentUrl\":\"https:\/\/i0.wp.com\/elregionalvm.com.ar\/noticias-villa-maria\/wp-content\/uploads\/2024\/09\/WhatsApp-Image-2024-09-12-at-15.30.11.jpeg?fit=1280%2C720&ssl=1\",\"width\":1280,\"height\":720},{\"@type\":\"BreadcrumbList\",\"@id\":\"https:\/\/elregionalvm.com.ar\/noticias-villa-maria\/el-colegio-de-abogados-de-villa-maria-solicita-mejoras-de-accesibilidad-en-los-tribunales\/#breadcrumb\",\"itemListElement\":[{\"@type\":\"ListItem\",\"position\":1,\"name\":\"Portada\",\"item\":\"https:\/\/elregionalvm.com.ar\/noticias-villa-maria\/\"},{\"@type\":\"ListItem\",\"position\":2,\"name\":\"El Colegio de Abogados de Villa Mar\u00eda solicita mejoras de accesibilidad en los Tribunales\"}]},{\"@type\":\"WebSite\",\"@id\":\"http:\/\/elregionalvm.com.ar\/noticias-villa-maria\/#website\",\"url\":\"http:\/\/elregionalvm.com.ar\/noticias-villa-maria\/\",\"name\":\"El Regional\",\"description\":\"Mucho m\u00e1s que informaci\u00f3n\",\"potentialAction\":[{\"@type\":\"SearchAction\",\"target\":{\"@type\":\"EntryPoint\",\"urlTemplate\":\"http:\/\/elregionalvm.com.ar\/noticias-villa-maria\/?s={search_term_string}\"},\"query-input\":{\"@type\":\"PropertyValueSpecification\",\"valueRequired\":true,\"valueName\":\"search_term_string\"}}],\"inLanguage\":\"es\"},{\"@type\":\"Person\",\"@id\":\"http:\/\/elregionalvm.com.ar\/noticias-villa-maria\/#\/schema\/person\/a0fb9c422317faca23d50163151bc354\",\"name\":\"Contenidos El Regional\",\"image\":{\"@type\":\"ImageObject\",\"inLanguage\":\"es\",\"@id\":\"http:\/\/elregionalvm.com.ar\/noticias-villa-maria\/#\/schema\/person\/image\/\",\"url\":\"https:\/\/secure.gravatar.com\/avatar\/265b27cb2209af7bb3a1318f03305787d7981a5cc6e6cd08fe5a4ecdf99d4b48?s=96&d=mm&r=g\",\"contentUrl\":\"https:\/\/secure.gravatar.com\/avatar\/265b27cb2209af7bb3a1318f03305787d7981a5cc6e6cd08fe5a4ecdf99d4b48?s=96&d=mm&r=g\",\"caption\":\"Contenidos El Regional\"},\"url\":\"https:\/\/elregionalvm.com.ar\/noticias-villa-maria\/author\/contenido\/\"}]}<\/script>\n<!-- \/ Yoast SEO plugin. -->","yoast_head_json":{"title":"El Colegio de Abogados de Villa Mar\u00eda solicita mejoras de accesibilidad en los Tribunales - El Regional","robots":{"index":"index","follow":"follow","max-snippet":"max-snippet:-1","max-image-preview":"max-image-preview:large","max-video-preview":"max-video-preview:-1"},"canonical":"https:\/\/elregionalvm.com.ar\/noticias-villa-maria\/el-colegio-de-abogados-de-villa-maria-solicita-mejoras-de-accesibilidad-en-los-tribunales\/","og_locale":"es_ES","og_type":"article","og_title":"El Colegio de Abogados de Villa Mar\u00eda solicita mejoras de accesibilidad en los Tribunales - El Regional","og_description":"El Colegio de Abogados de Villa Mar\u00eda (CAVM) present\u00f3 un pedido formal ante la Superintendencia del Poder Judicial de Villa Mar\u00eda, con el objetivo de garantizar el acceso adecuado al edificio de tribunales para personas con limitaci\u00f3n funcional o discapacidad. Este derecho fundamental es esencial para asegurar que todos los ciudadanos puedan acceder sin dificultades [&hellip;]","og_url":"https:\/\/elregionalvm.com.ar\/noticias-villa-maria\/el-colegio-de-abogados-de-villa-maria-solicita-mejoras-de-accesibilidad-en-los-tribunales\/","og_site_name":"El Regional","article_publisher":"https:\/\/www.facebook.com\/elregionalvm","article_published_time":"2024-09-13T22:50:36+00:00","article_modified_time":"2024-09-13T22:50:38+00:00","og_image":[{"width":1280,"height":720,"url":"https:\/\/elregionalvm.com.ar\/noticias-villa-maria\/wp-content\/uploads\/2024\/09\/WhatsApp-Image-2024-09-12-at-15.30.11.jpeg","type":"image\/jpeg"}],"author":"Contenidos El Regional","twitter_card":"summary_large_image","twitter_creator":"@elregionalvm1","twitter_site":"@elregionalvm1","twitter_misc":{"Escrito por":"Contenidos El Regional","Tiempo de lectura":"3 minutos"},"schema":{"@context":"https:\/\/schema.org","@graph":[{"@type":"Article","@id":"https:\/\/elregionalvm.com.ar\/noticias-villa-maria\/el-colegio-de-abogados-de-villa-maria-solicita-mejoras-de-accesibilidad-en-los-tribunales\/#article","isPartOf":{"@id":"https:\/\/elregionalvm.com.ar\/noticias-villa-maria\/el-colegio-de-abogados-de-villa-maria-solicita-mejoras-de-accesibilidad-en-los-tribunales\/"},"author":{"name":"Contenidos El Regional","@id":"http:\/\/elregionalvm.com.ar\/noticias-villa-maria\/#\/schema\/person\/a0fb9c422317faca23d50163151bc354"},"headline":"El Colegio de Abogados de Villa Mar\u00eda solicita mejoras de accesibilidad en los Tribunales","datePublished":"2024-09-13T22:50:36+00:00","dateModified":"2024-09-13T22:50:38+00:00","mainEntityOfPage":{"@id":"https:\/\/elregionalvm.com.ar\/noticias-villa-maria\/el-colegio-de-abogados-de-villa-maria-solicita-mejoras-de-accesibilidad-en-los-tribunales\/"},"wordCount":465,"commentCount":0,"image":{"@id":"https:\/\/elregionalvm.com.ar\/noticias-villa-maria\/el-colegio-de-abogados-de-villa-maria-solicita-mejoras-de-accesibilidad-en-los-tribunales\/#primaryimage"},"thumbnailUrl":"https:\/\/i0.wp.com\/elregionalvm.com.ar\/noticias-villa-maria\/wp-content\/uploads\/2024\/09\/WhatsApp-Image-2024-09-12-at-15.30.11.jpeg?fit=1280%2C720&ssl=1","articleSection":["destacado","Sociedad","Villa Mar\u00eda"],"inLanguage":"es","potentialAction":[{"@type":"CommentAction","name":"Comment","target":["https:\/\/elregionalvm.com.ar\/noticias-villa-maria\/el-colegio-de-abogados-de-villa-maria-solicita-mejoras-de-accesibilidad-en-los-tribunales\/#respond"]}]},{"@type":"WebPage","@id":"https:\/\/elregionalvm.com.ar\/noticias-villa-maria\/el-colegio-de-abogados-de-villa-maria-solicita-mejoras-de-accesibilidad-en-los-tribunales\/","url":"https:\/\/elregionalvm.com.ar\/noticias-villa-maria\/el-colegio-de-abogados-de-villa-maria-solicita-mejoras-de-accesibilidad-en-los-tribunales\/","name":"El Colegio de Abogados de Villa Mar\u00eda solicita mejoras de accesibilidad en los Tribunales - El Regional","isPartOf":{"@id":"http:\/\/elregionalvm.com.ar\/noticias-villa-maria\/#website"},"primaryImageOfPage":{"@id":"https:\/\/elregionalvm.com.ar\/noticias-villa-maria\/el-colegio-de-abogados-de-villa-maria-solicita-mejoras-de-accesibilidad-en-los-tribunales\/#primaryimage"},"image":{"@id":"https:\/\/elregionalvm.com.ar\/noticias-villa-maria\/el-colegio-de-abogados-de-villa-maria-solicita-mejoras-de-accesibilidad-en-los-tribunales\/#primaryimage"},"thumbnailUrl":"https:\/\/i0.wp.com\/elregionalvm.com.ar\/noticias-villa-maria\/wp-content\/uploads\/2024\/09\/WhatsApp-Image-2024-09-12-at-15.30.11.jpeg?fit=1280%2C720&ssl=1","datePublished":"2024-09-13T22:50:36+00:00","dateModified":"2024-09-13T22:50:38+00:00","author":{"@id":"http:\/\/elregionalvm.com.ar\/noticias-villa-maria\/#\/schema\/person\/a0fb9c422317faca23d50163151bc354"},"breadcrumb":{"@id":"https:\/\/elregionalvm.com.ar\/noticias-villa-maria\/el-colegio-de-abogados-de-villa-maria-solicita-mejoras-de-accesibilidad-en-los-tribunales\/#breadcrumb"},"inLanguage":"es","potentialAction":[{"@type":"ReadAction","target":["https:\/\/elregionalvm.com.ar\/noticias-villa-maria\/el-colegio-de-abogados-de-villa-maria-solicita-mejoras-de-accesibilidad-en-los-tribunales\/"]}]},{"@type":"ImageObject","inLanguage":"es","@id":"https:\/\/elregionalvm.com.ar\/noticias-villa-maria\/el-colegio-de-abogados-de-villa-maria-solicita-mejoras-de-accesibilidad-en-los-tribunales\/#primaryimage","url":"https:\/\/i0.wp.com\/elregionalvm.com.ar\/noticias-villa-maria\/wp-content\/uploads\/2024\/09\/WhatsApp-Image-2024-09-12-at-15.30.11.jpeg?fit=1280%2C720&ssl=1","contentUrl":"https:\/\/i0.wp.com\/elregionalvm.com.ar\/noticias-villa-maria\/wp-content\/uploads\/2024\/09\/WhatsApp-Image-2024-09-12-at-15.30.11.jpeg?fit=1280%2C720&ssl=1","width":1280,"height":720},{"@type":"BreadcrumbList","@id":"https:\/\/elregionalvm.com.ar\/noticias-villa-maria\/el-colegio-de-abogados-de-villa-maria-solicita-mejoras-de-accesibilidad-en-los-tribunales\/#breadcrumb","itemListElement":[{"@type":"ListItem","position":1,"name":"Portada","item":"https:\/\/elregionalvm.com.ar\/noticias-villa-maria\/"},{"@type":"ListItem","position":2,"name":"El Colegio de Abogados de Villa Mar\u00eda solicita mejoras de accesibilidad en los Tribunales"}]},{"@type":"WebSite","@id":"http:\/\/elregionalvm.com.ar\/noticias-villa-maria\/#website","url":"http:\/\/elregionalvm.com.ar\/noticias-villa-maria\/","name":"El Regional","description":"Mucho m\u00e1s que informaci\u00f3n","potentialAction":[{"@type":"SearchAction","target":{"@type":"EntryPoint","urlTemplate":"http:\/\/elregionalvm.com.ar\/noticias-villa-maria\/?s={search_term_string}"},"query-input":{"@type":"PropertyValueSpecification","valueRequired":true,"valueName":"search_term_string"}}],"inLanguage":"es"},{"@type":"Person","@id":"http:\/\/elregionalvm.com.ar\/noticias-villa-maria\/#\/schema\/person\/a0fb9c422317faca23d50163151bc354","name":"Contenidos El Regional","image":{"@type":"ImageObject","inLanguage":"es","@id":"http:\/\/elregionalvm.com.ar\/noticias-villa-maria\/#\/schema\/person\/image\/","url":"https:\/\/secure.gravatar.com\/avatar\/265b27cb2209af7bb3a1318f03305787d7981a5cc6e6cd08fe5a4ecdf99d4b48?s=96&d=mm&r=g","contentUrl":"https:\/\/secure.gravatar.com\/avatar\/265b27cb2209af7bb3a1318f03305787d7981a5cc6e6cd08fe5a4ecdf99d4b48?s=96&d=mm&r=g","caption":"Contenidos El Regional"},"url":"https:\/\/elregionalvm.com.ar\/noticias-villa-maria\/author\/contenido\/"}]}},"jetpack_featured_media_url":"https:\/\/i0.wp.com\/elregionalvm.com.ar\/noticias-villa-maria\/wp-content\/uploads\/2024\/09\/WhatsApp-Image-2024-09-12-at-15.30.11.jpeg?fit=1280%2C720&ssl=1","jetpack_sharing_enabled":true,"_links":{"self":[{"href":"https:\/\/elregionalvm.com.ar\/noticias-villa-maria\/wp-json\/wp\/v2\/posts\/98634","targetHints":{"allow":["GET"]}}],"collection":[{"href":"https:\/\/elregionalvm.com.ar\/noticias-villa-maria\/wp-json\/wp\/v2\/posts"}],"about":[{"href":"https:\/\/elregionalvm.com.ar\/noticias-villa-maria\/wp-json\/wp\/v2\/types\/post"}],"author":[{"embeddable":true,"href":"https:\/\/elregionalvm.com.ar\/noticias-villa-maria\/wp-json\/wp\/v2\/users\/4"}],"replies":[{"embeddable":true,"href":"https:\/\/elregionalvm.com.ar\/noticias-villa-maria\/wp-json\/wp\/v2\/comments?post=98634"}],"version-history":[{"count":1,"href":"https:\/\/elregionalvm.com.ar\/noticias-villa-maria\/wp-json\/wp\/v2\/posts\/98634\/revisions"}],"predecessor-version":[{"id":98637,"href":"https:\/\/elregionalvm.com.ar\/noticias-villa-maria\/wp-json\/wp\/v2\/posts\/98634\/revisions\/98637"}],"wp:featuredmedia":[{"embeddable":true,"href":"https:\/\/elregionalvm.com.ar\/noticias-villa-maria\/wp-json\/wp\/v2\/media\/98636"}],"wp:attachment":[{"href":"https:\/\/elregionalvm.com.ar\/noticias-villa-maria\/wp-json\/wp\/v2\/media?parent=98634"}],"wp:term":[{"taxonomy":"category","embeddable":true,"href":"https:\/\/elregionalvm.com.ar\/noticias-villa-maria\/wp-json\/wp\/v2\/categories?post=98634"},{"taxonomy":"post_tag","embeddable":true,"href":"https:\/\/elregionalvm.com.ar\/noticias-villa-maria\/wp-json\/wp\/v2\/tags?post=98634"}],"curies":[{"name":"wp","href":"https:\/\/api.w.org\/{rel}","templated":true}]}}