{"id":98732,"date":"2024-09-17T21:19:38","date_gmt":"2024-09-17T21:19:38","guid":{"rendered":"https:\/\/elregionalvm.com.ar\/noticias-villa-maria\/?p=98732"},"modified":"2024-09-17T21:19:39","modified_gmt":"2024-09-17T21:19:39","slug":"en-el-concejo-deliberante-se-inauguro-el-rincon-de-la-memoria-en-conmemoracion-por-la-noche-de-los-lapices","status":"publish","type":"post","link":"https:\/\/elregionalvm.com.ar\/noticias-villa-maria\/en-el-concejo-deliberante-se-inauguro-el-rincon-de-la-memoria-en-conmemoracion-por-la-noche-de-los-lapices\/","title":{"rendered":"En el Concejo Deliberante se inaugur\u00f3 el \u00abRinc\u00f3n de la Memoria\u00bb, en conmemoraci\u00f3n por la Noche de los L\u00e1pices"},"content":{"rendered":"\n<p>En una jornada cargada de reflexi\u00f3n y compromiso, el Concejo Deliberante Estudiantil de celebr\u00f3 una Sesi\u00f3n Especial en conmemoraci\u00f3n del \u00abD\u00eda Nacional de la Juventud\u00bb, al cumplirse 48 a\u00f1os de La Noche de los L\u00e1pices, uno de los episodios m\u00e1s oscuros de la historia argentina.<\/p>\n\n\n\n<figure class=\"wp-block-image size-large\"><img data-recalc-dims=\"1\" fetchpriority=\"high\" decoding=\"async\" width=\"1024\" height=\"682\" src=\"https:\/\/i0.wp.com\/elregionalvm.com.ar\/noticias-villa-maria\/wp-content\/uploads\/2024\/09\/WhatsApp-Image-2024-09-17-at-07.31.14.jpeg?resize=1024%2C682&#038;ssl=1\" alt=\"\" class=\"wp-image-98734\" srcset=\"https:\/\/i0.wp.com\/elregionalvm.com.ar\/noticias-villa-maria\/wp-content\/uploads\/2024\/09\/WhatsApp-Image-2024-09-17-at-07.31.14.jpeg?resize=1024%2C682&amp;ssl=1 1024w, https:\/\/i0.wp.com\/elregionalvm.com.ar\/noticias-villa-maria\/wp-content\/uploads\/2024\/09\/WhatsApp-Image-2024-09-17-at-07.31.14.jpeg?resize=300%2C200&amp;ssl=1 300w, https:\/\/i0.wp.com\/elregionalvm.com.ar\/noticias-villa-maria\/wp-content\/uploads\/2024\/09\/WhatsApp-Image-2024-09-17-at-07.31.14.jpeg?resize=768%2C512&amp;ssl=1 768w, https:\/\/i0.wp.com\/elregionalvm.com.ar\/noticias-villa-maria\/wp-content\/uploads\/2024\/09\/WhatsApp-Image-2024-09-17-at-07.31.14.jpeg?resize=1536%2C1023&amp;ssl=1 1536w, https:\/\/i0.wp.com\/elregionalvm.com.ar\/noticias-villa-maria\/wp-content\/uploads\/2024\/09\/WhatsApp-Image-2024-09-17-at-07.31.14.jpeg?w=1600&amp;ssl=1 1600w\" sizes=\"(max-width: 1000px) 100vw, 1000px\" \/><\/figure>\n\n\n\n<p>Durante la sesi\u00f3n realizada anoche, el presidente del Concejo Deliberante, Juan Pablo Inglese, acompa\u00f1ado por el resto de los concejales, dirigi\u00f3 emotivas palabras a los j\u00f3venes presentes: \u00abhoy es un d\u00eda muy especial, Nos reunimos para recordar una fecha que no solo marca la historia de nuestro pa\u00eds, sino tambi\u00e9n la conciencia de toda una generaci\u00f3n. Recordamos a esos j\u00f3venes por lo que representaban: el esp\u00edritu indomable de la juventud que lucha, que se compromete y que no se deja doblegar ante la injusticia\u201d.<\/p>\n\n\n\n<p>\u201cLa Noche de los L\u00e1pices nos ense\u00f1\u00f3 que la democracia no es un regalo, sino una conquista. Resistir al olvido es resistir a la injusticia\u201d, sigui\u00f3 Inglese, quien luego resalt\u00f3 el valor de los estudiantes secuestrados en 1976, que luchaban por sus ideales: \u00abfueron j\u00f3venes como ustedes, comprometidos con sus derechos, que cre\u00edan en la educaci\u00f3n p\u00fablica y so\u00f1aban con un pa\u00eds m\u00e1s justo. Hoy, su memoria nos invita a no bajar los brazos y a mantener viva la llama de la participaci\u00f3n juvenil\u00bb.<\/p>\n\n\n\n<p>La actividad, que tuvo lugar en el recinto legislativo, cont\u00f3 tambi\u00e9n con la inauguraci\u00f3n del \u00abRinc\u00f3n de la Memoria\u00bb, un espacio creado en el marco del 40\u00ba aniversario de la Asamblea Permanente por los Derechos Humanos APDH Regional Villa Mar\u00eda, dando cumplimiento con la Ordenanza N\u00ba 8100\/2024.<\/p>\n\n\n\n<figure class=\"wp-block-image size-large\"><img data-recalc-dims=\"1\" decoding=\"async\" width=\"1024\" height=\"682\" src=\"https:\/\/i0.wp.com\/elregionalvm.com.ar\/noticias-villa-maria\/wp-content\/uploads\/2024\/09\/WhatsApp-Image-2024-09-17-at-07.31.15.jpeg?resize=1024%2C682&#038;ssl=1\" alt=\"\" class=\"wp-image-98733\" srcset=\"https:\/\/i0.wp.com\/elregionalvm.com.ar\/noticias-villa-maria\/wp-content\/uploads\/2024\/09\/WhatsApp-Image-2024-09-17-at-07.31.15.jpeg?resize=1024%2C682&amp;ssl=1 1024w, https:\/\/i0.wp.com\/elregionalvm.com.ar\/noticias-villa-maria\/wp-content\/uploads\/2024\/09\/WhatsApp-Image-2024-09-17-at-07.31.15.jpeg?resize=300%2C200&amp;ssl=1 300w, https:\/\/i0.wp.com\/elregionalvm.com.ar\/noticias-villa-maria\/wp-content\/uploads\/2024\/09\/WhatsApp-Image-2024-09-17-at-07.31.15.jpeg?resize=768%2C512&amp;ssl=1 768w, https:\/\/i0.wp.com\/elregionalvm.com.ar\/noticias-villa-maria\/wp-content\/uploads\/2024\/09\/WhatsApp-Image-2024-09-17-at-07.31.15.jpeg?resize=1536%2C1023&amp;ssl=1 1536w, https:\/\/i0.wp.com\/elregionalvm.com.ar\/noticias-villa-maria\/wp-content\/uploads\/2024\/09\/WhatsApp-Image-2024-09-17-at-07.31.15.jpeg?w=1600&amp;ssl=1 1600w\" sizes=\"(max-width: 1000px) 100vw, 1000px\" \/><\/figure>\n\n\n\n<p>Este rinc\u00f3n, que es obra del artista visual local, Milton V\u00e1zquez, ser\u00e1 un espacio para reflexionar sobre los derechos humanos, la democracia y la memoria hist\u00f3rica de quienes lucharon por un futuro mejor.<\/p>\n\n\n\n<p>Adem\u00e1s, en la misma l\u00ednea, el espacio inaugurado cuenta tambi\u00e9n con gigantografias de poemas de Ruben Ruedi, Eduardo Belloccio y Elvio Toscano y fotograf\u00edas de Roberto Zayas.<\/p>\n\n\n\n<p>\u00abEste Rinc\u00f3n de la Memoria no es solo un espacio f\u00edsico, es un recordatorio de que cada decisi\u00f3n que tomamos est\u00e1 impregnada por la historia de quienes dieron su vida por los derechos que hoy disfrutamos\u00bb, expres\u00f3 Inglese, y agreg\u00f3: \u00abque cada l\u00e1piz, hoy y siempre, siga escribiendo la historia de la justicia, la memoria y la democracia\u00bb.<\/p>\n\n\n\n<p>La sesi\u00f3n del Concejo Deliberante Estudiantil destac\u00f3 la importancia de la participaci\u00f3n de los j\u00f3venes en los espacios democr\u00e1ticos. En ese sentido, Inglese, afirm\u00f3: \u00abustedes son el presente. Son la voz que trae nuevas ideas, los ojos que miran la realidad desde nuevas perspectivas, y las manos que deben construir el futuro. No permitan que nadie les diga que son el futuro, porque el cambio empieza hoy, ac\u00e1 y ahora\u00bb.<\/p>\n\n\n\n<p>Minutos antes de terminar la jornada, Toscano tom\u00f3 la palabra y expres\u00f3: \u00abcomo APDH exigimos el cumplimiento de los derechos humanos. Los j\u00f3venes son la llave del futuro. Estos no son momentos de silencio, porque el silencio nos hace c\u00f3mplices de la p\u00e9rdida de los derechos. No nos dejemos robar nuestros primcipio y derechos. Estemos presentes\u00bb.<\/p>\n\n\n\n<p>\u00abQuienes ejercen el poder que se pongan enfrente para luchar por los derechos que estamos perdiendo. Nos quieren llevar a un estado salvaje, de s\u00e1lvese quien pueda. Hoy abrazo a los j\u00f3venes de este recinto\u00bb, cerr\u00f3 Toscano.<\/p>\n\n\n\n<p>Por \u00faltimo, cabe destacar que durante la tarde noche de lunes, acompa\u00f1aron distintos funcionarios del Departamento Ejecutivo Municipal; miembros de la APDH y familiares y amigos de los Concejales Estudiantiles, entre otros.<\/p>\n","protected":false},"excerpt":{"rendered":"<p>En una jornada cargada de reflexi\u00f3n y compromiso, el Concejo Deliberante Estudiantil de celebr\u00f3 una Sesi\u00f3n Especial en conmemoraci\u00f3n del \u00abD\u00eda Nacional de la Juventud\u00bb, al cumplirse 48 a\u00f1os de La Noche de los L\u00e1pices, uno de los episodios m\u00e1s oscuros de la historia argentina. Durante la sesi\u00f3n realizada anoche, el presidente del Concejo Deliberante, [&hellip;]<\/p>\n","protected":false},"author":4,"featured_media":98735,"comment_status":"open","ping_status":"open","sticky":false,"template":"","format":"standard","meta":{"site-sidebar-layout":"default","site-content-layout":"","ast-site-content-layout":"default","site-content-style":"default","site-sidebar-style":"default","ast-global-header-display":"","ast-banner-title-visibility":"","ast-main-header-display":"","ast-hfb-above-header-display":"","ast-hfb-below-header-display":"","ast-hfb-mobile-header-display":"","site-post-title":"","ast-breadcrumbs-content":"","ast-featured-img":"","footer-sml-layout":"","ast-disable-related-posts":"","theme-transparent-header-meta":"","adv-header-id-meta":"","stick-header-meta":"","header-above-stick-meta":"","header-main-stick-meta":"","header-below-stick-meta":"","astra-migrate-meta-layouts":"set","ast-page-background-enabled":"default","ast-page-background-meta":{"desktop":{"background-color":"","background-image":"","background-repeat":"repeat","background-position":"center center","background-size":"auto","background-attachment":"scroll","background-type":"","background-media":"","overlay-type":"","overlay-color":"","overlay-opacity":"","overlay-gradient":""},"tablet":{"background-color":"","background-image":"","background-repeat":"repeat","background-position":"center center","background-size":"auto","background-attachment":"scroll","background-type":"","background-media":"","overlay-type":"","overlay-color":"","overlay-opacity":"","overlay-gradient":""},"mobile":{"background-color":"","background-image":"","background-repeat":"repeat","background-position":"center center","background-size":"auto","background-attachment":"scroll","background-type":"","background-media":"","overlay-type":"","overlay-color":"","overlay-opacity":"","overlay-gradient":""}},"ast-content-background-meta":{"desktop":{"background-color":"var(--ast-global-color-5)","background-image":"","background-repeat":"repeat","background-position":"center center","background-size":"auto","background-attachment":"scroll","background-type":"","background-media":"","overlay-type":"","overlay-color":"","overlay-opacity":"","overlay-gradient":""},"tablet":{"background-color":"var(--ast-global-color-5)","background-image":"","background-repeat":"repeat","background-position":"center center","background-size":"auto","background-attachment":"scroll","background-type":"","background-media":"","overlay-type":"","overlay-color":"","overlay-opacity":"","overlay-gradient":""},"mobile":{"background-color":"var(--ast-global-color-5)","background-image":"","background-repeat":"repeat","background-position":"center center","background-size":"auto","background-attachment":"scroll","background-type":"","background-media":"","overlay-type":"","overlay-color":"","overlay-opacity":"","overlay-gradient":""}},"_jetpack_memberships_contains_paid_content":false,"_joinchat":[],"footnotes":""},"categories":[15302,5,2],"tags":[],"class_list":["post-98732","post","type-post","status-publish","format-standard","has-post-thumbnail","hentry","category-destacado","category-sociedad","category-villa-maria"],"yoast_head":"<!-- This site is optimized with the Yoast SEO plugin v26.8 - https:\/\/yoast.com\/product\/yoast-seo-wordpress\/ -->\n<title>En el Concejo Deliberante se inaugur\u00f3 el &quot;Rinc\u00f3n de la Memoria&quot;, en conmemoraci\u00f3n por la Noche de los L\u00e1pices - El Regional<\/title>\n<meta name=\"robots\" content=\"index, follow, max-snippet:-1, max-image-preview:large, max-video-preview:-1\" \/>\n<link rel=\"canonical\" href=\"https:\/\/elregionalvm.com.ar\/noticias-villa-maria\/en-el-concejo-deliberante-se-inauguro-el-rincon-de-la-memoria-en-conmemoracion-por-la-noche-de-los-lapices\/\" \/>\n<meta property=\"og:locale\" content=\"es_ES\" \/>\n<meta property=\"og:type\" content=\"article\" \/>\n<meta property=\"og:title\" content=\"En el Concejo Deliberante se inaugur\u00f3 el &quot;Rinc\u00f3n de la Memoria&quot;, en conmemoraci\u00f3n por la Noche de los L\u00e1pices - El Regional\" \/>\n<meta property=\"og:description\" content=\"En una jornada cargada de reflexi\u00f3n y compromiso, el Concejo Deliberante Estudiantil de celebr\u00f3 una Sesi\u00f3n Especial en conmemoraci\u00f3n del \u00abD\u00eda Nacional de la Juventud\u00bb, al cumplirse 48 a\u00f1os de La Noche de los L\u00e1pices, uno de los episodios m\u00e1s oscuros de la historia argentina. Durante la sesi\u00f3n realizada anoche, el presidente del Concejo Deliberante, [&hellip;]\" \/>\n<meta property=\"og:url\" content=\"https:\/\/elregionalvm.com.ar\/noticias-villa-maria\/en-el-concejo-deliberante-se-inauguro-el-rincon-de-la-memoria-en-conmemoracion-por-la-noche-de-los-lapices\/\" \/>\n<meta property=\"og:site_name\" content=\"El Regional\" \/>\n<meta property=\"article:publisher\" content=\"https:\/\/www.facebook.com\/elregionalvm\" \/>\n<meta property=\"article:published_time\" content=\"2024-09-17T21:19:38+00:00\" \/>\n<meta property=\"article:modified_time\" content=\"2024-09-17T21:19:39+00:00\" \/>\n<meta property=\"og:image\" content=\"https:\/\/elregionalvm.com.ar\/noticias-villa-maria\/wp-content\/uploads\/2024\/09\/WhatsApp-Image-2024-09-17-at-07.31.13.jpeg\" \/>\n\t<meta property=\"og:image:width\" content=\"1600\" \/>\n\t<meta property=\"og:image:height\" content=\"1066\" \/>\n\t<meta property=\"og:image:type\" content=\"image\/jpeg\" \/>\n<meta name=\"author\" content=\"Contenidos El Regional\" \/>\n<meta name=\"twitter:card\" content=\"summary_large_image\" \/>\n<meta name=\"twitter:creator\" content=\"@elregionalvm1\" \/>\n<meta name=\"twitter:site\" content=\"@elregionalvm1\" \/>\n<meta name=\"twitter:label1\" content=\"Escrito por\" \/>\n\t<meta name=\"twitter:data1\" content=\"Contenidos El Regional\" \/>\n\t<meta name=\"twitter:label2\" content=\"Tiempo de lectura\" \/>\n\t<meta name=\"twitter:data2\" content=\"4 minutos\" \/>\n<script type=\"application\/ld+json\" class=\"yoast-schema-graph\">{\"@context\":\"https:\/\/schema.org\",\"@graph\":[{\"@type\":\"Article\",\"@id\":\"https:\/\/elregionalvm.com.ar\/noticias-villa-maria\/en-el-concejo-deliberante-se-inauguro-el-rincon-de-la-memoria-en-conmemoracion-por-la-noche-de-los-lapices\/#article\",\"isPartOf\":{\"@id\":\"https:\/\/elregionalvm.com.ar\/noticias-villa-maria\/en-el-concejo-deliberante-se-inauguro-el-rincon-de-la-memoria-en-conmemoracion-por-la-noche-de-los-lapices\/\"},\"author\":{\"name\":\"Contenidos El Regional\",\"@id\":\"http:\/\/elregionalvm.com.ar\/noticias-villa-maria\/#\/schema\/person\/a0fb9c422317faca23d50163151bc354\"},\"headline\":\"En el Concejo Deliberante se inaugur\u00f3 el \u00abRinc\u00f3n de la Memoria\u00bb, en conmemoraci\u00f3n por la Noche de los L\u00e1pices\",\"datePublished\":\"2024-09-17T21:19:38+00:00\",\"dateModified\":\"2024-09-17T21:19:39+00:00\",\"mainEntityOfPage\":{\"@id\":\"https:\/\/elregionalvm.com.ar\/noticias-villa-maria\/en-el-concejo-deliberante-se-inauguro-el-rincon-de-la-memoria-en-conmemoracion-por-la-noche-de-los-lapices\/\"},\"wordCount\":641,\"commentCount\":0,\"image\":{\"@id\":\"https:\/\/elregionalvm.com.ar\/noticias-villa-maria\/en-el-concejo-deliberante-se-inauguro-el-rincon-de-la-memoria-en-conmemoracion-por-la-noche-de-los-lapices\/#primaryimage\"},\"thumbnailUrl\":\"https:\/\/i0.wp.com\/elregionalvm.com.ar\/noticias-villa-maria\/wp-content\/uploads\/2024\/09\/WhatsApp-Image-2024-09-17-at-07.31.13.jpeg?fit=1600%2C1066&ssl=1\",\"articleSection\":[\"destacado\",\"Sociedad\",\"Villa Mar\u00eda\"],\"inLanguage\":\"es\",\"potentialAction\":[{\"@type\":\"CommentAction\",\"name\":\"Comment\",\"target\":[\"https:\/\/elregionalvm.com.ar\/noticias-villa-maria\/en-el-concejo-deliberante-se-inauguro-el-rincon-de-la-memoria-en-conmemoracion-por-la-noche-de-los-lapices\/#respond\"]}]},{\"@type\":\"WebPage\",\"@id\":\"https:\/\/elregionalvm.com.ar\/noticias-villa-maria\/en-el-concejo-deliberante-se-inauguro-el-rincon-de-la-memoria-en-conmemoracion-por-la-noche-de-los-lapices\/\",\"url\":\"https:\/\/elregionalvm.com.ar\/noticias-villa-maria\/en-el-concejo-deliberante-se-inauguro-el-rincon-de-la-memoria-en-conmemoracion-por-la-noche-de-los-lapices\/\",\"name\":\"En el Concejo Deliberante se inaugur\u00f3 el \\\"Rinc\u00f3n de la Memoria\\\", en conmemoraci\u00f3n por la Noche de los L\u00e1pices - El Regional\",\"isPartOf\":{\"@id\":\"http:\/\/elregionalvm.com.ar\/noticias-villa-maria\/#website\"},\"primaryImageOfPage\":{\"@id\":\"https:\/\/elregionalvm.com.ar\/noticias-villa-maria\/en-el-concejo-deliberante-se-inauguro-el-rincon-de-la-memoria-en-conmemoracion-por-la-noche-de-los-lapices\/#primaryimage\"},\"image\":{\"@id\":\"https:\/\/elregionalvm.com.ar\/noticias-villa-maria\/en-el-concejo-deliberante-se-inauguro-el-rincon-de-la-memoria-en-conmemoracion-por-la-noche-de-los-lapices\/#primaryimage\"},\"thumbnailUrl\":\"https:\/\/i0.wp.com\/elregionalvm.com.ar\/noticias-villa-maria\/wp-content\/uploads\/2024\/09\/WhatsApp-Image-2024-09-17-at-07.31.13.jpeg?fit=1600%2C1066&ssl=1\",\"datePublished\":\"2024-09-17T21:19:38+00:00\",\"dateModified\":\"2024-09-17T21:19:39+00:00\",\"author\":{\"@id\":\"http:\/\/elregionalvm.com.ar\/noticias-villa-maria\/#\/schema\/person\/a0fb9c422317faca23d50163151bc354\"},\"breadcrumb\":{\"@id\":\"https:\/\/elregionalvm.com.ar\/noticias-villa-maria\/en-el-concejo-deliberante-se-inauguro-el-rincon-de-la-memoria-en-conmemoracion-por-la-noche-de-los-lapices\/#breadcrumb\"},\"inLanguage\":\"es\",\"potentialAction\":[{\"@type\":\"ReadAction\",\"target\":[\"https:\/\/elregionalvm.com.ar\/noticias-villa-maria\/en-el-concejo-deliberante-se-inauguro-el-rincon-de-la-memoria-en-conmemoracion-por-la-noche-de-los-lapices\/\"]}]},{\"@type\":\"ImageObject\",\"inLanguage\":\"es\",\"@id\":\"https:\/\/elregionalvm.com.ar\/noticias-villa-maria\/en-el-concejo-deliberante-se-inauguro-el-rincon-de-la-memoria-en-conmemoracion-por-la-noche-de-los-lapices\/#primaryimage\",\"url\":\"https:\/\/i0.wp.com\/elregionalvm.com.ar\/noticias-villa-maria\/wp-content\/uploads\/2024\/09\/WhatsApp-Image-2024-09-17-at-07.31.13.jpeg?fit=1600%2C1066&ssl=1\",\"contentUrl\":\"https:\/\/i0.wp.com\/elregionalvm.com.ar\/noticias-villa-maria\/wp-content\/uploads\/2024\/09\/WhatsApp-Image-2024-09-17-at-07.31.13.jpeg?fit=1600%2C1066&ssl=1\",\"width\":1600,\"height\":1066},{\"@type\":\"BreadcrumbList\",\"@id\":\"https:\/\/elregionalvm.com.ar\/noticias-villa-maria\/en-el-concejo-deliberante-se-inauguro-el-rincon-de-la-memoria-en-conmemoracion-por-la-noche-de-los-lapices\/#breadcrumb\",\"itemListElement\":[{\"@type\":\"ListItem\",\"position\":1,\"name\":\"Portada\",\"item\":\"https:\/\/elregionalvm.com.ar\/noticias-villa-maria\/\"},{\"@type\":\"ListItem\",\"position\":2,\"name\":\"En el Concejo Deliberante se inaugur\u00f3 el \u00abRinc\u00f3n de la Memoria\u00bb, en conmemoraci\u00f3n por la Noche de los L\u00e1pices\"}]},{\"@type\":\"WebSite\",\"@id\":\"http:\/\/elregionalvm.com.ar\/noticias-villa-maria\/#website\",\"url\":\"http:\/\/elregionalvm.com.ar\/noticias-villa-maria\/\",\"name\":\"El Regional\",\"description\":\"Mucho m\u00e1s que informaci\u00f3n\",\"potentialAction\":[{\"@type\":\"SearchAction\",\"target\":{\"@type\":\"EntryPoint\",\"urlTemplate\":\"http:\/\/elregionalvm.com.ar\/noticias-villa-maria\/?s={search_term_string}\"},\"query-input\":{\"@type\":\"PropertyValueSpecification\",\"valueRequired\":true,\"valueName\":\"search_term_string\"}}],\"inLanguage\":\"es\"},{\"@type\":\"Person\",\"@id\":\"http:\/\/elregionalvm.com.ar\/noticias-villa-maria\/#\/schema\/person\/a0fb9c422317faca23d50163151bc354\",\"name\":\"Contenidos El Regional\",\"image\":{\"@type\":\"ImageObject\",\"inLanguage\":\"es\",\"@id\":\"http:\/\/elregionalvm.com.ar\/noticias-villa-maria\/#\/schema\/person\/image\/\",\"url\":\"https:\/\/secure.gravatar.com\/avatar\/265b27cb2209af7bb3a1318f03305787d7981a5cc6e6cd08fe5a4ecdf99d4b48?s=96&d=mm&r=g\",\"contentUrl\":\"https:\/\/secure.gravatar.com\/avatar\/265b27cb2209af7bb3a1318f03305787d7981a5cc6e6cd08fe5a4ecdf99d4b48?s=96&d=mm&r=g\",\"caption\":\"Contenidos El Regional\"},\"url\":\"https:\/\/elregionalvm.com.ar\/noticias-villa-maria\/author\/contenido\/\"}]}<\/script>\n<!-- \/ Yoast SEO plugin. -->","yoast_head_json":{"title":"En el Concejo Deliberante se inaugur\u00f3 el \"Rinc\u00f3n de la Memoria\", en conmemoraci\u00f3n por la Noche de los L\u00e1pices - El Regional","robots":{"index":"index","follow":"follow","max-snippet":"max-snippet:-1","max-image-preview":"max-image-preview:large","max-video-preview":"max-video-preview:-1"},"canonical":"https:\/\/elregionalvm.com.ar\/noticias-villa-maria\/en-el-concejo-deliberante-se-inauguro-el-rincon-de-la-memoria-en-conmemoracion-por-la-noche-de-los-lapices\/","og_locale":"es_ES","og_type":"article","og_title":"En el Concejo Deliberante se inaugur\u00f3 el \"Rinc\u00f3n de la Memoria\", en conmemoraci\u00f3n por la Noche de los L\u00e1pices - El Regional","og_description":"En una jornada cargada de reflexi\u00f3n y compromiso, el Concejo Deliberante Estudiantil de celebr\u00f3 una Sesi\u00f3n Especial en conmemoraci\u00f3n del \u00abD\u00eda Nacional de la Juventud\u00bb, al cumplirse 48 a\u00f1os de La Noche de los L\u00e1pices, uno de los episodios m\u00e1s oscuros de la historia argentina. Durante la sesi\u00f3n realizada anoche, el presidente del Concejo Deliberante, [&hellip;]","og_url":"https:\/\/elregionalvm.com.ar\/noticias-villa-maria\/en-el-concejo-deliberante-se-inauguro-el-rincon-de-la-memoria-en-conmemoracion-por-la-noche-de-los-lapices\/","og_site_name":"El Regional","article_publisher":"https:\/\/www.facebook.com\/elregionalvm","article_published_time":"2024-09-17T21:19:38+00:00","article_modified_time":"2024-09-17T21:19:39+00:00","og_image":[{"width":1600,"height":1066,"url":"https:\/\/elregionalvm.com.ar\/noticias-villa-maria\/wp-content\/uploads\/2024\/09\/WhatsApp-Image-2024-09-17-at-07.31.13.jpeg","type":"image\/jpeg"}],"author":"Contenidos El Regional","twitter_card":"summary_large_image","twitter_creator":"@elregionalvm1","twitter_site":"@elregionalvm1","twitter_misc":{"Escrito por":"Contenidos El Regional","Tiempo de lectura":"4 minutos"},"schema":{"@context":"https:\/\/schema.org","@graph":[{"@type":"Article","@id":"https:\/\/elregionalvm.com.ar\/noticias-villa-maria\/en-el-concejo-deliberante-se-inauguro-el-rincon-de-la-memoria-en-conmemoracion-por-la-noche-de-los-lapices\/#article","isPartOf":{"@id":"https:\/\/elregionalvm.com.ar\/noticias-villa-maria\/en-el-concejo-deliberante-se-inauguro-el-rincon-de-la-memoria-en-conmemoracion-por-la-noche-de-los-lapices\/"},"author":{"name":"Contenidos El Regional","@id":"http:\/\/elregionalvm.com.ar\/noticias-villa-maria\/#\/schema\/person\/a0fb9c422317faca23d50163151bc354"},"headline":"En el Concejo Deliberante se inaugur\u00f3 el \u00abRinc\u00f3n de la Memoria\u00bb, en conmemoraci\u00f3n por la Noche de los L\u00e1pices","datePublished":"2024-09-17T21:19:38+00:00","dateModified":"2024-09-17T21:19:39+00:00","mainEntityOfPage":{"@id":"https:\/\/elregionalvm.com.ar\/noticias-villa-maria\/en-el-concejo-deliberante-se-inauguro-el-rincon-de-la-memoria-en-conmemoracion-por-la-noche-de-los-lapices\/"},"wordCount":641,"commentCount":0,"image":{"@id":"https:\/\/elregionalvm.com.ar\/noticias-villa-maria\/en-el-concejo-deliberante-se-inauguro-el-rincon-de-la-memoria-en-conmemoracion-por-la-noche-de-los-lapices\/#primaryimage"},"thumbnailUrl":"https:\/\/i0.wp.com\/elregionalvm.com.ar\/noticias-villa-maria\/wp-content\/uploads\/2024\/09\/WhatsApp-Image-2024-09-17-at-07.31.13.jpeg?fit=1600%2C1066&ssl=1","articleSection":["destacado","Sociedad","Villa Mar\u00eda"],"inLanguage":"es","potentialAction":[{"@type":"CommentAction","name":"Comment","target":["https:\/\/elregionalvm.com.ar\/noticias-villa-maria\/en-el-concejo-deliberante-se-inauguro-el-rincon-de-la-memoria-en-conmemoracion-por-la-noche-de-los-lapices\/#respond"]}]},{"@type":"WebPage","@id":"https:\/\/elregionalvm.com.ar\/noticias-villa-maria\/en-el-concejo-deliberante-se-inauguro-el-rincon-de-la-memoria-en-conmemoracion-por-la-noche-de-los-lapices\/","url":"https:\/\/elregionalvm.com.ar\/noticias-villa-maria\/en-el-concejo-deliberante-se-inauguro-el-rincon-de-la-memoria-en-conmemoracion-por-la-noche-de-los-lapices\/","name":"En el Concejo Deliberante se inaugur\u00f3 el \"Rinc\u00f3n de la Memoria\", en conmemoraci\u00f3n por la Noche de los L\u00e1pices - El Regional","isPartOf":{"@id":"http:\/\/elregionalvm.com.ar\/noticias-villa-maria\/#website"},"primaryImageOfPage":{"@id":"https:\/\/elregionalvm.com.ar\/noticias-villa-maria\/en-el-concejo-deliberante-se-inauguro-el-rincon-de-la-memoria-en-conmemoracion-por-la-noche-de-los-lapices\/#primaryimage"},"image":{"@id":"https:\/\/elregionalvm.com.ar\/noticias-villa-maria\/en-el-concejo-deliberante-se-inauguro-el-rincon-de-la-memoria-en-conmemoracion-por-la-noche-de-los-lapices\/#primaryimage"},"thumbnailUrl":"https:\/\/i0.wp.com\/elregionalvm.com.ar\/noticias-villa-maria\/wp-content\/uploads\/2024\/09\/WhatsApp-Image-2024-09-17-at-07.31.13.jpeg?fit=1600%2C1066&ssl=1","datePublished":"2024-09-17T21:19:38+00:00","dateModified":"2024-09-17T21:19:39+00:00","author":{"@id":"http:\/\/elregionalvm.com.ar\/noticias-villa-maria\/#\/schema\/person\/a0fb9c422317faca23d50163151bc354"},"breadcrumb":{"@id":"https:\/\/elregionalvm.com.ar\/noticias-villa-maria\/en-el-concejo-deliberante-se-inauguro-el-rincon-de-la-memoria-en-conmemoracion-por-la-noche-de-los-lapices\/#breadcrumb"},"inLanguage":"es","potentialAction":[{"@type":"ReadAction","target":["https:\/\/elregionalvm.com.ar\/noticias-villa-maria\/en-el-concejo-deliberante-se-inauguro-el-rincon-de-la-memoria-en-conmemoracion-por-la-noche-de-los-lapices\/"]}]},{"@type":"ImageObject","inLanguage":"es","@id":"https:\/\/elregionalvm.com.ar\/noticias-villa-maria\/en-el-concejo-deliberante-se-inauguro-el-rincon-de-la-memoria-en-conmemoracion-por-la-noche-de-los-lapices\/#primaryimage","url":"https:\/\/i0.wp.com\/elregionalvm.com.ar\/noticias-villa-maria\/wp-content\/uploads\/2024\/09\/WhatsApp-Image-2024-09-17-at-07.31.13.jpeg?fit=1600%2C1066&ssl=1","contentUrl":"https:\/\/i0.wp.com\/elregionalvm.com.ar\/noticias-villa-maria\/wp-content\/uploads\/2024\/09\/WhatsApp-Image-2024-09-17-at-07.31.13.jpeg?fit=1600%2C1066&ssl=1","width":1600,"height":1066},{"@type":"BreadcrumbList","@id":"https:\/\/elregionalvm.com.ar\/noticias-villa-maria\/en-el-concejo-deliberante-se-inauguro-el-rincon-de-la-memoria-en-conmemoracion-por-la-noche-de-los-lapices\/#breadcrumb","itemListElement":[{"@type":"ListItem","position":1,"name":"Portada","item":"https:\/\/elregionalvm.com.ar\/noticias-villa-maria\/"},{"@type":"ListItem","position":2,"name":"En el Concejo Deliberante se inaugur\u00f3 el \u00abRinc\u00f3n de la Memoria\u00bb, en conmemoraci\u00f3n por la Noche de los L\u00e1pices"}]},{"@type":"WebSite","@id":"http:\/\/elregionalvm.com.ar\/noticias-villa-maria\/#website","url":"http:\/\/elregionalvm.com.ar\/noticias-villa-maria\/","name":"El Regional","description":"Mucho m\u00e1s que informaci\u00f3n","potentialAction":[{"@type":"SearchAction","target":{"@type":"EntryPoint","urlTemplate":"http:\/\/elregionalvm.com.ar\/noticias-villa-maria\/?s={search_term_string}"},"query-input":{"@type":"PropertyValueSpecification","valueRequired":true,"valueName":"search_term_string"}}],"inLanguage":"es"},{"@type":"Person","@id":"http:\/\/elregionalvm.com.ar\/noticias-villa-maria\/#\/schema\/person\/a0fb9c422317faca23d50163151bc354","name":"Contenidos El Regional","image":{"@type":"ImageObject","inLanguage":"es","@id":"http:\/\/elregionalvm.com.ar\/noticias-villa-maria\/#\/schema\/person\/image\/","url":"https:\/\/secure.gravatar.com\/avatar\/265b27cb2209af7bb3a1318f03305787d7981a5cc6e6cd08fe5a4ecdf99d4b48?s=96&d=mm&r=g","contentUrl":"https:\/\/secure.gravatar.com\/avatar\/265b27cb2209af7bb3a1318f03305787d7981a5cc6e6cd08fe5a4ecdf99d4b48?s=96&d=mm&r=g","caption":"Contenidos El Regional"},"url":"https:\/\/elregionalvm.com.ar\/noticias-villa-maria\/author\/contenido\/"}]}},"jetpack_featured_media_url":"https:\/\/i0.wp.com\/elregionalvm.com.ar\/noticias-villa-maria\/wp-content\/uploads\/2024\/09\/WhatsApp-Image-2024-09-17-at-07.31.13.jpeg?fit=1600%2C1066&ssl=1","jetpack_sharing_enabled":true,"_links":{"self":[{"href":"https:\/\/elregionalvm.com.ar\/noticias-villa-maria\/wp-json\/wp\/v2\/posts\/98732","targetHints":{"allow":["GET"]}}],"collection":[{"href":"https:\/\/elregionalvm.com.ar\/noticias-villa-maria\/wp-json\/wp\/v2\/posts"}],"about":[{"href":"https:\/\/elregionalvm.com.ar\/noticias-villa-maria\/wp-json\/wp\/v2\/types\/post"}],"author":[{"embeddable":true,"href":"https:\/\/elregionalvm.com.ar\/noticias-villa-maria\/wp-json\/wp\/v2\/users\/4"}],"replies":[{"embeddable":true,"href":"https:\/\/elregionalvm.com.ar\/noticias-villa-maria\/wp-json\/wp\/v2\/comments?post=98732"}],"version-history":[{"count":1,"href":"https:\/\/elregionalvm.com.ar\/noticias-villa-maria\/wp-json\/wp\/v2\/posts\/98732\/revisions"}],"predecessor-version":[{"id":98737,"href":"https:\/\/elregionalvm.com.ar\/noticias-villa-maria\/wp-json\/wp\/v2\/posts\/98732\/revisions\/98737"}],"wp:featuredmedia":[{"embeddable":true,"href":"https:\/\/elregionalvm.com.ar\/noticias-villa-maria\/wp-json\/wp\/v2\/media\/98735"}],"wp:attachment":[{"href":"https:\/\/elregionalvm.com.ar\/noticias-villa-maria\/wp-json\/wp\/v2\/media?parent=98732"}],"wp:term":[{"taxonomy":"category","embeddable":true,"href":"https:\/\/elregionalvm.com.ar\/noticias-villa-maria\/wp-json\/wp\/v2\/categories?post=98732"},{"taxonomy":"post_tag","embeddable":true,"href":"https:\/\/elregionalvm.com.ar\/noticias-villa-maria\/wp-json\/wp\/v2\/tags?post=98732"}],"curies":[{"name":"wp","href":"https:\/\/api.w.org\/{rel}","templated":true}]}}