{"id":98738,"date":"2024-09-17T21:22:12","date_gmt":"2024-09-17T21:22:12","guid":{"rendered":"https:\/\/elregionalvm.com.ar\/noticias-villa-maria\/?p=98738"},"modified":"2024-09-17T21:35:06","modified_gmt":"2024-09-17T21:35:06","slug":"tenia-orden-de-restriccion-fue-a-la-casa-de-su-ex-pareja-y-le-robo-su-moto","status":"publish","type":"post","link":"https:\/\/elregionalvm.com.ar\/noticias-villa-maria\/tenia-orden-de-restriccion-fue-a-la-casa-de-su-ex-pareja-y-le-robo-su-moto\/","title":{"rendered":"Tenia orden de restricci\u00f3n, fue a la casa de su ex pareja y le rob\u00f3 su moto"},"content":{"rendered":"\n<p>Siendo las 07:30 hs aproximadamente en la fecha personal de patrulla preventiva constituidos la intersecci\u00f3n de las calles Salta e Intendente Reyno de esta ciudad procedi\u00f3 a la detenci\u00f3n de un joven de 22 a\u00f1os de edad, por supuesto autor de los delitos de \u00abDesobediencia a la Autoridad\u00bb, \u00abViolaci\u00f3n de Domicilio\u00bb, \u00abDa\u00f1o\u00bb, \u00abLesiones\u00bb y \u00abHurto\u00bb en el marco de la Ley 9283 de Violencia familiar. <\/p>\n\n\n\n<p>El procedimiento policial tuvo lugar a ra\u00edz de que personal policial toma conocimiento que momentos antes un sujeto se hizo presente en el domicilio de su ex pareja, una mujer de 24 a\u00f1os de edad, ubicado en calle Rawson de esta ciudad, con quien pose\u00eda vigente una medida de prohibici\u00f3n de acercamiento dispuesta oportunamente por autoridad judicial, donde previo a violentar una puerta ingresa a la morada, donde ocasion\u00f3 da\u00f1os, para luego retirarse del lugar sustrayendo en este acto una motocicleta marca keller tipo 110 cc propiedad de la damnificada. <\/p>\n\n\n\n<p>Por este motivo los uniformados se constituyen donde ocurri\u00f3 el hecho, y entrevistan a la mujer quien aporta las caracter\u00edsticas y narra lo acontecido. <\/p>\n\n\n\n<p>A posterior logran la detenci\u00f3n del masculino en la intersecci\u00f3n antes detallada, procediendo al secuestro del moto veh\u00edculo sustra\u00eddo, y traslado hacia la Alcald\u00eda de la ciudad. <\/p>\n\n\n\n<p>Adem\u00e1s se traslada a la damnificada hacia la Unidad Judicial de esta ciudad, para formular la correspondiente denuncia.<\/p>\n\n\n\n<p>Se labran actuaciones a disposici\u00f3n de la Fiscal\u00eda de Instrucci\u00f3n de Segundo Turno a cargo de la Dra. Juliana Companys, Sec. Dra. Mar\u00eda F. Bortolussi.<\/p>\n","protected":false},"excerpt":{"rendered":"<p>Siendo las 07:30 hs aproximadamente en la fecha personal de patrulla preventiva constituidos la intersecci\u00f3n de las calles Salta e Intendente Reyno de esta ciudad procedi\u00f3 a la detenci\u00f3n de un joven de 22 a\u00f1os de edad, por supuesto autor de los delitos de \u00abDesobediencia a la Autoridad\u00bb, \u00abViolaci\u00f3n de Domicilio\u00bb, \u00abDa\u00f1o\u00bb, \u00abLesiones\u00bb y \u00abHurto\u00bb [&hellip;]<\/p>\n","protected":false},"author":4,"featured_media":98743,"comment_status":"open","ping_status":"open","sticky":false,"template":"","format":"standard","meta":{"site-sidebar-layout":"default","site-content-layout":"","ast-site-content-layout":"default","site-content-style":"default","site-sidebar-style":"default","ast-global-header-display":"","ast-banner-title-visibility":"","ast-main-header-display":"","ast-hfb-above-header-display":"","ast-hfb-below-header-display":"","ast-hfb-mobile-header-display":"","site-post-title":"","ast-breadcrumbs-content":"","ast-featured-img":"","footer-sml-layout":"","ast-disable-related-posts":"","theme-transparent-header-meta":"","adv-header-id-meta":"","stick-header-meta":"","header-above-stick-meta":"","header-main-stick-meta":"","header-below-stick-meta":"","astra-migrate-meta-layouts":"set","ast-page-background-enabled":"default","ast-page-background-meta":{"desktop":{"background-color":"","background-image":"","background-repeat":"repeat","background-position":"center center","background-size":"auto","background-attachment":"scroll","background-type":"","background-media":"","overlay-type":"","overlay-color":"","overlay-opacity":"","overlay-gradient":""},"tablet":{"background-color":"","background-image":"","background-repeat":"repeat","background-position":"center center","background-size":"auto","background-attachment":"scroll","background-type":"","background-media":"","overlay-type":"","overlay-color":"","overlay-opacity":"","overlay-gradient":""},"mobile":{"background-color":"","background-image":"","background-repeat":"repeat","background-position":"center center","background-size":"auto","background-attachment":"scroll","background-type":"","background-media":"","overlay-type":"","overlay-color":"","overlay-opacity":"","overlay-gradient":""}},"ast-content-background-meta":{"desktop":{"background-color":"var(--ast-global-color-5)","background-image":"","background-repeat":"repeat","background-position":"center center","background-size":"auto","background-attachment":"scroll","background-type":"","background-media":"","overlay-type":"","overlay-color":"","overlay-opacity":"","overlay-gradient":""},"tablet":{"background-color":"var(--ast-global-color-5)","background-image":"","background-repeat":"repeat","background-position":"center center","background-size":"auto","background-attachment":"scroll","background-type":"","background-media":"","overlay-type":"","overlay-color":"","overlay-opacity":"","overlay-gradient":""},"mobile":{"background-color":"var(--ast-global-color-5)","background-image":"","background-repeat":"repeat","background-position":"center center","background-size":"auto","background-attachment":"scroll","background-type":"","background-media":"","overlay-type":"","overlay-color":"","overlay-opacity":"","overlay-gradient":""}},"_jetpack_memberships_contains_paid_content":false,"_joinchat":[],"footnotes":""},"categories":[2234,5,2],"tags":[],"class_list":["post-98738","post","type-post","status-publish","format-standard","has-post-thumbnail","hentry","category-policiales","category-sociedad","category-villa-maria"],"yoast_head":"<!-- This site is optimized with the Yoast SEO plugin v26.8 - https:\/\/yoast.com\/product\/yoast-seo-wordpress\/ -->\n<title>Tenia orden de restricci\u00f3n, fue a la casa de su ex pareja y le rob\u00f3 su moto - El Regional<\/title>\n<meta name=\"robots\" content=\"index, follow, max-snippet:-1, max-image-preview:large, max-video-preview:-1\" \/>\n<link rel=\"canonical\" href=\"https:\/\/elregionalvm.com.ar\/noticias-villa-maria\/tenia-orden-de-restriccion-fue-a-la-casa-de-su-ex-pareja-y-le-robo-su-moto\/\" \/>\n<meta property=\"og:locale\" content=\"es_ES\" \/>\n<meta property=\"og:type\" content=\"article\" \/>\n<meta property=\"og:title\" content=\"Tenia orden de restricci\u00f3n, fue a la casa de su ex pareja y le rob\u00f3 su moto - El Regional\" \/>\n<meta property=\"og:description\" content=\"Siendo las 07:30 hs aproximadamente en la fecha personal de patrulla preventiva constituidos la intersecci\u00f3n de las calles Salta e Intendente Reyno de esta ciudad procedi\u00f3 a la detenci\u00f3n de un joven de 22 a\u00f1os de edad, por supuesto autor de los delitos de \u00abDesobediencia a la Autoridad\u00bb, \u00abViolaci\u00f3n de Domicilio\u00bb, \u00abDa\u00f1o\u00bb, \u00abLesiones\u00bb y \u00abHurto\u00bb [&hellip;]\" \/>\n<meta property=\"og:url\" content=\"https:\/\/elregionalvm.com.ar\/noticias-villa-maria\/tenia-orden-de-restriccion-fue-a-la-casa-de-su-ex-pareja-y-le-robo-su-moto\/\" \/>\n<meta property=\"og:site_name\" content=\"El Regional\" \/>\n<meta property=\"article:publisher\" content=\"https:\/\/www.facebook.com\/elregionalvm\" \/>\n<meta property=\"article:published_time\" content=\"2024-09-17T21:22:12+00:00\" \/>\n<meta property=\"article:modified_time\" content=\"2024-09-17T21:35:06+00:00\" \/>\n<meta property=\"og:image\" content=\"https:\/\/elregionalvm.com.ar\/noticias-villa-maria\/wp-content\/uploads\/2024\/09\/WhatsApp-Image-2024-09-16-at-20.38.07.jpeg\" \/>\n\t<meta property=\"og:image:width\" content=\"1200\" \/>\n\t<meta property=\"og:image:height\" content=\"1600\" \/>\n\t<meta property=\"og:image:type\" content=\"image\/jpeg\" \/>\n<meta name=\"author\" content=\"Contenidos El Regional\" \/>\n<meta name=\"twitter:card\" content=\"summary_large_image\" \/>\n<meta name=\"twitter:creator\" content=\"@elregionalvm1\" \/>\n<meta name=\"twitter:site\" content=\"@elregionalvm1\" \/>\n<meta name=\"twitter:label1\" content=\"Escrito por\" \/>\n\t<meta name=\"twitter:data1\" content=\"Contenidos El Regional\" \/>\n\t<meta name=\"twitter:label2\" content=\"Tiempo de lectura\" \/>\n\t<meta name=\"twitter:data2\" content=\"2 minutos\" \/>\n<script type=\"application\/ld+json\" class=\"yoast-schema-graph\">{\"@context\":\"https:\/\/schema.org\",\"@graph\":[{\"@type\":\"Article\",\"@id\":\"https:\/\/elregionalvm.com.ar\/noticias-villa-maria\/tenia-orden-de-restriccion-fue-a-la-casa-de-su-ex-pareja-y-le-robo-su-moto\/#article\",\"isPartOf\":{\"@id\":\"https:\/\/elregionalvm.com.ar\/noticias-villa-maria\/tenia-orden-de-restriccion-fue-a-la-casa-de-su-ex-pareja-y-le-robo-su-moto\/\"},\"author\":{\"name\":\"Contenidos El Regional\",\"@id\":\"http:\/\/elregionalvm.com.ar\/noticias-villa-maria\/#\/schema\/person\/a0fb9c422317faca23d50163151bc354\"},\"headline\":\"Tenia orden de restricci\u00f3n, fue a la casa de su ex pareja y le rob\u00f3 su moto\",\"datePublished\":\"2024-09-17T21:22:12+00:00\",\"dateModified\":\"2024-09-17T21:35:06+00:00\",\"mainEntityOfPage\":{\"@id\":\"https:\/\/elregionalvm.com.ar\/noticias-villa-maria\/tenia-orden-de-restriccion-fue-a-la-casa-de-su-ex-pareja-y-le-robo-su-moto\/\"},\"wordCount\":283,\"commentCount\":0,\"image\":{\"@id\":\"https:\/\/elregionalvm.com.ar\/noticias-villa-maria\/tenia-orden-de-restriccion-fue-a-la-casa-de-su-ex-pareja-y-le-robo-su-moto\/#primaryimage\"},\"thumbnailUrl\":\"https:\/\/i0.wp.com\/elregionalvm.com.ar\/noticias-villa-maria\/wp-content\/uploads\/2024\/09\/WhatsApp-Image-2024-09-16-at-20.38.07.jpeg?fit=1200%2C1600&ssl=1\",\"articleSection\":[\"Policiales\",\"Sociedad\",\"Villa Mar\u00eda\"],\"inLanguage\":\"es\",\"potentialAction\":[{\"@type\":\"CommentAction\",\"name\":\"Comment\",\"target\":[\"https:\/\/elregionalvm.com.ar\/noticias-villa-maria\/tenia-orden-de-restriccion-fue-a-la-casa-de-su-ex-pareja-y-le-robo-su-moto\/#respond\"]}]},{\"@type\":\"WebPage\",\"@id\":\"https:\/\/elregionalvm.com.ar\/noticias-villa-maria\/tenia-orden-de-restriccion-fue-a-la-casa-de-su-ex-pareja-y-le-robo-su-moto\/\",\"url\":\"https:\/\/elregionalvm.com.ar\/noticias-villa-maria\/tenia-orden-de-restriccion-fue-a-la-casa-de-su-ex-pareja-y-le-robo-su-moto\/\",\"name\":\"Tenia orden de restricci\u00f3n, fue a la casa de su ex pareja y le rob\u00f3 su moto - El Regional\",\"isPartOf\":{\"@id\":\"http:\/\/elregionalvm.com.ar\/noticias-villa-maria\/#website\"},\"primaryImageOfPage\":{\"@id\":\"https:\/\/elregionalvm.com.ar\/noticias-villa-maria\/tenia-orden-de-restriccion-fue-a-la-casa-de-su-ex-pareja-y-le-robo-su-moto\/#primaryimage\"},\"image\":{\"@id\":\"https:\/\/elregionalvm.com.ar\/noticias-villa-maria\/tenia-orden-de-restriccion-fue-a-la-casa-de-su-ex-pareja-y-le-robo-su-moto\/#primaryimage\"},\"thumbnailUrl\":\"https:\/\/i0.wp.com\/elregionalvm.com.ar\/noticias-villa-maria\/wp-content\/uploads\/2024\/09\/WhatsApp-Image-2024-09-16-at-20.38.07.jpeg?fit=1200%2C1600&ssl=1\",\"datePublished\":\"2024-09-17T21:22:12+00:00\",\"dateModified\":\"2024-09-17T21:35:06+00:00\",\"author\":{\"@id\":\"http:\/\/elregionalvm.com.ar\/noticias-villa-maria\/#\/schema\/person\/a0fb9c422317faca23d50163151bc354\"},\"breadcrumb\":{\"@id\":\"https:\/\/elregionalvm.com.ar\/noticias-villa-maria\/tenia-orden-de-restriccion-fue-a-la-casa-de-su-ex-pareja-y-le-robo-su-moto\/#breadcrumb\"},\"inLanguage\":\"es\",\"potentialAction\":[{\"@type\":\"ReadAction\",\"target\":[\"https:\/\/elregionalvm.com.ar\/noticias-villa-maria\/tenia-orden-de-restriccion-fue-a-la-casa-de-su-ex-pareja-y-le-robo-su-moto\/\"]}]},{\"@type\":\"ImageObject\",\"inLanguage\":\"es\",\"@id\":\"https:\/\/elregionalvm.com.ar\/noticias-villa-maria\/tenia-orden-de-restriccion-fue-a-la-casa-de-su-ex-pareja-y-le-robo-su-moto\/#primaryimage\",\"url\":\"https:\/\/i0.wp.com\/elregionalvm.com.ar\/noticias-villa-maria\/wp-content\/uploads\/2024\/09\/WhatsApp-Image-2024-09-16-at-20.38.07.jpeg?fit=1200%2C1600&ssl=1\",\"contentUrl\":\"https:\/\/i0.wp.com\/elregionalvm.com.ar\/noticias-villa-maria\/wp-content\/uploads\/2024\/09\/WhatsApp-Image-2024-09-16-at-20.38.07.jpeg?fit=1200%2C1600&ssl=1\",\"width\":1200,\"height\":1600},{\"@type\":\"BreadcrumbList\",\"@id\":\"https:\/\/elregionalvm.com.ar\/noticias-villa-maria\/tenia-orden-de-restriccion-fue-a-la-casa-de-su-ex-pareja-y-le-robo-su-moto\/#breadcrumb\",\"itemListElement\":[{\"@type\":\"ListItem\",\"position\":1,\"name\":\"Portada\",\"item\":\"https:\/\/elregionalvm.com.ar\/noticias-villa-maria\/\"},{\"@type\":\"ListItem\",\"position\":2,\"name\":\"Tenia orden de restricci\u00f3n, fue a la casa de su ex pareja y le rob\u00f3 su moto\"}]},{\"@type\":\"WebSite\",\"@id\":\"http:\/\/elregionalvm.com.ar\/noticias-villa-maria\/#website\",\"url\":\"http:\/\/elregionalvm.com.ar\/noticias-villa-maria\/\",\"name\":\"El Regional\",\"description\":\"Mucho m\u00e1s que informaci\u00f3n\",\"potentialAction\":[{\"@type\":\"SearchAction\",\"target\":{\"@type\":\"EntryPoint\",\"urlTemplate\":\"http:\/\/elregionalvm.com.ar\/noticias-villa-maria\/?s={search_term_string}\"},\"query-input\":{\"@type\":\"PropertyValueSpecification\",\"valueRequired\":true,\"valueName\":\"search_term_string\"}}],\"inLanguage\":\"es\"},{\"@type\":\"Person\",\"@id\":\"http:\/\/elregionalvm.com.ar\/noticias-villa-maria\/#\/schema\/person\/a0fb9c422317faca23d50163151bc354\",\"name\":\"Contenidos El Regional\",\"image\":{\"@type\":\"ImageObject\",\"inLanguage\":\"es\",\"@id\":\"http:\/\/elregionalvm.com.ar\/noticias-villa-maria\/#\/schema\/person\/image\/\",\"url\":\"https:\/\/secure.gravatar.com\/avatar\/265b27cb2209af7bb3a1318f03305787d7981a5cc6e6cd08fe5a4ecdf99d4b48?s=96&d=mm&r=g\",\"contentUrl\":\"https:\/\/secure.gravatar.com\/avatar\/265b27cb2209af7bb3a1318f03305787d7981a5cc6e6cd08fe5a4ecdf99d4b48?s=96&d=mm&r=g\",\"caption\":\"Contenidos El Regional\"},\"url\":\"https:\/\/elregionalvm.com.ar\/noticias-villa-maria\/author\/contenido\/\"}]}<\/script>\n<!-- \/ Yoast SEO plugin. -->","yoast_head_json":{"title":"Tenia orden de restricci\u00f3n, fue a la casa de su ex pareja y le rob\u00f3 su moto - El Regional","robots":{"index":"index","follow":"follow","max-snippet":"max-snippet:-1","max-image-preview":"max-image-preview:large","max-video-preview":"max-video-preview:-1"},"canonical":"https:\/\/elregionalvm.com.ar\/noticias-villa-maria\/tenia-orden-de-restriccion-fue-a-la-casa-de-su-ex-pareja-y-le-robo-su-moto\/","og_locale":"es_ES","og_type":"article","og_title":"Tenia orden de restricci\u00f3n, fue a la casa de su ex pareja y le rob\u00f3 su moto - El Regional","og_description":"Siendo las 07:30 hs aproximadamente en la fecha personal de patrulla preventiva constituidos la intersecci\u00f3n de las calles Salta e Intendente Reyno de esta ciudad procedi\u00f3 a la detenci\u00f3n de un joven de 22 a\u00f1os de edad, por supuesto autor de los delitos de \u00abDesobediencia a la Autoridad\u00bb, \u00abViolaci\u00f3n de Domicilio\u00bb, \u00abDa\u00f1o\u00bb, \u00abLesiones\u00bb y \u00abHurto\u00bb [&hellip;]","og_url":"https:\/\/elregionalvm.com.ar\/noticias-villa-maria\/tenia-orden-de-restriccion-fue-a-la-casa-de-su-ex-pareja-y-le-robo-su-moto\/","og_site_name":"El Regional","article_publisher":"https:\/\/www.facebook.com\/elregionalvm","article_published_time":"2024-09-17T21:22:12+00:00","article_modified_time":"2024-09-17T21:35:06+00:00","og_image":[{"width":1200,"height":1600,"url":"https:\/\/elregionalvm.com.ar\/noticias-villa-maria\/wp-content\/uploads\/2024\/09\/WhatsApp-Image-2024-09-16-at-20.38.07.jpeg","type":"image\/jpeg"}],"author":"Contenidos El Regional","twitter_card":"summary_large_image","twitter_creator":"@elregionalvm1","twitter_site":"@elregionalvm1","twitter_misc":{"Escrito por":"Contenidos El Regional","Tiempo de lectura":"2 minutos"},"schema":{"@context":"https:\/\/schema.org","@graph":[{"@type":"Article","@id":"https:\/\/elregionalvm.com.ar\/noticias-villa-maria\/tenia-orden-de-restriccion-fue-a-la-casa-de-su-ex-pareja-y-le-robo-su-moto\/#article","isPartOf":{"@id":"https:\/\/elregionalvm.com.ar\/noticias-villa-maria\/tenia-orden-de-restriccion-fue-a-la-casa-de-su-ex-pareja-y-le-robo-su-moto\/"},"author":{"name":"Contenidos El Regional","@id":"http:\/\/elregionalvm.com.ar\/noticias-villa-maria\/#\/schema\/person\/a0fb9c422317faca23d50163151bc354"},"headline":"Tenia orden de restricci\u00f3n, fue a la casa de su ex pareja y le rob\u00f3 su moto","datePublished":"2024-09-17T21:22:12+00:00","dateModified":"2024-09-17T21:35:06+00:00","mainEntityOfPage":{"@id":"https:\/\/elregionalvm.com.ar\/noticias-villa-maria\/tenia-orden-de-restriccion-fue-a-la-casa-de-su-ex-pareja-y-le-robo-su-moto\/"},"wordCount":283,"commentCount":0,"image":{"@id":"https:\/\/elregionalvm.com.ar\/noticias-villa-maria\/tenia-orden-de-restriccion-fue-a-la-casa-de-su-ex-pareja-y-le-robo-su-moto\/#primaryimage"},"thumbnailUrl":"https:\/\/i0.wp.com\/elregionalvm.com.ar\/noticias-villa-maria\/wp-content\/uploads\/2024\/09\/WhatsApp-Image-2024-09-16-at-20.38.07.jpeg?fit=1200%2C1600&ssl=1","articleSection":["Policiales","Sociedad","Villa Mar\u00eda"],"inLanguage":"es","potentialAction":[{"@type":"CommentAction","name":"Comment","target":["https:\/\/elregionalvm.com.ar\/noticias-villa-maria\/tenia-orden-de-restriccion-fue-a-la-casa-de-su-ex-pareja-y-le-robo-su-moto\/#respond"]}]},{"@type":"WebPage","@id":"https:\/\/elregionalvm.com.ar\/noticias-villa-maria\/tenia-orden-de-restriccion-fue-a-la-casa-de-su-ex-pareja-y-le-robo-su-moto\/","url":"https:\/\/elregionalvm.com.ar\/noticias-villa-maria\/tenia-orden-de-restriccion-fue-a-la-casa-de-su-ex-pareja-y-le-robo-su-moto\/","name":"Tenia orden de restricci\u00f3n, fue a la casa de su ex pareja y le rob\u00f3 su moto - El Regional","isPartOf":{"@id":"http:\/\/elregionalvm.com.ar\/noticias-villa-maria\/#website"},"primaryImageOfPage":{"@id":"https:\/\/elregionalvm.com.ar\/noticias-villa-maria\/tenia-orden-de-restriccion-fue-a-la-casa-de-su-ex-pareja-y-le-robo-su-moto\/#primaryimage"},"image":{"@id":"https:\/\/elregionalvm.com.ar\/noticias-villa-maria\/tenia-orden-de-restriccion-fue-a-la-casa-de-su-ex-pareja-y-le-robo-su-moto\/#primaryimage"},"thumbnailUrl":"https:\/\/i0.wp.com\/elregionalvm.com.ar\/noticias-villa-maria\/wp-content\/uploads\/2024\/09\/WhatsApp-Image-2024-09-16-at-20.38.07.jpeg?fit=1200%2C1600&ssl=1","datePublished":"2024-09-17T21:22:12+00:00","dateModified":"2024-09-17T21:35:06+00:00","author":{"@id":"http:\/\/elregionalvm.com.ar\/noticias-villa-maria\/#\/schema\/person\/a0fb9c422317faca23d50163151bc354"},"breadcrumb":{"@id":"https:\/\/elregionalvm.com.ar\/noticias-villa-maria\/tenia-orden-de-restriccion-fue-a-la-casa-de-su-ex-pareja-y-le-robo-su-moto\/#breadcrumb"},"inLanguage":"es","potentialAction":[{"@type":"ReadAction","target":["https:\/\/elregionalvm.com.ar\/noticias-villa-maria\/tenia-orden-de-restriccion-fue-a-la-casa-de-su-ex-pareja-y-le-robo-su-moto\/"]}]},{"@type":"ImageObject","inLanguage":"es","@id":"https:\/\/elregionalvm.com.ar\/noticias-villa-maria\/tenia-orden-de-restriccion-fue-a-la-casa-de-su-ex-pareja-y-le-robo-su-moto\/#primaryimage","url":"https:\/\/i0.wp.com\/elregionalvm.com.ar\/noticias-villa-maria\/wp-content\/uploads\/2024\/09\/WhatsApp-Image-2024-09-16-at-20.38.07.jpeg?fit=1200%2C1600&ssl=1","contentUrl":"https:\/\/i0.wp.com\/elregionalvm.com.ar\/noticias-villa-maria\/wp-content\/uploads\/2024\/09\/WhatsApp-Image-2024-09-16-at-20.38.07.jpeg?fit=1200%2C1600&ssl=1","width":1200,"height":1600},{"@type":"BreadcrumbList","@id":"https:\/\/elregionalvm.com.ar\/noticias-villa-maria\/tenia-orden-de-restriccion-fue-a-la-casa-de-su-ex-pareja-y-le-robo-su-moto\/#breadcrumb","itemListElement":[{"@type":"ListItem","position":1,"name":"Portada","item":"https:\/\/elregionalvm.com.ar\/noticias-villa-maria\/"},{"@type":"ListItem","position":2,"name":"Tenia orden de restricci\u00f3n, fue a la casa de su ex pareja y le rob\u00f3 su moto"}]},{"@type":"WebSite","@id":"http:\/\/elregionalvm.com.ar\/noticias-villa-maria\/#website","url":"http:\/\/elregionalvm.com.ar\/noticias-villa-maria\/","name":"El Regional","description":"Mucho m\u00e1s que informaci\u00f3n","potentialAction":[{"@type":"SearchAction","target":{"@type":"EntryPoint","urlTemplate":"http:\/\/elregionalvm.com.ar\/noticias-villa-maria\/?s={search_term_string}"},"query-input":{"@type":"PropertyValueSpecification","valueRequired":true,"valueName":"search_term_string"}}],"inLanguage":"es"},{"@type":"Person","@id":"http:\/\/elregionalvm.com.ar\/noticias-villa-maria\/#\/schema\/person\/a0fb9c422317faca23d50163151bc354","name":"Contenidos El Regional","image":{"@type":"ImageObject","inLanguage":"es","@id":"http:\/\/elregionalvm.com.ar\/noticias-villa-maria\/#\/schema\/person\/image\/","url":"https:\/\/secure.gravatar.com\/avatar\/265b27cb2209af7bb3a1318f03305787d7981a5cc6e6cd08fe5a4ecdf99d4b48?s=96&d=mm&r=g","contentUrl":"https:\/\/secure.gravatar.com\/avatar\/265b27cb2209af7bb3a1318f03305787d7981a5cc6e6cd08fe5a4ecdf99d4b48?s=96&d=mm&r=g","caption":"Contenidos El Regional"},"url":"https:\/\/elregionalvm.com.ar\/noticias-villa-maria\/author\/contenido\/"}]}},"jetpack_featured_media_url":"https:\/\/i0.wp.com\/elregionalvm.com.ar\/noticias-villa-maria\/wp-content\/uploads\/2024\/09\/WhatsApp-Image-2024-09-16-at-20.38.07.jpeg?fit=1200%2C1600&ssl=1","jetpack_sharing_enabled":true,"_links":{"self":[{"href":"https:\/\/elregionalvm.com.ar\/noticias-villa-maria\/wp-json\/wp\/v2\/posts\/98738","targetHints":{"allow":["GET"]}}],"collection":[{"href":"https:\/\/elregionalvm.com.ar\/noticias-villa-maria\/wp-json\/wp\/v2\/posts"}],"about":[{"href":"https:\/\/elregionalvm.com.ar\/noticias-villa-maria\/wp-json\/wp\/v2\/types\/post"}],"author":[{"embeddable":true,"href":"https:\/\/elregionalvm.com.ar\/noticias-villa-maria\/wp-json\/wp\/v2\/users\/4"}],"replies":[{"embeddable":true,"href":"https:\/\/elregionalvm.com.ar\/noticias-villa-maria\/wp-json\/wp\/v2\/comments?post=98738"}],"version-history":[{"count":1,"href":"https:\/\/elregionalvm.com.ar\/noticias-villa-maria\/wp-json\/wp\/v2\/posts\/98738\/revisions"}],"predecessor-version":[{"id":98745,"href":"https:\/\/elregionalvm.com.ar\/noticias-villa-maria\/wp-json\/wp\/v2\/posts\/98738\/revisions\/98745"}],"wp:featuredmedia":[{"embeddable":true,"href":"https:\/\/elregionalvm.com.ar\/noticias-villa-maria\/wp-json\/wp\/v2\/media\/98743"}],"wp:attachment":[{"href":"https:\/\/elregionalvm.com.ar\/noticias-villa-maria\/wp-json\/wp\/v2\/media?parent=98738"}],"wp:term":[{"taxonomy":"category","embeddable":true,"href":"https:\/\/elregionalvm.com.ar\/noticias-villa-maria\/wp-json\/wp\/v2\/categories?post=98738"},{"taxonomy":"post_tag","embeddable":true,"href":"https:\/\/elregionalvm.com.ar\/noticias-villa-maria\/wp-json\/wp\/v2\/tags?post=98738"}],"curies":[{"name":"wp","href":"https:\/\/api.w.org\/{rel}","templated":true}]}}