{"id":98760,"date":"2024-09-17T21:34:30","date_gmt":"2024-09-17T21:34:30","guid":{"rendered":"https:\/\/elregionalvm.com.ar\/noticias-villa-maria\/?p=98760"},"modified":"2024-09-19T13:08:27","modified_gmt":"2024-09-19T13:08:27","slug":"villa-nueva-el-intendente-tagni-encabezara-el-acto-por-un-nuevo-aniversario-de-la-creacion-de-la-bandera-de-cordoba","status":"publish","type":"post","link":"https:\/\/elregionalvm.com.ar\/noticias-villa-maria\/villa-nueva-el-intendente-tagni-encabezara-el-acto-por-un-nuevo-aniversario-de-la-creacion-de-la-bandera-de-cordoba\/","title":{"rendered":"Villa Nueva: Tagni encabezar\u00e1 el acto por un nuevo aniversario de la creaci\u00f3n de la bandera de C\u00f3rdoba"},"content":{"rendered":"\n<p>La Municipalidad de Villa Nueva a trav\u00e9s de su Secretar\u00eda de Cultura invita a todos los medios de prensa de la ciudad y la regi\u00f3n a compartir el acto en conmemoraci\u00f3n al Aniversario de la creaci\u00f3n de la Bandera de la Provincia de C\u00f3rdoba.<\/p>\n\n\n\n<p>En la ocasi\u00f3n los estudiantes de 4to A\u00f1o de todas las instituciones educativas de la ciudad har\u00e1n la promesa de Lealtad.<\/p>\n\n\n\n<p>Ser\u00e1 desde las 14.30 en la Plaza Capit\u00e1n de Los Andes, frente al edificio municipal.<\/p>\n\n\n\n<p>Esperamos contar con su importante presencia.<\/p>\n","protected":false},"excerpt":{"rendered":"<p>La Municipalidad de Villa Nueva a trav\u00e9s de su Secretar\u00eda de Cultura invita a todos los medios de prensa de la ciudad y la regi\u00f3n a compartir el acto en conmemoraci\u00f3n al Aniversario de la creaci\u00f3n de la Bandera de la Provincia de C\u00f3rdoba. En la ocasi\u00f3n los estudiantes de 4to A\u00f1o de todas las [&hellip;]<\/p>\n","protected":false},"author":4,"featured_media":98763,"comment_status":"open","ping_status":"open","sticky":false,"template":"","format":"standard","meta":{"site-sidebar-layout":"default","site-content-layout":"","ast-site-content-layout":"default","site-content-style":"default","site-sidebar-style":"default","ast-global-header-display":"","ast-banner-title-visibility":"","ast-main-header-display":"","ast-hfb-above-header-display":"","ast-hfb-below-header-display":"","ast-hfb-mobile-header-display":"","site-post-title":"","ast-breadcrumbs-content":"","ast-featured-img":"","footer-sml-layout":"","ast-disable-related-posts":"","theme-transparent-header-meta":"","adv-header-id-meta":"","stick-header-meta":"","header-above-stick-meta":"","header-main-stick-meta":"","header-below-stick-meta":"","astra-migrate-meta-layouts":"set","ast-page-background-enabled":"default","ast-page-background-meta":{"desktop":{"background-color":"","background-image":"","background-repeat":"repeat","background-position":"center center","background-size":"auto","background-attachment":"scroll","background-type":"","background-media":"","overlay-type":"","overlay-color":"","overlay-opacity":"","overlay-gradient":""},"tablet":{"background-color":"","background-image":"","background-repeat":"repeat","background-position":"center center","background-size":"auto","background-attachment":"scroll","background-type":"","background-media":"","overlay-type":"","overlay-color":"","overlay-opacity":"","overlay-gradient":""},"mobile":{"background-color":"","background-image":"","background-repeat":"repeat","background-position":"center center","background-size":"auto","background-attachment":"scroll","background-type":"","background-media":"","overlay-type":"","overlay-color":"","overlay-opacity":"","overlay-gradient":""}},"ast-content-background-meta":{"desktop":{"background-color":"var(--ast-global-color-5)","background-image":"","background-repeat":"repeat","background-position":"center center","background-size":"auto","background-attachment":"scroll","background-type":"","background-media":"","overlay-type":"","overlay-color":"","overlay-opacity":"","overlay-gradient":""},"tablet":{"background-color":"var(--ast-global-color-5)","background-image":"","background-repeat":"repeat","background-position":"center center","background-size":"auto","background-attachment":"scroll","background-type":"","background-media":"","overlay-type":"","overlay-color":"","overlay-opacity":"","overlay-gradient":""},"mobile":{"background-color":"var(--ast-global-color-5)","background-image":"","background-repeat":"repeat","background-position":"center center","background-size":"auto","background-attachment":"scroll","background-type":"","background-media":"","overlay-type":"","overlay-color":"","overlay-opacity":"","overlay-gradient":""}},"_jetpack_memberships_contains_paid_content":false,"_joinchat":[],"footnotes":""},"categories":[5,1408],"tags":[],"class_list":["post-98760","post","type-post","status-publish","format-standard","has-post-thumbnail","hentry","category-sociedad","category-villa-nueva"],"yoast_head":"<!-- This site is optimized with the Yoast SEO plugin v26.8 - https:\/\/yoast.com\/product\/yoast-seo-wordpress\/ -->\n<title>Villa Nueva: Tagni encabezar\u00e1 el acto por un nuevo aniversario de la creaci\u00f3n de la bandera de C\u00f3rdoba - El Regional<\/title>\n<meta name=\"robots\" content=\"index, follow, max-snippet:-1, max-image-preview:large, max-video-preview:-1\" \/>\n<link rel=\"canonical\" href=\"https:\/\/elregionalvm.com.ar\/noticias-villa-maria\/villa-nueva-el-intendente-tagni-encabezara-el-acto-por-un-nuevo-aniversario-de-la-creacion-de-la-bandera-de-cordoba\/\" \/>\n<meta property=\"og:locale\" content=\"es_ES\" \/>\n<meta property=\"og:type\" content=\"article\" \/>\n<meta property=\"og:title\" content=\"Villa Nueva: Tagni encabezar\u00e1 el acto por un nuevo aniversario de la creaci\u00f3n de la bandera de C\u00f3rdoba - El Regional\" \/>\n<meta property=\"og:description\" content=\"La Municipalidad de Villa Nueva a trav\u00e9s de su Secretar\u00eda de Cultura invita a todos los medios de prensa de la ciudad y la regi\u00f3n a compartir el acto en conmemoraci\u00f3n al Aniversario de la creaci\u00f3n de la Bandera de la Provincia de C\u00f3rdoba. En la ocasi\u00f3n los estudiantes de 4to A\u00f1o de todas las [&hellip;]\" \/>\n<meta property=\"og:url\" content=\"https:\/\/elregionalvm.com.ar\/noticias-villa-maria\/villa-nueva-el-intendente-tagni-encabezara-el-acto-por-un-nuevo-aniversario-de-la-creacion-de-la-bandera-de-cordoba\/\" \/>\n<meta property=\"og:site_name\" content=\"El Regional\" \/>\n<meta property=\"article:publisher\" content=\"https:\/\/www.facebook.com\/elregionalvm\" \/>\n<meta property=\"article:published_time\" content=\"2024-09-17T21:34:30+00:00\" \/>\n<meta property=\"article:modified_time\" content=\"2024-09-19T13:08:27+00:00\" \/>\n<meta property=\"og:image\" content=\"https:\/\/elregionalvm.com.ar\/noticias-villa-maria\/wp-content\/uploads\/2024\/09\/WhatsApp-Image-2024-09-17-at-09.48.14.jpeg\" \/>\n\t<meta property=\"og:image:width\" content=\"1600\" \/>\n\t<meta property=\"og:image:height\" content=\"1600\" \/>\n\t<meta property=\"og:image:type\" content=\"image\/jpeg\" \/>\n<meta name=\"author\" content=\"Contenidos El Regional\" \/>\n<meta name=\"twitter:card\" content=\"summary_large_image\" \/>\n<meta name=\"twitter:creator\" content=\"@elregionalvm1\" \/>\n<meta name=\"twitter:site\" content=\"@elregionalvm1\" \/>\n<meta name=\"twitter:label1\" content=\"Escrito por\" \/>\n\t<meta name=\"twitter:data1\" content=\"Contenidos El Regional\" \/>\n\t<meta name=\"twitter:label2\" content=\"Tiempo de lectura\" \/>\n\t<meta name=\"twitter:data2\" content=\"1 minuto\" \/>\n<script type=\"application\/ld+json\" class=\"yoast-schema-graph\">{\"@context\":\"https:\/\/schema.org\",\"@graph\":[{\"@type\":\"Article\",\"@id\":\"https:\/\/elregionalvm.com.ar\/noticias-villa-maria\/villa-nueva-el-intendente-tagni-encabezara-el-acto-por-un-nuevo-aniversario-de-la-creacion-de-la-bandera-de-cordoba\/#article\",\"isPartOf\":{\"@id\":\"https:\/\/elregionalvm.com.ar\/noticias-villa-maria\/villa-nueva-el-intendente-tagni-encabezara-el-acto-por-un-nuevo-aniversario-de-la-creacion-de-la-bandera-de-cordoba\/\"},\"author\":{\"name\":\"Contenidos El Regional\",\"@id\":\"http:\/\/elregionalvm.com.ar\/noticias-villa-maria\/#\/schema\/person\/a0fb9c422317faca23d50163151bc354\"},\"headline\":\"Villa Nueva: Tagni encabezar\u00e1 el acto por un nuevo aniversario de la creaci\u00f3n de la bandera de C\u00f3rdoba\",\"datePublished\":\"2024-09-17T21:34:30+00:00\",\"dateModified\":\"2024-09-19T13:08:27+00:00\",\"mainEntityOfPage\":{\"@id\":\"https:\/\/elregionalvm.com.ar\/noticias-villa-maria\/villa-nueva-el-intendente-tagni-encabezara-el-acto-por-un-nuevo-aniversario-de-la-creacion-de-la-bandera-de-cordoba\/\"},\"wordCount\":115,\"commentCount\":0,\"image\":{\"@id\":\"https:\/\/elregionalvm.com.ar\/noticias-villa-maria\/villa-nueva-el-intendente-tagni-encabezara-el-acto-por-un-nuevo-aniversario-de-la-creacion-de-la-bandera-de-cordoba\/#primaryimage\"},\"thumbnailUrl\":\"https:\/\/i0.wp.com\/elregionalvm.com.ar\/noticias-villa-maria\/wp-content\/uploads\/2024\/09\/WhatsApp-Image-2024-09-17-at-09.48.14.jpeg?fit=1600%2C1600&ssl=1\",\"articleSection\":[\"Sociedad\",\"Villa Nueva\"],\"inLanguage\":\"es\",\"potentialAction\":[{\"@type\":\"CommentAction\",\"name\":\"Comment\",\"target\":[\"https:\/\/elregionalvm.com.ar\/noticias-villa-maria\/villa-nueva-el-intendente-tagni-encabezara-el-acto-por-un-nuevo-aniversario-de-la-creacion-de-la-bandera-de-cordoba\/#respond\"]}]},{\"@type\":\"WebPage\",\"@id\":\"https:\/\/elregionalvm.com.ar\/noticias-villa-maria\/villa-nueva-el-intendente-tagni-encabezara-el-acto-por-un-nuevo-aniversario-de-la-creacion-de-la-bandera-de-cordoba\/\",\"url\":\"https:\/\/elregionalvm.com.ar\/noticias-villa-maria\/villa-nueva-el-intendente-tagni-encabezara-el-acto-por-un-nuevo-aniversario-de-la-creacion-de-la-bandera-de-cordoba\/\",\"name\":\"Villa Nueva: Tagni encabezar\u00e1 el acto por un nuevo aniversario de la creaci\u00f3n de la bandera de C\u00f3rdoba - El Regional\",\"isPartOf\":{\"@id\":\"http:\/\/elregionalvm.com.ar\/noticias-villa-maria\/#website\"},\"primaryImageOfPage\":{\"@id\":\"https:\/\/elregionalvm.com.ar\/noticias-villa-maria\/villa-nueva-el-intendente-tagni-encabezara-el-acto-por-un-nuevo-aniversario-de-la-creacion-de-la-bandera-de-cordoba\/#primaryimage\"},\"image\":{\"@id\":\"https:\/\/elregionalvm.com.ar\/noticias-villa-maria\/villa-nueva-el-intendente-tagni-encabezara-el-acto-por-un-nuevo-aniversario-de-la-creacion-de-la-bandera-de-cordoba\/#primaryimage\"},\"thumbnailUrl\":\"https:\/\/i0.wp.com\/elregionalvm.com.ar\/noticias-villa-maria\/wp-content\/uploads\/2024\/09\/WhatsApp-Image-2024-09-17-at-09.48.14.jpeg?fit=1600%2C1600&ssl=1\",\"datePublished\":\"2024-09-17T21:34:30+00:00\",\"dateModified\":\"2024-09-19T13:08:27+00:00\",\"author\":{\"@id\":\"http:\/\/elregionalvm.com.ar\/noticias-villa-maria\/#\/schema\/person\/a0fb9c422317faca23d50163151bc354\"},\"breadcrumb\":{\"@id\":\"https:\/\/elregionalvm.com.ar\/noticias-villa-maria\/villa-nueva-el-intendente-tagni-encabezara-el-acto-por-un-nuevo-aniversario-de-la-creacion-de-la-bandera-de-cordoba\/#breadcrumb\"},\"inLanguage\":\"es\",\"potentialAction\":[{\"@type\":\"ReadAction\",\"target\":[\"https:\/\/elregionalvm.com.ar\/noticias-villa-maria\/villa-nueva-el-intendente-tagni-encabezara-el-acto-por-un-nuevo-aniversario-de-la-creacion-de-la-bandera-de-cordoba\/\"]}]},{\"@type\":\"ImageObject\",\"inLanguage\":\"es\",\"@id\":\"https:\/\/elregionalvm.com.ar\/noticias-villa-maria\/villa-nueva-el-intendente-tagni-encabezara-el-acto-por-un-nuevo-aniversario-de-la-creacion-de-la-bandera-de-cordoba\/#primaryimage\",\"url\":\"https:\/\/i0.wp.com\/elregionalvm.com.ar\/noticias-villa-maria\/wp-content\/uploads\/2024\/09\/WhatsApp-Image-2024-09-17-at-09.48.14.jpeg?fit=1600%2C1600&ssl=1\",\"contentUrl\":\"https:\/\/i0.wp.com\/elregionalvm.com.ar\/noticias-villa-maria\/wp-content\/uploads\/2024\/09\/WhatsApp-Image-2024-09-17-at-09.48.14.jpeg?fit=1600%2C1600&ssl=1\",\"width\":1600,\"height\":1600},{\"@type\":\"BreadcrumbList\",\"@id\":\"https:\/\/elregionalvm.com.ar\/noticias-villa-maria\/villa-nueva-el-intendente-tagni-encabezara-el-acto-por-un-nuevo-aniversario-de-la-creacion-de-la-bandera-de-cordoba\/#breadcrumb\",\"itemListElement\":[{\"@type\":\"ListItem\",\"position\":1,\"name\":\"Portada\",\"item\":\"https:\/\/elregionalvm.com.ar\/noticias-villa-maria\/\"},{\"@type\":\"ListItem\",\"position\":2,\"name\":\"Villa Nueva: Tagni encabezar\u00e1 el acto por un nuevo aniversario de la creaci\u00f3n de la bandera de C\u00f3rdoba\"}]},{\"@type\":\"WebSite\",\"@id\":\"http:\/\/elregionalvm.com.ar\/noticias-villa-maria\/#website\",\"url\":\"http:\/\/elregionalvm.com.ar\/noticias-villa-maria\/\",\"name\":\"El Regional\",\"description\":\"Mucho m\u00e1s que informaci\u00f3n\",\"potentialAction\":[{\"@type\":\"SearchAction\",\"target\":{\"@type\":\"EntryPoint\",\"urlTemplate\":\"http:\/\/elregionalvm.com.ar\/noticias-villa-maria\/?s={search_term_string}\"},\"query-input\":{\"@type\":\"PropertyValueSpecification\",\"valueRequired\":true,\"valueName\":\"search_term_string\"}}],\"inLanguage\":\"es\"},{\"@type\":\"Person\",\"@id\":\"http:\/\/elregionalvm.com.ar\/noticias-villa-maria\/#\/schema\/person\/a0fb9c422317faca23d50163151bc354\",\"name\":\"Contenidos El Regional\",\"image\":{\"@type\":\"ImageObject\",\"inLanguage\":\"es\",\"@id\":\"http:\/\/elregionalvm.com.ar\/noticias-villa-maria\/#\/schema\/person\/image\/\",\"url\":\"https:\/\/secure.gravatar.com\/avatar\/265b27cb2209af7bb3a1318f03305787d7981a5cc6e6cd08fe5a4ecdf99d4b48?s=96&d=mm&r=g\",\"contentUrl\":\"https:\/\/secure.gravatar.com\/avatar\/265b27cb2209af7bb3a1318f03305787d7981a5cc6e6cd08fe5a4ecdf99d4b48?s=96&d=mm&r=g\",\"caption\":\"Contenidos El Regional\"},\"url\":\"https:\/\/elregionalvm.com.ar\/noticias-villa-maria\/author\/contenido\/\"}]}<\/script>\n<!-- \/ Yoast SEO plugin. -->","yoast_head_json":{"title":"Villa Nueva: Tagni encabezar\u00e1 el acto por un nuevo aniversario de la creaci\u00f3n de la bandera de C\u00f3rdoba - El Regional","robots":{"index":"index","follow":"follow","max-snippet":"max-snippet:-1","max-image-preview":"max-image-preview:large","max-video-preview":"max-video-preview:-1"},"canonical":"https:\/\/elregionalvm.com.ar\/noticias-villa-maria\/villa-nueva-el-intendente-tagni-encabezara-el-acto-por-un-nuevo-aniversario-de-la-creacion-de-la-bandera-de-cordoba\/","og_locale":"es_ES","og_type":"article","og_title":"Villa Nueva: Tagni encabezar\u00e1 el acto por un nuevo aniversario de la creaci\u00f3n de la bandera de C\u00f3rdoba - El Regional","og_description":"La Municipalidad de Villa Nueva a trav\u00e9s de su Secretar\u00eda de Cultura invita a todos los medios de prensa de la ciudad y la regi\u00f3n a compartir el acto en conmemoraci\u00f3n al Aniversario de la creaci\u00f3n de la Bandera de la Provincia de C\u00f3rdoba. En la ocasi\u00f3n los estudiantes de 4to A\u00f1o de todas las [&hellip;]","og_url":"https:\/\/elregionalvm.com.ar\/noticias-villa-maria\/villa-nueva-el-intendente-tagni-encabezara-el-acto-por-un-nuevo-aniversario-de-la-creacion-de-la-bandera-de-cordoba\/","og_site_name":"El Regional","article_publisher":"https:\/\/www.facebook.com\/elregionalvm","article_published_time":"2024-09-17T21:34:30+00:00","article_modified_time":"2024-09-19T13:08:27+00:00","og_image":[{"width":1600,"height":1600,"url":"https:\/\/elregionalvm.com.ar\/noticias-villa-maria\/wp-content\/uploads\/2024\/09\/WhatsApp-Image-2024-09-17-at-09.48.14.jpeg","type":"image\/jpeg"}],"author":"Contenidos El Regional","twitter_card":"summary_large_image","twitter_creator":"@elregionalvm1","twitter_site":"@elregionalvm1","twitter_misc":{"Escrito por":"Contenidos El Regional","Tiempo de lectura":"1 minuto"},"schema":{"@context":"https:\/\/schema.org","@graph":[{"@type":"Article","@id":"https:\/\/elregionalvm.com.ar\/noticias-villa-maria\/villa-nueva-el-intendente-tagni-encabezara-el-acto-por-un-nuevo-aniversario-de-la-creacion-de-la-bandera-de-cordoba\/#article","isPartOf":{"@id":"https:\/\/elregionalvm.com.ar\/noticias-villa-maria\/villa-nueva-el-intendente-tagni-encabezara-el-acto-por-un-nuevo-aniversario-de-la-creacion-de-la-bandera-de-cordoba\/"},"author":{"name":"Contenidos El Regional","@id":"http:\/\/elregionalvm.com.ar\/noticias-villa-maria\/#\/schema\/person\/a0fb9c422317faca23d50163151bc354"},"headline":"Villa Nueva: Tagni encabezar\u00e1 el acto por un nuevo aniversario de la creaci\u00f3n de la bandera de C\u00f3rdoba","datePublished":"2024-09-17T21:34:30+00:00","dateModified":"2024-09-19T13:08:27+00:00","mainEntityOfPage":{"@id":"https:\/\/elregionalvm.com.ar\/noticias-villa-maria\/villa-nueva-el-intendente-tagni-encabezara-el-acto-por-un-nuevo-aniversario-de-la-creacion-de-la-bandera-de-cordoba\/"},"wordCount":115,"commentCount":0,"image":{"@id":"https:\/\/elregionalvm.com.ar\/noticias-villa-maria\/villa-nueva-el-intendente-tagni-encabezara-el-acto-por-un-nuevo-aniversario-de-la-creacion-de-la-bandera-de-cordoba\/#primaryimage"},"thumbnailUrl":"https:\/\/i0.wp.com\/elregionalvm.com.ar\/noticias-villa-maria\/wp-content\/uploads\/2024\/09\/WhatsApp-Image-2024-09-17-at-09.48.14.jpeg?fit=1600%2C1600&ssl=1","articleSection":["Sociedad","Villa Nueva"],"inLanguage":"es","potentialAction":[{"@type":"CommentAction","name":"Comment","target":["https:\/\/elregionalvm.com.ar\/noticias-villa-maria\/villa-nueva-el-intendente-tagni-encabezara-el-acto-por-un-nuevo-aniversario-de-la-creacion-de-la-bandera-de-cordoba\/#respond"]}]},{"@type":"WebPage","@id":"https:\/\/elregionalvm.com.ar\/noticias-villa-maria\/villa-nueva-el-intendente-tagni-encabezara-el-acto-por-un-nuevo-aniversario-de-la-creacion-de-la-bandera-de-cordoba\/","url":"https:\/\/elregionalvm.com.ar\/noticias-villa-maria\/villa-nueva-el-intendente-tagni-encabezara-el-acto-por-un-nuevo-aniversario-de-la-creacion-de-la-bandera-de-cordoba\/","name":"Villa Nueva: Tagni encabezar\u00e1 el acto por un nuevo aniversario de la creaci\u00f3n de la bandera de C\u00f3rdoba - El Regional","isPartOf":{"@id":"http:\/\/elregionalvm.com.ar\/noticias-villa-maria\/#website"},"primaryImageOfPage":{"@id":"https:\/\/elregionalvm.com.ar\/noticias-villa-maria\/villa-nueva-el-intendente-tagni-encabezara-el-acto-por-un-nuevo-aniversario-de-la-creacion-de-la-bandera-de-cordoba\/#primaryimage"},"image":{"@id":"https:\/\/elregionalvm.com.ar\/noticias-villa-maria\/villa-nueva-el-intendente-tagni-encabezara-el-acto-por-un-nuevo-aniversario-de-la-creacion-de-la-bandera-de-cordoba\/#primaryimage"},"thumbnailUrl":"https:\/\/i0.wp.com\/elregionalvm.com.ar\/noticias-villa-maria\/wp-content\/uploads\/2024\/09\/WhatsApp-Image-2024-09-17-at-09.48.14.jpeg?fit=1600%2C1600&ssl=1","datePublished":"2024-09-17T21:34:30+00:00","dateModified":"2024-09-19T13:08:27+00:00","author":{"@id":"http:\/\/elregionalvm.com.ar\/noticias-villa-maria\/#\/schema\/person\/a0fb9c422317faca23d50163151bc354"},"breadcrumb":{"@id":"https:\/\/elregionalvm.com.ar\/noticias-villa-maria\/villa-nueva-el-intendente-tagni-encabezara-el-acto-por-un-nuevo-aniversario-de-la-creacion-de-la-bandera-de-cordoba\/#breadcrumb"},"inLanguage":"es","potentialAction":[{"@type":"ReadAction","target":["https:\/\/elregionalvm.com.ar\/noticias-villa-maria\/villa-nueva-el-intendente-tagni-encabezara-el-acto-por-un-nuevo-aniversario-de-la-creacion-de-la-bandera-de-cordoba\/"]}]},{"@type":"ImageObject","inLanguage":"es","@id":"https:\/\/elregionalvm.com.ar\/noticias-villa-maria\/villa-nueva-el-intendente-tagni-encabezara-el-acto-por-un-nuevo-aniversario-de-la-creacion-de-la-bandera-de-cordoba\/#primaryimage","url":"https:\/\/i0.wp.com\/elregionalvm.com.ar\/noticias-villa-maria\/wp-content\/uploads\/2024\/09\/WhatsApp-Image-2024-09-17-at-09.48.14.jpeg?fit=1600%2C1600&ssl=1","contentUrl":"https:\/\/i0.wp.com\/elregionalvm.com.ar\/noticias-villa-maria\/wp-content\/uploads\/2024\/09\/WhatsApp-Image-2024-09-17-at-09.48.14.jpeg?fit=1600%2C1600&ssl=1","width":1600,"height":1600},{"@type":"BreadcrumbList","@id":"https:\/\/elregionalvm.com.ar\/noticias-villa-maria\/villa-nueva-el-intendente-tagni-encabezara-el-acto-por-un-nuevo-aniversario-de-la-creacion-de-la-bandera-de-cordoba\/#breadcrumb","itemListElement":[{"@type":"ListItem","position":1,"name":"Portada","item":"https:\/\/elregionalvm.com.ar\/noticias-villa-maria\/"},{"@type":"ListItem","position":2,"name":"Villa Nueva: Tagni encabezar\u00e1 el acto por un nuevo aniversario de la creaci\u00f3n de la bandera de C\u00f3rdoba"}]},{"@type":"WebSite","@id":"http:\/\/elregionalvm.com.ar\/noticias-villa-maria\/#website","url":"http:\/\/elregionalvm.com.ar\/noticias-villa-maria\/","name":"El Regional","description":"Mucho m\u00e1s que informaci\u00f3n","potentialAction":[{"@type":"SearchAction","target":{"@type":"EntryPoint","urlTemplate":"http:\/\/elregionalvm.com.ar\/noticias-villa-maria\/?s={search_term_string}"},"query-input":{"@type":"PropertyValueSpecification","valueRequired":true,"valueName":"search_term_string"}}],"inLanguage":"es"},{"@type":"Person","@id":"http:\/\/elregionalvm.com.ar\/noticias-villa-maria\/#\/schema\/person\/a0fb9c422317faca23d50163151bc354","name":"Contenidos El Regional","image":{"@type":"ImageObject","inLanguage":"es","@id":"http:\/\/elregionalvm.com.ar\/noticias-villa-maria\/#\/schema\/person\/image\/","url":"https:\/\/secure.gravatar.com\/avatar\/265b27cb2209af7bb3a1318f03305787d7981a5cc6e6cd08fe5a4ecdf99d4b48?s=96&d=mm&r=g","contentUrl":"https:\/\/secure.gravatar.com\/avatar\/265b27cb2209af7bb3a1318f03305787d7981a5cc6e6cd08fe5a4ecdf99d4b48?s=96&d=mm&r=g","caption":"Contenidos El Regional"},"url":"https:\/\/elregionalvm.com.ar\/noticias-villa-maria\/author\/contenido\/"}]}},"jetpack_featured_media_url":"https:\/\/i0.wp.com\/elregionalvm.com.ar\/noticias-villa-maria\/wp-content\/uploads\/2024\/09\/WhatsApp-Image-2024-09-17-at-09.48.14.jpeg?fit=1600%2C1600&ssl=1","jetpack_sharing_enabled":true,"_links":{"self":[{"href":"https:\/\/elregionalvm.com.ar\/noticias-villa-maria\/wp-json\/wp\/v2\/posts\/98760","targetHints":{"allow":["GET"]}}],"collection":[{"href":"https:\/\/elregionalvm.com.ar\/noticias-villa-maria\/wp-json\/wp\/v2\/posts"}],"about":[{"href":"https:\/\/elregionalvm.com.ar\/noticias-villa-maria\/wp-json\/wp\/v2\/types\/post"}],"author":[{"embeddable":true,"href":"https:\/\/elregionalvm.com.ar\/noticias-villa-maria\/wp-json\/wp\/v2\/users\/4"}],"replies":[{"embeddable":true,"href":"https:\/\/elregionalvm.com.ar\/noticias-villa-maria\/wp-json\/wp\/v2\/comments?post=98760"}],"version-history":[{"count":2,"href":"https:\/\/elregionalvm.com.ar\/noticias-villa-maria\/wp-json\/wp\/v2\/posts\/98760\/revisions"}],"predecessor-version":[{"id":98805,"href":"https:\/\/elregionalvm.com.ar\/noticias-villa-maria\/wp-json\/wp\/v2\/posts\/98760\/revisions\/98805"}],"wp:featuredmedia":[{"embeddable":true,"href":"https:\/\/elregionalvm.com.ar\/noticias-villa-maria\/wp-json\/wp\/v2\/media\/98763"}],"wp:attachment":[{"href":"https:\/\/elregionalvm.com.ar\/noticias-villa-maria\/wp-json\/wp\/v2\/media?parent=98760"}],"wp:term":[{"taxonomy":"category","embeddable":true,"href":"https:\/\/elregionalvm.com.ar\/noticias-villa-maria\/wp-json\/wp\/v2\/categories?post=98760"},{"taxonomy":"post_tag","embeddable":true,"href":"https:\/\/elregionalvm.com.ar\/noticias-villa-maria\/wp-json\/wp\/v2\/tags?post=98760"}],"curies":[{"name":"wp","href":"https:\/\/api.w.org\/{rel}","templated":true}]}}