{"id":98849,"date":"2024-09-20T21:42:18","date_gmt":"2024-09-20T21:42:18","guid":{"rendered":"https:\/\/elregionalvm.com.ar\/noticias-villa-maria\/?p=98849"},"modified":"2024-09-20T21:42:20","modified_gmt":"2024-09-20T21:42:20","slug":"villa-maria-realizara-la-primera-edicion-de-la-semana-de-cafe","status":"publish","type":"post","link":"https:\/\/elregionalvm.com.ar\/noticias-villa-maria\/villa-maria-realizara-la-primera-edicion-de-la-semana-de-cafe\/","title":{"rendered":"Villa Mar\u00eda realizar\u00e1 la primera edici\u00f3n de la \u00abSemana de Caf\u00e9\u00bb"},"content":{"rendered":"\n<p>Desde el lunes 30 de septiembre hasta el domingo 6 de octubre se realizar\u00e1 la primera edici\u00f3n de la propuesta gastron\u00f3mica \u201cSemana del Caf\u00e9\u201d.<\/p>\n\n\n\n<p>La iniciativa fue presentada en el Caf\u00e9 Rucci por el secretario de Gobierno, Cultura y Relaciones Institucionales, Marcos Bovo y el presidente del Ente Deporte y Turismo, Alejandro Mana.<\/p>\n\n\n\n<figure class=\"wp-block-image size-large\"><img data-recalc-dims=\"1\" fetchpriority=\"high\" decoding=\"async\" width=\"1024\" height=\"682\" src=\"https:\/\/i0.wp.com\/elregionalvm.com.ar\/noticias-villa-maria\/wp-content\/uploads\/2024\/09\/WhatsApp-Image-2024-09-20-at-13.23.59.jpeg?resize=1024%2C682&#038;ssl=1\" alt=\"\" class=\"wp-image-98850\" srcset=\"https:\/\/i0.wp.com\/elregionalvm.com.ar\/noticias-villa-maria\/wp-content\/uploads\/2024\/09\/WhatsApp-Image-2024-09-20-at-13.23.59.jpeg?resize=1024%2C682&amp;ssl=1 1024w, https:\/\/i0.wp.com\/elregionalvm.com.ar\/noticias-villa-maria\/wp-content\/uploads\/2024\/09\/WhatsApp-Image-2024-09-20-at-13.23.59.jpeg?resize=300%2C200&amp;ssl=1 300w, https:\/\/i0.wp.com\/elregionalvm.com.ar\/noticias-villa-maria\/wp-content\/uploads\/2024\/09\/WhatsApp-Image-2024-09-20-at-13.23.59.jpeg?resize=768%2C512&amp;ssl=1 768w, https:\/\/i0.wp.com\/elregionalvm.com.ar\/noticias-villa-maria\/wp-content\/uploads\/2024\/09\/WhatsApp-Image-2024-09-20-at-13.23.59.jpeg?resize=1536%2C1023&amp;ssl=1 1536w, https:\/\/i0.wp.com\/elregionalvm.com.ar\/noticias-villa-maria\/wp-content\/uploads\/2024\/09\/WhatsApp-Image-2024-09-20-at-13.23.59.jpeg?w=1600&amp;ssl=1 1600w\" sizes=\"(max-width: 1000px) 100vw, 1000px\" \/><\/figure>\n\n\n\n<p>Cabe se\u00f1alar que la acci\u00f3n contempla descuentos, beneficios y promociones especiales en cafeter\u00edas de la ciudad y la intervenci\u00f3n de poetas que recitar\u00e1n y dar\u00e1n a conocer sus poemas.<\/p>\n\n\n\n<p>Al respecto, Marcos Bovo dijo: \u201ccelebramos el trabajo con el sector gastron\u00f3mico que nos permiten fortalecer las iniciativas y dinamizar la econom\u00eda local, garantizando producci\u00f3n y acceso a la cultura\u201d.<\/p>\n\n\n\n<p>Mientras que Alejandro Mana se\u00f1al\u00f3: \u201cesta propuesta integradora resalta la gastronom\u00eda y la producci\u00f3n, demostrando la calidad de los productos villamarienses\u201d.<\/p>\n\n\n\n<p>Acciones complementarias<\/p>\n\n\n\n<p>En el marco de la \u201cSemana del Caf\u00e9\u201d se llevar\u00e1n adelante capacitaciones, visitas guiadas y una bicicleteada.<\/p>\n\n\n\n<p>Cronograma<\/p>\n\n\n\n<p><em>Martes 1 de octubre &#8211; De 8 a 14 horas:<\/em> Curso de Barista en el Parador de la Villa (Terminal de \u00d3mnibus) a cargo de Juan Marcelo Gallardo (Docente de la Facultad de Turismo y Ambiente de la Universidad Provincial de C\u00f3rdoba).<\/p>\n\n\n\n<p><em>Jueves 3 de octubre \u2013 10 horas:<\/em> Visita Guiada a Caf\u00e9 Ruiz (Parque Industrial) para conocer la elaboraci\u00f3n de caf\u00e9 y todo su proceso. Adem\u00e1s habr\u00e1 un cierre de la recorrida con degustaci\u00f3n de caf\u00e9.<\/p>\n\n\n\n<p><em>S\u00e1bado 5 de octubre \u2013 15:30 horas:<\/em> Bicicleteada por cafeter\u00edas para conocer especialidades de caf\u00e9, historias y cierre con degustaciones en cada lugar.<\/p>\n\n\n\n<p>Es importante destacar que en el caso de las actividades complementarias, los interesados deben inscribirse previamente por las redes sociales de \u201cVilla Mar\u00eda Turismo\u201d.<\/p>\n\n\n\n<p>De la presentaci\u00f3n tambi\u00e9n participaron la subsecretar\u00eda de Cultura, Virginia reyneri; el director de Turismo, Dino Gagliese y representantes del sector gastron\u00f3mico local.<\/p>\n","protected":false},"excerpt":{"rendered":"<p>Desde el lunes 30 de septiembre hasta el domingo 6 de octubre se realizar\u00e1 la primera edici\u00f3n de la propuesta gastron\u00f3mica \u201cSemana del Caf\u00e9\u201d. La iniciativa fue presentada en el Caf\u00e9 Rucci por el secretario de Gobierno, Cultura y Relaciones Institucionales, Marcos Bovo y el presidente del Ente Deporte y Turismo, Alejandro Mana. Cabe se\u00f1alar [&hellip;]<\/p>\n","protected":false},"author":4,"featured_media":98851,"comment_status":"open","ping_status":"open","sticky":false,"template":"","format":"standard","meta":{"site-sidebar-layout":"default","site-content-layout":"","ast-site-content-layout":"default","site-content-style":"default","site-sidebar-style":"default","ast-global-header-display":"","ast-banner-title-visibility":"","ast-main-header-display":"","ast-hfb-above-header-display":"","ast-hfb-below-header-display":"","ast-hfb-mobile-header-display":"","site-post-title":"","ast-breadcrumbs-content":"","ast-featured-img":"","footer-sml-layout":"","ast-disable-related-posts":"","theme-transparent-header-meta":"","adv-header-id-meta":"","stick-header-meta":"","header-above-stick-meta":"","header-main-stick-meta":"","header-below-stick-meta":"","astra-migrate-meta-layouts":"set","ast-page-background-enabled":"default","ast-page-background-meta":{"desktop":{"background-color":"","background-image":"","background-repeat":"repeat","background-position":"center center","background-size":"auto","background-attachment":"scroll","background-type":"","background-media":"","overlay-type":"","overlay-color":"","overlay-opacity":"","overlay-gradient":""},"tablet":{"background-color":"","background-image":"","background-repeat":"repeat","background-position":"center center","background-size":"auto","background-attachment":"scroll","background-type":"","background-media":"","overlay-type":"","overlay-color":"","overlay-opacity":"","overlay-gradient":""},"mobile":{"background-color":"","background-image":"","background-repeat":"repeat","background-position":"center center","background-size":"auto","background-attachment":"scroll","background-type":"","background-media":"","overlay-type":"","overlay-color":"","overlay-opacity":"","overlay-gradient":""}},"ast-content-background-meta":{"desktop":{"background-color":"var(--ast-global-color-5)","background-image":"","background-repeat":"repeat","background-position":"center center","background-size":"auto","background-attachment":"scroll","background-type":"","background-media":"","overlay-type":"","overlay-color":"","overlay-opacity":"","overlay-gradient":""},"tablet":{"background-color":"var(--ast-global-color-5)","background-image":"","background-repeat":"repeat","background-position":"center center","background-size":"auto","background-attachment":"scroll","background-type":"","background-media":"","overlay-type":"","overlay-color":"","overlay-opacity":"","overlay-gradient":""},"mobile":{"background-color":"var(--ast-global-color-5)","background-image":"","background-repeat":"repeat","background-position":"center center","background-size":"auto","background-attachment":"scroll","background-type":"","background-media":"","overlay-type":"","overlay-color":"","overlay-opacity":"","overlay-gradient":""}},"_jetpack_memberships_contains_paid_content":false,"_joinchat":[],"footnotes":""},"categories":[2068,15302,5,2],"tags":[],"class_list":["post-98849","post","type-post","status-publish","format-standard","has-post-thumbnail","hentry","category-cultura-deporte","category-destacado","category-sociedad","category-villa-maria"],"yoast_head":"<!-- This site is optimized with the Yoast SEO plugin v26.8 - https:\/\/yoast.com\/product\/yoast-seo-wordpress\/ -->\n<title>Villa Mar\u00eda realizar\u00e1 la primera edici\u00f3n de la &quot;Semana de Caf\u00e9&quot; - El Regional<\/title>\n<meta name=\"robots\" content=\"index, follow, max-snippet:-1, max-image-preview:large, max-video-preview:-1\" \/>\n<link rel=\"canonical\" href=\"https:\/\/elregionalvm.com.ar\/noticias-villa-maria\/villa-maria-realizara-la-primera-edicion-de-la-semana-de-cafe\/\" \/>\n<meta property=\"og:locale\" content=\"es_ES\" \/>\n<meta property=\"og:type\" content=\"article\" \/>\n<meta property=\"og:title\" content=\"Villa Mar\u00eda realizar\u00e1 la primera edici\u00f3n de la &quot;Semana de Caf\u00e9&quot; - El Regional\" \/>\n<meta property=\"og:description\" content=\"Desde el lunes 30 de septiembre hasta el domingo 6 de octubre se realizar\u00e1 la primera edici\u00f3n de la propuesta gastron\u00f3mica \u201cSemana del Caf\u00e9\u201d. La iniciativa fue presentada en el Caf\u00e9 Rucci por el secretario de Gobierno, Cultura y Relaciones Institucionales, Marcos Bovo y el presidente del Ente Deporte y Turismo, Alejandro Mana. Cabe se\u00f1alar [&hellip;]\" \/>\n<meta property=\"og:url\" content=\"https:\/\/elregionalvm.com.ar\/noticias-villa-maria\/villa-maria-realizara-la-primera-edicion-de-la-semana-de-cafe\/\" \/>\n<meta property=\"og:site_name\" content=\"El Regional\" \/>\n<meta property=\"article:publisher\" content=\"https:\/\/www.facebook.com\/elregionalvm\" \/>\n<meta property=\"article:published_time\" content=\"2024-09-20T21:42:18+00:00\" \/>\n<meta property=\"article:modified_time\" content=\"2024-09-20T21:42:20+00:00\" \/>\n<meta property=\"og:image\" content=\"https:\/\/elregionalvm.com.ar\/noticias-villa-maria\/wp-content\/uploads\/2024\/09\/WhatsApp-Image-2024-09-20-at-13.23.58.jpeg\" \/>\n\t<meta property=\"og:image:width\" content=\"1600\" \/>\n\t<meta property=\"og:image:height\" content=\"1066\" \/>\n\t<meta property=\"og:image:type\" content=\"image\/jpeg\" \/>\n<meta name=\"author\" content=\"Contenidos El Regional\" \/>\n<meta name=\"twitter:card\" content=\"summary_large_image\" \/>\n<meta name=\"twitter:creator\" content=\"@elregionalvm1\" \/>\n<meta name=\"twitter:site\" content=\"@elregionalvm1\" \/>\n<meta name=\"twitter:label1\" content=\"Escrito por\" \/>\n\t<meta name=\"twitter:data1\" content=\"Contenidos El Regional\" \/>\n\t<meta name=\"twitter:label2\" content=\"Tiempo de lectura\" \/>\n\t<meta name=\"twitter:data2\" content=\"2 minutos\" \/>\n<script type=\"application\/ld+json\" class=\"yoast-schema-graph\">{\"@context\":\"https:\/\/schema.org\",\"@graph\":[{\"@type\":\"Article\",\"@id\":\"https:\/\/elregionalvm.com.ar\/noticias-villa-maria\/villa-maria-realizara-la-primera-edicion-de-la-semana-de-cafe\/#article\",\"isPartOf\":{\"@id\":\"https:\/\/elregionalvm.com.ar\/noticias-villa-maria\/villa-maria-realizara-la-primera-edicion-de-la-semana-de-cafe\/\"},\"author\":{\"name\":\"Contenidos El Regional\",\"@id\":\"http:\/\/elregionalvm.com.ar\/noticias-villa-maria\/#\/schema\/person\/a0fb9c422317faca23d50163151bc354\"},\"headline\":\"Villa Mar\u00eda realizar\u00e1 la primera edici\u00f3n de la \u00abSemana de Caf\u00e9\u00bb\",\"datePublished\":\"2024-09-20T21:42:18+00:00\",\"dateModified\":\"2024-09-20T21:42:20+00:00\",\"mainEntityOfPage\":{\"@id\":\"https:\/\/elregionalvm.com.ar\/noticias-villa-maria\/villa-maria-realizara-la-primera-edicion-de-la-semana-de-cafe\/\"},\"wordCount\":328,\"commentCount\":0,\"image\":{\"@id\":\"https:\/\/elregionalvm.com.ar\/noticias-villa-maria\/villa-maria-realizara-la-primera-edicion-de-la-semana-de-cafe\/#primaryimage\"},\"thumbnailUrl\":\"https:\/\/i0.wp.com\/elregionalvm.com.ar\/noticias-villa-maria\/wp-content\/uploads\/2024\/09\/WhatsApp-Image-2024-09-20-at-13.23.58.jpeg?fit=1600%2C1066&ssl=1\",\"articleSection\":[\"Cultura\",\"destacado\",\"Sociedad\",\"Villa Mar\u00eda\"],\"inLanguage\":\"es\",\"potentialAction\":[{\"@type\":\"CommentAction\",\"name\":\"Comment\",\"target\":[\"https:\/\/elregionalvm.com.ar\/noticias-villa-maria\/villa-maria-realizara-la-primera-edicion-de-la-semana-de-cafe\/#respond\"]}]},{\"@type\":\"WebPage\",\"@id\":\"https:\/\/elregionalvm.com.ar\/noticias-villa-maria\/villa-maria-realizara-la-primera-edicion-de-la-semana-de-cafe\/\",\"url\":\"https:\/\/elregionalvm.com.ar\/noticias-villa-maria\/villa-maria-realizara-la-primera-edicion-de-la-semana-de-cafe\/\",\"name\":\"Villa Mar\u00eda realizar\u00e1 la primera edici\u00f3n de la \\\"Semana de Caf\u00e9\\\" - El Regional\",\"isPartOf\":{\"@id\":\"http:\/\/elregionalvm.com.ar\/noticias-villa-maria\/#website\"},\"primaryImageOfPage\":{\"@id\":\"https:\/\/elregionalvm.com.ar\/noticias-villa-maria\/villa-maria-realizara-la-primera-edicion-de-la-semana-de-cafe\/#primaryimage\"},\"image\":{\"@id\":\"https:\/\/elregionalvm.com.ar\/noticias-villa-maria\/villa-maria-realizara-la-primera-edicion-de-la-semana-de-cafe\/#primaryimage\"},\"thumbnailUrl\":\"https:\/\/i0.wp.com\/elregionalvm.com.ar\/noticias-villa-maria\/wp-content\/uploads\/2024\/09\/WhatsApp-Image-2024-09-20-at-13.23.58.jpeg?fit=1600%2C1066&ssl=1\",\"datePublished\":\"2024-09-20T21:42:18+00:00\",\"dateModified\":\"2024-09-20T21:42:20+00:00\",\"author\":{\"@id\":\"http:\/\/elregionalvm.com.ar\/noticias-villa-maria\/#\/schema\/person\/a0fb9c422317faca23d50163151bc354\"},\"breadcrumb\":{\"@id\":\"https:\/\/elregionalvm.com.ar\/noticias-villa-maria\/villa-maria-realizara-la-primera-edicion-de-la-semana-de-cafe\/#breadcrumb\"},\"inLanguage\":\"es\",\"potentialAction\":[{\"@type\":\"ReadAction\",\"target\":[\"https:\/\/elregionalvm.com.ar\/noticias-villa-maria\/villa-maria-realizara-la-primera-edicion-de-la-semana-de-cafe\/\"]}]},{\"@type\":\"ImageObject\",\"inLanguage\":\"es\",\"@id\":\"https:\/\/elregionalvm.com.ar\/noticias-villa-maria\/villa-maria-realizara-la-primera-edicion-de-la-semana-de-cafe\/#primaryimage\",\"url\":\"https:\/\/i0.wp.com\/elregionalvm.com.ar\/noticias-villa-maria\/wp-content\/uploads\/2024\/09\/WhatsApp-Image-2024-09-20-at-13.23.58.jpeg?fit=1600%2C1066&ssl=1\",\"contentUrl\":\"https:\/\/i0.wp.com\/elregionalvm.com.ar\/noticias-villa-maria\/wp-content\/uploads\/2024\/09\/WhatsApp-Image-2024-09-20-at-13.23.58.jpeg?fit=1600%2C1066&ssl=1\",\"width\":1600,\"height\":1066},{\"@type\":\"BreadcrumbList\",\"@id\":\"https:\/\/elregionalvm.com.ar\/noticias-villa-maria\/villa-maria-realizara-la-primera-edicion-de-la-semana-de-cafe\/#breadcrumb\",\"itemListElement\":[{\"@type\":\"ListItem\",\"position\":1,\"name\":\"Portada\",\"item\":\"https:\/\/elregionalvm.com.ar\/noticias-villa-maria\/\"},{\"@type\":\"ListItem\",\"position\":2,\"name\":\"Villa Mar\u00eda realizar\u00e1 la primera edici\u00f3n de la \u00abSemana de Caf\u00e9\u00bb\"}]},{\"@type\":\"WebSite\",\"@id\":\"http:\/\/elregionalvm.com.ar\/noticias-villa-maria\/#website\",\"url\":\"http:\/\/elregionalvm.com.ar\/noticias-villa-maria\/\",\"name\":\"El Regional\",\"description\":\"Mucho m\u00e1s que informaci\u00f3n\",\"potentialAction\":[{\"@type\":\"SearchAction\",\"target\":{\"@type\":\"EntryPoint\",\"urlTemplate\":\"http:\/\/elregionalvm.com.ar\/noticias-villa-maria\/?s={search_term_string}\"},\"query-input\":{\"@type\":\"PropertyValueSpecification\",\"valueRequired\":true,\"valueName\":\"search_term_string\"}}],\"inLanguage\":\"es\"},{\"@type\":\"Person\",\"@id\":\"http:\/\/elregionalvm.com.ar\/noticias-villa-maria\/#\/schema\/person\/a0fb9c422317faca23d50163151bc354\",\"name\":\"Contenidos El Regional\",\"image\":{\"@type\":\"ImageObject\",\"inLanguage\":\"es\",\"@id\":\"http:\/\/elregionalvm.com.ar\/noticias-villa-maria\/#\/schema\/person\/image\/\",\"url\":\"https:\/\/secure.gravatar.com\/avatar\/265b27cb2209af7bb3a1318f03305787d7981a5cc6e6cd08fe5a4ecdf99d4b48?s=96&d=mm&r=g\",\"contentUrl\":\"https:\/\/secure.gravatar.com\/avatar\/265b27cb2209af7bb3a1318f03305787d7981a5cc6e6cd08fe5a4ecdf99d4b48?s=96&d=mm&r=g\",\"caption\":\"Contenidos El Regional\"},\"url\":\"https:\/\/elregionalvm.com.ar\/noticias-villa-maria\/author\/contenido\/\"}]}<\/script>\n<!-- \/ Yoast SEO plugin. -->","yoast_head_json":{"title":"Villa Mar\u00eda realizar\u00e1 la primera edici\u00f3n de la \"Semana de Caf\u00e9\" - El Regional","robots":{"index":"index","follow":"follow","max-snippet":"max-snippet:-1","max-image-preview":"max-image-preview:large","max-video-preview":"max-video-preview:-1"},"canonical":"https:\/\/elregionalvm.com.ar\/noticias-villa-maria\/villa-maria-realizara-la-primera-edicion-de-la-semana-de-cafe\/","og_locale":"es_ES","og_type":"article","og_title":"Villa Mar\u00eda realizar\u00e1 la primera edici\u00f3n de la \"Semana de Caf\u00e9\" - El Regional","og_description":"Desde el lunes 30 de septiembre hasta el domingo 6 de octubre se realizar\u00e1 la primera edici\u00f3n de la propuesta gastron\u00f3mica \u201cSemana del Caf\u00e9\u201d. La iniciativa fue presentada en el Caf\u00e9 Rucci por el secretario de Gobierno, Cultura y Relaciones Institucionales, Marcos Bovo y el presidente del Ente Deporte y Turismo, Alejandro Mana. Cabe se\u00f1alar [&hellip;]","og_url":"https:\/\/elregionalvm.com.ar\/noticias-villa-maria\/villa-maria-realizara-la-primera-edicion-de-la-semana-de-cafe\/","og_site_name":"El Regional","article_publisher":"https:\/\/www.facebook.com\/elregionalvm","article_published_time":"2024-09-20T21:42:18+00:00","article_modified_time":"2024-09-20T21:42:20+00:00","og_image":[{"width":1600,"height":1066,"url":"https:\/\/elregionalvm.com.ar\/noticias-villa-maria\/wp-content\/uploads\/2024\/09\/WhatsApp-Image-2024-09-20-at-13.23.58.jpeg","type":"image\/jpeg"}],"author":"Contenidos El Regional","twitter_card":"summary_large_image","twitter_creator":"@elregionalvm1","twitter_site":"@elregionalvm1","twitter_misc":{"Escrito por":"Contenidos El Regional","Tiempo de lectura":"2 minutos"},"schema":{"@context":"https:\/\/schema.org","@graph":[{"@type":"Article","@id":"https:\/\/elregionalvm.com.ar\/noticias-villa-maria\/villa-maria-realizara-la-primera-edicion-de-la-semana-de-cafe\/#article","isPartOf":{"@id":"https:\/\/elregionalvm.com.ar\/noticias-villa-maria\/villa-maria-realizara-la-primera-edicion-de-la-semana-de-cafe\/"},"author":{"name":"Contenidos El Regional","@id":"http:\/\/elregionalvm.com.ar\/noticias-villa-maria\/#\/schema\/person\/a0fb9c422317faca23d50163151bc354"},"headline":"Villa Mar\u00eda realizar\u00e1 la primera edici\u00f3n de la \u00abSemana de Caf\u00e9\u00bb","datePublished":"2024-09-20T21:42:18+00:00","dateModified":"2024-09-20T21:42:20+00:00","mainEntityOfPage":{"@id":"https:\/\/elregionalvm.com.ar\/noticias-villa-maria\/villa-maria-realizara-la-primera-edicion-de-la-semana-de-cafe\/"},"wordCount":328,"commentCount":0,"image":{"@id":"https:\/\/elregionalvm.com.ar\/noticias-villa-maria\/villa-maria-realizara-la-primera-edicion-de-la-semana-de-cafe\/#primaryimage"},"thumbnailUrl":"https:\/\/i0.wp.com\/elregionalvm.com.ar\/noticias-villa-maria\/wp-content\/uploads\/2024\/09\/WhatsApp-Image-2024-09-20-at-13.23.58.jpeg?fit=1600%2C1066&ssl=1","articleSection":["Cultura","destacado","Sociedad","Villa Mar\u00eda"],"inLanguage":"es","potentialAction":[{"@type":"CommentAction","name":"Comment","target":["https:\/\/elregionalvm.com.ar\/noticias-villa-maria\/villa-maria-realizara-la-primera-edicion-de-la-semana-de-cafe\/#respond"]}]},{"@type":"WebPage","@id":"https:\/\/elregionalvm.com.ar\/noticias-villa-maria\/villa-maria-realizara-la-primera-edicion-de-la-semana-de-cafe\/","url":"https:\/\/elregionalvm.com.ar\/noticias-villa-maria\/villa-maria-realizara-la-primera-edicion-de-la-semana-de-cafe\/","name":"Villa Mar\u00eda realizar\u00e1 la primera edici\u00f3n de la \"Semana de Caf\u00e9\" - El Regional","isPartOf":{"@id":"http:\/\/elregionalvm.com.ar\/noticias-villa-maria\/#website"},"primaryImageOfPage":{"@id":"https:\/\/elregionalvm.com.ar\/noticias-villa-maria\/villa-maria-realizara-la-primera-edicion-de-la-semana-de-cafe\/#primaryimage"},"image":{"@id":"https:\/\/elregionalvm.com.ar\/noticias-villa-maria\/villa-maria-realizara-la-primera-edicion-de-la-semana-de-cafe\/#primaryimage"},"thumbnailUrl":"https:\/\/i0.wp.com\/elregionalvm.com.ar\/noticias-villa-maria\/wp-content\/uploads\/2024\/09\/WhatsApp-Image-2024-09-20-at-13.23.58.jpeg?fit=1600%2C1066&ssl=1","datePublished":"2024-09-20T21:42:18+00:00","dateModified":"2024-09-20T21:42:20+00:00","author":{"@id":"http:\/\/elregionalvm.com.ar\/noticias-villa-maria\/#\/schema\/person\/a0fb9c422317faca23d50163151bc354"},"breadcrumb":{"@id":"https:\/\/elregionalvm.com.ar\/noticias-villa-maria\/villa-maria-realizara-la-primera-edicion-de-la-semana-de-cafe\/#breadcrumb"},"inLanguage":"es","potentialAction":[{"@type":"ReadAction","target":["https:\/\/elregionalvm.com.ar\/noticias-villa-maria\/villa-maria-realizara-la-primera-edicion-de-la-semana-de-cafe\/"]}]},{"@type":"ImageObject","inLanguage":"es","@id":"https:\/\/elregionalvm.com.ar\/noticias-villa-maria\/villa-maria-realizara-la-primera-edicion-de-la-semana-de-cafe\/#primaryimage","url":"https:\/\/i0.wp.com\/elregionalvm.com.ar\/noticias-villa-maria\/wp-content\/uploads\/2024\/09\/WhatsApp-Image-2024-09-20-at-13.23.58.jpeg?fit=1600%2C1066&ssl=1","contentUrl":"https:\/\/i0.wp.com\/elregionalvm.com.ar\/noticias-villa-maria\/wp-content\/uploads\/2024\/09\/WhatsApp-Image-2024-09-20-at-13.23.58.jpeg?fit=1600%2C1066&ssl=1","width":1600,"height":1066},{"@type":"BreadcrumbList","@id":"https:\/\/elregionalvm.com.ar\/noticias-villa-maria\/villa-maria-realizara-la-primera-edicion-de-la-semana-de-cafe\/#breadcrumb","itemListElement":[{"@type":"ListItem","position":1,"name":"Portada","item":"https:\/\/elregionalvm.com.ar\/noticias-villa-maria\/"},{"@type":"ListItem","position":2,"name":"Villa Mar\u00eda realizar\u00e1 la primera edici\u00f3n de la \u00abSemana de Caf\u00e9\u00bb"}]},{"@type":"WebSite","@id":"http:\/\/elregionalvm.com.ar\/noticias-villa-maria\/#website","url":"http:\/\/elregionalvm.com.ar\/noticias-villa-maria\/","name":"El Regional","description":"Mucho m\u00e1s que informaci\u00f3n","potentialAction":[{"@type":"SearchAction","target":{"@type":"EntryPoint","urlTemplate":"http:\/\/elregionalvm.com.ar\/noticias-villa-maria\/?s={search_term_string}"},"query-input":{"@type":"PropertyValueSpecification","valueRequired":true,"valueName":"search_term_string"}}],"inLanguage":"es"},{"@type":"Person","@id":"http:\/\/elregionalvm.com.ar\/noticias-villa-maria\/#\/schema\/person\/a0fb9c422317faca23d50163151bc354","name":"Contenidos El Regional","image":{"@type":"ImageObject","inLanguage":"es","@id":"http:\/\/elregionalvm.com.ar\/noticias-villa-maria\/#\/schema\/person\/image\/","url":"https:\/\/secure.gravatar.com\/avatar\/265b27cb2209af7bb3a1318f03305787d7981a5cc6e6cd08fe5a4ecdf99d4b48?s=96&d=mm&r=g","contentUrl":"https:\/\/secure.gravatar.com\/avatar\/265b27cb2209af7bb3a1318f03305787d7981a5cc6e6cd08fe5a4ecdf99d4b48?s=96&d=mm&r=g","caption":"Contenidos El Regional"},"url":"https:\/\/elregionalvm.com.ar\/noticias-villa-maria\/author\/contenido\/"}]}},"jetpack_featured_media_url":"https:\/\/i0.wp.com\/elregionalvm.com.ar\/noticias-villa-maria\/wp-content\/uploads\/2024\/09\/WhatsApp-Image-2024-09-20-at-13.23.58.jpeg?fit=1600%2C1066&ssl=1","jetpack_sharing_enabled":true,"_links":{"self":[{"href":"https:\/\/elregionalvm.com.ar\/noticias-villa-maria\/wp-json\/wp\/v2\/posts\/98849","targetHints":{"allow":["GET"]}}],"collection":[{"href":"https:\/\/elregionalvm.com.ar\/noticias-villa-maria\/wp-json\/wp\/v2\/posts"}],"about":[{"href":"https:\/\/elregionalvm.com.ar\/noticias-villa-maria\/wp-json\/wp\/v2\/types\/post"}],"author":[{"embeddable":true,"href":"https:\/\/elregionalvm.com.ar\/noticias-villa-maria\/wp-json\/wp\/v2\/users\/4"}],"replies":[{"embeddable":true,"href":"https:\/\/elregionalvm.com.ar\/noticias-villa-maria\/wp-json\/wp\/v2\/comments?post=98849"}],"version-history":[{"count":1,"href":"https:\/\/elregionalvm.com.ar\/noticias-villa-maria\/wp-json\/wp\/v2\/posts\/98849\/revisions"}],"predecessor-version":[{"id":98852,"href":"https:\/\/elregionalvm.com.ar\/noticias-villa-maria\/wp-json\/wp\/v2\/posts\/98849\/revisions\/98852"}],"wp:featuredmedia":[{"embeddable":true,"href":"https:\/\/elregionalvm.com.ar\/noticias-villa-maria\/wp-json\/wp\/v2\/media\/98851"}],"wp:attachment":[{"href":"https:\/\/elregionalvm.com.ar\/noticias-villa-maria\/wp-json\/wp\/v2\/media?parent=98849"}],"wp:term":[{"taxonomy":"category","embeddable":true,"href":"https:\/\/elregionalvm.com.ar\/noticias-villa-maria\/wp-json\/wp\/v2\/categories?post=98849"},{"taxonomy":"post_tag","embeddable":true,"href":"https:\/\/elregionalvm.com.ar\/noticias-villa-maria\/wp-json\/wp\/v2\/tags?post=98849"}],"curies":[{"name":"wp","href":"https:\/\/api.w.org\/{rel}","templated":true}]}}