{"id":98853,"date":"2024-09-20T21:45:14","date_gmt":"2024-09-20T21:45:14","guid":{"rendered":"https:\/\/elregionalvm.com.ar\/noticias-villa-maria\/?p=98853"},"modified":"2024-09-22T17:13:30","modified_gmt":"2024-09-22T17:13:30","slug":"capilla-del-monte-sigue-el-combate-contra-el-fuego-por-segundo-dia-consecutivo","status":"publish","type":"post","link":"https:\/\/elregionalvm.com.ar\/noticias-villa-maria\/capilla-del-monte-sigue-el-combate-contra-el-fuego-por-segundo-dia-consecutivo\/","title":{"rendered":"Capilla del Monte: sigue el combate contra el fuego por segundo d\u00eda consecutivo"},"content":{"rendered":"\n<ul class=\"wp-block-list\">\n<li><strong>El trabajo de los bomberos es incesante ante condiciones meteorol\u00f3gicas adversas y fuertes vientos.<\/strong><\/li>\n\n\n\n<li><strong>La Provincia, a trav\u00e9s del Ministerio de Salud, dispuso un hospital m\u00f3vil para dar soporte y atenci\u00f3n sanitaria.<\/strong><\/li>\n\n\n\n<li><strong>Hay evacuados y se busca que el fuego no avance sobre m\u00e1s viviendas.<\/strong><\/li>\n<\/ul>\n\n\n\n<p>La Secretar\u00eda de Gesti\u00f3n de Riesgo Clim\u00e1tico, Cat\u00e1strofes y Protecci\u00f3n Civil actualiz\u00f3 la informaci\u00f3n respecto al incendio de Capilla del Monte, el cual se mantiene activo.<\/p>\n\n\n\n<p>M\u00e1s de 200 bomberos contin\u00faan trabajando con el apoyo de aviones hidrantes. Hasta el momento se han registrado unos 50 evacuados y dos viviendas alcanzadas por las llamas.<\/p>\n\n\n\n<p>La ruta 38, que fue cortada al tr\u00e1nsito vehicular de forma preventiva ayer jueves, ya se encuentra habilitada y la circulaci\u00f3n es normal.<\/p>\n\n\n\n<p>Al mismo tiempo, se mantiene activo otro foco de incendio en Chancan\u00ed, pr\u00f3ximo al sector de los t\u00faneles.<\/p>\n\n\n\n<h3 class=\"wp-block-heading\">La Provincia traslad\u00f3 a Capilla del Monte el hospital m\u00f3vil de atenci\u00f3n sanitaria<\/h3>\n\n\n\n<p>Como parte de las estrategias del Plan Provincial de Manejo del Fuego, a trav\u00e9s de un acuerdo entre el Ministerio de Salud y la empresa Vittal Emergencias y Urgencias, el hospital m\u00f3vil busca dar soporte y atenci\u00f3n sanitaria en los operativos que combaten los focos de incendio.<\/p>\n\n\n\n<p>Esta unidad ya funcion\u00f3 en el incendio ocurrido a la vera de la autopista C\u00f3rdoba \u2013 Carlos Paz, apostada en el peaje de Malague\u00f1o; y tambi\u00e9n form\u00f3 parte del operativo realizado en La Calera.<\/p>\n\n\n\n<p>La activaci\u00f3n de este dispositivo m\u00f3vil se realiza a trav\u00e9s de Defensa Civil de la provincia, en articulaci\u00f3n directa con el Ministerio de Salud, quienes se encargan de definir la participaci\u00f3n y ubicaci\u00f3n del mismo junto a personal de Bomberos y Polic\u00eda de C\u00f3rdoba.<\/p>\n\n\n\n<p>El hospital m\u00f3vil est\u00e1 preparado para dar respuesta las 24 horas a miembros de ETAC, Polic\u00edas, Bomberos y Defensa Civil que participan de los operativos, y tambi\u00e9n brinda atenci\u00f3n a personas que viven alrededor de la situaci\u00f3n cr\u00edtica de incendio y requieran atenci\u00f3n m\u00e9dica.<\/p>\n\n\n\n<p>Por su parte, Roberto Schreiner, vocero de la Secretar\u00eda de Gesti\u00f3n de Riesgo Clim\u00e1tico, Cat\u00e1strofes y Protecci\u00f3n Civil explic\u00f3 que&nbsp;<em>\u201cestamos tranquilos porque tenemos el hospital m\u00f3vil en el caso de que se llegue a descompensar alg\u00fan bombero, pero est\u00e1n todos bien, no ha habido ning\u00fan problema hasta ahora\u201d.<\/em><\/p>\n\n\n\n<h3 class=\"wp-block-heading\">Sobre el Hospital M\u00f3vil<\/h3>\n\n\n\n<p>El dispositivo cuenta con una sala de terapia intensiva y un Shock Room, equipada con un respirador, un cardiodesfibrilador para maniobras de RCP, un equipo para electrocardiogramas y monitores. Adem\u00e1s, cuenta con dos tubos centrales de ox\u00edgeno y medicaci\u00f3n en caso de ser necesaria.<\/p>\n\n\n\n<figure class=\"wp-block-image size-full\"><img data-recalc-dims=\"1\" fetchpriority=\"high\" decoding=\"async\" width=\"993\" height=\"662\" src=\"https:\/\/i0.wp.com\/elregionalvm.com.ar\/noticias-villa-maria\/wp-content\/uploads\/2024\/09\/WhatsApp-Image-2024-09-20-at-09.43.56.jpeg?resize=993%2C662&#038;ssl=1\" alt=\"\" class=\"wp-image-98854\" srcset=\"https:\/\/i0.wp.com\/elregionalvm.com.ar\/noticias-villa-maria\/wp-content\/uploads\/2024\/09\/WhatsApp-Image-2024-09-20-at-09.43.56.jpeg?w=993&amp;ssl=1 993w, https:\/\/i0.wp.com\/elregionalvm.com.ar\/noticias-villa-maria\/wp-content\/uploads\/2024\/09\/WhatsApp-Image-2024-09-20-at-09.43.56.jpeg?resize=300%2C200&amp;ssl=1 300w, https:\/\/i0.wp.com\/elregionalvm.com.ar\/noticias-villa-maria\/wp-content\/uploads\/2024\/09\/WhatsApp-Image-2024-09-20-at-09.43.56.jpeg?resize=768%2C512&amp;ssl=1 768w\" sizes=\"(max-width: 993px) 100vw, 993px\" \/><\/figure>\n\n\n\n<p>Tambi\u00e9n dispone de una sala de primeros auxilios, equipada con aparatolog\u00eda de contenci\u00f3n y oxigeno terapia; y una sala de usos m\u00faltiples, con un Tablero de Telemedicina Multidiagn\u00f3stico, que permite extender el alcance de la atenci\u00f3n sanitaria mediante una plataforma de telemedicina.<\/p>\n\n\n\n<p>Este equipamiento permite realizar chequeos de manera inmediata y de ser necesario, habilita la comunicaci\u00f3n con un profesional especializado de manera remota.<\/p>\n\n\n\n<p>Vale mencionar que el hospital m\u00f3vil incorpora una rampa hidr\u00e1ulica con acceso directo a la sala de Shock Room, que permite el descenso de la persona en camilla directo a una ambulancia.<\/p>\n\n\n\n<p>Adem\u00e1s, dispone de dos puestos sanitarios, uno para el uso del personal y otro para personas con discapacidad; y una sala de descanso para el personal de guardia.<\/p>\n\n\n\n<p>Este dispositivo de primera respuesta, est\u00e1 integrado por un m\u00e9dico y dos enfermeros, que puede variar de acuerdo a la demanda del operativo; y trabaja de manera conjunta con una ambulancia, la cual dispone de otro profesional m\u00e9dico y un param\u00e9dico, encargados de una primera asistencia en el lugar y el traslada al hospital m\u00f3vil.<\/p>\n\n\n\n<p>En este sentido, tambi\u00e9n se trabaja de manera coordinada con Derivaci\u00f3n de Pacientes de la cartera sanitaria, en aquellos casos que la persona requiera internaci\u00f3n o demande una mayor complejidad, con el traslado a los hospitales provinciales m\u00e1s pr\u00f3ximos o el Instituto del Quemado.<\/p>\n\n\n\n<p>En ambos casos, tambi\u00e9n se da participaci\u00f3n a Polic\u00eda Caminera, para darle agilidad a los traslados en ruta.<\/p>\n","protected":false},"excerpt":{"rendered":"<p>La Secretar\u00eda de Gesti\u00f3n de Riesgo Clim\u00e1tico, Cat\u00e1strofes y Protecci\u00f3n Civil actualiz\u00f3 la informaci\u00f3n respecto al incendio de Capilla del Monte, el cual se mantiene activo. M\u00e1s de 200 bomberos contin\u00faan trabajando con el apoyo de aviones hidrantes. Hasta el momento se han registrado unos 50 evacuados y dos viviendas alcanzadas por las llamas. La [&hellip;]<\/p>\n","protected":false},"author":4,"featured_media":98855,"comment_status":"open","ping_status":"open","sticky":false,"template":"","format":"standard","meta":{"site-sidebar-layout":"default","site-content-layout":"","ast-site-content-layout":"default","site-content-style":"default","site-sidebar-style":"default","ast-global-header-display":"","ast-banner-title-visibility":"","ast-main-header-display":"","ast-hfb-above-header-display":"","ast-hfb-below-header-display":"","ast-hfb-mobile-header-display":"","site-post-title":"","ast-breadcrumbs-content":"","ast-featured-img":"","footer-sml-layout":"","ast-disable-related-posts":"","theme-transparent-header-meta":"","adv-header-id-meta":"","stick-header-meta":"","header-above-stick-meta":"","header-main-stick-meta":"","header-below-stick-meta":"","astra-migrate-meta-layouts":"set","ast-page-background-enabled":"default","ast-page-background-meta":{"desktop":{"background-color":"","background-image":"","background-repeat":"repeat","background-position":"center center","background-size":"auto","background-attachment":"scroll","background-type":"","background-media":"","overlay-type":"","overlay-color":"","overlay-opacity":"","overlay-gradient":""},"tablet":{"background-color":"","background-image":"","background-repeat":"repeat","background-position":"center center","background-size":"auto","background-attachment":"scroll","background-type":"","background-media":"","overlay-type":"","overlay-color":"","overlay-opacity":"","overlay-gradient":""},"mobile":{"background-color":"","background-image":"","background-repeat":"repeat","background-position":"center center","background-size":"auto","background-attachment":"scroll","background-type":"","background-media":"","overlay-type":"","overlay-color":"","overlay-opacity":"","overlay-gradient":""}},"ast-content-background-meta":{"desktop":{"background-color":"var(--ast-global-color-5)","background-image":"","background-repeat":"repeat","background-position":"center center","background-size":"auto","background-attachment":"scroll","background-type":"","background-media":"","overlay-type":"","overlay-color":"","overlay-opacity":"","overlay-gradient":""},"tablet":{"background-color":"var(--ast-global-color-5)","background-image":"","background-repeat":"repeat","background-position":"center center","background-size":"auto","background-attachment":"scroll","background-type":"","background-media":"","overlay-type":"","overlay-color":"","overlay-opacity":"","overlay-gradient":""},"mobile":{"background-color":"var(--ast-global-color-5)","background-image":"","background-repeat":"repeat","background-position":"center center","background-size":"auto","background-attachment":"scroll","background-type":"","background-media":"","overlay-type":"","overlay-color":"","overlay-opacity":"","overlay-gradient":""}},"_jetpack_memberships_contains_paid_content":false,"_joinchat":[],"footnotes":""},"categories":[16095,5],"tags":[],"class_list":["post-98853","post","type-post","status-publish","format-standard","has-post-thumbnail","hentry","category-provinciales","category-sociedad"],"yoast_head":"<!-- This site is optimized with the Yoast SEO plugin v26.8 - https:\/\/yoast.com\/product\/yoast-seo-wordpress\/ -->\n<title>Capilla del Monte: sigue el combate contra el fuego por segundo d\u00eda consecutivo - El Regional<\/title>\n<meta name=\"robots\" content=\"index, follow, max-snippet:-1, max-image-preview:large, max-video-preview:-1\" \/>\n<link rel=\"canonical\" href=\"https:\/\/elregionalvm.com.ar\/noticias-villa-maria\/capilla-del-monte-sigue-el-combate-contra-el-fuego-por-segundo-dia-consecutivo\/\" \/>\n<meta property=\"og:locale\" content=\"es_ES\" \/>\n<meta property=\"og:type\" content=\"article\" \/>\n<meta property=\"og:title\" content=\"Capilla del Monte: sigue el combate contra el fuego por segundo d\u00eda consecutivo - El Regional\" \/>\n<meta property=\"og:description\" content=\"La Secretar\u00eda de Gesti\u00f3n de Riesgo Clim\u00e1tico, Cat\u00e1strofes y Protecci\u00f3n Civil actualiz\u00f3 la informaci\u00f3n respecto al incendio de Capilla del Monte, el cual se mantiene activo. M\u00e1s de 200 bomberos contin\u00faan trabajando con el apoyo de aviones hidrantes. Hasta el momento se han registrado unos 50 evacuados y dos viviendas alcanzadas por las llamas. La [&hellip;]\" \/>\n<meta property=\"og:url\" content=\"https:\/\/elregionalvm.com.ar\/noticias-villa-maria\/capilla-del-monte-sigue-el-combate-contra-el-fuego-por-segundo-dia-consecutivo\/\" \/>\n<meta property=\"og:site_name\" content=\"El Regional\" \/>\n<meta property=\"article:publisher\" content=\"https:\/\/www.facebook.com\/elregionalvm\" \/>\n<meta property=\"article:published_time\" content=\"2024-09-20T21:45:14+00:00\" \/>\n<meta property=\"article:modified_time\" content=\"2024-09-22T17:13:30+00:00\" \/>\n<meta property=\"og:image\" content=\"https:\/\/elregionalvm.com.ar\/noticias-villa-maria\/wp-content\/uploads\/2024\/09\/incendios-5-1.jpg\" \/>\n\t<meta property=\"og:image:width\" content=\"990\" \/>\n\t<meta property=\"og:image:height\" content=\"660\" \/>\n\t<meta property=\"og:image:type\" content=\"image\/jpeg\" \/>\n<meta name=\"author\" content=\"Contenidos El Regional\" \/>\n<meta name=\"twitter:card\" content=\"summary_large_image\" \/>\n<meta name=\"twitter:creator\" content=\"@elregionalvm1\" \/>\n<meta name=\"twitter:site\" content=\"@elregionalvm1\" \/>\n<meta name=\"twitter:label1\" content=\"Escrito por\" \/>\n\t<meta name=\"twitter:data1\" content=\"Contenidos El Regional\" \/>\n\t<meta name=\"twitter:label2\" content=\"Tiempo de lectura\" \/>\n\t<meta name=\"twitter:data2\" content=\"4 minutos\" \/>\n<script type=\"application\/ld+json\" class=\"yoast-schema-graph\">{\"@context\":\"https:\/\/schema.org\",\"@graph\":[{\"@type\":\"Article\",\"@id\":\"https:\/\/elregionalvm.com.ar\/noticias-villa-maria\/capilla-del-monte-sigue-el-combate-contra-el-fuego-por-segundo-dia-consecutivo\/#article\",\"isPartOf\":{\"@id\":\"https:\/\/elregionalvm.com.ar\/noticias-villa-maria\/capilla-del-monte-sigue-el-combate-contra-el-fuego-por-segundo-dia-consecutivo\/\"},\"author\":{\"name\":\"Contenidos El Regional\",\"@id\":\"http:\/\/elregionalvm.com.ar\/noticias-villa-maria\/#\/schema\/person\/a0fb9c422317faca23d50163151bc354\"},\"headline\":\"Capilla del Monte: sigue el combate contra el fuego por segundo d\u00eda consecutivo\",\"datePublished\":\"2024-09-20T21:45:14+00:00\",\"dateModified\":\"2024-09-22T17:13:30+00:00\",\"mainEntityOfPage\":{\"@id\":\"https:\/\/elregionalvm.com.ar\/noticias-villa-maria\/capilla-del-monte-sigue-el-combate-contra-el-fuego-por-segundo-dia-consecutivo\/\"},\"wordCount\":746,\"commentCount\":0,\"image\":{\"@id\":\"https:\/\/elregionalvm.com.ar\/noticias-villa-maria\/capilla-del-monte-sigue-el-combate-contra-el-fuego-por-segundo-dia-consecutivo\/#primaryimage\"},\"thumbnailUrl\":\"https:\/\/i0.wp.com\/elregionalvm.com.ar\/noticias-villa-maria\/wp-content\/uploads\/2024\/09\/incendios-5-1.jpg?fit=990%2C660&ssl=1\",\"articleSection\":[\"Provinciales\",\"Sociedad\"],\"inLanguage\":\"es\",\"potentialAction\":[{\"@type\":\"CommentAction\",\"name\":\"Comment\",\"target\":[\"https:\/\/elregionalvm.com.ar\/noticias-villa-maria\/capilla-del-monte-sigue-el-combate-contra-el-fuego-por-segundo-dia-consecutivo\/#respond\"]}]},{\"@type\":\"WebPage\",\"@id\":\"https:\/\/elregionalvm.com.ar\/noticias-villa-maria\/capilla-del-monte-sigue-el-combate-contra-el-fuego-por-segundo-dia-consecutivo\/\",\"url\":\"https:\/\/elregionalvm.com.ar\/noticias-villa-maria\/capilla-del-monte-sigue-el-combate-contra-el-fuego-por-segundo-dia-consecutivo\/\",\"name\":\"Capilla del Monte: sigue el combate contra el fuego por segundo d\u00eda consecutivo - El Regional\",\"isPartOf\":{\"@id\":\"http:\/\/elregionalvm.com.ar\/noticias-villa-maria\/#website\"},\"primaryImageOfPage\":{\"@id\":\"https:\/\/elregionalvm.com.ar\/noticias-villa-maria\/capilla-del-monte-sigue-el-combate-contra-el-fuego-por-segundo-dia-consecutivo\/#primaryimage\"},\"image\":{\"@id\":\"https:\/\/elregionalvm.com.ar\/noticias-villa-maria\/capilla-del-monte-sigue-el-combate-contra-el-fuego-por-segundo-dia-consecutivo\/#primaryimage\"},\"thumbnailUrl\":\"https:\/\/i0.wp.com\/elregionalvm.com.ar\/noticias-villa-maria\/wp-content\/uploads\/2024\/09\/incendios-5-1.jpg?fit=990%2C660&ssl=1\",\"datePublished\":\"2024-09-20T21:45:14+00:00\",\"dateModified\":\"2024-09-22T17:13:30+00:00\",\"author\":{\"@id\":\"http:\/\/elregionalvm.com.ar\/noticias-villa-maria\/#\/schema\/person\/a0fb9c422317faca23d50163151bc354\"},\"breadcrumb\":{\"@id\":\"https:\/\/elregionalvm.com.ar\/noticias-villa-maria\/capilla-del-monte-sigue-el-combate-contra-el-fuego-por-segundo-dia-consecutivo\/#breadcrumb\"},\"inLanguage\":\"es\",\"potentialAction\":[{\"@type\":\"ReadAction\",\"target\":[\"https:\/\/elregionalvm.com.ar\/noticias-villa-maria\/capilla-del-monte-sigue-el-combate-contra-el-fuego-por-segundo-dia-consecutivo\/\"]}]},{\"@type\":\"ImageObject\",\"inLanguage\":\"es\",\"@id\":\"https:\/\/elregionalvm.com.ar\/noticias-villa-maria\/capilla-del-monte-sigue-el-combate-contra-el-fuego-por-segundo-dia-consecutivo\/#primaryimage\",\"url\":\"https:\/\/i0.wp.com\/elregionalvm.com.ar\/noticias-villa-maria\/wp-content\/uploads\/2024\/09\/incendios-5-1.jpg?fit=990%2C660&ssl=1\",\"contentUrl\":\"https:\/\/i0.wp.com\/elregionalvm.com.ar\/noticias-villa-maria\/wp-content\/uploads\/2024\/09\/incendios-5-1.jpg?fit=990%2C660&ssl=1\",\"width\":990,\"height\":660},{\"@type\":\"BreadcrumbList\",\"@id\":\"https:\/\/elregionalvm.com.ar\/noticias-villa-maria\/capilla-del-monte-sigue-el-combate-contra-el-fuego-por-segundo-dia-consecutivo\/#breadcrumb\",\"itemListElement\":[{\"@type\":\"ListItem\",\"position\":1,\"name\":\"Portada\",\"item\":\"https:\/\/elregionalvm.com.ar\/noticias-villa-maria\/\"},{\"@type\":\"ListItem\",\"position\":2,\"name\":\"Capilla del Monte: sigue el combate contra el fuego por segundo d\u00eda consecutivo\"}]},{\"@type\":\"WebSite\",\"@id\":\"http:\/\/elregionalvm.com.ar\/noticias-villa-maria\/#website\",\"url\":\"http:\/\/elregionalvm.com.ar\/noticias-villa-maria\/\",\"name\":\"El Regional\",\"description\":\"Mucho m\u00e1s que informaci\u00f3n\",\"potentialAction\":[{\"@type\":\"SearchAction\",\"target\":{\"@type\":\"EntryPoint\",\"urlTemplate\":\"http:\/\/elregionalvm.com.ar\/noticias-villa-maria\/?s={search_term_string}\"},\"query-input\":{\"@type\":\"PropertyValueSpecification\",\"valueRequired\":true,\"valueName\":\"search_term_string\"}}],\"inLanguage\":\"es\"},{\"@type\":\"Person\",\"@id\":\"http:\/\/elregionalvm.com.ar\/noticias-villa-maria\/#\/schema\/person\/a0fb9c422317faca23d50163151bc354\",\"name\":\"Contenidos El Regional\",\"image\":{\"@type\":\"ImageObject\",\"inLanguage\":\"es\",\"@id\":\"http:\/\/elregionalvm.com.ar\/noticias-villa-maria\/#\/schema\/person\/image\/\",\"url\":\"https:\/\/secure.gravatar.com\/avatar\/265b27cb2209af7bb3a1318f03305787d7981a5cc6e6cd08fe5a4ecdf99d4b48?s=96&d=mm&r=g\",\"contentUrl\":\"https:\/\/secure.gravatar.com\/avatar\/265b27cb2209af7bb3a1318f03305787d7981a5cc6e6cd08fe5a4ecdf99d4b48?s=96&d=mm&r=g\",\"caption\":\"Contenidos El Regional\"},\"url\":\"https:\/\/elregionalvm.com.ar\/noticias-villa-maria\/author\/contenido\/\"}]}<\/script>\n<!-- \/ Yoast SEO plugin. -->","yoast_head_json":{"title":"Capilla del Monte: sigue el combate contra el fuego por segundo d\u00eda consecutivo - El Regional","robots":{"index":"index","follow":"follow","max-snippet":"max-snippet:-1","max-image-preview":"max-image-preview:large","max-video-preview":"max-video-preview:-1"},"canonical":"https:\/\/elregionalvm.com.ar\/noticias-villa-maria\/capilla-del-monte-sigue-el-combate-contra-el-fuego-por-segundo-dia-consecutivo\/","og_locale":"es_ES","og_type":"article","og_title":"Capilla del Monte: sigue el combate contra el fuego por segundo d\u00eda consecutivo - El Regional","og_description":"La Secretar\u00eda de Gesti\u00f3n de Riesgo Clim\u00e1tico, Cat\u00e1strofes y Protecci\u00f3n Civil actualiz\u00f3 la informaci\u00f3n respecto al incendio de Capilla del Monte, el cual se mantiene activo. M\u00e1s de 200 bomberos contin\u00faan trabajando con el apoyo de aviones hidrantes. Hasta el momento se han registrado unos 50 evacuados y dos viviendas alcanzadas por las llamas. La [&hellip;]","og_url":"https:\/\/elregionalvm.com.ar\/noticias-villa-maria\/capilla-del-monte-sigue-el-combate-contra-el-fuego-por-segundo-dia-consecutivo\/","og_site_name":"El Regional","article_publisher":"https:\/\/www.facebook.com\/elregionalvm","article_published_time":"2024-09-20T21:45:14+00:00","article_modified_time":"2024-09-22T17:13:30+00:00","og_image":[{"width":990,"height":660,"url":"https:\/\/elregionalvm.com.ar\/noticias-villa-maria\/wp-content\/uploads\/2024\/09\/incendios-5-1.jpg","type":"image\/jpeg"}],"author":"Contenidos El Regional","twitter_card":"summary_large_image","twitter_creator":"@elregionalvm1","twitter_site":"@elregionalvm1","twitter_misc":{"Escrito por":"Contenidos El Regional","Tiempo de lectura":"4 minutos"},"schema":{"@context":"https:\/\/schema.org","@graph":[{"@type":"Article","@id":"https:\/\/elregionalvm.com.ar\/noticias-villa-maria\/capilla-del-monte-sigue-el-combate-contra-el-fuego-por-segundo-dia-consecutivo\/#article","isPartOf":{"@id":"https:\/\/elregionalvm.com.ar\/noticias-villa-maria\/capilla-del-monte-sigue-el-combate-contra-el-fuego-por-segundo-dia-consecutivo\/"},"author":{"name":"Contenidos El Regional","@id":"http:\/\/elregionalvm.com.ar\/noticias-villa-maria\/#\/schema\/person\/a0fb9c422317faca23d50163151bc354"},"headline":"Capilla del Monte: sigue el combate contra el fuego por segundo d\u00eda consecutivo","datePublished":"2024-09-20T21:45:14+00:00","dateModified":"2024-09-22T17:13:30+00:00","mainEntityOfPage":{"@id":"https:\/\/elregionalvm.com.ar\/noticias-villa-maria\/capilla-del-monte-sigue-el-combate-contra-el-fuego-por-segundo-dia-consecutivo\/"},"wordCount":746,"commentCount":0,"image":{"@id":"https:\/\/elregionalvm.com.ar\/noticias-villa-maria\/capilla-del-monte-sigue-el-combate-contra-el-fuego-por-segundo-dia-consecutivo\/#primaryimage"},"thumbnailUrl":"https:\/\/i0.wp.com\/elregionalvm.com.ar\/noticias-villa-maria\/wp-content\/uploads\/2024\/09\/incendios-5-1.jpg?fit=990%2C660&ssl=1","articleSection":["Provinciales","Sociedad"],"inLanguage":"es","potentialAction":[{"@type":"CommentAction","name":"Comment","target":["https:\/\/elregionalvm.com.ar\/noticias-villa-maria\/capilla-del-monte-sigue-el-combate-contra-el-fuego-por-segundo-dia-consecutivo\/#respond"]}]},{"@type":"WebPage","@id":"https:\/\/elregionalvm.com.ar\/noticias-villa-maria\/capilla-del-monte-sigue-el-combate-contra-el-fuego-por-segundo-dia-consecutivo\/","url":"https:\/\/elregionalvm.com.ar\/noticias-villa-maria\/capilla-del-monte-sigue-el-combate-contra-el-fuego-por-segundo-dia-consecutivo\/","name":"Capilla del Monte: sigue el combate contra el fuego por segundo d\u00eda consecutivo - El Regional","isPartOf":{"@id":"http:\/\/elregionalvm.com.ar\/noticias-villa-maria\/#website"},"primaryImageOfPage":{"@id":"https:\/\/elregionalvm.com.ar\/noticias-villa-maria\/capilla-del-monte-sigue-el-combate-contra-el-fuego-por-segundo-dia-consecutivo\/#primaryimage"},"image":{"@id":"https:\/\/elregionalvm.com.ar\/noticias-villa-maria\/capilla-del-monte-sigue-el-combate-contra-el-fuego-por-segundo-dia-consecutivo\/#primaryimage"},"thumbnailUrl":"https:\/\/i0.wp.com\/elregionalvm.com.ar\/noticias-villa-maria\/wp-content\/uploads\/2024\/09\/incendios-5-1.jpg?fit=990%2C660&ssl=1","datePublished":"2024-09-20T21:45:14+00:00","dateModified":"2024-09-22T17:13:30+00:00","author":{"@id":"http:\/\/elregionalvm.com.ar\/noticias-villa-maria\/#\/schema\/person\/a0fb9c422317faca23d50163151bc354"},"breadcrumb":{"@id":"https:\/\/elregionalvm.com.ar\/noticias-villa-maria\/capilla-del-monte-sigue-el-combate-contra-el-fuego-por-segundo-dia-consecutivo\/#breadcrumb"},"inLanguage":"es","potentialAction":[{"@type":"ReadAction","target":["https:\/\/elregionalvm.com.ar\/noticias-villa-maria\/capilla-del-monte-sigue-el-combate-contra-el-fuego-por-segundo-dia-consecutivo\/"]}]},{"@type":"ImageObject","inLanguage":"es","@id":"https:\/\/elregionalvm.com.ar\/noticias-villa-maria\/capilla-del-monte-sigue-el-combate-contra-el-fuego-por-segundo-dia-consecutivo\/#primaryimage","url":"https:\/\/i0.wp.com\/elregionalvm.com.ar\/noticias-villa-maria\/wp-content\/uploads\/2024\/09\/incendios-5-1.jpg?fit=990%2C660&ssl=1","contentUrl":"https:\/\/i0.wp.com\/elregionalvm.com.ar\/noticias-villa-maria\/wp-content\/uploads\/2024\/09\/incendios-5-1.jpg?fit=990%2C660&ssl=1","width":990,"height":660},{"@type":"BreadcrumbList","@id":"https:\/\/elregionalvm.com.ar\/noticias-villa-maria\/capilla-del-monte-sigue-el-combate-contra-el-fuego-por-segundo-dia-consecutivo\/#breadcrumb","itemListElement":[{"@type":"ListItem","position":1,"name":"Portada","item":"https:\/\/elregionalvm.com.ar\/noticias-villa-maria\/"},{"@type":"ListItem","position":2,"name":"Capilla del Monte: sigue el combate contra el fuego por segundo d\u00eda consecutivo"}]},{"@type":"WebSite","@id":"http:\/\/elregionalvm.com.ar\/noticias-villa-maria\/#website","url":"http:\/\/elregionalvm.com.ar\/noticias-villa-maria\/","name":"El Regional","description":"Mucho m\u00e1s que informaci\u00f3n","potentialAction":[{"@type":"SearchAction","target":{"@type":"EntryPoint","urlTemplate":"http:\/\/elregionalvm.com.ar\/noticias-villa-maria\/?s={search_term_string}"},"query-input":{"@type":"PropertyValueSpecification","valueRequired":true,"valueName":"search_term_string"}}],"inLanguage":"es"},{"@type":"Person","@id":"http:\/\/elregionalvm.com.ar\/noticias-villa-maria\/#\/schema\/person\/a0fb9c422317faca23d50163151bc354","name":"Contenidos El Regional","image":{"@type":"ImageObject","inLanguage":"es","@id":"http:\/\/elregionalvm.com.ar\/noticias-villa-maria\/#\/schema\/person\/image\/","url":"https:\/\/secure.gravatar.com\/avatar\/265b27cb2209af7bb3a1318f03305787d7981a5cc6e6cd08fe5a4ecdf99d4b48?s=96&d=mm&r=g","contentUrl":"https:\/\/secure.gravatar.com\/avatar\/265b27cb2209af7bb3a1318f03305787d7981a5cc6e6cd08fe5a4ecdf99d4b48?s=96&d=mm&r=g","caption":"Contenidos El Regional"},"url":"https:\/\/elregionalvm.com.ar\/noticias-villa-maria\/author\/contenido\/"}]}},"jetpack_featured_media_url":"https:\/\/i0.wp.com\/elregionalvm.com.ar\/noticias-villa-maria\/wp-content\/uploads\/2024\/09\/incendios-5-1.jpg?fit=990%2C660&ssl=1","jetpack_sharing_enabled":true,"_links":{"self":[{"href":"https:\/\/elregionalvm.com.ar\/noticias-villa-maria\/wp-json\/wp\/v2\/posts\/98853","targetHints":{"allow":["GET"]}}],"collection":[{"href":"https:\/\/elregionalvm.com.ar\/noticias-villa-maria\/wp-json\/wp\/v2\/posts"}],"about":[{"href":"https:\/\/elregionalvm.com.ar\/noticias-villa-maria\/wp-json\/wp\/v2\/types\/post"}],"author":[{"embeddable":true,"href":"https:\/\/elregionalvm.com.ar\/noticias-villa-maria\/wp-json\/wp\/v2\/users\/4"}],"replies":[{"embeddable":true,"href":"https:\/\/elregionalvm.com.ar\/noticias-villa-maria\/wp-json\/wp\/v2\/comments?post=98853"}],"version-history":[{"count":1,"href":"https:\/\/elregionalvm.com.ar\/noticias-villa-maria\/wp-json\/wp\/v2\/posts\/98853\/revisions"}],"predecessor-version":[{"id":98856,"href":"https:\/\/elregionalvm.com.ar\/noticias-villa-maria\/wp-json\/wp\/v2\/posts\/98853\/revisions\/98856"}],"wp:featuredmedia":[{"embeddable":true,"href":"https:\/\/elregionalvm.com.ar\/noticias-villa-maria\/wp-json\/wp\/v2\/media\/98855"}],"wp:attachment":[{"href":"https:\/\/elregionalvm.com.ar\/noticias-villa-maria\/wp-json\/wp\/v2\/media?parent=98853"}],"wp:term":[{"taxonomy":"category","embeddable":true,"href":"https:\/\/elregionalvm.com.ar\/noticias-villa-maria\/wp-json\/wp\/v2\/categories?post=98853"},{"taxonomy":"post_tag","embeddable":true,"href":"https:\/\/elregionalvm.com.ar\/noticias-villa-maria\/wp-json\/wp\/v2\/tags?post=98853"}],"curies":[{"name":"wp","href":"https:\/\/api.w.org\/{rel}","templated":true}]}}