{"id":98911,"date":"2024-09-24T16:50:22","date_gmt":"2024-09-24T16:50:22","guid":{"rendered":"https:\/\/elregionalvm.com.ar\/noticias-villa-maria\/?p=98911"},"modified":"2024-09-30T11:51:23","modified_gmt":"2024-09-30T11:51:23","slug":"audio-lucha-contra-el-narcotrafico-hagamos-algo-por-nuestros-hijos-para-que-no-terminen-como-discapacitados-mentales-o-asesinados-por-adictos","status":"publish","type":"post","link":"https:\/\/elregionalvm.com.ar\/noticias-villa-maria\/audio-lucha-contra-el-narcotrafico-hagamos-algo-por-nuestros-hijos-para-que-no-terminen-como-discapacitados-mentales-o-asesinados-por-adictos\/","title":{"rendered":"[AUDIO] Lucha contra el narcotr\u00e1fico: \u00abHagamos algo por nuestros hijos para que no terminen como discapacitados mentales o asesinados por adictos\u00bb"},"content":{"rendered":"\n<h3 class=\"wp-block-heading\"><strong>Dami\u00e1n Odetti es abogado penalista, presidente de la ONG \u00abNuevo Concepto Penal\u00bb.  En di\u00e1logo con Germ\u00e1n Giacchero en \u00abRompecabezas\u00bb (FM La C\u00fapula 102.9) se refiri\u00f3 a la situaci\u00f3n de la justicia, el funcionamiento del sistema penal contra los pobres<\/strong> <strong>y el avance del narcotr\u00e1fico en el sistema judicial. <\/strong><\/h3>\n\n\n\n<p><\/p>\n\n\n\n<p>En una entrevista radiof\u00f3nica con Germ\u00e1n Giacchero, el abogado penalista Dami\u00e1n Odetti ofreci\u00f3 su visi\u00f3n del accionar judicial, la situaci\u00f3n de la polic\u00eda y el narcotr\u00e1fico y las pol\u00edticas de estado en la materia. <\/p>\n\n\n\n<p><\/p>\n\n\n\n<ul class=\"wp-block-list\">\n<li><strong>Escuch\u00e1 la entrevista completa: <\/strong><\/li>\n<\/ul>\n\n\n\n<p><\/p>\n\n\n\n<figure class=\"wp-block-audio\"><audio controls src=\"https:\/\/elregionalvm.com.ar\/noticias-villa-maria\/wp-content\/uploads\/2024\/09\/Entrevista-Damian-Odetti-Rompecabezas.mp3\"><\/audio><\/figure>\n\n\n\n<p><\/p>\n","protected":false},"excerpt":{"rendered":"<p>Dami\u00e1n Odetti es abogado penalista, presidente de la ONG \u00abNuevo Concepto Penal\u00bb. En di\u00e1logo con Germ\u00e1n Giacchero en \u00abRompecabezas\u00bb (FM La C\u00fapula 102.9) se refiri\u00f3 a la situaci\u00f3n de la justicia, el funcionamiento del sistema penal contra los pobres y el avance del narcotr\u00e1fico en el sistema judicial. En una entrevista radiof\u00f3nica con Germ\u00e1n Giacchero, [&hellip;]<\/p>\n","protected":false},"author":6,"featured_media":98987,"comment_status":"open","ping_status":"open","sticky":false,"template":"","format":"standard","meta":{"site-sidebar-layout":"default","site-content-layout":"","ast-site-content-layout":"default","site-content-style":"default","site-sidebar-style":"default","ast-global-header-display":"","ast-banner-title-visibility":"","ast-main-header-display":"","ast-hfb-above-header-display":"","ast-hfb-below-header-display":"","ast-hfb-mobile-header-display":"","site-post-title":"","ast-breadcrumbs-content":"","ast-featured-img":"","footer-sml-layout":"","ast-disable-related-posts":"","theme-transparent-header-meta":"","adv-header-id-meta":"","stick-header-meta":"","header-above-stick-meta":"","header-main-stick-meta":"","header-below-stick-meta":"","astra-migrate-meta-layouts":"set","ast-page-background-enabled":"default","ast-page-background-meta":{"desktop":{"background-color":"","background-image":"","background-repeat":"repeat","background-position":"center center","background-size":"auto","background-attachment":"scroll","background-type":"","background-media":"","overlay-type":"","overlay-color":"","overlay-opacity":"","overlay-gradient":""},"tablet":{"background-color":"","background-image":"","background-repeat":"repeat","background-position":"center center","background-size":"auto","background-attachment":"scroll","background-type":"","background-media":"","overlay-type":"","overlay-color":"","overlay-opacity":"","overlay-gradient":""},"mobile":{"background-color":"","background-image":"","background-repeat":"repeat","background-position":"center center","background-size":"auto","background-attachment":"scroll","background-type":"","background-media":"","overlay-type":"","overlay-color":"","overlay-opacity":"","overlay-gradient":""}},"ast-content-background-meta":{"desktop":{"background-color":"var(--ast-global-color-5)","background-image":"","background-repeat":"repeat","background-position":"center center","background-size":"auto","background-attachment":"scroll","background-type":"","background-media":"","overlay-type":"","overlay-color":"","overlay-opacity":"","overlay-gradient":""},"tablet":{"background-color":"var(--ast-global-color-5)","background-image":"","background-repeat":"repeat","background-position":"center center","background-size":"auto","background-attachment":"scroll","background-type":"","background-media":"","overlay-type":"","overlay-color":"","overlay-opacity":"","overlay-gradient":""},"mobile":{"background-color":"var(--ast-global-color-5)","background-image":"","background-repeat":"repeat","background-position":"center center","background-size":"auto","background-attachment":"scroll","background-type":"","background-media":"","overlay-type":"","overlay-color":"","overlay-opacity":"","overlay-gradient":""}},"_jetpack_memberships_contains_paid_content":false,"_joinchat":[],"footnotes":""},"categories":[365,3557],"tags":[7616,24397,24398,10646,20687,5053,99,2482,24399,583,519,8901,24400],"class_list":["post-98911","post","type-post","status-publish","format-standard","has-post-thumbnail","hentry","category-opinion","category-tercera","tag-abogado","tag-adicto","tag-damian-odetti","tag-droga","tag-gobernadores","tag-javier-milei","tag-justicia","tag-narcotrafico","tag-nuevo-concepto-penal","tag-pobres","tag-politica","tag-ricos","tag-sistema-penal"],"yoast_head":"<!-- This site is optimized with the Yoast SEO plugin v26.8 - https:\/\/yoast.com\/product\/yoast-seo-wordpress\/ -->\n<title>[AUDIO] Lucha contra el narcotr\u00e1fico: &quot;Hagamos algo por nuestros hijos para que no terminen como discapacitados mentales o asesinados por adictos&quot; - El Regional<\/title>\n<meta name=\"robots\" content=\"index, follow, max-snippet:-1, max-image-preview:large, max-video-preview:-1\" \/>\n<link rel=\"canonical\" href=\"https:\/\/elregionalvm.com.ar\/noticias-villa-maria\/audio-lucha-contra-el-narcotrafico-hagamos-algo-por-nuestros-hijos-para-que-no-terminen-como-discapacitados-mentales-o-asesinados-por-adictos\/\" \/>\n<meta property=\"og:locale\" content=\"es_ES\" \/>\n<meta property=\"og:type\" content=\"article\" \/>\n<meta property=\"og:title\" content=\"[AUDIO] Lucha contra el narcotr\u00e1fico: &quot;Hagamos algo por nuestros hijos para que no terminen como discapacitados mentales o asesinados por adictos&quot; - El Regional\" \/>\n<meta property=\"og:description\" content=\"Dami\u00e1n Odetti es abogado penalista, presidente de la ONG \u00abNuevo Concepto Penal\u00bb. En di\u00e1logo con Germ\u00e1n Giacchero en \u00abRompecabezas\u00bb (FM La C\u00fapula 102.9) se refiri\u00f3 a la situaci\u00f3n de la justicia, el funcionamiento del sistema penal contra los pobres y el avance del narcotr\u00e1fico en el sistema judicial. En una entrevista radiof\u00f3nica con Germ\u00e1n Giacchero, [&hellip;]\" \/>\n<meta property=\"og:url\" content=\"https:\/\/elregionalvm.com.ar\/noticias-villa-maria\/audio-lucha-contra-el-narcotrafico-hagamos-algo-por-nuestros-hijos-para-que-no-terminen-como-discapacitados-mentales-o-asesinados-por-adictos\/\" \/>\n<meta property=\"og:site_name\" content=\"El Regional\" \/>\n<meta property=\"article:publisher\" content=\"https:\/\/www.facebook.com\/elregionalvm\" \/>\n<meta property=\"article:published_time\" content=\"2024-09-24T16:50:22+00:00\" \/>\n<meta property=\"article:modified_time\" content=\"2024-09-30T11:51:23+00:00\" \/>\n<meta property=\"og:image\" content=\"https:\/\/elregionalvm.com.ar\/noticias-villa-maria\/wp-content\/uploads\/2024\/09\/Damian-Odetti.jpeg\" \/>\n\t<meta property=\"og:image:width\" content=\"1080\" \/>\n\t<meta property=\"og:image:height\" content=\"611\" \/>\n\t<meta property=\"og:image:type\" content=\"image\/jpeg\" \/>\n<meta name=\"author\" content=\"Germ\u00e1n Giacchero\" \/>\n<meta name=\"twitter:card\" content=\"summary_large_image\" \/>\n<meta name=\"twitter:creator\" content=\"@elregionalvm1\" \/>\n<meta name=\"twitter:site\" content=\"@elregionalvm1\" \/>\n<meta name=\"twitter:label1\" content=\"Escrito por\" \/>\n\t<meta name=\"twitter:data1\" content=\"Germ\u00e1n Giacchero\" \/>\n\t<meta name=\"twitter:label2\" content=\"Tiempo de lectura\" \/>\n\t<meta name=\"twitter:data2\" content=\"1 minuto\" \/>\n<script type=\"application\/ld+json\" class=\"yoast-schema-graph\">{\"@context\":\"https:\/\/schema.org\",\"@graph\":[{\"@type\":\"Article\",\"@id\":\"https:\/\/elregionalvm.com.ar\/noticias-villa-maria\/audio-lucha-contra-el-narcotrafico-hagamos-algo-por-nuestros-hijos-para-que-no-terminen-como-discapacitados-mentales-o-asesinados-por-adictos\/#article\",\"isPartOf\":{\"@id\":\"https:\/\/elregionalvm.com.ar\/noticias-villa-maria\/audio-lucha-contra-el-narcotrafico-hagamos-algo-por-nuestros-hijos-para-que-no-terminen-como-discapacitados-mentales-o-asesinados-por-adictos\/\"},\"author\":{\"name\":\"Germ\u00e1n Giacchero\",\"@id\":\"http:\/\/elregionalvm.com.ar\/noticias-villa-maria\/#\/schema\/person\/d5e4b04966154131701e52c45d3efec9\"},\"headline\":\"[AUDIO] Lucha contra el narcotr\u00e1fico: \u00abHagamos algo por nuestros hijos para que no terminen como discapacitados mentales o asesinados por adictos\u00bb\",\"datePublished\":\"2024-09-24T16:50:22+00:00\",\"dateModified\":\"2024-09-30T11:51:23+00:00\",\"mainEntityOfPage\":{\"@id\":\"https:\/\/elregionalvm.com.ar\/noticias-villa-maria\/audio-lucha-contra-el-narcotrafico-hagamos-algo-por-nuestros-hijos-para-que-no-terminen-como-discapacitados-mentales-o-asesinados-por-adictos\/\"},\"wordCount\":121,\"commentCount\":0,\"image\":{\"@id\":\"https:\/\/elregionalvm.com.ar\/noticias-villa-maria\/audio-lucha-contra-el-narcotrafico-hagamos-algo-por-nuestros-hijos-para-que-no-terminen-como-discapacitados-mentales-o-asesinados-por-adictos\/#primaryimage\"},\"thumbnailUrl\":\"https:\/\/i0.wp.com\/elregionalvm.com.ar\/noticias-villa-maria\/wp-content\/uploads\/2024\/09\/Damian-Odetti.jpeg?fit=1080%2C611&ssl=1\",\"keywords\":[\"abogado\",\"adicto\",\"Dami\u00e1n Odetti\",\"Droga\",\"gobernadores\",\"Javier Milei\",\"Justicia\",\"narcotr\u00e1fico\",\"Nuevo concepto penal\",\"Pobres\",\"Pol\u00edtica\",\"Ricos\",\"sistema penal\"],\"articleSection\":[\"Opini\u00f3n\",\"tercera\"],\"inLanguage\":\"es\",\"potentialAction\":[{\"@type\":\"CommentAction\",\"name\":\"Comment\",\"target\":[\"https:\/\/elregionalvm.com.ar\/noticias-villa-maria\/audio-lucha-contra-el-narcotrafico-hagamos-algo-por-nuestros-hijos-para-que-no-terminen-como-discapacitados-mentales-o-asesinados-por-adictos\/#respond\"]}]},{\"@type\":\"WebPage\",\"@id\":\"https:\/\/elregionalvm.com.ar\/noticias-villa-maria\/audio-lucha-contra-el-narcotrafico-hagamos-algo-por-nuestros-hijos-para-que-no-terminen-como-discapacitados-mentales-o-asesinados-por-adictos\/\",\"url\":\"https:\/\/elregionalvm.com.ar\/noticias-villa-maria\/audio-lucha-contra-el-narcotrafico-hagamos-algo-por-nuestros-hijos-para-que-no-terminen-como-discapacitados-mentales-o-asesinados-por-adictos\/\",\"name\":\"[AUDIO] Lucha contra el narcotr\u00e1fico: \\\"Hagamos algo por nuestros hijos para que no terminen como discapacitados mentales o asesinados por adictos\\\" - El Regional\",\"isPartOf\":{\"@id\":\"http:\/\/elregionalvm.com.ar\/noticias-villa-maria\/#website\"},\"primaryImageOfPage\":{\"@id\":\"https:\/\/elregionalvm.com.ar\/noticias-villa-maria\/audio-lucha-contra-el-narcotrafico-hagamos-algo-por-nuestros-hijos-para-que-no-terminen-como-discapacitados-mentales-o-asesinados-por-adictos\/#primaryimage\"},\"image\":{\"@id\":\"https:\/\/elregionalvm.com.ar\/noticias-villa-maria\/audio-lucha-contra-el-narcotrafico-hagamos-algo-por-nuestros-hijos-para-que-no-terminen-como-discapacitados-mentales-o-asesinados-por-adictos\/#primaryimage\"},\"thumbnailUrl\":\"https:\/\/i0.wp.com\/elregionalvm.com.ar\/noticias-villa-maria\/wp-content\/uploads\/2024\/09\/Damian-Odetti.jpeg?fit=1080%2C611&ssl=1\",\"datePublished\":\"2024-09-24T16:50:22+00:00\",\"dateModified\":\"2024-09-30T11:51:23+00:00\",\"author\":{\"@id\":\"http:\/\/elregionalvm.com.ar\/noticias-villa-maria\/#\/schema\/person\/d5e4b04966154131701e52c45d3efec9\"},\"breadcrumb\":{\"@id\":\"https:\/\/elregionalvm.com.ar\/noticias-villa-maria\/audio-lucha-contra-el-narcotrafico-hagamos-algo-por-nuestros-hijos-para-que-no-terminen-como-discapacitados-mentales-o-asesinados-por-adictos\/#breadcrumb\"},\"inLanguage\":\"es\",\"potentialAction\":[{\"@type\":\"ReadAction\",\"target\":[\"https:\/\/elregionalvm.com.ar\/noticias-villa-maria\/audio-lucha-contra-el-narcotrafico-hagamos-algo-por-nuestros-hijos-para-que-no-terminen-como-discapacitados-mentales-o-asesinados-por-adictos\/\"]}]},{\"@type\":\"ImageObject\",\"inLanguage\":\"es\",\"@id\":\"https:\/\/elregionalvm.com.ar\/noticias-villa-maria\/audio-lucha-contra-el-narcotrafico-hagamos-algo-por-nuestros-hijos-para-que-no-terminen-como-discapacitados-mentales-o-asesinados-por-adictos\/#primaryimage\",\"url\":\"https:\/\/i0.wp.com\/elregionalvm.com.ar\/noticias-villa-maria\/wp-content\/uploads\/2024\/09\/Damian-Odetti.jpeg?fit=1080%2C611&ssl=1\",\"contentUrl\":\"https:\/\/i0.wp.com\/elregionalvm.com.ar\/noticias-villa-maria\/wp-content\/uploads\/2024\/09\/Damian-Odetti.jpeg?fit=1080%2C611&ssl=1\",\"width\":1080,\"height\":611},{\"@type\":\"BreadcrumbList\",\"@id\":\"https:\/\/elregionalvm.com.ar\/noticias-villa-maria\/audio-lucha-contra-el-narcotrafico-hagamos-algo-por-nuestros-hijos-para-que-no-terminen-como-discapacitados-mentales-o-asesinados-por-adictos\/#breadcrumb\",\"itemListElement\":[{\"@type\":\"ListItem\",\"position\":1,\"name\":\"Portada\",\"item\":\"https:\/\/elregionalvm.com.ar\/noticias-villa-maria\/\"},{\"@type\":\"ListItem\",\"position\":2,\"name\":\"[AUDIO] Lucha contra el narcotr\u00e1fico: \u00abHagamos algo por nuestros hijos para que no terminen como discapacitados mentales o asesinados por adictos\u00bb\"}]},{\"@type\":\"WebSite\",\"@id\":\"http:\/\/elregionalvm.com.ar\/noticias-villa-maria\/#website\",\"url\":\"http:\/\/elregionalvm.com.ar\/noticias-villa-maria\/\",\"name\":\"El Regional\",\"description\":\"Mucho m\u00e1s que informaci\u00f3n\",\"potentialAction\":[{\"@type\":\"SearchAction\",\"target\":{\"@type\":\"EntryPoint\",\"urlTemplate\":\"http:\/\/elregionalvm.com.ar\/noticias-villa-maria\/?s={search_term_string}\"},\"query-input\":{\"@type\":\"PropertyValueSpecification\",\"valueRequired\":true,\"valueName\":\"search_term_string\"}}],\"inLanguage\":\"es\"},{\"@type\":\"Person\",\"@id\":\"http:\/\/elregionalvm.com.ar\/noticias-villa-maria\/#\/schema\/person\/d5e4b04966154131701e52c45d3efec9\",\"name\":\"Germ\u00e1n Giacchero\",\"image\":{\"@type\":\"ImageObject\",\"inLanguage\":\"es\",\"@id\":\"http:\/\/elregionalvm.com.ar\/noticias-villa-maria\/#\/schema\/person\/image\/\",\"url\":\"https:\/\/secure.gravatar.com\/avatar\/fda163ba5ef0307ee5be9846e10f83b6e83d0cfb260d3b2464830318894c6b04?s=96&d=mm&r=g\",\"contentUrl\":\"https:\/\/secure.gravatar.com\/avatar\/fda163ba5ef0307ee5be9846e10f83b6e83d0cfb260d3b2464830318894c6b04?s=96&d=mm&r=g\",\"caption\":\"Germ\u00e1n Giacchero\"},\"url\":\"https:\/\/elregionalvm.com.ar\/noticias-villa-maria\/author\/germangiacchero\/\"}]}<\/script>\n<!-- \/ Yoast SEO plugin. -->","yoast_head_json":{"title":"[AUDIO] Lucha contra el narcotr\u00e1fico: \"Hagamos algo por nuestros hijos para que no terminen como discapacitados mentales o asesinados por adictos\" - El Regional","robots":{"index":"index","follow":"follow","max-snippet":"max-snippet:-1","max-image-preview":"max-image-preview:large","max-video-preview":"max-video-preview:-1"},"canonical":"https:\/\/elregionalvm.com.ar\/noticias-villa-maria\/audio-lucha-contra-el-narcotrafico-hagamos-algo-por-nuestros-hijos-para-que-no-terminen-como-discapacitados-mentales-o-asesinados-por-adictos\/","og_locale":"es_ES","og_type":"article","og_title":"[AUDIO] Lucha contra el narcotr\u00e1fico: \"Hagamos algo por nuestros hijos para que no terminen como discapacitados mentales o asesinados por adictos\" - El Regional","og_description":"Dami\u00e1n Odetti es abogado penalista, presidente de la ONG \u00abNuevo Concepto Penal\u00bb. En di\u00e1logo con Germ\u00e1n Giacchero en \u00abRompecabezas\u00bb (FM La C\u00fapula 102.9) se refiri\u00f3 a la situaci\u00f3n de la justicia, el funcionamiento del sistema penal contra los pobres y el avance del narcotr\u00e1fico en el sistema judicial. En una entrevista radiof\u00f3nica con Germ\u00e1n Giacchero, [&hellip;]","og_url":"https:\/\/elregionalvm.com.ar\/noticias-villa-maria\/audio-lucha-contra-el-narcotrafico-hagamos-algo-por-nuestros-hijos-para-que-no-terminen-como-discapacitados-mentales-o-asesinados-por-adictos\/","og_site_name":"El Regional","article_publisher":"https:\/\/www.facebook.com\/elregionalvm","article_published_time":"2024-09-24T16:50:22+00:00","article_modified_time":"2024-09-30T11:51:23+00:00","og_image":[{"width":1080,"height":611,"url":"https:\/\/elregionalvm.com.ar\/noticias-villa-maria\/wp-content\/uploads\/2024\/09\/Damian-Odetti.jpeg","type":"image\/jpeg"}],"author":"Germ\u00e1n Giacchero","twitter_card":"summary_large_image","twitter_creator":"@elregionalvm1","twitter_site":"@elregionalvm1","twitter_misc":{"Escrito por":"Germ\u00e1n Giacchero","Tiempo de lectura":"1 minuto"},"schema":{"@context":"https:\/\/schema.org","@graph":[{"@type":"Article","@id":"https:\/\/elregionalvm.com.ar\/noticias-villa-maria\/audio-lucha-contra-el-narcotrafico-hagamos-algo-por-nuestros-hijos-para-que-no-terminen-como-discapacitados-mentales-o-asesinados-por-adictos\/#article","isPartOf":{"@id":"https:\/\/elregionalvm.com.ar\/noticias-villa-maria\/audio-lucha-contra-el-narcotrafico-hagamos-algo-por-nuestros-hijos-para-que-no-terminen-como-discapacitados-mentales-o-asesinados-por-adictos\/"},"author":{"name":"Germ\u00e1n Giacchero","@id":"http:\/\/elregionalvm.com.ar\/noticias-villa-maria\/#\/schema\/person\/d5e4b04966154131701e52c45d3efec9"},"headline":"[AUDIO] Lucha contra el narcotr\u00e1fico: \u00abHagamos algo por nuestros hijos para que no terminen como discapacitados mentales o asesinados por adictos\u00bb","datePublished":"2024-09-24T16:50:22+00:00","dateModified":"2024-09-30T11:51:23+00:00","mainEntityOfPage":{"@id":"https:\/\/elregionalvm.com.ar\/noticias-villa-maria\/audio-lucha-contra-el-narcotrafico-hagamos-algo-por-nuestros-hijos-para-que-no-terminen-como-discapacitados-mentales-o-asesinados-por-adictos\/"},"wordCount":121,"commentCount":0,"image":{"@id":"https:\/\/elregionalvm.com.ar\/noticias-villa-maria\/audio-lucha-contra-el-narcotrafico-hagamos-algo-por-nuestros-hijos-para-que-no-terminen-como-discapacitados-mentales-o-asesinados-por-adictos\/#primaryimage"},"thumbnailUrl":"https:\/\/i0.wp.com\/elregionalvm.com.ar\/noticias-villa-maria\/wp-content\/uploads\/2024\/09\/Damian-Odetti.jpeg?fit=1080%2C611&ssl=1","keywords":["abogado","adicto","Dami\u00e1n Odetti","Droga","gobernadores","Javier Milei","Justicia","narcotr\u00e1fico","Nuevo concepto penal","Pobres","Pol\u00edtica","Ricos","sistema penal"],"articleSection":["Opini\u00f3n","tercera"],"inLanguage":"es","potentialAction":[{"@type":"CommentAction","name":"Comment","target":["https:\/\/elregionalvm.com.ar\/noticias-villa-maria\/audio-lucha-contra-el-narcotrafico-hagamos-algo-por-nuestros-hijos-para-que-no-terminen-como-discapacitados-mentales-o-asesinados-por-adictos\/#respond"]}]},{"@type":"WebPage","@id":"https:\/\/elregionalvm.com.ar\/noticias-villa-maria\/audio-lucha-contra-el-narcotrafico-hagamos-algo-por-nuestros-hijos-para-que-no-terminen-como-discapacitados-mentales-o-asesinados-por-adictos\/","url":"https:\/\/elregionalvm.com.ar\/noticias-villa-maria\/audio-lucha-contra-el-narcotrafico-hagamos-algo-por-nuestros-hijos-para-que-no-terminen-como-discapacitados-mentales-o-asesinados-por-adictos\/","name":"[AUDIO] Lucha contra el narcotr\u00e1fico: \"Hagamos algo por nuestros hijos para que no terminen como discapacitados mentales o asesinados por adictos\" - El Regional","isPartOf":{"@id":"http:\/\/elregionalvm.com.ar\/noticias-villa-maria\/#website"},"primaryImageOfPage":{"@id":"https:\/\/elregionalvm.com.ar\/noticias-villa-maria\/audio-lucha-contra-el-narcotrafico-hagamos-algo-por-nuestros-hijos-para-que-no-terminen-como-discapacitados-mentales-o-asesinados-por-adictos\/#primaryimage"},"image":{"@id":"https:\/\/elregionalvm.com.ar\/noticias-villa-maria\/audio-lucha-contra-el-narcotrafico-hagamos-algo-por-nuestros-hijos-para-que-no-terminen-como-discapacitados-mentales-o-asesinados-por-adictos\/#primaryimage"},"thumbnailUrl":"https:\/\/i0.wp.com\/elregionalvm.com.ar\/noticias-villa-maria\/wp-content\/uploads\/2024\/09\/Damian-Odetti.jpeg?fit=1080%2C611&ssl=1","datePublished":"2024-09-24T16:50:22+00:00","dateModified":"2024-09-30T11:51:23+00:00","author":{"@id":"http:\/\/elregionalvm.com.ar\/noticias-villa-maria\/#\/schema\/person\/d5e4b04966154131701e52c45d3efec9"},"breadcrumb":{"@id":"https:\/\/elregionalvm.com.ar\/noticias-villa-maria\/audio-lucha-contra-el-narcotrafico-hagamos-algo-por-nuestros-hijos-para-que-no-terminen-como-discapacitados-mentales-o-asesinados-por-adictos\/#breadcrumb"},"inLanguage":"es","potentialAction":[{"@type":"ReadAction","target":["https:\/\/elregionalvm.com.ar\/noticias-villa-maria\/audio-lucha-contra-el-narcotrafico-hagamos-algo-por-nuestros-hijos-para-que-no-terminen-como-discapacitados-mentales-o-asesinados-por-adictos\/"]}]},{"@type":"ImageObject","inLanguage":"es","@id":"https:\/\/elregionalvm.com.ar\/noticias-villa-maria\/audio-lucha-contra-el-narcotrafico-hagamos-algo-por-nuestros-hijos-para-que-no-terminen-como-discapacitados-mentales-o-asesinados-por-adictos\/#primaryimage","url":"https:\/\/i0.wp.com\/elregionalvm.com.ar\/noticias-villa-maria\/wp-content\/uploads\/2024\/09\/Damian-Odetti.jpeg?fit=1080%2C611&ssl=1","contentUrl":"https:\/\/i0.wp.com\/elregionalvm.com.ar\/noticias-villa-maria\/wp-content\/uploads\/2024\/09\/Damian-Odetti.jpeg?fit=1080%2C611&ssl=1","width":1080,"height":611},{"@type":"BreadcrumbList","@id":"https:\/\/elregionalvm.com.ar\/noticias-villa-maria\/audio-lucha-contra-el-narcotrafico-hagamos-algo-por-nuestros-hijos-para-que-no-terminen-como-discapacitados-mentales-o-asesinados-por-adictos\/#breadcrumb","itemListElement":[{"@type":"ListItem","position":1,"name":"Portada","item":"https:\/\/elregionalvm.com.ar\/noticias-villa-maria\/"},{"@type":"ListItem","position":2,"name":"[AUDIO] Lucha contra el narcotr\u00e1fico: \u00abHagamos algo por nuestros hijos para que no terminen como discapacitados mentales o asesinados por adictos\u00bb"}]},{"@type":"WebSite","@id":"http:\/\/elregionalvm.com.ar\/noticias-villa-maria\/#website","url":"http:\/\/elregionalvm.com.ar\/noticias-villa-maria\/","name":"El Regional","description":"Mucho m\u00e1s que informaci\u00f3n","potentialAction":[{"@type":"SearchAction","target":{"@type":"EntryPoint","urlTemplate":"http:\/\/elregionalvm.com.ar\/noticias-villa-maria\/?s={search_term_string}"},"query-input":{"@type":"PropertyValueSpecification","valueRequired":true,"valueName":"search_term_string"}}],"inLanguage":"es"},{"@type":"Person","@id":"http:\/\/elregionalvm.com.ar\/noticias-villa-maria\/#\/schema\/person\/d5e4b04966154131701e52c45d3efec9","name":"Germ\u00e1n Giacchero","image":{"@type":"ImageObject","inLanguage":"es","@id":"http:\/\/elregionalvm.com.ar\/noticias-villa-maria\/#\/schema\/person\/image\/","url":"https:\/\/secure.gravatar.com\/avatar\/fda163ba5ef0307ee5be9846e10f83b6e83d0cfb260d3b2464830318894c6b04?s=96&d=mm&r=g","contentUrl":"https:\/\/secure.gravatar.com\/avatar\/fda163ba5ef0307ee5be9846e10f83b6e83d0cfb260d3b2464830318894c6b04?s=96&d=mm&r=g","caption":"Germ\u00e1n Giacchero"},"url":"https:\/\/elregionalvm.com.ar\/noticias-villa-maria\/author\/germangiacchero\/"}]}},"jetpack_featured_media_url":"https:\/\/i0.wp.com\/elregionalvm.com.ar\/noticias-villa-maria\/wp-content\/uploads\/2024\/09\/Damian-Odetti.jpeg?fit=1080%2C611&ssl=1","jetpack_sharing_enabled":true,"_links":{"self":[{"href":"https:\/\/elregionalvm.com.ar\/noticias-villa-maria\/wp-json\/wp\/v2\/posts\/98911","targetHints":{"allow":["GET"]}}],"collection":[{"href":"https:\/\/elregionalvm.com.ar\/noticias-villa-maria\/wp-json\/wp\/v2\/posts"}],"about":[{"href":"https:\/\/elregionalvm.com.ar\/noticias-villa-maria\/wp-json\/wp\/v2\/types\/post"}],"author":[{"embeddable":true,"href":"https:\/\/elregionalvm.com.ar\/noticias-villa-maria\/wp-json\/wp\/v2\/users\/6"}],"replies":[{"embeddable":true,"href":"https:\/\/elregionalvm.com.ar\/noticias-villa-maria\/wp-json\/wp\/v2\/comments?post=98911"}],"version-history":[{"count":2,"href":"https:\/\/elregionalvm.com.ar\/noticias-villa-maria\/wp-json\/wp\/v2\/posts\/98911\/revisions"}],"predecessor-version":[{"id":98989,"href":"https:\/\/elregionalvm.com.ar\/noticias-villa-maria\/wp-json\/wp\/v2\/posts\/98911\/revisions\/98989"}],"wp:featuredmedia":[{"embeddable":true,"href":"https:\/\/elregionalvm.com.ar\/noticias-villa-maria\/wp-json\/wp\/v2\/media\/98987"}],"wp:attachment":[{"href":"https:\/\/elregionalvm.com.ar\/noticias-villa-maria\/wp-json\/wp\/v2\/media?parent=98911"}],"wp:term":[{"taxonomy":"category","embeddable":true,"href":"https:\/\/elregionalvm.com.ar\/noticias-villa-maria\/wp-json\/wp\/v2\/categories?post=98911"},{"taxonomy":"post_tag","embeddable":true,"href":"https:\/\/elregionalvm.com.ar\/noticias-villa-maria\/wp-json\/wp\/v2\/tags?post=98911"}],"curies":[{"name":"wp","href":"https:\/\/api.w.org\/{rel}","templated":true}]}}