{"id":98926,"date":"2024-09-23T21:21:49","date_gmt":"2024-09-23T21:21:49","guid":{"rendered":"https:\/\/elregionalvm.com.ar\/noticias-villa-maria\/?p=98926"},"modified":"2024-09-23T21:21:50","modified_gmt":"2024-09-23T21:21:50","slug":"eduardo-accastello-participo-del-seminario-internacional-sobre-ciudadades-innovadoras-verdes-e-inteligentes","status":"publish","type":"post","link":"https:\/\/elregionalvm.com.ar\/noticias-villa-maria\/eduardo-accastello-participo-del-seminario-internacional-sobre-ciudadades-innovadoras-verdes-e-inteligentes\/","title":{"rendered":"Eduardo Accastello particip\u00f3 del Seminario Internacional sobre Ciudadades Innovadoras, Verdes e Inteligentes\u00bb"},"content":{"rendered":"\n<p>El intendente Eduardo Accastello particip\u00f3 en el Seminario Internacional sobre \u00abCiudades Innovadoras, Verdes e Inteligentes\u00bb, que se realiza en nuestra ciudad.<\/p>\n\n\n\n<p>M\u00e1s precisamente moder\u00f3 el bloque \u00abBiocombustibles: Modelo de Villa Mar\u00eda\u00bb del que participaron como expositores el director de ACABio, Victor Accastello; el director de Biocombustibles y Bioenerg\u00edas de la Provincia, Mariano Santill\u00e1n y la secretaria de Planificaci\u00f3n Energ\u00e9tica de C\u00f3rdoba, Carolina Pierpaoli.<\/p>\n\n\n\n<figure class=\"wp-block-image size-large\"><img data-recalc-dims=\"1\" fetchpriority=\"high\" decoding=\"async\" width=\"1024\" height=\"907\" src=\"https:\/\/i0.wp.com\/elregionalvm.com.ar\/noticias-villa-maria\/wp-content\/uploads\/2024\/09\/WhatsApp-Image-2024-09-23-at-16.27.33-1.jpeg?resize=1024%2C907&#038;ssl=1\" alt=\"\" class=\"wp-image-98928\" srcset=\"https:\/\/i0.wp.com\/elregionalvm.com.ar\/noticias-villa-maria\/wp-content\/uploads\/2024\/09\/WhatsApp-Image-2024-09-23-at-16.27.33-1.jpeg?resize=1024%2C907&amp;ssl=1 1024w, https:\/\/i0.wp.com\/elregionalvm.com.ar\/noticias-villa-maria\/wp-content\/uploads\/2024\/09\/WhatsApp-Image-2024-09-23-at-16.27.33-1.jpeg?resize=300%2C266&amp;ssl=1 300w, https:\/\/i0.wp.com\/elregionalvm.com.ar\/noticias-villa-maria\/wp-content\/uploads\/2024\/09\/WhatsApp-Image-2024-09-23-at-16.27.33-1.jpeg?resize=768%2C680&amp;ssl=1 768w, https:\/\/i0.wp.com\/elregionalvm.com.ar\/noticias-villa-maria\/wp-content\/uploads\/2024\/09\/WhatsApp-Image-2024-09-23-at-16.27.33-1.jpeg?w=1273&amp;ssl=1 1273w\" sizes=\"(max-width: 1000px) 100vw, 1000px\" \/><\/figure>\n\n\n\n<p>Durante su alocuci\u00f3n, Eduardo Accastello destac\u00f3 que C\u00f3rdoba es la \u00fanica provincia que cuenta con una ley sobre biocombustibles, la cual promueve el desarrollo del sector y el cuidado del medioambiente.<\/p>\n\n\n\n<p>Al respecto, dijo: \u201cNuestra provincia produce motores E27 que exporta a Brasil, pero que no puede utilizar por la legislaci\u00f3n nacional vigente. Me toc\u00f3 abordar la problem\u00e1tica primero como diputado y luego como ministro\u00bb.<\/p>\n\n\n\n<p>\u201dVilla Mar\u00eda es la ciudad Argentina que m\u00e1s bioetanol exporta gracias a ACABio, que tambi\u00e9n genera cada vez m\u00e1s empleo, por eso decimos que somos el kil\u00f3metro cero en la producci\u00f3n de biocombustibles del pa\u00eds\u201d.<\/p>\n\n\n\n<p>\u00abGracias a la investigaci\u00f3n y al desarrollo del sector comenzaremos a producir biocombustible para aviones y esto es fundamental ya que desde el a\u00f1o 2040 los aviones deber\u00e1n utilizar combustibles verdes\u00bb.<\/p>\n\n\n\n<p>\u201cDurante este tipo de encuentros se propicia la escucha activa, se reunen muchas experiencias de distintos municipios de la Argentina y otros paises\u201d, cerr\u00f3 el intendente.<\/p>\n\n\n\n<figure class=\"wp-block-image size-large\"><img data-recalc-dims=\"1\" decoding=\"async\" width=\"1024\" height=\"683\" src=\"https:\/\/i0.wp.com\/elregionalvm.com.ar\/noticias-villa-maria\/wp-content\/uploads\/2024\/09\/WhatsApp-Image-2024-09-23-at-16.27.34.jpeg?resize=1024%2C683&#038;ssl=1\" alt=\"\" class=\"wp-image-98927\" srcset=\"https:\/\/i0.wp.com\/elregionalvm.com.ar\/noticias-villa-maria\/wp-content\/uploads\/2024\/09\/WhatsApp-Image-2024-09-23-at-16.27.34.jpeg?resize=1024%2C683&amp;ssl=1 1024w, https:\/\/i0.wp.com\/elregionalvm.com.ar\/noticias-villa-maria\/wp-content\/uploads\/2024\/09\/WhatsApp-Image-2024-09-23-at-16.27.34.jpeg?resize=300%2C200&amp;ssl=1 300w, https:\/\/i0.wp.com\/elregionalvm.com.ar\/noticias-villa-maria\/wp-content\/uploads\/2024\/09\/WhatsApp-Image-2024-09-23-at-16.27.34.jpeg?resize=768%2C512&amp;ssl=1 768w, https:\/\/i0.wp.com\/elregionalvm.com.ar\/noticias-villa-maria\/wp-content\/uploads\/2024\/09\/WhatsApp-Image-2024-09-23-at-16.27.34.jpeg?resize=1536%2C1024&amp;ssl=1 1536w, https:\/\/i0.wp.com\/elregionalvm.com.ar\/noticias-villa-maria\/wp-content\/uploads\/2024\/09\/WhatsApp-Image-2024-09-23-at-16.27.34.jpeg?w=1600&amp;ssl=1 1600w\" sizes=\"(max-width: 1000px) 100vw, 1000px\" \/><\/figure>\n\n\n\n<p>La iniciativa, que se desarrolla durante este lunes y martes en el Centro Cultural Comunitario Leonardo Favio, cuenta con la participaci\u00f3n de referentes de Montevideo (Uruguay), Ciudad Aut\u00f3noma de Buenos Aires, C\u00f3rdoba, Tandil, Lincoln, Santa Fe, Avellaneda (Santa Fe), Taf\u00ed Viejo, Mendoza y Chile.<\/p>\n\n\n\n<p>El evento, organizado por el Programa de Desarrollo Integrado, re\u00fane a expertos, l\u00edderes gubernamentales, empresarios y acad\u00e9micos internacionales que comparten ideas sobre c\u00f3mo las ciudades pueden avanzar hacia un futuro m\u00e1s sostenible, eficiente y de forma m\u00e1s innovadora.<\/p>\n\n\n\n<p>Sobre el Seminario<\/p>\n\n\n\n<p>El encuentro es un espacio de debate y exposici\u00f3n de pr\u00e1cticas y pol\u00edticas de gobernanza a nivel mundial, para gobiernos locales, destacando el desarrollo urbano, la gesti\u00f3n de recursos, la innovaci\u00f3n tecnol\u00f3gica y las pr\u00e1cticas sostenibles.<\/p>\n","protected":false},"excerpt":{"rendered":"<p>El intendente Eduardo Accastello particip\u00f3 en el Seminario Internacional sobre \u00abCiudades Innovadoras, Verdes e Inteligentes\u00bb, que se realiza en nuestra ciudad. M\u00e1s precisamente moder\u00f3 el bloque \u00abBiocombustibles: Modelo de Villa Mar\u00eda\u00bb del que participaron como expositores el director de ACABio, Victor Accastello; el director de Biocombustibles y Bioenerg\u00edas de la Provincia, Mariano Santill\u00e1n y la [&hellip;]<\/p>\n","protected":false},"author":4,"featured_media":98929,"comment_status":"open","ping_status":"open","sticky":false,"template":"","format":"standard","meta":{"site-sidebar-layout":"default","site-content-layout":"","ast-site-content-layout":"default","site-content-style":"default","site-sidebar-style":"default","ast-global-header-display":"","ast-banner-title-visibility":"","ast-main-header-display":"","ast-hfb-above-header-display":"","ast-hfb-below-header-display":"","ast-hfb-mobile-header-display":"","site-post-title":"","ast-breadcrumbs-content":"","ast-featured-img":"","footer-sml-layout":"","ast-disable-related-posts":"","theme-transparent-header-meta":"","adv-header-id-meta":"","stick-header-meta":"","header-above-stick-meta":"","header-main-stick-meta":"","header-below-stick-meta":"","astra-migrate-meta-layouts":"set","ast-page-background-enabled":"default","ast-page-background-meta":{"desktop":{"background-color":"","background-image":"","background-repeat":"repeat","background-position":"center center","background-size":"auto","background-attachment":"scroll","background-type":"","background-media":"","overlay-type":"","overlay-color":"","overlay-opacity":"","overlay-gradient":""},"tablet":{"background-color":"","background-image":"","background-repeat":"repeat","background-position":"center center","background-size":"auto","background-attachment":"scroll","background-type":"","background-media":"","overlay-type":"","overlay-color":"","overlay-opacity":"","overlay-gradient":""},"mobile":{"background-color":"","background-image":"","background-repeat":"repeat","background-position":"center center","background-size":"auto","background-attachment":"scroll","background-type":"","background-media":"","overlay-type":"","overlay-color":"","overlay-opacity":"","overlay-gradient":""}},"ast-content-background-meta":{"desktop":{"background-color":"var(--ast-global-color-5)","background-image":"","background-repeat":"repeat","background-position":"center center","background-size":"auto","background-attachment":"scroll","background-type":"","background-media":"","overlay-type":"","overlay-color":"","overlay-opacity":"","overlay-gradient":""},"tablet":{"background-color":"var(--ast-global-color-5)","background-image":"","background-repeat":"repeat","background-position":"center center","background-size":"auto","background-attachment":"scroll","background-type":"","background-media":"","overlay-type":"","overlay-color":"","overlay-opacity":"","overlay-gradient":""},"mobile":{"background-color":"var(--ast-global-color-5)","background-image":"","background-repeat":"repeat","background-position":"center center","background-size":"auto","background-attachment":"scroll","background-type":"","background-media":"","overlay-type":"","overlay-color":"","overlay-opacity":"","overlay-gradient":""}},"_jetpack_memberships_contains_paid_content":false,"_joinchat":[],"footnotes":""},"categories":[15302,5,2],"tags":[],"class_list":["post-98926","post","type-post","status-publish","format-standard","has-post-thumbnail","hentry","category-destacado","category-sociedad","category-villa-maria"],"yoast_head":"<!-- This site is optimized with the Yoast SEO plugin v26.8 - https:\/\/yoast.com\/product\/yoast-seo-wordpress\/ -->\n<title>Eduardo Accastello particip\u00f3 del Seminario Internacional sobre Ciudadades Innovadoras, Verdes e Inteligentes&quot; - El Regional<\/title>\n<meta name=\"robots\" content=\"index, follow, max-snippet:-1, max-image-preview:large, max-video-preview:-1\" \/>\n<link rel=\"canonical\" href=\"https:\/\/elregionalvm.com.ar\/noticias-villa-maria\/eduardo-accastello-participo-del-seminario-internacional-sobre-ciudadades-innovadoras-verdes-e-inteligentes\/\" \/>\n<meta property=\"og:locale\" content=\"es_ES\" \/>\n<meta property=\"og:type\" content=\"article\" \/>\n<meta property=\"og:title\" content=\"Eduardo Accastello particip\u00f3 del Seminario Internacional sobre Ciudadades Innovadoras, Verdes e Inteligentes&quot; - El Regional\" \/>\n<meta property=\"og:description\" content=\"El intendente Eduardo Accastello particip\u00f3 en el Seminario Internacional sobre \u00abCiudades Innovadoras, Verdes e Inteligentes\u00bb, que se realiza en nuestra ciudad. M\u00e1s precisamente moder\u00f3 el bloque \u00abBiocombustibles: Modelo de Villa Mar\u00eda\u00bb del que participaron como expositores el director de ACABio, Victor Accastello; el director de Biocombustibles y Bioenerg\u00edas de la Provincia, Mariano Santill\u00e1n y la [&hellip;]\" \/>\n<meta property=\"og:url\" content=\"https:\/\/elregionalvm.com.ar\/noticias-villa-maria\/eduardo-accastello-participo-del-seminario-internacional-sobre-ciudadades-innovadoras-verdes-e-inteligentes\/\" \/>\n<meta property=\"og:site_name\" content=\"El Regional\" \/>\n<meta property=\"article:publisher\" content=\"https:\/\/www.facebook.com\/elregionalvm\" \/>\n<meta property=\"article:published_time\" content=\"2024-09-23T21:21:49+00:00\" \/>\n<meta property=\"article:modified_time\" content=\"2024-09-23T21:21:50+00:00\" \/>\n<meta property=\"og:image\" content=\"https:\/\/elregionalvm.com.ar\/noticias-villa-maria\/wp-content\/uploads\/2024\/09\/WhatsApp-Image-2024-09-23-at-16.27.33.jpeg\" \/>\n\t<meta property=\"og:image:width\" content=\"1600\" \/>\n\t<meta property=\"og:image:height\" content=\"1133\" \/>\n\t<meta property=\"og:image:type\" content=\"image\/jpeg\" \/>\n<meta name=\"author\" content=\"Contenidos El Regional\" \/>\n<meta name=\"twitter:card\" content=\"summary_large_image\" \/>\n<meta name=\"twitter:creator\" content=\"@elregionalvm1\" \/>\n<meta name=\"twitter:site\" content=\"@elregionalvm1\" \/>\n<meta name=\"twitter:label1\" content=\"Escrito por\" \/>\n\t<meta name=\"twitter:data1\" content=\"Contenidos El Regional\" \/>\n\t<meta name=\"twitter:label2\" content=\"Tiempo de lectura\" \/>\n\t<meta name=\"twitter:data2\" content=\"3 minutos\" \/>\n<script type=\"application\/ld+json\" class=\"yoast-schema-graph\">{\"@context\":\"https:\/\/schema.org\",\"@graph\":[{\"@type\":\"Article\",\"@id\":\"https:\/\/elregionalvm.com.ar\/noticias-villa-maria\/eduardo-accastello-participo-del-seminario-internacional-sobre-ciudadades-innovadoras-verdes-e-inteligentes\/#article\",\"isPartOf\":{\"@id\":\"https:\/\/elregionalvm.com.ar\/noticias-villa-maria\/eduardo-accastello-participo-del-seminario-internacional-sobre-ciudadades-innovadoras-verdes-e-inteligentes\/\"},\"author\":{\"name\":\"Contenidos El Regional\",\"@id\":\"http:\/\/elregionalvm.com.ar\/noticias-villa-maria\/#\/schema\/person\/a0fb9c422317faca23d50163151bc354\"},\"headline\":\"Eduardo Accastello particip\u00f3 del Seminario Internacional sobre Ciudadades Innovadoras, Verdes e Inteligentes\u00bb\",\"datePublished\":\"2024-09-23T21:21:49+00:00\",\"dateModified\":\"2024-09-23T21:21:50+00:00\",\"mainEntityOfPage\":{\"@id\":\"https:\/\/elregionalvm.com.ar\/noticias-villa-maria\/eduardo-accastello-participo-del-seminario-internacional-sobre-ciudadades-innovadoras-verdes-e-inteligentes\/\"},\"wordCount\":389,\"commentCount\":0,\"image\":{\"@id\":\"https:\/\/elregionalvm.com.ar\/noticias-villa-maria\/eduardo-accastello-participo-del-seminario-internacional-sobre-ciudadades-innovadoras-verdes-e-inteligentes\/#primaryimage\"},\"thumbnailUrl\":\"https:\/\/i0.wp.com\/elregionalvm.com.ar\/noticias-villa-maria\/wp-content\/uploads\/2024\/09\/WhatsApp-Image-2024-09-23-at-16.27.33.jpeg?fit=1600%2C1133&ssl=1\",\"articleSection\":[\"destacado\",\"Sociedad\",\"Villa Mar\u00eda\"],\"inLanguage\":\"es\",\"potentialAction\":[{\"@type\":\"CommentAction\",\"name\":\"Comment\",\"target\":[\"https:\/\/elregionalvm.com.ar\/noticias-villa-maria\/eduardo-accastello-participo-del-seminario-internacional-sobre-ciudadades-innovadoras-verdes-e-inteligentes\/#respond\"]}]},{\"@type\":\"WebPage\",\"@id\":\"https:\/\/elregionalvm.com.ar\/noticias-villa-maria\/eduardo-accastello-participo-del-seminario-internacional-sobre-ciudadades-innovadoras-verdes-e-inteligentes\/\",\"url\":\"https:\/\/elregionalvm.com.ar\/noticias-villa-maria\/eduardo-accastello-participo-del-seminario-internacional-sobre-ciudadades-innovadoras-verdes-e-inteligentes\/\",\"name\":\"Eduardo Accastello particip\u00f3 del Seminario Internacional sobre Ciudadades Innovadoras, Verdes e Inteligentes\\\" - El Regional\",\"isPartOf\":{\"@id\":\"http:\/\/elregionalvm.com.ar\/noticias-villa-maria\/#website\"},\"primaryImageOfPage\":{\"@id\":\"https:\/\/elregionalvm.com.ar\/noticias-villa-maria\/eduardo-accastello-participo-del-seminario-internacional-sobre-ciudadades-innovadoras-verdes-e-inteligentes\/#primaryimage\"},\"image\":{\"@id\":\"https:\/\/elregionalvm.com.ar\/noticias-villa-maria\/eduardo-accastello-participo-del-seminario-internacional-sobre-ciudadades-innovadoras-verdes-e-inteligentes\/#primaryimage\"},\"thumbnailUrl\":\"https:\/\/i0.wp.com\/elregionalvm.com.ar\/noticias-villa-maria\/wp-content\/uploads\/2024\/09\/WhatsApp-Image-2024-09-23-at-16.27.33.jpeg?fit=1600%2C1133&ssl=1\",\"datePublished\":\"2024-09-23T21:21:49+00:00\",\"dateModified\":\"2024-09-23T21:21:50+00:00\",\"author\":{\"@id\":\"http:\/\/elregionalvm.com.ar\/noticias-villa-maria\/#\/schema\/person\/a0fb9c422317faca23d50163151bc354\"},\"breadcrumb\":{\"@id\":\"https:\/\/elregionalvm.com.ar\/noticias-villa-maria\/eduardo-accastello-participo-del-seminario-internacional-sobre-ciudadades-innovadoras-verdes-e-inteligentes\/#breadcrumb\"},\"inLanguage\":\"es\",\"potentialAction\":[{\"@type\":\"ReadAction\",\"target\":[\"https:\/\/elregionalvm.com.ar\/noticias-villa-maria\/eduardo-accastello-participo-del-seminario-internacional-sobre-ciudadades-innovadoras-verdes-e-inteligentes\/\"]}]},{\"@type\":\"ImageObject\",\"inLanguage\":\"es\",\"@id\":\"https:\/\/elregionalvm.com.ar\/noticias-villa-maria\/eduardo-accastello-participo-del-seminario-internacional-sobre-ciudadades-innovadoras-verdes-e-inteligentes\/#primaryimage\",\"url\":\"https:\/\/i0.wp.com\/elregionalvm.com.ar\/noticias-villa-maria\/wp-content\/uploads\/2024\/09\/WhatsApp-Image-2024-09-23-at-16.27.33.jpeg?fit=1600%2C1133&ssl=1\",\"contentUrl\":\"https:\/\/i0.wp.com\/elregionalvm.com.ar\/noticias-villa-maria\/wp-content\/uploads\/2024\/09\/WhatsApp-Image-2024-09-23-at-16.27.33.jpeg?fit=1600%2C1133&ssl=1\",\"width\":1600,\"height\":1133},{\"@type\":\"BreadcrumbList\",\"@id\":\"https:\/\/elregionalvm.com.ar\/noticias-villa-maria\/eduardo-accastello-participo-del-seminario-internacional-sobre-ciudadades-innovadoras-verdes-e-inteligentes\/#breadcrumb\",\"itemListElement\":[{\"@type\":\"ListItem\",\"position\":1,\"name\":\"Portada\",\"item\":\"https:\/\/elregionalvm.com.ar\/noticias-villa-maria\/\"},{\"@type\":\"ListItem\",\"position\":2,\"name\":\"Eduardo Accastello particip\u00f3 del Seminario Internacional sobre Ciudadades Innovadoras, Verdes e Inteligentes\u00bb\"}]},{\"@type\":\"WebSite\",\"@id\":\"http:\/\/elregionalvm.com.ar\/noticias-villa-maria\/#website\",\"url\":\"http:\/\/elregionalvm.com.ar\/noticias-villa-maria\/\",\"name\":\"El Regional\",\"description\":\"Mucho m\u00e1s que informaci\u00f3n\",\"potentialAction\":[{\"@type\":\"SearchAction\",\"target\":{\"@type\":\"EntryPoint\",\"urlTemplate\":\"http:\/\/elregionalvm.com.ar\/noticias-villa-maria\/?s={search_term_string}\"},\"query-input\":{\"@type\":\"PropertyValueSpecification\",\"valueRequired\":true,\"valueName\":\"search_term_string\"}}],\"inLanguage\":\"es\"},{\"@type\":\"Person\",\"@id\":\"http:\/\/elregionalvm.com.ar\/noticias-villa-maria\/#\/schema\/person\/a0fb9c422317faca23d50163151bc354\",\"name\":\"Contenidos El Regional\",\"image\":{\"@type\":\"ImageObject\",\"inLanguage\":\"es\",\"@id\":\"http:\/\/elregionalvm.com.ar\/noticias-villa-maria\/#\/schema\/person\/image\/\",\"url\":\"https:\/\/secure.gravatar.com\/avatar\/265b27cb2209af7bb3a1318f03305787d7981a5cc6e6cd08fe5a4ecdf99d4b48?s=96&d=mm&r=g\",\"contentUrl\":\"https:\/\/secure.gravatar.com\/avatar\/265b27cb2209af7bb3a1318f03305787d7981a5cc6e6cd08fe5a4ecdf99d4b48?s=96&d=mm&r=g\",\"caption\":\"Contenidos El Regional\"},\"url\":\"https:\/\/elregionalvm.com.ar\/noticias-villa-maria\/author\/contenido\/\"}]}<\/script>\n<!-- \/ Yoast SEO plugin. -->","yoast_head_json":{"title":"Eduardo Accastello particip\u00f3 del Seminario Internacional sobre Ciudadades Innovadoras, Verdes e Inteligentes\" - El Regional","robots":{"index":"index","follow":"follow","max-snippet":"max-snippet:-1","max-image-preview":"max-image-preview:large","max-video-preview":"max-video-preview:-1"},"canonical":"https:\/\/elregionalvm.com.ar\/noticias-villa-maria\/eduardo-accastello-participo-del-seminario-internacional-sobre-ciudadades-innovadoras-verdes-e-inteligentes\/","og_locale":"es_ES","og_type":"article","og_title":"Eduardo Accastello particip\u00f3 del Seminario Internacional sobre Ciudadades Innovadoras, Verdes e Inteligentes\" - El Regional","og_description":"El intendente Eduardo Accastello particip\u00f3 en el Seminario Internacional sobre \u00abCiudades Innovadoras, Verdes e Inteligentes\u00bb, que se realiza en nuestra ciudad. M\u00e1s precisamente moder\u00f3 el bloque \u00abBiocombustibles: Modelo de Villa Mar\u00eda\u00bb del que participaron como expositores el director de ACABio, Victor Accastello; el director de Biocombustibles y Bioenerg\u00edas de la Provincia, Mariano Santill\u00e1n y la [&hellip;]","og_url":"https:\/\/elregionalvm.com.ar\/noticias-villa-maria\/eduardo-accastello-participo-del-seminario-internacional-sobre-ciudadades-innovadoras-verdes-e-inteligentes\/","og_site_name":"El Regional","article_publisher":"https:\/\/www.facebook.com\/elregionalvm","article_published_time":"2024-09-23T21:21:49+00:00","article_modified_time":"2024-09-23T21:21:50+00:00","og_image":[{"width":1600,"height":1133,"url":"https:\/\/elregionalvm.com.ar\/noticias-villa-maria\/wp-content\/uploads\/2024\/09\/WhatsApp-Image-2024-09-23-at-16.27.33.jpeg","type":"image\/jpeg"}],"author":"Contenidos El Regional","twitter_card":"summary_large_image","twitter_creator":"@elregionalvm1","twitter_site":"@elregionalvm1","twitter_misc":{"Escrito por":"Contenidos El Regional","Tiempo de lectura":"3 minutos"},"schema":{"@context":"https:\/\/schema.org","@graph":[{"@type":"Article","@id":"https:\/\/elregionalvm.com.ar\/noticias-villa-maria\/eduardo-accastello-participo-del-seminario-internacional-sobre-ciudadades-innovadoras-verdes-e-inteligentes\/#article","isPartOf":{"@id":"https:\/\/elregionalvm.com.ar\/noticias-villa-maria\/eduardo-accastello-participo-del-seminario-internacional-sobre-ciudadades-innovadoras-verdes-e-inteligentes\/"},"author":{"name":"Contenidos El Regional","@id":"http:\/\/elregionalvm.com.ar\/noticias-villa-maria\/#\/schema\/person\/a0fb9c422317faca23d50163151bc354"},"headline":"Eduardo Accastello particip\u00f3 del Seminario Internacional sobre Ciudadades Innovadoras, Verdes e Inteligentes\u00bb","datePublished":"2024-09-23T21:21:49+00:00","dateModified":"2024-09-23T21:21:50+00:00","mainEntityOfPage":{"@id":"https:\/\/elregionalvm.com.ar\/noticias-villa-maria\/eduardo-accastello-participo-del-seminario-internacional-sobre-ciudadades-innovadoras-verdes-e-inteligentes\/"},"wordCount":389,"commentCount":0,"image":{"@id":"https:\/\/elregionalvm.com.ar\/noticias-villa-maria\/eduardo-accastello-participo-del-seminario-internacional-sobre-ciudadades-innovadoras-verdes-e-inteligentes\/#primaryimage"},"thumbnailUrl":"https:\/\/i0.wp.com\/elregionalvm.com.ar\/noticias-villa-maria\/wp-content\/uploads\/2024\/09\/WhatsApp-Image-2024-09-23-at-16.27.33.jpeg?fit=1600%2C1133&ssl=1","articleSection":["destacado","Sociedad","Villa Mar\u00eda"],"inLanguage":"es","potentialAction":[{"@type":"CommentAction","name":"Comment","target":["https:\/\/elregionalvm.com.ar\/noticias-villa-maria\/eduardo-accastello-participo-del-seminario-internacional-sobre-ciudadades-innovadoras-verdes-e-inteligentes\/#respond"]}]},{"@type":"WebPage","@id":"https:\/\/elregionalvm.com.ar\/noticias-villa-maria\/eduardo-accastello-participo-del-seminario-internacional-sobre-ciudadades-innovadoras-verdes-e-inteligentes\/","url":"https:\/\/elregionalvm.com.ar\/noticias-villa-maria\/eduardo-accastello-participo-del-seminario-internacional-sobre-ciudadades-innovadoras-verdes-e-inteligentes\/","name":"Eduardo Accastello particip\u00f3 del Seminario Internacional sobre Ciudadades Innovadoras, Verdes e Inteligentes\" - El Regional","isPartOf":{"@id":"http:\/\/elregionalvm.com.ar\/noticias-villa-maria\/#website"},"primaryImageOfPage":{"@id":"https:\/\/elregionalvm.com.ar\/noticias-villa-maria\/eduardo-accastello-participo-del-seminario-internacional-sobre-ciudadades-innovadoras-verdes-e-inteligentes\/#primaryimage"},"image":{"@id":"https:\/\/elregionalvm.com.ar\/noticias-villa-maria\/eduardo-accastello-participo-del-seminario-internacional-sobre-ciudadades-innovadoras-verdes-e-inteligentes\/#primaryimage"},"thumbnailUrl":"https:\/\/i0.wp.com\/elregionalvm.com.ar\/noticias-villa-maria\/wp-content\/uploads\/2024\/09\/WhatsApp-Image-2024-09-23-at-16.27.33.jpeg?fit=1600%2C1133&ssl=1","datePublished":"2024-09-23T21:21:49+00:00","dateModified":"2024-09-23T21:21:50+00:00","author":{"@id":"http:\/\/elregionalvm.com.ar\/noticias-villa-maria\/#\/schema\/person\/a0fb9c422317faca23d50163151bc354"},"breadcrumb":{"@id":"https:\/\/elregionalvm.com.ar\/noticias-villa-maria\/eduardo-accastello-participo-del-seminario-internacional-sobre-ciudadades-innovadoras-verdes-e-inteligentes\/#breadcrumb"},"inLanguage":"es","potentialAction":[{"@type":"ReadAction","target":["https:\/\/elregionalvm.com.ar\/noticias-villa-maria\/eduardo-accastello-participo-del-seminario-internacional-sobre-ciudadades-innovadoras-verdes-e-inteligentes\/"]}]},{"@type":"ImageObject","inLanguage":"es","@id":"https:\/\/elregionalvm.com.ar\/noticias-villa-maria\/eduardo-accastello-participo-del-seminario-internacional-sobre-ciudadades-innovadoras-verdes-e-inteligentes\/#primaryimage","url":"https:\/\/i0.wp.com\/elregionalvm.com.ar\/noticias-villa-maria\/wp-content\/uploads\/2024\/09\/WhatsApp-Image-2024-09-23-at-16.27.33.jpeg?fit=1600%2C1133&ssl=1","contentUrl":"https:\/\/i0.wp.com\/elregionalvm.com.ar\/noticias-villa-maria\/wp-content\/uploads\/2024\/09\/WhatsApp-Image-2024-09-23-at-16.27.33.jpeg?fit=1600%2C1133&ssl=1","width":1600,"height":1133},{"@type":"BreadcrumbList","@id":"https:\/\/elregionalvm.com.ar\/noticias-villa-maria\/eduardo-accastello-participo-del-seminario-internacional-sobre-ciudadades-innovadoras-verdes-e-inteligentes\/#breadcrumb","itemListElement":[{"@type":"ListItem","position":1,"name":"Portada","item":"https:\/\/elregionalvm.com.ar\/noticias-villa-maria\/"},{"@type":"ListItem","position":2,"name":"Eduardo Accastello particip\u00f3 del Seminario Internacional sobre Ciudadades Innovadoras, Verdes e Inteligentes\u00bb"}]},{"@type":"WebSite","@id":"http:\/\/elregionalvm.com.ar\/noticias-villa-maria\/#website","url":"http:\/\/elregionalvm.com.ar\/noticias-villa-maria\/","name":"El Regional","description":"Mucho m\u00e1s que informaci\u00f3n","potentialAction":[{"@type":"SearchAction","target":{"@type":"EntryPoint","urlTemplate":"http:\/\/elregionalvm.com.ar\/noticias-villa-maria\/?s={search_term_string}"},"query-input":{"@type":"PropertyValueSpecification","valueRequired":true,"valueName":"search_term_string"}}],"inLanguage":"es"},{"@type":"Person","@id":"http:\/\/elregionalvm.com.ar\/noticias-villa-maria\/#\/schema\/person\/a0fb9c422317faca23d50163151bc354","name":"Contenidos El Regional","image":{"@type":"ImageObject","inLanguage":"es","@id":"http:\/\/elregionalvm.com.ar\/noticias-villa-maria\/#\/schema\/person\/image\/","url":"https:\/\/secure.gravatar.com\/avatar\/265b27cb2209af7bb3a1318f03305787d7981a5cc6e6cd08fe5a4ecdf99d4b48?s=96&d=mm&r=g","contentUrl":"https:\/\/secure.gravatar.com\/avatar\/265b27cb2209af7bb3a1318f03305787d7981a5cc6e6cd08fe5a4ecdf99d4b48?s=96&d=mm&r=g","caption":"Contenidos El Regional"},"url":"https:\/\/elregionalvm.com.ar\/noticias-villa-maria\/author\/contenido\/"}]}},"jetpack_featured_media_url":"https:\/\/i0.wp.com\/elregionalvm.com.ar\/noticias-villa-maria\/wp-content\/uploads\/2024\/09\/WhatsApp-Image-2024-09-23-at-16.27.33.jpeg?fit=1600%2C1133&ssl=1","jetpack_sharing_enabled":true,"_links":{"self":[{"href":"https:\/\/elregionalvm.com.ar\/noticias-villa-maria\/wp-json\/wp\/v2\/posts\/98926","targetHints":{"allow":["GET"]}}],"collection":[{"href":"https:\/\/elregionalvm.com.ar\/noticias-villa-maria\/wp-json\/wp\/v2\/posts"}],"about":[{"href":"https:\/\/elregionalvm.com.ar\/noticias-villa-maria\/wp-json\/wp\/v2\/types\/post"}],"author":[{"embeddable":true,"href":"https:\/\/elregionalvm.com.ar\/noticias-villa-maria\/wp-json\/wp\/v2\/users\/4"}],"replies":[{"embeddable":true,"href":"https:\/\/elregionalvm.com.ar\/noticias-villa-maria\/wp-json\/wp\/v2\/comments?post=98926"}],"version-history":[{"count":1,"href":"https:\/\/elregionalvm.com.ar\/noticias-villa-maria\/wp-json\/wp\/v2\/posts\/98926\/revisions"}],"predecessor-version":[{"id":98930,"href":"https:\/\/elregionalvm.com.ar\/noticias-villa-maria\/wp-json\/wp\/v2\/posts\/98926\/revisions\/98930"}],"wp:featuredmedia":[{"embeddable":true,"href":"https:\/\/elregionalvm.com.ar\/noticias-villa-maria\/wp-json\/wp\/v2\/media\/98929"}],"wp:attachment":[{"href":"https:\/\/elregionalvm.com.ar\/noticias-villa-maria\/wp-json\/wp\/v2\/media?parent=98926"}],"wp:term":[{"taxonomy":"category","embeddable":true,"href":"https:\/\/elregionalvm.com.ar\/noticias-villa-maria\/wp-json\/wp\/v2\/categories?post=98926"},{"taxonomy":"post_tag","embeddable":true,"href":"https:\/\/elregionalvm.com.ar\/noticias-villa-maria\/wp-json\/wp\/v2\/tags?post=98926"}],"curies":[{"name":"wp","href":"https:\/\/api.w.org\/{rel}","templated":true}]}}