{"id":98934,"date":"2024-09-23T21:28:59","date_gmt":"2024-09-23T21:28:59","guid":{"rendered":"https:\/\/elregionalvm.com.ar\/noticias-villa-maria\/?p=98934"},"modified":"2024-09-23T21:29:00","modified_gmt":"2024-09-23T21:29:00","slug":"villa-maria-formara-parte-del-tour-provincial-de-cocina","status":"publish","type":"post","link":"https:\/\/elregionalvm.com.ar\/noticias-villa-maria\/villa-maria-formara-parte-del-tour-provincial-de-cocina\/","title":{"rendered":"Villa Mar\u00eda formar\u00e1 parte del tour provincial de cocina"},"content":{"rendered":"\n<p>La Asociaci\u00f3n Provincial Utuco, junto al Ente Villa Mar\u00eda Deporte y Turismo, y la Secretar\u00eda de Gobierno, Relaciones Institucionales y Cultura, invita los y las vecinas de nuestra ciudad y la regi\u00f3n a formar parte del \u201cTour Provincial de Cocina\u201d.<\/p>\n\n\n\n<p>La propuesta, se realizar\u00e1 en doce locales gastron\u00f3micos de toda la provincia de C\u00f3rdoba, dentro de los cuales est\u00e1 incluido La Rosita Steak House, ubicado en calle Leandro N. Alem 43, Villa Mar\u00eda.<\/p>\n\n\n\n<p>En este sentido, la iniciativa se llevar\u00e1 a cabo el 29 de septiembre, a partir de las 12:30 horas, y brindar\u00e1 la posibilidad de degustar comida gourmet a trav\u00e9s de un men\u00fa compuesto por platos principales y postres t\u00edpicos de la gastronom\u00eda argentina .<\/p>\n\n\n\n<p>Al respecto, el presidente del Ente Villa Mar\u00eda Deporte y Turismo, Alejandro Mana, coment\u00f3: \u201cEstamos muy contentos de anunciar el Tour Provincial de Cocina va a tener su espacio en Villa Mar\u00eda. La idea es organizada por Utuco, una fundaci\u00f3n que busca darle identidad a la gastronom\u00eda y cultura cordobesas, y nuestra intenci\u00f3n es que sea un momento familiar para disfrutar de la gastronom\u00eda local, a trav\u00e9s de las propuestas de productores de Villa Mar\u00eda, junto a chefs de C\u00f3rdoba, que van a armar todos los platos\u201d.<\/p>\n\n\n\n<p>A su turno, el titular de la cartera de Cultura, Marcos Bovo, a\u00f1adi\u00f3: \u201cDesde la Municipalidad acompa\u00f1amos para que haya propuestas para todos los p\u00fablicos, en este caso vinculado a la gastronom\u00eda. Estamos en una cuenca l\u00e1ctea por excelencia, industrializadora, por lo cual poner en los platos los productos de nuestra zona, de nuestra regi\u00f3n, de nuestra ciudad, es tambi\u00e9n poner en valor a Villa Mar\u00eda\u201d.<\/p>\n\n\n\n<p>Luego, continu\u00f3: \u201cEl turismo como herramienta de desarrollo tiene un eje central en la gastronom\u00eda, si uno concibe a la provincia de C\u00f3rdoba, donde el turismo es una de sus industrias m\u00e1s importantes, hay muchos destinos que se han consolidado a partir de fomentar una buena gastronom\u00eda, una buena cocina. Entonces esta propuesta genera la oportunidad para que ese p\u00fablico espec\u00edfico al que apunta la iniciativa pueda venir a disfrutar\u201d.<\/p>\n\n\n\n<p>Por su parte, la due\u00f1a de La Rosita Steak House, Yanina Larose, expres\u00f3: \u201cNosotros formamos parte de Utuco y junto con el Circuito Gastron\u00f3mico se ha organizado este primer tour de cocina, donde tenemos el placer de haber sido elegidos como destino para el almuerzo del d\u00eda 29. Vamos a presentar platos que tienen que ver con lo local, junto al acompa\u00f1amiento de productores como La Tonadita, L\u00e1cteos Las Tres, El Emperador, N\u00f3rdico, R\u00edo Deseado, la familia Benito, dos huertas org\u00e1nicas locales como son La Pacha y La Selina, entre otros. Queremos mostrar para afuera toda la capacidad que tiene Villa Mar\u00eda\u201d.<\/p>\n\n\n\n<p>Adem\u00e1s, la jornada estar\u00e1 acompa\u00f1ada por animaci\u00f3n y espect\u00e1culos musicales, de la mano de artistas locales.<\/p>\n\n\n\n<p>Sobre Utuco<\/p>\n\n\n\n<p>Utuco es un proyecto que busca la identidad gastron\u00f3mica de C\u00f3rdoba, constituy\u00e9ndose como una organizaci\u00f3n sin fines de lucro que naci\u00f3 en 2021, y ya re\u00fane a m\u00e1s de 180 integrantes, entre productores y cocineros de toda la provincia.<\/p>\n\n\n\n<p>En lengua comechingona, Utuco significa \u201cabundancia\u201d y, con el apoyo de organismos p\u00fablicos provinciales y municipales, el proyecto se encuentra en plena expansi\u00f3n recorriendo la provincia detr\u00e1s de historias, personajes y testimonios.<\/p>\n\n\n\n<p>Asimismo, en representaci\u00f3n de la entidad, Claudio Tello, dijo que Utuco se cre\u00f3 con la idea de caminar hacia descubrir la identidad de la cocina cordobesa. \u201cTenemos or\u00edgenes diversos, pero eso es lo que hace a una identidad. En este caso, el domingo ac\u00e1 en La Rosita vamos a honrar esos or\u00edgenes. La palabra Utuco significa abundancia, y la abundancia es tener mucho de cada cosa y nosotros tenemos diversas maneras de ver la cocina, pero lo que nos une es la b\u00fasqueda\u201d.<\/p>\n","protected":false},"excerpt":{"rendered":"<p>La Asociaci\u00f3n Provincial Utuco, junto al Ente Villa Mar\u00eda Deporte y Turismo, y la Secretar\u00eda de Gobierno, Relaciones Institucionales y Cultura, invita los y las vecinas de nuestra ciudad y la regi\u00f3n a formar parte del \u201cTour Provincial de Cocina\u201d. La propuesta, se realizar\u00e1 en doce locales gastron\u00f3micos de toda la provincia de C\u00f3rdoba, dentro [&hellip;]<\/p>\n","protected":false},"author":4,"featured_media":98935,"comment_status":"open","ping_status":"open","sticky":false,"template":"","format":"standard","meta":{"site-sidebar-layout":"default","site-content-layout":"","ast-site-content-layout":"default","site-content-style":"default","site-sidebar-style":"default","ast-global-header-display":"","ast-banner-title-visibility":"","ast-main-header-display":"","ast-hfb-above-header-display":"","ast-hfb-below-header-display":"","ast-hfb-mobile-header-display":"","site-post-title":"","ast-breadcrumbs-content":"","ast-featured-img":"","footer-sml-layout":"","ast-disable-related-posts":"","theme-transparent-header-meta":"","adv-header-id-meta":"","stick-header-meta":"","header-above-stick-meta":"","header-main-stick-meta":"","header-below-stick-meta":"","astra-migrate-meta-layouts":"set","ast-page-background-enabled":"default","ast-page-background-meta":{"desktop":{"background-color":"","background-image":"","background-repeat":"repeat","background-position":"center center","background-size":"auto","background-attachment":"scroll","background-type":"","background-media":"","overlay-type":"","overlay-color":"","overlay-opacity":"","overlay-gradient":""},"tablet":{"background-color":"","background-image":"","background-repeat":"repeat","background-position":"center center","background-size":"auto","background-attachment":"scroll","background-type":"","background-media":"","overlay-type":"","overlay-color":"","overlay-opacity":"","overlay-gradient":""},"mobile":{"background-color":"","background-image":"","background-repeat":"repeat","background-position":"center center","background-size":"auto","background-attachment":"scroll","background-type":"","background-media":"","overlay-type":"","overlay-color":"","overlay-opacity":"","overlay-gradient":""}},"ast-content-background-meta":{"desktop":{"background-color":"var(--ast-global-color-5)","background-image":"","background-repeat":"repeat","background-position":"center center","background-size":"auto","background-attachment":"scroll","background-type":"","background-media":"","overlay-type":"","overlay-color":"","overlay-opacity":"","overlay-gradient":""},"tablet":{"background-color":"var(--ast-global-color-5)","background-image":"","background-repeat":"repeat","background-position":"center center","background-size":"auto","background-attachment":"scroll","background-type":"","background-media":"","overlay-type":"","overlay-color":"","overlay-opacity":"","overlay-gradient":""},"mobile":{"background-color":"var(--ast-global-color-5)","background-image":"","background-repeat":"repeat","background-position":"center center","background-size":"auto","background-attachment":"scroll","background-type":"","background-media":"","overlay-type":"","overlay-color":"","overlay-opacity":"","overlay-gradient":""}},"_jetpack_memberships_contains_paid_content":false,"_joinchat":[],"footnotes":""},"categories":[15302,5,2],"tags":[],"class_list":["post-98934","post","type-post","status-publish","format-standard","has-post-thumbnail","hentry","category-destacado","category-sociedad","category-villa-maria"],"yoast_head":"<!-- This site is optimized with the Yoast SEO plugin v26.8 - https:\/\/yoast.com\/product\/yoast-seo-wordpress\/ -->\n<title>Villa Mar\u00eda formar\u00e1 parte del tour provincial de cocina - El Regional<\/title>\n<meta name=\"robots\" content=\"index, follow, max-snippet:-1, max-image-preview:large, max-video-preview:-1\" \/>\n<link rel=\"canonical\" href=\"https:\/\/elregionalvm.com.ar\/noticias-villa-maria\/villa-maria-formara-parte-del-tour-provincial-de-cocina\/\" \/>\n<meta property=\"og:locale\" content=\"es_ES\" \/>\n<meta property=\"og:type\" content=\"article\" \/>\n<meta property=\"og:title\" content=\"Villa Mar\u00eda formar\u00e1 parte del tour provincial de cocina - El Regional\" \/>\n<meta property=\"og:description\" content=\"La Asociaci\u00f3n Provincial Utuco, junto al Ente Villa Mar\u00eda Deporte y Turismo, y la Secretar\u00eda de Gobierno, Relaciones Institucionales y Cultura, invita los y las vecinas de nuestra ciudad y la regi\u00f3n a formar parte del \u201cTour Provincial de Cocina\u201d. La propuesta, se realizar\u00e1 en doce locales gastron\u00f3micos de toda la provincia de C\u00f3rdoba, dentro [&hellip;]\" \/>\n<meta property=\"og:url\" content=\"https:\/\/elregionalvm.com.ar\/noticias-villa-maria\/villa-maria-formara-parte-del-tour-provincial-de-cocina\/\" \/>\n<meta property=\"og:site_name\" content=\"El Regional\" \/>\n<meta property=\"article:publisher\" content=\"https:\/\/www.facebook.com\/elregionalvm\" \/>\n<meta property=\"article:published_time\" content=\"2024-09-23T21:28:59+00:00\" \/>\n<meta property=\"article:modified_time\" content=\"2024-09-23T21:29:00+00:00\" \/>\n<meta property=\"og:image\" content=\"https:\/\/elregionalvm.com.ar\/noticias-villa-maria\/wp-content\/uploads\/2024\/09\/WhatsApp-Image-2024-09-23-at-13.18.32.jpeg\" \/>\n\t<meta property=\"og:image:width\" content=\"1600\" \/>\n\t<meta property=\"og:image:height\" content=\"1067\" \/>\n\t<meta property=\"og:image:type\" content=\"image\/jpeg\" \/>\n<meta name=\"author\" content=\"Contenidos El Regional\" \/>\n<meta name=\"twitter:card\" content=\"summary_large_image\" \/>\n<meta name=\"twitter:creator\" content=\"@elregionalvm1\" \/>\n<meta name=\"twitter:site\" content=\"@elregionalvm1\" \/>\n<meta name=\"twitter:label1\" content=\"Escrito por\" \/>\n\t<meta name=\"twitter:data1\" content=\"Contenidos El Regional\" \/>\n\t<meta name=\"twitter:label2\" content=\"Tiempo de lectura\" \/>\n\t<meta name=\"twitter:data2\" content=\"4 minutos\" \/>\n<script type=\"application\/ld+json\" class=\"yoast-schema-graph\">{\"@context\":\"https:\/\/schema.org\",\"@graph\":[{\"@type\":\"Article\",\"@id\":\"https:\/\/elregionalvm.com.ar\/noticias-villa-maria\/villa-maria-formara-parte-del-tour-provincial-de-cocina\/#article\",\"isPartOf\":{\"@id\":\"https:\/\/elregionalvm.com.ar\/noticias-villa-maria\/villa-maria-formara-parte-del-tour-provincial-de-cocina\/\"},\"author\":{\"name\":\"Contenidos El Regional\",\"@id\":\"http:\/\/elregionalvm.com.ar\/noticias-villa-maria\/#\/schema\/person\/a0fb9c422317faca23d50163151bc354\"},\"headline\":\"Villa Mar\u00eda formar\u00e1 parte del tour provincial de cocina\",\"datePublished\":\"2024-09-23T21:28:59+00:00\",\"dateModified\":\"2024-09-23T21:29:00+00:00\",\"mainEntityOfPage\":{\"@id\":\"https:\/\/elregionalvm.com.ar\/noticias-villa-maria\/villa-maria-formara-parte-del-tour-provincial-de-cocina\/\"},\"wordCount\":676,\"commentCount\":0,\"image\":{\"@id\":\"https:\/\/elregionalvm.com.ar\/noticias-villa-maria\/villa-maria-formara-parte-del-tour-provincial-de-cocina\/#primaryimage\"},\"thumbnailUrl\":\"https:\/\/i0.wp.com\/elregionalvm.com.ar\/noticias-villa-maria\/wp-content\/uploads\/2024\/09\/WhatsApp-Image-2024-09-23-at-13.18.32.jpeg?fit=1600%2C1067&ssl=1\",\"articleSection\":[\"destacado\",\"Sociedad\",\"Villa Mar\u00eda\"],\"inLanguage\":\"es\",\"potentialAction\":[{\"@type\":\"CommentAction\",\"name\":\"Comment\",\"target\":[\"https:\/\/elregionalvm.com.ar\/noticias-villa-maria\/villa-maria-formara-parte-del-tour-provincial-de-cocina\/#respond\"]}]},{\"@type\":\"WebPage\",\"@id\":\"https:\/\/elregionalvm.com.ar\/noticias-villa-maria\/villa-maria-formara-parte-del-tour-provincial-de-cocina\/\",\"url\":\"https:\/\/elregionalvm.com.ar\/noticias-villa-maria\/villa-maria-formara-parte-del-tour-provincial-de-cocina\/\",\"name\":\"Villa Mar\u00eda formar\u00e1 parte del tour provincial de cocina - El Regional\",\"isPartOf\":{\"@id\":\"http:\/\/elregionalvm.com.ar\/noticias-villa-maria\/#website\"},\"primaryImageOfPage\":{\"@id\":\"https:\/\/elregionalvm.com.ar\/noticias-villa-maria\/villa-maria-formara-parte-del-tour-provincial-de-cocina\/#primaryimage\"},\"image\":{\"@id\":\"https:\/\/elregionalvm.com.ar\/noticias-villa-maria\/villa-maria-formara-parte-del-tour-provincial-de-cocina\/#primaryimage\"},\"thumbnailUrl\":\"https:\/\/i0.wp.com\/elregionalvm.com.ar\/noticias-villa-maria\/wp-content\/uploads\/2024\/09\/WhatsApp-Image-2024-09-23-at-13.18.32.jpeg?fit=1600%2C1067&ssl=1\",\"datePublished\":\"2024-09-23T21:28:59+00:00\",\"dateModified\":\"2024-09-23T21:29:00+00:00\",\"author\":{\"@id\":\"http:\/\/elregionalvm.com.ar\/noticias-villa-maria\/#\/schema\/person\/a0fb9c422317faca23d50163151bc354\"},\"breadcrumb\":{\"@id\":\"https:\/\/elregionalvm.com.ar\/noticias-villa-maria\/villa-maria-formara-parte-del-tour-provincial-de-cocina\/#breadcrumb\"},\"inLanguage\":\"es\",\"potentialAction\":[{\"@type\":\"ReadAction\",\"target\":[\"https:\/\/elregionalvm.com.ar\/noticias-villa-maria\/villa-maria-formara-parte-del-tour-provincial-de-cocina\/\"]}]},{\"@type\":\"ImageObject\",\"inLanguage\":\"es\",\"@id\":\"https:\/\/elregionalvm.com.ar\/noticias-villa-maria\/villa-maria-formara-parte-del-tour-provincial-de-cocina\/#primaryimage\",\"url\":\"https:\/\/i0.wp.com\/elregionalvm.com.ar\/noticias-villa-maria\/wp-content\/uploads\/2024\/09\/WhatsApp-Image-2024-09-23-at-13.18.32.jpeg?fit=1600%2C1067&ssl=1\",\"contentUrl\":\"https:\/\/i0.wp.com\/elregionalvm.com.ar\/noticias-villa-maria\/wp-content\/uploads\/2024\/09\/WhatsApp-Image-2024-09-23-at-13.18.32.jpeg?fit=1600%2C1067&ssl=1\",\"width\":1600,\"height\":1067},{\"@type\":\"BreadcrumbList\",\"@id\":\"https:\/\/elregionalvm.com.ar\/noticias-villa-maria\/villa-maria-formara-parte-del-tour-provincial-de-cocina\/#breadcrumb\",\"itemListElement\":[{\"@type\":\"ListItem\",\"position\":1,\"name\":\"Portada\",\"item\":\"https:\/\/elregionalvm.com.ar\/noticias-villa-maria\/\"},{\"@type\":\"ListItem\",\"position\":2,\"name\":\"Villa Mar\u00eda formar\u00e1 parte del tour provincial de cocina\"}]},{\"@type\":\"WebSite\",\"@id\":\"http:\/\/elregionalvm.com.ar\/noticias-villa-maria\/#website\",\"url\":\"http:\/\/elregionalvm.com.ar\/noticias-villa-maria\/\",\"name\":\"El Regional\",\"description\":\"Mucho m\u00e1s que informaci\u00f3n\",\"potentialAction\":[{\"@type\":\"SearchAction\",\"target\":{\"@type\":\"EntryPoint\",\"urlTemplate\":\"http:\/\/elregionalvm.com.ar\/noticias-villa-maria\/?s={search_term_string}\"},\"query-input\":{\"@type\":\"PropertyValueSpecification\",\"valueRequired\":true,\"valueName\":\"search_term_string\"}}],\"inLanguage\":\"es\"},{\"@type\":\"Person\",\"@id\":\"http:\/\/elregionalvm.com.ar\/noticias-villa-maria\/#\/schema\/person\/a0fb9c422317faca23d50163151bc354\",\"name\":\"Contenidos El Regional\",\"image\":{\"@type\":\"ImageObject\",\"inLanguage\":\"es\",\"@id\":\"http:\/\/elregionalvm.com.ar\/noticias-villa-maria\/#\/schema\/person\/image\/\",\"url\":\"https:\/\/secure.gravatar.com\/avatar\/265b27cb2209af7bb3a1318f03305787d7981a5cc6e6cd08fe5a4ecdf99d4b48?s=96&d=mm&r=g\",\"contentUrl\":\"https:\/\/secure.gravatar.com\/avatar\/265b27cb2209af7bb3a1318f03305787d7981a5cc6e6cd08fe5a4ecdf99d4b48?s=96&d=mm&r=g\",\"caption\":\"Contenidos El Regional\"},\"url\":\"https:\/\/elregionalvm.com.ar\/noticias-villa-maria\/author\/contenido\/\"}]}<\/script>\n<!-- \/ Yoast SEO plugin. -->","yoast_head_json":{"title":"Villa Mar\u00eda formar\u00e1 parte del tour provincial de cocina - El Regional","robots":{"index":"index","follow":"follow","max-snippet":"max-snippet:-1","max-image-preview":"max-image-preview:large","max-video-preview":"max-video-preview:-1"},"canonical":"https:\/\/elregionalvm.com.ar\/noticias-villa-maria\/villa-maria-formara-parte-del-tour-provincial-de-cocina\/","og_locale":"es_ES","og_type":"article","og_title":"Villa Mar\u00eda formar\u00e1 parte del tour provincial de cocina - El Regional","og_description":"La Asociaci\u00f3n Provincial Utuco, junto al Ente Villa Mar\u00eda Deporte y Turismo, y la Secretar\u00eda de Gobierno, Relaciones Institucionales y Cultura, invita los y las vecinas de nuestra ciudad y la regi\u00f3n a formar parte del \u201cTour Provincial de Cocina\u201d. La propuesta, se realizar\u00e1 en doce locales gastron\u00f3micos de toda la provincia de C\u00f3rdoba, dentro [&hellip;]","og_url":"https:\/\/elregionalvm.com.ar\/noticias-villa-maria\/villa-maria-formara-parte-del-tour-provincial-de-cocina\/","og_site_name":"El Regional","article_publisher":"https:\/\/www.facebook.com\/elregionalvm","article_published_time":"2024-09-23T21:28:59+00:00","article_modified_time":"2024-09-23T21:29:00+00:00","og_image":[{"width":1600,"height":1067,"url":"https:\/\/elregionalvm.com.ar\/noticias-villa-maria\/wp-content\/uploads\/2024\/09\/WhatsApp-Image-2024-09-23-at-13.18.32.jpeg","type":"image\/jpeg"}],"author":"Contenidos El Regional","twitter_card":"summary_large_image","twitter_creator":"@elregionalvm1","twitter_site":"@elregionalvm1","twitter_misc":{"Escrito por":"Contenidos El Regional","Tiempo de lectura":"4 minutos"},"schema":{"@context":"https:\/\/schema.org","@graph":[{"@type":"Article","@id":"https:\/\/elregionalvm.com.ar\/noticias-villa-maria\/villa-maria-formara-parte-del-tour-provincial-de-cocina\/#article","isPartOf":{"@id":"https:\/\/elregionalvm.com.ar\/noticias-villa-maria\/villa-maria-formara-parte-del-tour-provincial-de-cocina\/"},"author":{"name":"Contenidos El Regional","@id":"http:\/\/elregionalvm.com.ar\/noticias-villa-maria\/#\/schema\/person\/a0fb9c422317faca23d50163151bc354"},"headline":"Villa Mar\u00eda formar\u00e1 parte del tour provincial de cocina","datePublished":"2024-09-23T21:28:59+00:00","dateModified":"2024-09-23T21:29:00+00:00","mainEntityOfPage":{"@id":"https:\/\/elregionalvm.com.ar\/noticias-villa-maria\/villa-maria-formara-parte-del-tour-provincial-de-cocina\/"},"wordCount":676,"commentCount":0,"image":{"@id":"https:\/\/elregionalvm.com.ar\/noticias-villa-maria\/villa-maria-formara-parte-del-tour-provincial-de-cocina\/#primaryimage"},"thumbnailUrl":"https:\/\/i0.wp.com\/elregionalvm.com.ar\/noticias-villa-maria\/wp-content\/uploads\/2024\/09\/WhatsApp-Image-2024-09-23-at-13.18.32.jpeg?fit=1600%2C1067&ssl=1","articleSection":["destacado","Sociedad","Villa Mar\u00eda"],"inLanguage":"es","potentialAction":[{"@type":"CommentAction","name":"Comment","target":["https:\/\/elregionalvm.com.ar\/noticias-villa-maria\/villa-maria-formara-parte-del-tour-provincial-de-cocina\/#respond"]}]},{"@type":"WebPage","@id":"https:\/\/elregionalvm.com.ar\/noticias-villa-maria\/villa-maria-formara-parte-del-tour-provincial-de-cocina\/","url":"https:\/\/elregionalvm.com.ar\/noticias-villa-maria\/villa-maria-formara-parte-del-tour-provincial-de-cocina\/","name":"Villa Mar\u00eda formar\u00e1 parte del tour provincial de cocina - El Regional","isPartOf":{"@id":"http:\/\/elregionalvm.com.ar\/noticias-villa-maria\/#website"},"primaryImageOfPage":{"@id":"https:\/\/elregionalvm.com.ar\/noticias-villa-maria\/villa-maria-formara-parte-del-tour-provincial-de-cocina\/#primaryimage"},"image":{"@id":"https:\/\/elregionalvm.com.ar\/noticias-villa-maria\/villa-maria-formara-parte-del-tour-provincial-de-cocina\/#primaryimage"},"thumbnailUrl":"https:\/\/i0.wp.com\/elregionalvm.com.ar\/noticias-villa-maria\/wp-content\/uploads\/2024\/09\/WhatsApp-Image-2024-09-23-at-13.18.32.jpeg?fit=1600%2C1067&ssl=1","datePublished":"2024-09-23T21:28:59+00:00","dateModified":"2024-09-23T21:29:00+00:00","author":{"@id":"http:\/\/elregionalvm.com.ar\/noticias-villa-maria\/#\/schema\/person\/a0fb9c422317faca23d50163151bc354"},"breadcrumb":{"@id":"https:\/\/elregionalvm.com.ar\/noticias-villa-maria\/villa-maria-formara-parte-del-tour-provincial-de-cocina\/#breadcrumb"},"inLanguage":"es","potentialAction":[{"@type":"ReadAction","target":["https:\/\/elregionalvm.com.ar\/noticias-villa-maria\/villa-maria-formara-parte-del-tour-provincial-de-cocina\/"]}]},{"@type":"ImageObject","inLanguage":"es","@id":"https:\/\/elregionalvm.com.ar\/noticias-villa-maria\/villa-maria-formara-parte-del-tour-provincial-de-cocina\/#primaryimage","url":"https:\/\/i0.wp.com\/elregionalvm.com.ar\/noticias-villa-maria\/wp-content\/uploads\/2024\/09\/WhatsApp-Image-2024-09-23-at-13.18.32.jpeg?fit=1600%2C1067&ssl=1","contentUrl":"https:\/\/i0.wp.com\/elregionalvm.com.ar\/noticias-villa-maria\/wp-content\/uploads\/2024\/09\/WhatsApp-Image-2024-09-23-at-13.18.32.jpeg?fit=1600%2C1067&ssl=1","width":1600,"height":1067},{"@type":"BreadcrumbList","@id":"https:\/\/elregionalvm.com.ar\/noticias-villa-maria\/villa-maria-formara-parte-del-tour-provincial-de-cocina\/#breadcrumb","itemListElement":[{"@type":"ListItem","position":1,"name":"Portada","item":"https:\/\/elregionalvm.com.ar\/noticias-villa-maria\/"},{"@type":"ListItem","position":2,"name":"Villa Mar\u00eda formar\u00e1 parte del tour provincial de cocina"}]},{"@type":"WebSite","@id":"http:\/\/elregionalvm.com.ar\/noticias-villa-maria\/#website","url":"http:\/\/elregionalvm.com.ar\/noticias-villa-maria\/","name":"El Regional","description":"Mucho m\u00e1s que informaci\u00f3n","potentialAction":[{"@type":"SearchAction","target":{"@type":"EntryPoint","urlTemplate":"http:\/\/elregionalvm.com.ar\/noticias-villa-maria\/?s={search_term_string}"},"query-input":{"@type":"PropertyValueSpecification","valueRequired":true,"valueName":"search_term_string"}}],"inLanguage":"es"},{"@type":"Person","@id":"http:\/\/elregionalvm.com.ar\/noticias-villa-maria\/#\/schema\/person\/a0fb9c422317faca23d50163151bc354","name":"Contenidos El Regional","image":{"@type":"ImageObject","inLanguage":"es","@id":"http:\/\/elregionalvm.com.ar\/noticias-villa-maria\/#\/schema\/person\/image\/","url":"https:\/\/secure.gravatar.com\/avatar\/265b27cb2209af7bb3a1318f03305787d7981a5cc6e6cd08fe5a4ecdf99d4b48?s=96&d=mm&r=g","contentUrl":"https:\/\/secure.gravatar.com\/avatar\/265b27cb2209af7bb3a1318f03305787d7981a5cc6e6cd08fe5a4ecdf99d4b48?s=96&d=mm&r=g","caption":"Contenidos El Regional"},"url":"https:\/\/elregionalvm.com.ar\/noticias-villa-maria\/author\/contenido\/"}]}},"jetpack_featured_media_url":"https:\/\/i0.wp.com\/elregionalvm.com.ar\/noticias-villa-maria\/wp-content\/uploads\/2024\/09\/WhatsApp-Image-2024-09-23-at-13.18.32.jpeg?fit=1600%2C1067&ssl=1","jetpack_sharing_enabled":true,"_links":{"self":[{"href":"https:\/\/elregionalvm.com.ar\/noticias-villa-maria\/wp-json\/wp\/v2\/posts\/98934","targetHints":{"allow":["GET"]}}],"collection":[{"href":"https:\/\/elregionalvm.com.ar\/noticias-villa-maria\/wp-json\/wp\/v2\/posts"}],"about":[{"href":"https:\/\/elregionalvm.com.ar\/noticias-villa-maria\/wp-json\/wp\/v2\/types\/post"}],"author":[{"embeddable":true,"href":"https:\/\/elregionalvm.com.ar\/noticias-villa-maria\/wp-json\/wp\/v2\/users\/4"}],"replies":[{"embeddable":true,"href":"https:\/\/elregionalvm.com.ar\/noticias-villa-maria\/wp-json\/wp\/v2\/comments?post=98934"}],"version-history":[{"count":1,"href":"https:\/\/elregionalvm.com.ar\/noticias-villa-maria\/wp-json\/wp\/v2\/posts\/98934\/revisions"}],"predecessor-version":[{"id":98936,"href":"https:\/\/elregionalvm.com.ar\/noticias-villa-maria\/wp-json\/wp\/v2\/posts\/98934\/revisions\/98936"}],"wp:featuredmedia":[{"embeddable":true,"href":"https:\/\/elregionalvm.com.ar\/noticias-villa-maria\/wp-json\/wp\/v2\/media\/98935"}],"wp:attachment":[{"href":"https:\/\/elregionalvm.com.ar\/noticias-villa-maria\/wp-json\/wp\/v2\/media?parent=98934"}],"wp:term":[{"taxonomy":"category","embeddable":true,"href":"https:\/\/elregionalvm.com.ar\/noticias-villa-maria\/wp-json\/wp\/v2\/categories?post=98934"},{"taxonomy":"post_tag","embeddable":true,"href":"https:\/\/elregionalvm.com.ar\/noticias-villa-maria\/wp-json\/wp\/v2\/tags?post=98934"}],"curies":[{"name":"wp","href":"https:\/\/api.w.org\/{rel}","templated":true}]}}