{"id":98937,"date":"2024-09-23T21:32:44","date_gmt":"2024-09-23T21:32:44","guid":{"rendered":"https:\/\/elregionalvm.com.ar\/noticias-villa-maria\/?p=98937"},"modified":"2024-09-23T21:32:45","modified_gmt":"2024-09-23T21:32:45","slug":"incendios-la-provincia-coordina-con-intendentes-y-jefes-comunales-las-acciones-de-remediacion-en-la-zona-de-punilla","status":"publish","type":"post","link":"https:\/\/elregionalvm.com.ar\/noticias-villa-maria\/incendios-la-provincia-coordina-con-intendentes-y-jefes-comunales-las-acciones-de-remediacion-en-la-zona-de-punilla\/","title":{"rendered":"Incendios: la Provincia coordina con intendentes y jefes comunales las acciones de remediaci\u00f3n en la zona de Punilla"},"content":{"rendered":"\n<ul class=\"wp-block-list\">\n<li><strong>El gobernador Mart\u00edn Llaryora se reuni\u00f3 con los intendentes de Capilla del Monte, La Cumbre, San Esteban y Los Cocos.<\/strong><\/li>\n\n\n\n<li><strong>Junto a funcionarios del gabinete, coordinan medidas para dar respuesta a los vecinos afectados y reparar el da\u00f1o producido por el fuego.<\/strong><\/li>\n<\/ul>\n\n\n\n<p>El gobernador, Mart\u00edn Llaryora, recorri\u00f3 este lunes las zonas afectadas por los incendios en el valle de Punilla y se reuni\u00f3, junto a ministros del gabinete provincial, con los intendentes de: La Cumbre, Pablo Alicio; Los Cocos, Celeste Furmston; Capilla del Monte Fabricio D\u00edaz y de San Sebasti\u00e1n, Juan Guevara.<\/p>\n\n\n\n<p>Del encuentro, realizado en el Centro de Operaciones de La Cumbre, participaron los ministros de Gobierno, Manuel Calvo; Desarrollo Social y Promoci\u00f3n del Empleo, Laura Jure; Seguridad, Juan Pablo Quinteros y de Ambiente y Econom\u00eda Circular, Victoria Flores.<\/p>\n\n\n\n<p>Hasta el momento, seg\u00fan la informaci\u00f3n brindada por intendentes y jefes comunales, hay 21 viviendas da\u00f1adas, en las que se realizar\u00e1 un abordaje para su remediaci\u00f3n integral, adem\u00e1s se trabaja en la reposici\u00f3n de redes el\u00e9ctricas y de agua potable, entre otras necesidades relevadas.<\/p>\n\n\n\n<p>Al mismo tiempo, tambi\u00e9n se otorgaron fondos a municipios y comunas para la compra de alimentos para animales y se avanza en la provisi\u00f3n de boyeros el\u00e9ctricos para garantizar la transitabilidad vial a ra\u00edz de la quema de alambrados.<\/p>\n\n\n\n<p><em>\u201cEstamos trabajando en territorio por disposici\u00f3n de nuestro gobernador Mart\u00edn Llaryora, con trabajo concreto para empezar a dar soluciones a las familias que lo est\u00e1n necesitando y avanzar en la remediaci\u00f3n y la reparaci\u00f3n que ha producido el fuego en esta regi\u00f3n de nuestra provincia\u201d<\/em>, sostuvo luego del encuentro el ministro Manuel Calvo.<\/p>\n\n\n\n<p>Al mismo tiempo, explic\u00f3 que representantes del Ministerio de Educaci\u00f3n hab\u00edan dispuesto preventivamente la suspensi\u00f3n de clases, aunque desde este martes volver\u00e1n a dictarse con normalidad en los lugares que no se encuentre afectados. En tanto, la cartera de Salud dispone la derivaci\u00f3n de pacientes intoxicados por humo o afectados por el fuego.<\/p>\n\n\n\n<p>Tambi\u00e9n el Ministerio de Bioagroindustria trabaja con los productores de la regi\u00f3n para asistir en lo que sea necesario, con alimento para animales y la reposici\u00f3n de alambrados y boyeros; mientras que el Ministerio de Ambiente y Econom\u00eda Circular establece los pasos a seguir en materia de reconstrucci\u00f3n y remediaci\u00f3n ambiental.<\/p>\n\n\n\n<p>El titular de la cartera de Gobierno tambi\u00e9n record\u00f3 la decisi\u00f3n del gobernador Mart\u00edn Llaryora<em>&nbsp;\u201cde aumentar el Fondo de Cat\u00e1strofe y pasarlo de 1.500 a 5.000 millones de pesos\u201d<\/em>, afirm\u00f3.<audio src=\"https:\/\/prensa.cba.gov.ar\/wp-content\/uploads\/2024\/09\/WhatsApp-Audio-2024-09-23-at-14.25.02-1.mp3\"><\/audio><\/p>\n","protected":false},"excerpt":{"rendered":"<p>El gobernador, Mart\u00edn Llaryora, recorri\u00f3 este lunes las zonas afectadas por los incendios en el valle de Punilla y se reuni\u00f3, junto a ministros del gabinete provincial, con los intendentes de: La Cumbre, Pablo Alicio; Los Cocos, Celeste Furmston; Capilla del Monte Fabricio D\u00edaz y de San Sebasti\u00e1n, Juan Guevara. Del encuentro, realizado en el [&hellip;]<\/p>\n","protected":false},"author":4,"featured_media":98938,"comment_status":"open","ping_status":"open","sticky":false,"template":"","format":"standard","meta":{"site-sidebar-layout":"default","site-content-layout":"","ast-site-content-layout":"default","site-content-style":"default","site-sidebar-style":"default","ast-global-header-display":"","ast-banner-title-visibility":"","ast-main-header-display":"","ast-hfb-above-header-display":"","ast-hfb-below-header-display":"","ast-hfb-mobile-header-display":"","site-post-title":"","ast-breadcrumbs-content":"","ast-featured-img":"","footer-sml-layout":"","ast-disable-related-posts":"","theme-transparent-header-meta":"","adv-header-id-meta":"","stick-header-meta":"","header-above-stick-meta":"","header-main-stick-meta":"","header-below-stick-meta":"","astra-migrate-meta-layouts":"set","ast-page-background-enabled":"default","ast-page-background-meta":{"desktop":{"background-color":"","background-image":"","background-repeat":"repeat","background-position":"center center","background-size":"auto","background-attachment":"scroll","background-type":"","background-media":"","overlay-type":"","overlay-color":"","overlay-opacity":"","overlay-gradient":""},"tablet":{"background-color":"","background-image":"","background-repeat":"repeat","background-position":"center center","background-size":"auto","background-attachment":"scroll","background-type":"","background-media":"","overlay-type":"","overlay-color":"","overlay-opacity":"","overlay-gradient":""},"mobile":{"background-color":"","background-image":"","background-repeat":"repeat","background-position":"center center","background-size":"auto","background-attachment":"scroll","background-type":"","background-media":"","overlay-type":"","overlay-color":"","overlay-opacity":"","overlay-gradient":""}},"ast-content-background-meta":{"desktop":{"background-color":"var(--ast-global-color-5)","background-image":"","background-repeat":"repeat","background-position":"center center","background-size":"auto","background-attachment":"scroll","background-type":"","background-media":"","overlay-type":"","overlay-color":"","overlay-opacity":"","overlay-gradient":""},"tablet":{"background-color":"var(--ast-global-color-5)","background-image":"","background-repeat":"repeat","background-position":"center center","background-size":"auto","background-attachment":"scroll","background-type":"","background-media":"","overlay-type":"","overlay-color":"","overlay-opacity":"","overlay-gradient":""},"mobile":{"background-color":"var(--ast-global-color-5)","background-image":"","background-repeat":"repeat","background-position":"center center","background-size":"auto","background-attachment":"scroll","background-type":"","background-media":"","overlay-type":"","overlay-color":"","overlay-opacity":"","overlay-gradient":""}},"_jetpack_memberships_contains_paid_content":false,"_joinchat":[],"footnotes":""},"categories":[15302,16095,5],"tags":[],"class_list":["post-98937","post","type-post","status-publish","format-standard","has-post-thumbnail","hentry","category-destacado","category-provinciales","category-sociedad"],"yoast_head":"<!-- This site is optimized with the Yoast SEO plugin v26.8 - https:\/\/yoast.com\/product\/yoast-seo-wordpress\/ -->\n<title>Incendios: la Provincia coordina con intendentes y jefes comunales las acciones de remediaci\u00f3n en la zona de Punilla - El Regional<\/title>\n<meta name=\"robots\" content=\"index, follow, max-snippet:-1, max-image-preview:large, max-video-preview:-1\" \/>\n<link rel=\"canonical\" href=\"https:\/\/elregionalvm.com.ar\/noticias-villa-maria\/incendios-la-provincia-coordina-con-intendentes-y-jefes-comunales-las-acciones-de-remediacion-en-la-zona-de-punilla\/\" \/>\n<meta property=\"og:locale\" content=\"es_ES\" \/>\n<meta property=\"og:type\" content=\"article\" \/>\n<meta property=\"og:title\" content=\"Incendios: la Provincia coordina con intendentes y jefes comunales las acciones de remediaci\u00f3n en la zona de Punilla - El Regional\" \/>\n<meta property=\"og:description\" content=\"El gobernador, Mart\u00edn Llaryora, recorri\u00f3 este lunes las zonas afectadas por los incendios en el valle de Punilla y se reuni\u00f3, junto a ministros del gabinete provincial, con los intendentes de: La Cumbre, Pablo Alicio; Los Cocos, Celeste Furmston; Capilla del Monte Fabricio D\u00edaz y de San Sebasti\u00e1n, Juan Guevara. Del encuentro, realizado en el [&hellip;]\" \/>\n<meta property=\"og:url\" content=\"https:\/\/elregionalvm.com.ar\/noticias-villa-maria\/incendios-la-provincia-coordina-con-intendentes-y-jefes-comunales-las-acciones-de-remediacion-en-la-zona-de-punilla\/\" \/>\n<meta property=\"og:site_name\" content=\"El Regional\" \/>\n<meta property=\"article:publisher\" content=\"https:\/\/www.facebook.com\/elregionalvm\" \/>\n<meta property=\"article:published_time\" content=\"2024-09-23T21:32:44+00:00\" \/>\n<meta property=\"article:modified_time\" content=\"2024-09-23T21:32:45+00:00\" \/>\n<meta property=\"og:image\" content=\"https:\/\/elregionalvm.com.ar\/noticias-villa-maria\/wp-content\/uploads\/2024\/09\/WhatsApp-Image-2024-09-23-at-14.24.34.jpeg\" \/>\n\t<meta property=\"og:image:width\" content=\"1280\" \/>\n\t<meta property=\"og:image:height\" content=\"720\" \/>\n\t<meta property=\"og:image:type\" content=\"image\/jpeg\" \/>\n<meta name=\"author\" content=\"Contenidos El Regional\" \/>\n<meta name=\"twitter:card\" content=\"summary_large_image\" \/>\n<meta name=\"twitter:creator\" content=\"@elregionalvm1\" \/>\n<meta name=\"twitter:site\" content=\"@elregionalvm1\" \/>\n<meta name=\"twitter:label1\" content=\"Escrito por\" \/>\n\t<meta name=\"twitter:data1\" content=\"Contenidos El Regional\" \/>\n\t<meta name=\"twitter:label2\" content=\"Tiempo de lectura\" \/>\n\t<meta name=\"twitter:data2\" content=\"3 minutos\" \/>\n<script type=\"application\/ld+json\" class=\"yoast-schema-graph\">{\"@context\":\"https:\/\/schema.org\",\"@graph\":[{\"@type\":\"Article\",\"@id\":\"https:\/\/elregionalvm.com.ar\/noticias-villa-maria\/incendios-la-provincia-coordina-con-intendentes-y-jefes-comunales-las-acciones-de-remediacion-en-la-zona-de-punilla\/#article\",\"isPartOf\":{\"@id\":\"https:\/\/elregionalvm.com.ar\/noticias-villa-maria\/incendios-la-provincia-coordina-con-intendentes-y-jefes-comunales-las-acciones-de-remediacion-en-la-zona-de-punilla\/\"},\"author\":{\"name\":\"Contenidos El Regional\",\"@id\":\"http:\/\/elregionalvm.com.ar\/noticias-villa-maria\/#\/schema\/person\/a0fb9c422317faca23d50163151bc354\"},\"headline\":\"Incendios: la Provincia coordina con intendentes y jefes comunales las acciones de remediaci\u00f3n en la zona de Punilla\",\"datePublished\":\"2024-09-23T21:32:44+00:00\",\"dateModified\":\"2024-09-23T21:32:45+00:00\",\"mainEntityOfPage\":{\"@id\":\"https:\/\/elregionalvm.com.ar\/noticias-villa-maria\/incendios-la-provincia-coordina-con-intendentes-y-jefes-comunales-las-acciones-de-remediacion-en-la-zona-de-punilla\/\"},\"wordCount\":457,\"commentCount\":0,\"image\":{\"@id\":\"https:\/\/elregionalvm.com.ar\/noticias-villa-maria\/incendios-la-provincia-coordina-con-intendentes-y-jefes-comunales-las-acciones-de-remediacion-en-la-zona-de-punilla\/#primaryimage\"},\"thumbnailUrl\":\"https:\/\/i0.wp.com\/elregionalvm.com.ar\/noticias-villa-maria\/wp-content\/uploads\/2024\/09\/WhatsApp-Image-2024-09-23-at-14.24.34.jpeg?fit=1280%2C720&ssl=1\",\"articleSection\":[\"destacado\",\"Provinciales\",\"Sociedad\"],\"inLanguage\":\"es\",\"potentialAction\":[{\"@type\":\"CommentAction\",\"name\":\"Comment\",\"target\":[\"https:\/\/elregionalvm.com.ar\/noticias-villa-maria\/incendios-la-provincia-coordina-con-intendentes-y-jefes-comunales-las-acciones-de-remediacion-en-la-zona-de-punilla\/#respond\"]}]},{\"@type\":\"WebPage\",\"@id\":\"https:\/\/elregionalvm.com.ar\/noticias-villa-maria\/incendios-la-provincia-coordina-con-intendentes-y-jefes-comunales-las-acciones-de-remediacion-en-la-zona-de-punilla\/\",\"url\":\"https:\/\/elregionalvm.com.ar\/noticias-villa-maria\/incendios-la-provincia-coordina-con-intendentes-y-jefes-comunales-las-acciones-de-remediacion-en-la-zona-de-punilla\/\",\"name\":\"Incendios: la Provincia coordina con intendentes y jefes comunales las acciones de remediaci\u00f3n en la zona de Punilla - El Regional\",\"isPartOf\":{\"@id\":\"http:\/\/elregionalvm.com.ar\/noticias-villa-maria\/#website\"},\"primaryImageOfPage\":{\"@id\":\"https:\/\/elregionalvm.com.ar\/noticias-villa-maria\/incendios-la-provincia-coordina-con-intendentes-y-jefes-comunales-las-acciones-de-remediacion-en-la-zona-de-punilla\/#primaryimage\"},\"image\":{\"@id\":\"https:\/\/elregionalvm.com.ar\/noticias-villa-maria\/incendios-la-provincia-coordina-con-intendentes-y-jefes-comunales-las-acciones-de-remediacion-en-la-zona-de-punilla\/#primaryimage\"},\"thumbnailUrl\":\"https:\/\/i0.wp.com\/elregionalvm.com.ar\/noticias-villa-maria\/wp-content\/uploads\/2024\/09\/WhatsApp-Image-2024-09-23-at-14.24.34.jpeg?fit=1280%2C720&ssl=1\",\"datePublished\":\"2024-09-23T21:32:44+00:00\",\"dateModified\":\"2024-09-23T21:32:45+00:00\",\"author\":{\"@id\":\"http:\/\/elregionalvm.com.ar\/noticias-villa-maria\/#\/schema\/person\/a0fb9c422317faca23d50163151bc354\"},\"breadcrumb\":{\"@id\":\"https:\/\/elregionalvm.com.ar\/noticias-villa-maria\/incendios-la-provincia-coordina-con-intendentes-y-jefes-comunales-las-acciones-de-remediacion-en-la-zona-de-punilla\/#breadcrumb\"},\"inLanguage\":\"es\",\"potentialAction\":[{\"@type\":\"ReadAction\",\"target\":[\"https:\/\/elregionalvm.com.ar\/noticias-villa-maria\/incendios-la-provincia-coordina-con-intendentes-y-jefes-comunales-las-acciones-de-remediacion-en-la-zona-de-punilla\/\"]}]},{\"@type\":\"ImageObject\",\"inLanguage\":\"es\",\"@id\":\"https:\/\/elregionalvm.com.ar\/noticias-villa-maria\/incendios-la-provincia-coordina-con-intendentes-y-jefes-comunales-las-acciones-de-remediacion-en-la-zona-de-punilla\/#primaryimage\",\"url\":\"https:\/\/i0.wp.com\/elregionalvm.com.ar\/noticias-villa-maria\/wp-content\/uploads\/2024\/09\/WhatsApp-Image-2024-09-23-at-14.24.34.jpeg?fit=1280%2C720&ssl=1\",\"contentUrl\":\"https:\/\/i0.wp.com\/elregionalvm.com.ar\/noticias-villa-maria\/wp-content\/uploads\/2024\/09\/WhatsApp-Image-2024-09-23-at-14.24.34.jpeg?fit=1280%2C720&ssl=1\",\"width\":1280,\"height\":720},{\"@type\":\"BreadcrumbList\",\"@id\":\"https:\/\/elregionalvm.com.ar\/noticias-villa-maria\/incendios-la-provincia-coordina-con-intendentes-y-jefes-comunales-las-acciones-de-remediacion-en-la-zona-de-punilla\/#breadcrumb\",\"itemListElement\":[{\"@type\":\"ListItem\",\"position\":1,\"name\":\"Portada\",\"item\":\"https:\/\/elregionalvm.com.ar\/noticias-villa-maria\/\"},{\"@type\":\"ListItem\",\"position\":2,\"name\":\"Incendios: la Provincia coordina con intendentes y jefes comunales las acciones de remediaci\u00f3n en la zona de Punilla\"}]},{\"@type\":\"WebSite\",\"@id\":\"http:\/\/elregionalvm.com.ar\/noticias-villa-maria\/#website\",\"url\":\"http:\/\/elregionalvm.com.ar\/noticias-villa-maria\/\",\"name\":\"El Regional\",\"description\":\"Mucho m\u00e1s que informaci\u00f3n\",\"potentialAction\":[{\"@type\":\"SearchAction\",\"target\":{\"@type\":\"EntryPoint\",\"urlTemplate\":\"http:\/\/elregionalvm.com.ar\/noticias-villa-maria\/?s={search_term_string}\"},\"query-input\":{\"@type\":\"PropertyValueSpecification\",\"valueRequired\":true,\"valueName\":\"search_term_string\"}}],\"inLanguage\":\"es\"},{\"@type\":\"Person\",\"@id\":\"http:\/\/elregionalvm.com.ar\/noticias-villa-maria\/#\/schema\/person\/a0fb9c422317faca23d50163151bc354\",\"name\":\"Contenidos El Regional\",\"image\":{\"@type\":\"ImageObject\",\"inLanguage\":\"es\",\"@id\":\"http:\/\/elregionalvm.com.ar\/noticias-villa-maria\/#\/schema\/person\/image\/\",\"url\":\"https:\/\/secure.gravatar.com\/avatar\/265b27cb2209af7bb3a1318f03305787d7981a5cc6e6cd08fe5a4ecdf99d4b48?s=96&d=mm&r=g\",\"contentUrl\":\"https:\/\/secure.gravatar.com\/avatar\/265b27cb2209af7bb3a1318f03305787d7981a5cc6e6cd08fe5a4ecdf99d4b48?s=96&d=mm&r=g\",\"caption\":\"Contenidos El Regional\"},\"url\":\"https:\/\/elregionalvm.com.ar\/noticias-villa-maria\/author\/contenido\/\"}]}<\/script>\n<!-- \/ Yoast SEO plugin. -->","yoast_head_json":{"title":"Incendios: la Provincia coordina con intendentes y jefes comunales las acciones de remediaci\u00f3n en la zona de Punilla - El Regional","robots":{"index":"index","follow":"follow","max-snippet":"max-snippet:-1","max-image-preview":"max-image-preview:large","max-video-preview":"max-video-preview:-1"},"canonical":"https:\/\/elregionalvm.com.ar\/noticias-villa-maria\/incendios-la-provincia-coordina-con-intendentes-y-jefes-comunales-las-acciones-de-remediacion-en-la-zona-de-punilla\/","og_locale":"es_ES","og_type":"article","og_title":"Incendios: la Provincia coordina con intendentes y jefes comunales las acciones de remediaci\u00f3n en la zona de Punilla - El Regional","og_description":"El gobernador, Mart\u00edn Llaryora, recorri\u00f3 este lunes las zonas afectadas por los incendios en el valle de Punilla y se reuni\u00f3, junto a ministros del gabinete provincial, con los intendentes de: La Cumbre, Pablo Alicio; Los Cocos, Celeste Furmston; Capilla del Monte Fabricio D\u00edaz y de San Sebasti\u00e1n, Juan Guevara. Del encuentro, realizado en el [&hellip;]","og_url":"https:\/\/elregionalvm.com.ar\/noticias-villa-maria\/incendios-la-provincia-coordina-con-intendentes-y-jefes-comunales-las-acciones-de-remediacion-en-la-zona-de-punilla\/","og_site_name":"El Regional","article_publisher":"https:\/\/www.facebook.com\/elregionalvm","article_published_time":"2024-09-23T21:32:44+00:00","article_modified_time":"2024-09-23T21:32:45+00:00","og_image":[{"width":1280,"height":720,"url":"https:\/\/elregionalvm.com.ar\/noticias-villa-maria\/wp-content\/uploads\/2024\/09\/WhatsApp-Image-2024-09-23-at-14.24.34.jpeg","type":"image\/jpeg"}],"author":"Contenidos El Regional","twitter_card":"summary_large_image","twitter_creator":"@elregionalvm1","twitter_site":"@elregionalvm1","twitter_misc":{"Escrito por":"Contenidos El Regional","Tiempo de lectura":"3 minutos"},"schema":{"@context":"https:\/\/schema.org","@graph":[{"@type":"Article","@id":"https:\/\/elregionalvm.com.ar\/noticias-villa-maria\/incendios-la-provincia-coordina-con-intendentes-y-jefes-comunales-las-acciones-de-remediacion-en-la-zona-de-punilla\/#article","isPartOf":{"@id":"https:\/\/elregionalvm.com.ar\/noticias-villa-maria\/incendios-la-provincia-coordina-con-intendentes-y-jefes-comunales-las-acciones-de-remediacion-en-la-zona-de-punilla\/"},"author":{"name":"Contenidos El Regional","@id":"http:\/\/elregionalvm.com.ar\/noticias-villa-maria\/#\/schema\/person\/a0fb9c422317faca23d50163151bc354"},"headline":"Incendios: la Provincia coordina con intendentes y jefes comunales las acciones de remediaci\u00f3n en la zona de Punilla","datePublished":"2024-09-23T21:32:44+00:00","dateModified":"2024-09-23T21:32:45+00:00","mainEntityOfPage":{"@id":"https:\/\/elregionalvm.com.ar\/noticias-villa-maria\/incendios-la-provincia-coordina-con-intendentes-y-jefes-comunales-las-acciones-de-remediacion-en-la-zona-de-punilla\/"},"wordCount":457,"commentCount":0,"image":{"@id":"https:\/\/elregionalvm.com.ar\/noticias-villa-maria\/incendios-la-provincia-coordina-con-intendentes-y-jefes-comunales-las-acciones-de-remediacion-en-la-zona-de-punilla\/#primaryimage"},"thumbnailUrl":"https:\/\/i0.wp.com\/elregionalvm.com.ar\/noticias-villa-maria\/wp-content\/uploads\/2024\/09\/WhatsApp-Image-2024-09-23-at-14.24.34.jpeg?fit=1280%2C720&ssl=1","articleSection":["destacado","Provinciales","Sociedad"],"inLanguage":"es","potentialAction":[{"@type":"CommentAction","name":"Comment","target":["https:\/\/elregionalvm.com.ar\/noticias-villa-maria\/incendios-la-provincia-coordina-con-intendentes-y-jefes-comunales-las-acciones-de-remediacion-en-la-zona-de-punilla\/#respond"]}]},{"@type":"WebPage","@id":"https:\/\/elregionalvm.com.ar\/noticias-villa-maria\/incendios-la-provincia-coordina-con-intendentes-y-jefes-comunales-las-acciones-de-remediacion-en-la-zona-de-punilla\/","url":"https:\/\/elregionalvm.com.ar\/noticias-villa-maria\/incendios-la-provincia-coordina-con-intendentes-y-jefes-comunales-las-acciones-de-remediacion-en-la-zona-de-punilla\/","name":"Incendios: la Provincia coordina con intendentes y jefes comunales las acciones de remediaci\u00f3n en la zona de Punilla - El Regional","isPartOf":{"@id":"http:\/\/elregionalvm.com.ar\/noticias-villa-maria\/#website"},"primaryImageOfPage":{"@id":"https:\/\/elregionalvm.com.ar\/noticias-villa-maria\/incendios-la-provincia-coordina-con-intendentes-y-jefes-comunales-las-acciones-de-remediacion-en-la-zona-de-punilla\/#primaryimage"},"image":{"@id":"https:\/\/elregionalvm.com.ar\/noticias-villa-maria\/incendios-la-provincia-coordina-con-intendentes-y-jefes-comunales-las-acciones-de-remediacion-en-la-zona-de-punilla\/#primaryimage"},"thumbnailUrl":"https:\/\/i0.wp.com\/elregionalvm.com.ar\/noticias-villa-maria\/wp-content\/uploads\/2024\/09\/WhatsApp-Image-2024-09-23-at-14.24.34.jpeg?fit=1280%2C720&ssl=1","datePublished":"2024-09-23T21:32:44+00:00","dateModified":"2024-09-23T21:32:45+00:00","author":{"@id":"http:\/\/elregionalvm.com.ar\/noticias-villa-maria\/#\/schema\/person\/a0fb9c422317faca23d50163151bc354"},"breadcrumb":{"@id":"https:\/\/elregionalvm.com.ar\/noticias-villa-maria\/incendios-la-provincia-coordina-con-intendentes-y-jefes-comunales-las-acciones-de-remediacion-en-la-zona-de-punilla\/#breadcrumb"},"inLanguage":"es","potentialAction":[{"@type":"ReadAction","target":["https:\/\/elregionalvm.com.ar\/noticias-villa-maria\/incendios-la-provincia-coordina-con-intendentes-y-jefes-comunales-las-acciones-de-remediacion-en-la-zona-de-punilla\/"]}]},{"@type":"ImageObject","inLanguage":"es","@id":"https:\/\/elregionalvm.com.ar\/noticias-villa-maria\/incendios-la-provincia-coordina-con-intendentes-y-jefes-comunales-las-acciones-de-remediacion-en-la-zona-de-punilla\/#primaryimage","url":"https:\/\/i0.wp.com\/elregionalvm.com.ar\/noticias-villa-maria\/wp-content\/uploads\/2024\/09\/WhatsApp-Image-2024-09-23-at-14.24.34.jpeg?fit=1280%2C720&ssl=1","contentUrl":"https:\/\/i0.wp.com\/elregionalvm.com.ar\/noticias-villa-maria\/wp-content\/uploads\/2024\/09\/WhatsApp-Image-2024-09-23-at-14.24.34.jpeg?fit=1280%2C720&ssl=1","width":1280,"height":720},{"@type":"BreadcrumbList","@id":"https:\/\/elregionalvm.com.ar\/noticias-villa-maria\/incendios-la-provincia-coordina-con-intendentes-y-jefes-comunales-las-acciones-de-remediacion-en-la-zona-de-punilla\/#breadcrumb","itemListElement":[{"@type":"ListItem","position":1,"name":"Portada","item":"https:\/\/elregionalvm.com.ar\/noticias-villa-maria\/"},{"@type":"ListItem","position":2,"name":"Incendios: la Provincia coordina con intendentes y jefes comunales las acciones de remediaci\u00f3n en la zona de Punilla"}]},{"@type":"WebSite","@id":"http:\/\/elregionalvm.com.ar\/noticias-villa-maria\/#website","url":"http:\/\/elregionalvm.com.ar\/noticias-villa-maria\/","name":"El Regional","description":"Mucho m\u00e1s que informaci\u00f3n","potentialAction":[{"@type":"SearchAction","target":{"@type":"EntryPoint","urlTemplate":"http:\/\/elregionalvm.com.ar\/noticias-villa-maria\/?s={search_term_string}"},"query-input":{"@type":"PropertyValueSpecification","valueRequired":true,"valueName":"search_term_string"}}],"inLanguage":"es"},{"@type":"Person","@id":"http:\/\/elregionalvm.com.ar\/noticias-villa-maria\/#\/schema\/person\/a0fb9c422317faca23d50163151bc354","name":"Contenidos El Regional","image":{"@type":"ImageObject","inLanguage":"es","@id":"http:\/\/elregionalvm.com.ar\/noticias-villa-maria\/#\/schema\/person\/image\/","url":"https:\/\/secure.gravatar.com\/avatar\/265b27cb2209af7bb3a1318f03305787d7981a5cc6e6cd08fe5a4ecdf99d4b48?s=96&d=mm&r=g","contentUrl":"https:\/\/secure.gravatar.com\/avatar\/265b27cb2209af7bb3a1318f03305787d7981a5cc6e6cd08fe5a4ecdf99d4b48?s=96&d=mm&r=g","caption":"Contenidos El Regional"},"url":"https:\/\/elregionalvm.com.ar\/noticias-villa-maria\/author\/contenido\/"}]}},"jetpack_featured_media_url":"https:\/\/i0.wp.com\/elregionalvm.com.ar\/noticias-villa-maria\/wp-content\/uploads\/2024\/09\/WhatsApp-Image-2024-09-23-at-14.24.34.jpeg?fit=1280%2C720&ssl=1","jetpack_sharing_enabled":true,"_links":{"self":[{"href":"https:\/\/elregionalvm.com.ar\/noticias-villa-maria\/wp-json\/wp\/v2\/posts\/98937","targetHints":{"allow":["GET"]}}],"collection":[{"href":"https:\/\/elregionalvm.com.ar\/noticias-villa-maria\/wp-json\/wp\/v2\/posts"}],"about":[{"href":"https:\/\/elregionalvm.com.ar\/noticias-villa-maria\/wp-json\/wp\/v2\/types\/post"}],"author":[{"embeddable":true,"href":"https:\/\/elregionalvm.com.ar\/noticias-villa-maria\/wp-json\/wp\/v2\/users\/4"}],"replies":[{"embeddable":true,"href":"https:\/\/elregionalvm.com.ar\/noticias-villa-maria\/wp-json\/wp\/v2\/comments?post=98937"}],"version-history":[{"count":1,"href":"https:\/\/elregionalvm.com.ar\/noticias-villa-maria\/wp-json\/wp\/v2\/posts\/98937\/revisions"}],"predecessor-version":[{"id":98939,"href":"https:\/\/elregionalvm.com.ar\/noticias-villa-maria\/wp-json\/wp\/v2\/posts\/98937\/revisions\/98939"}],"wp:featuredmedia":[{"embeddable":true,"href":"https:\/\/elregionalvm.com.ar\/noticias-villa-maria\/wp-json\/wp\/v2\/media\/98938"}],"wp:attachment":[{"href":"https:\/\/elregionalvm.com.ar\/noticias-villa-maria\/wp-json\/wp\/v2\/media?parent=98937"}],"wp:term":[{"taxonomy":"category","embeddable":true,"href":"https:\/\/elregionalvm.com.ar\/noticias-villa-maria\/wp-json\/wp\/v2\/categories?post=98937"},{"taxonomy":"post_tag","embeddable":true,"href":"https:\/\/elregionalvm.com.ar\/noticias-villa-maria\/wp-json\/wp\/v2\/tags?post=98937"}],"curies":[{"name":"wp","href":"https:\/\/api.w.org\/{rel}","templated":true}]}}