{"id":98948,"date":"2024-09-23T21:44:33","date_gmt":"2024-09-23T21:44:33","guid":{"rendered":"https:\/\/elregionalvm.com.ar\/noticias-villa-maria\/?p=98948"},"modified":"2024-09-23T21:44:35","modified_gmt":"2024-09-23T21:44:35","slug":"llaryora-reitero-el-pedido-para-elevar-el-corte-de-biocombustibles-al-25","status":"publish","type":"post","link":"https:\/\/elregionalvm.com.ar\/noticias-villa-maria\/llaryora-reitero-el-pedido-para-elevar-el-corte-de-biocombustibles-al-25\/","title":{"rendered":"Llaryora reiter\u00f3 el pedido para elevar el corte de biocombustibles al 25%"},"content":{"rendered":"\n<ul class=\"wp-block-list\">\n<li><strong>El gobernador inst\u00f3 a acompa\u00f1ar una nueva ley para el sector y a establecer un porcentaje similar al que tiene Paraguay.<\/strong><\/li>\n\n\n\n<li><strong>Tambi\u00e9n reiter\u00f3 el reclamo para eliminar las retenciones a las exportaciones agropecuarias y ponder\u00f3 el desarrollo de infraestructura para el progreso de los pueblos.<\/strong><\/li>\n\n\n\n<li><strong>Lo hizo en el marco del anuncio de inversiones de las empresas Proma\u00edz, AGD y Golden Peanut, en la localidad de Alejandro Roca, donde invertir\u00e1n 110 millones de d\u00f3lares<\/strong><\/li>\n<\/ul>\n\n\n\n<p>En Alejandro Roca, departamento Ju\u00e1rez Celman, el gobernador Mart\u00edn Llaryora particip\u00f3 del anuncio de inversi\u00f3n de las empresas Proma\u00edz, Aceitera General Deheza (AGD) y Golden Peanut.<\/p>\n\n\n\n<p>Las firmas agr\u00edcolas avanzar\u00e1n en la construcci\u00f3n de una nueva destiler\u00eda y secadora para lo que desembolsar\u00e1n 110 millones de d\u00f3lares entre 2025 y 2027, generando 75 nuevos puestos laborales.<\/p>\n\n\n\n<figure class=\"wp-block-image size-large\"><img data-recalc-dims=\"1\" fetchpriority=\"high\" decoding=\"async\" width=\"1024\" height=\"683\" src=\"https:\/\/i0.wp.com\/elregionalvm.com.ar\/noticias-villa-maria\/wp-content\/uploads\/2024\/09\/WhatsApp-Image-2024-09-23-at-16.08.12-1-1.jpeg?resize=1024%2C683&#038;ssl=1\" alt=\"\" class=\"wp-image-98951\" srcset=\"https:\/\/i0.wp.com\/elregionalvm.com.ar\/noticias-villa-maria\/wp-content\/uploads\/2024\/09\/WhatsApp-Image-2024-09-23-at-16.08.12-1-1.jpeg?resize=1024%2C683&amp;ssl=1 1024w, https:\/\/i0.wp.com\/elregionalvm.com.ar\/noticias-villa-maria\/wp-content\/uploads\/2024\/09\/WhatsApp-Image-2024-09-23-at-16.08.12-1-1.jpeg?resize=300%2C200&amp;ssl=1 300w, https:\/\/i0.wp.com\/elregionalvm.com.ar\/noticias-villa-maria\/wp-content\/uploads\/2024\/09\/WhatsApp-Image-2024-09-23-at-16.08.12-1-1.jpeg?resize=768%2C512&amp;ssl=1 768w, https:\/\/i0.wp.com\/elregionalvm.com.ar\/noticias-villa-maria\/wp-content\/uploads\/2024\/09\/WhatsApp-Image-2024-09-23-at-16.08.12-1-1.jpeg?w=1041&amp;ssl=1 1041w\" sizes=\"(max-width: 1000px) 100vw, 1000px\" \/><\/figure>\n\n\n\n<p>Proma\u00edz produce bioetanol y productos de nutrici\u00f3n animal, mientras que AGD y Golden Peanut elaboran man\u00ed con y sin piel para exportaci\u00f3n, a su vez, con la c\u00e1scara que se descarta logran generar energ\u00eda el\u00e9ctrica.<\/p>\n\n\n\n<p><em>\u201cAlejandro Roca es un modelo de lo que la Argentina puede, debe y tiene que ser con respecto a la segunda revoluci\u00f3n del campo. Entre empresarios, trabajadores, sector p\u00fablico y privado, generaron este ecosistema de producci\u00f3n de trabajo, de visi\u00f3n de futuro. Ac\u00e1 se invierte sabiendo la potencialidad de Argentina\u201d,<\/em>&nbsp;sostuvo el gobernador.<\/p>\n\n\n\n<p>El mandatario provincial volvi\u00f3 a reclamar al Congreso de la Naci\u00f3n la sanci\u00f3n de una nueva Ley de Biocombustibles que eleve el corte al 25 por ciento, como m\u00ednimo, como tiene Paraguay, y puso como ejemplo a Brasil, que lo llevar\u00e1 al 30 por ciento.<\/p>\n\n\n\n<p><em>\u201cTenemos que tomar una causa en com\u00fan todos los cordobeses, y de la misma manera que pedimos abiertamente la baja de las retenciones tenemos que pedir abiertamente una ley de biocombustible al nivel que tienen nuestros pa\u00edses hermanos. No podemos seguir teniendo un corte del 12 por ciento, necesitamos ir un corte de no menos del 25 por ciento\u201d,<\/em>&nbsp;pidi\u00f3 el gobernador.<\/p>\n\n\n\n<p><em>\u201cEl futuro de C\u00f3rdoba es que los granos se procesen y transformen en cada uno de nuestros pueblos y ciudades\u201d,<\/em>&nbsp;a\u00f1adi\u00f3 Llaryora.<\/p>\n\n\n\n<p>Al mismo tiempo, el gobernador reiter\u00f3 el reclamo de eliminar las retenciones agropecuarias: \u201c<em>Piensen lo que ser\u00edan cuarenta mil millones de d\u00f3lares en manos de cada uno de nuestros productores. Lo que ser\u00eda C\u00f3rdoba, lo que ser\u00eda la Argentina<\/em>\u201d<\/p>\n\n\n\n<p>El mandatario cordob\u00e9s tambi\u00e9n defendi\u00f3 el desarrollo de infraestructura y sostuvo que&nbsp;<em>\u201cla infraestructura es la madre del progreso. Si nosotros hoy podemos plantear la transformaci\u00f3n de granos en un mont\u00f3n de lugares es porque hicimos los gasoductos y es porque estamos haciendo tendido el\u00e9ctrico y rutas.\u201d<\/em><\/p>\n\n\n\n<p>A su turno, Juan Cano, Gerente General de ProMa\u00edz enumer\u00f3 que entre las tres empresas que realizan esta nueva inversi\u00f3n emplean actualmente a m\u00e1s de 600 personas, utilizan m\u00e1s de 30 mil camiones por a\u00f1o en concepto de fletes y movilizan en Alejandro Roca y la regi\u00f3n m\u00e1s de 44.5 millones de d\u00f3lares anuales.<\/p>\n\n\n\n<figure class=\"wp-block-image size-full\"><img data-recalc-dims=\"1\" decoding=\"async\" width=\"792\" height=\"877\" src=\"https:\/\/i0.wp.com\/elregionalvm.com.ar\/noticias-villa-maria\/wp-content\/uploads\/2024\/09\/WhatsApp-Image-2024-09-23-at-16.08.13.jpeg?resize=792%2C877&#038;ssl=1\" alt=\"\" class=\"wp-image-98952\" srcset=\"https:\/\/i0.wp.com\/elregionalvm.com.ar\/noticias-villa-maria\/wp-content\/uploads\/2024\/09\/WhatsApp-Image-2024-09-23-at-16.08.13.jpeg?w=792&amp;ssl=1 792w, https:\/\/i0.wp.com\/elregionalvm.com.ar\/noticias-villa-maria\/wp-content\/uploads\/2024\/09\/WhatsApp-Image-2024-09-23-at-16.08.13.jpeg?resize=271%2C300&amp;ssl=1 271w, https:\/\/i0.wp.com\/elregionalvm.com.ar\/noticias-villa-maria\/wp-content\/uploads\/2024\/09\/WhatsApp-Image-2024-09-23-at-16.08.13.jpeg?resize=768%2C850&amp;ssl=1 768w\" sizes=\"(max-width: 792px) 100vw, 792px\" \/><\/figure>\n\n\n\n<p>El ministro de Bioagroindustria, Sergio Busso, subray\u00f3 que&nbsp;<em>\u201cen C\u00f3rdoba todos vamos para la misma direcci\u00f3n. Esa es una caracter\u00edstica distintiva que nos identifica y que nos va a permitir generar las condiciones para que salgamos adelante\u00bb.<\/em><\/p>\n\n\n\n<p>Estuvieron presentes Carlos Urquiza, gerente de Golden; Osmar N\u00fa\u00f1ez, gerente de AGD; Roberto Urqu\u00eda, titular de AGD; Jos\u00e9 Castelli, presidente de Bunge Argentina; Sergio Busso, ministro de Bioagroindustria; Juan Manuel Llamosas, Asesor del Gobierno provincial para los departamentos del Sur; Aldo Etcheverry, intendente de Alejandro Roca; y Graciela Bissotto, legisladora departamental.<\/p>\n","protected":false},"excerpt":{"rendered":"<p>En Alejandro Roca, departamento Ju\u00e1rez Celman, el gobernador Mart\u00edn Llaryora particip\u00f3 del anuncio de inversi\u00f3n de las empresas Proma\u00edz, Aceitera General Deheza (AGD) y Golden Peanut. Las firmas agr\u00edcolas avanzar\u00e1n en la construcci\u00f3n de una nueva destiler\u00eda y secadora para lo que desembolsar\u00e1n 110 millones de d\u00f3lares entre 2025 y 2027, generando 75 nuevos puestos [&hellip;]<\/p>\n","protected":false},"author":4,"featured_media":98950,"comment_status":"open","ping_status":"open","sticky":false,"template":"","format":"standard","meta":{"site-sidebar-layout":"default","site-content-layout":"","ast-site-content-layout":"default","site-content-style":"default","site-sidebar-style":"default","ast-global-header-display":"","ast-banner-title-visibility":"","ast-main-header-display":"","ast-hfb-above-header-display":"","ast-hfb-below-header-display":"","ast-hfb-mobile-header-display":"","site-post-title":"","ast-breadcrumbs-content":"","ast-featured-img":"","footer-sml-layout":"","ast-disable-related-posts":"","theme-transparent-header-meta":"","adv-header-id-meta":"","stick-header-meta":"","header-above-stick-meta":"","header-main-stick-meta":"","header-below-stick-meta":"","astra-migrate-meta-layouts":"set","ast-page-background-enabled":"default","ast-page-background-meta":{"desktop":{"background-color":"","background-image":"","background-repeat":"repeat","background-position":"center center","background-size":"auto","background-attachment":"scroll","background-type":"","background-media":"","overlay-type":"","overlay-color":"","overlay-opacity":"","overlay-gradient":""},"tablet":{"background-color":"","background-image":"","background-repeat":"repeat","background-position":"center center","background-size":"auto","background-attachment":"scroll","background-type":"","background-media":"","overlay-type":"","overlay-color":"","overlay-opacity":"","overlay-gradient":""},"mobile":{"background-color":"","background-image":"","background-repeat":"repeat","background-position":"center center","background-size":"auto","background-attachment":"scroll","background-type":"","background-media":"","overlay-type":"","overlay-color":"","overlay-opacity":"","overlay-gradient":""}},"ast-content-background-meta":{"desktop":{"background-color":"var(--ast-global-color-5)","background-image":"","background-repeat":"repeat","background-position":"center center","background-size":"auto","background-attachment":"scroll","background-type":"","background-media":"","overlay-type":"","overlay-color":"","overlay-opacity":"","overlay-gradient":""},"tablet":{"background-color":"var(--ast-global-color-5)","background-image":"","background-repeat":"repeat","background-position":"center center","background-size":"auto","background-attachment":"scroll","background-type":"","background-media":"","overlay-type":"","overlay-color":"","overlay-opacity":"","overlay-gradient":""},"mobile":{"background-color":"var(--ast-global-color-5)","background-image":"","background-repeat":"repeat","background-position":"center center","background-size":"auto","background-attachment":"scroll","background-type":"","background-media":"","overlay-type":"","overlay-color":"","overlay-opacity":"","overlay-gradient":""}},"_jetpack_memberships_contains_paid_content":false,"_joinchat":[],"footnotes":""},"categories":[15302,16095,5],"tags":[],"class_list":["post-98948","post","type-post","status-publish","format-standard","has-post-thumbnail","hentry","category-destacado","category-provinciales","category-sociedad"],"yoast_head":"<!-- This site is optimized with the Yoast SEO plugin v26.8 - https:\/\/yoast.com\/product\/yoast-seo-wordpress\/ -->\n<title>Llaryora reiter\u00f3 el pedido para elevar el corte de biocombustibles al 25% - El Regional<\/title>\n<meta name=\"robots\" content=\"index, follow, max-snippet:-1, max-image-preview:large, max-video-preview:-1\" \/>\n<link rel=\"canonical\" href=\"https:\/\/elregionalvm.com.ar\/noticias-villa-maria\/llaryora-reitero-el-pedido-para-elevar-el-corte-de-biocombustibles-al-25\/\" \/>\n<meta property=\"og:locale\" content=\"es_ES\" \/>\n<meta property=\"og:type\" content=\"article\" \/>\n<meta property=\"og:title\" content=\"Llaryora reiter\u00f3 el pedido para elevar el corte de biocombustibles al 25% - El Regional\" \/>\n<meta property=\"og:description\" content=\"En Alejandro Roca, departamento Ju\u00e1rez Celman, el gobernador Mart\u00edn Llaryora particip\u00f3 del anuncio de inversi\u00f3n de las empresas Proma\u00edz, Aceitera General Deheza (AGD) y Golden Peanut. Las firmas agr\u00edcolas avanzar\u00e1n en la construcci\u00f3n de una nueva destiler\u00eda y secadora para lo que desembolsar\u00e1n 110 millones de d\u00f3lares entre 2025 y 2027, generando 75 nuevos puestos [&hellip;]\" \/>\n<meta property=\"og:url\" content=\"https:\/\/elregionalvm.com.ar\/noticias-villa-maria\/llaryora-reitero-el-pedido-para-elevar-el-corte-de-biocombustibles-al-25\/\" \/>\n<meta property=\"og:site_name\" content=\"El Regional\" \/>\n<meta property=\"article:publisher\" content=\"https:\/\/www.facebook.com\/elregionalvm\" \/>\n<meta property=\"article:published_time\" content=\"2024-09-23T21:44:33+00:00\" \/>\n<meta property=\"article:modified_time\" content=\"2024-09-23T21:44:35+00:00\" \/>\n<meta property=\"og:image\" content=\"https:\/\/elregionalvm.com.ar\/noticias-villa-maria\/wp-content\/uploads\/2024\/09\/WhatsApp-Image-2024-09-23-at-16.08.12-1.jpeg\" \/>\n\t<meta property=\"og:image:width\" content=\"1041\" \/>\n\t<meta property=\"og:image:height\" content=\"694\" \/>\n\t<meta property=\"og:image:type\" content=\"image\/jpeg\" \/>\n<meta name=\"author\" content=\"Contenidos El Regional\" \/>\n<meta name=\"twitter:card\" content=\"summary_large_image\" \/>\n<meta name=\"twitter:creator\" content=\"@elregionalvm1\" \/>\n<meta name=\"twitter:site\" content=\"@elregionalvm1\" \/>\n<meta name=\"twitter:label1\" content=\"Escrito por\" \/>\n\t<meta name=\"twitter:data1\" content=\"Contenidos El Regional\" \/>\n\t<meta name=\"twitter:label2\" content=\"Tiempo de lectura\" \/>\n\t<meta name=\"twitter:data2\" content=\"4 minutos\" \/>\n<script type=\"application\/ld+json\" class=\"yoast-schema-graph\">{\"@context\":\"https:\/\/schema.org\",\"@graph\":[{\"@type\":\"Article\",\"@id\":\"https:\/\/elregionalvm.com.ar\/noticias-villa-maria\/llaryora-reitero-el-pedido-para-elevar-el-corte-de-biocombustibles-al-25\/#article\",\"isPartOf\":{\"@id\":\"https:\/\/elregionalvm.com.ar\/noticias-villa-maria\/llaryora-reitero-el-pedido-para-elevar-el-corte-de-biocombustibles-al-25\/\"},\"author\":{\"name\":\"Contenidos El Regional\",\"@id\":\"http:\/\/elregionalvm.com.ar\/noticias-villa-maria\/#\/schema\/person\/a0fb9c422317faca23d50163151bc354\"},\"headline\":\"Llaryora reiter\u00f3 el pedido para elevar el corte de biocombustibles al 25%\",\"datePublished\":\"2024-09-23T21:44:33+00:00\",\"dateModified\":\"2024-09-23T21:44:35+00:00\",\"mainEntityOfPage\":{\"@id\":\"https:\/\/elregionalvm.com.ar\/noticias-villa-maria\/llaryora-reitero-el-pedido-para-elevar-el-corte-de-biocombustibles-al-25\/\"},\"wordCount\":634,\"commentCount\":0,\"image\":{\"@id\":\"https:\/\/elregionalvm.com.ar\/noticias-villa-maria\/llaryora-reitero-el-pedido-para-elevar-el-corte-de-biocombustibles-al-25\/#primaryimage\"},\"thumbnailUrl\":\"https:\/\/i0.wp.com\/elregionalvm.com.ar\/noticias-villa-maria\/wp-content\/uploads\/2024\/09\/WhatsApp-Image-2024-09-23-at-16.08.12-1.jpeg?fit=1041%2C694&ssl=1\",\"articleSection\":[\"destacado\",\"Provinciales\",\"Sociedad\"],\"inLanguage\":\"es\",\"potentialAction\":[{\"@type\":\"CommentAction\",\"name\":\"Comment\",\"target\":[\"https:\/\/elregionalvm.com.ar\/noticias-villa-maria\/llaryora-reitero-el-pedido-para-elevar-el-corte-de-biocombustibles-al-25\/#respond\"]}]},{\"@type\":\"WebPage\",\"@id\":\"https:\/\/elregionalvm.com.ar\/noticias-villa-maria\/llaryora-reitero-el-pedido-para-elevar-el-corte-de-biocombustibles-al-25\/\",\"url\":\"https:\/\/elregionalvm.com.ar\/noticias-villa-maria\/llaryora-reitero-el-pedido-para-elevar-el-corte-de-biocombustibles-al-25\/\",\"name\":\"Llaryora reiter\u00f3 el pedido para elevar el corte de biocombustibles al 25% - El Regional\",\"isPartOf\":{\"@id\":\"http:\/\/elregionalvm.com.ar\/noticias-villa-maria\/#website\"},\"primaryImageOfPage\":{\"@id\":\"https:\/\/elregionalvm.com.ar\/noticias-villa-maria\/llaryora-reitero-el-pedido-para-elevar-el-corte-de-biocombustibles-al-25\/#primaryimage\"},\"image\":{\"@id\":\"https:\/\/elregionalvm.com.ar\/noticias-villa-maria\/llaryora-reitero-el-pedido-para-elevar-el-corte-de-biocombustibles-al-25\/#primaryimage\"},\"thumbnailUrl\":\"https:\/\/i0.wp.com\/elregionalvm.com.ar\/noticias-villa-maria\/wp-content\/uploads\/2024\/09\/WhatsApp-Image-2024-09-23-at-16.08.12-1.jpeg?fit=1041%2C694&ssl=1\",\"datePublished\":\"2024-09-23T21:44:33+00:00\",\"dateModified\":\"2024-09-23T21:44:35+00:00\",\"author\":{\"@id\":\"http:\/\/elregionalvm.com.ar\/noticias-villa-maria\/#\/schema\/person\/a0fb9c422317faca23d50163151bc354\"},\"breadcrumb\":{\"@id\":\"https:\/\/elregionalvm.com.ar\/noticias-villa-maria\/llaryora-reitero-el-pedido-para-elevar-el-corte-de-biocombustibles-al-25\/#breadcrumb\"},\"inLanguage\":\"es\",\"potentialAction\":[{\"@type\":\"ReadAction\",\"target\":[\"https:\/\/elregionalvm.com.ar\/noticias-villa-maria\/llaryora-reitero-el-pedido-para-elevar-el-corte-de-biocombustibles-al-25\/\"]}]},{\"@type\":\"ImageObject\",\"inLanguage\":\"es\",\"@id\":\"https:\/\/elregionalvm.com.ar\/noticias-villa-maria\/llaryora-reitero-el-pedido-para-elevar-el-corte-de-biocombustibles-al-25\/#primaryimage\",\"url\":\"https:\/\/i0.wp.com\/elregionalvm.com.ar\/noticias-villa-maria\/wp-content\/uploads\/2024\/09\/WhatsApp-Image-2024-09-23-at-16.08.12-1.jpeg?fit=1041%2C694&ssl=1\",\"contentUrl\":\"https:\/\/i0.wp.com\/elregionalvm.com.ar\/noticias-villa-maria\/wp-content\/uploads\/2024\/09\/WhatsApp-Image-2024-09-23-at-16.08.12-1.jpeg?fit=1041%2C694&ssl=1\",\"width\":1041,\"height\":694},{\"@type\":\"BreadcrumbList\",\"@id\":\"https:\/\/elregionalvm.com.ar\/noticias-villa-maria\/llaryora-reitero-el-pedido-para-elevar-el-corte-de-biocombustibles-al-25\/#breadcrumb\",\"itemListElement\":[{\"@type\":\"ListItem\",\"position\":1,\"name\":\"Portada\",\"item\":\"https:\/\/elregionalvm.com.ar\/noticias-villa-maria\/\"},{\"@type\":\"ListItem\",\"position\":2,\"name\":\"Llaryora reiter\u00f3 el pedido para elevar el corte de biocombustibles al 25%\"}]},{\"@type\":\"WebSite\",\"@id\":\"http:\/\/elregionalvm.com.ar\/noticias-villa-maria\/#website\",\"url\":\"http:\/\/elregionalvm.com.ar\/noticias-villa-maria\/\",\"name\":\"El Regional\",\"description\":\"Mucho m\u00e1s que informaci\u00f3n\",\"potentialAction\":[{\"@type\":\"SearchAction\",\"target\":{\"@type\":\"EntryPoint\",\"urlTemplate\":\"http:\/\/elregionalvm.com.ar\/noticias-villa-maria\/?s={search_term_string}\"},\"query-input\":{\"@type\":\"PropertyValueSpecification\",\"valueRequired\":true,\"valueName\":\"search_term_string\"}}],\"inLanguage\":\"es\"},{\"@type\":\"Person\",\"@id\":\"http:\/\/elregionalvm.com.ar\/noticias-villa-maria\/#\/schema\/person\/a0fb9c422317faca23d50163151bc354\",\"name\":\"Contenidos El Regional\",\"image\":{\"@type\":\"ImageObject\",\"inLanguage\":\"es\",\"@id\":\"http:\/\/elregionalvm.com.ar\/noticias-villa-maria\/#\/schema\/person\/image\/\",\"url\":\"https:\/\/secure.gravatar.com\/avatar\/265b27cb2209af7bb3a1318f03305787d7981a5cc6e6cd08fe5a4ecdf99d4b48?s=96&d=mm&r=g\",\"contentUrl\":\"https:\/\/secure.gravatar.com\/avatar\/265b27cb2209af7bb3a1318f03305787d7981a5cc6e6cd08fe5a4ecdf99d4b48?s=96&d=mm&r=g\",\"caption\":\"Contenidos El Regional\"},\"url\":\"https:\/\/elregionalvm.com.ar\/noticias-villa-maria\/author\/contenido\/\"}]}<\/script>\n<!-- \/ Yoast SEO plugin. -->","yoast_head_json":{"title":"Llaryora reiter\u00f3 el pedido para elevar el corte de biocombustibles al 25% - El Regional","robots":{"index":"index","follow":"follow","max-snippet":"max-snippet:-1","max-image-preview":"max-image-preview:large","max-video-preview":"max-video-preview:-1"},"canonical":"https:\/\/elregionalvm.com.ar\/noticias-villa-maria\/llaryora-reitero-el-pedido-para-elevar-el-corte-de-biocombustibles-al-25\/","og_locale":"es_ES","og_type":"article","og_title":"Llaryora reiter\u00f3 el pedido para elevar el corte de biocombustibles al 25% - El Regional","og_description":"En Alejandro Roca, departamento Ju\u00e1rez Celman, el gobernador Mart\u00edn Llaryora particip\u00f3 del anuncio de inversi\u00f3n de las empresas Proma\u00edz, Aceitera General Deheza (AGD) y Golden Peanut. Las firmas agr\u00edcolas avanzar\u00e1n en la construcci\u00f3n de una nueva destiler\u00eda y secadora para lo que desembolsar\u00e1n 110 millones de d\u00f3lares entre 2025 y 2027, generando 75 nuevos puestos [&hellip;]","og_url":"https:\/\/elregionalvm.com.ar\/noticias-villa-maria\/llaryora-reitero-el-pedido-para-elevar-el-corte-de-biocombustibles-al-25\/","og_site_name":"El Regional","article_publisher":"https:\/\/www.facebook.com\/elregionalvm","article_published_time":"2024-09-23T21:44:33+00:00","article_modified_time":"2024-09-23T21:44:35+00:00","og_image":[{"width":1041,"height":694,"url":"https:\/\/elregionalvm.com.ar\/noticias-villa-maria\/wp-content\/uploads\/2024\/09\/WhatsApp-Image-2024-09-23-at-16.08.12-1.jpeg","type":"image\/jpeg"}],"author":"Contenidos El Regional","twitter_card":"summary_large_image","twitter_creator":"@elregionalvm1","twitter_site":"@elregionalvm1","twitter_misc":{"Escrito por":"Contenidos El Regional","Tiempo de lectura":"4 minutos"},"schema":{"@context":"https:\/\/schema.org","@graph":[{"@type":"Article","@id":"https:\/\/elregionalvm.com.ar\/noticias-villa-maria\/llaryora-reitero-el-pedido-para-elevar-el-corte-de-biocombustibles-al-25\/#article","isPartOf":{"@id":"https:\/\/elregionalvm.com.ar\/noticias-villa-maria\/llaryora-reitero-el-pedido-para-elevar-el-corte-de-biocombustibles-al-25\/"},"author":{"name":"Contenidos El Regional","@id":"http:\/\/elregionalvm.com.ar\/noticias-villa-maria\/#\/schema\/person\/a0fb9c422317faca23d50163151bc354"},"headline":"Llaryora reiter\u00f3 el pedido para elevar el corte de biocombustibles al 25%","datePublished":"2024-09-23T21:44:33+00:00","dateModified":"2024-09-23T21:44:35+00:00","mainEntityOfPage":{"@id":"https:\/\/elregionalvm.com.ar\/noticias-villa-maria\/llaryora-reitero-el-pedido-para-elevar-el-corte-de-biocombustibles-al-25\/"},"wordCount":634,"commentCount":0,"image":{"@id":"https:\/\/elregionalvm.com.ar\/noticias-villa-maria\/llaryora-reitero-el-pedido-para-elevar-el-corte-de-biocombustibles-al-25\/#primaryimage"},"thumbnailUrl":"https:\/\/i0.wp.com\/elregionalvm.com.ar\/noticias-villa-maria\/wp-content\/uploads\/2024\/09\/WhatsApp-Image-2024-09-23-at-16.08.12-1.jpeg?fit=1041%2C694&ssl=1","articleSection":["destacado","Provinciales","Sociedad"],"inLanguage":"es","potentialAction":[{"@type":"CommentAction","name":"Comment","target":["https:\/\/elregionalvm.com.ar\/noticias-villa-maria\/llaryora-reitero-el-pedido-para-elevar-el-corte-de-biocombustibles-al-25\/#respond"]}]},{"@type":"WebPage","@id":"https:\/\/elregionalvm.com.ar\/noticias-villa-maria\/llaryora-reitero-el-pedido-para-elevar-el-corte-de-biocombustibles-al-25\/","url":"https:\/\/elregionalvm.com.ar\/noticias-villa-maria\/llaryora-reitero-el-pedido-para-elevar-el-corte-de-biocombustibles-al-25\/","name":"Llaryora reiter\u00f3 el pedido para elevar el corte de biocombustibles al 25% - El Regional","isPartOf":{"@id":"http:\/\/elregionalvm.com.ar\/noticias-villa-maria\/#website"},"primaryImageOfPage":{"@id":"https:\/\/elregionalvm.com.ar\/noticias-villa-maria\/llaryora-reitero-el-pedido-para-elevar-el-corte-de-biocombustibles-al-25\/#primaryimage"},"image":{"@id":"https:\/\/elregionalvm.com.ar\/noticias-villa-maria\/llaryora-reitero-el-pedido-para-elevar-el-corte-de-biocombustibles-al-25\/#primaryimage"},"thumbnailUrl":"https:\/\/i0.wp.com\/elregionalvm.com.ar\/noticias-villa-maria\/wp-content\/uploads\/2024\/09\/WhatsApp-Image-2024-09-23-at-16.08.12-1.jpeg?fit=1041%2C694&ssl=1","datePublished":"2024-09-23T21:44:33+00:00","dateModified":"2024-09-23T21:44:35+00:00","author":{"@id":"http:\/\/elregionalvm.com.ar\/noticias-villa-maria\/#\/schema\/person\/a0fb9c422317faca23d50163151bc354"},"breadcrumb":{"@id":"https:\/\/elregionalvm.com.ar\/noticias-villa-maria\/llaryora-reitero-el-pedido-para-elevar-el-corte-de-biocombustibles-al-25\/#breadcrumb"},"inLanguage":"es","potentialAction":[{"@type":"ReadAction","target":["https:\/\/elregionalvm.com.ar\/noticias-villa-maria\/llaryora-reitero-el-pedido-para-elevar-el-corte-de-biocombustibles-al-25\/"]}]},{"@type":"ImageObject","inLanguage":"es","@id":"https:\/\/elregionalvm.com.ar\/noticias-villa-maria\/llaryora-reitero-el-pedido-para-elevar-el-corte-de-biocombustibles-al-25\/#primaryimage","url":"https:\/\/i0.wp.com\/elregionalvm.com.ar\/noticias-villa-maria\/wp-content\/uploads\/2024\/09\/WhatsApp-Image-2024-09-23-at-16.08.12-1.jpeg?fit=1041%2C694&ssl=1","contentUrl":"https:\/\/i0.wp.com\/elregionalvm.com.ar\/noticias-villa-maria\/wp-content\/uploads\/2024\/09\/WhatsApp-Image-2024-09-23-at-16.08.12-1.jpeg?fit=1041%2C694&ssl=1","width":1041,"height":694},{"@type":"BreadcrumbList","@id":"https:\/\/elregionalvm.com.ar\/noticias-villa-maria\/llaryora-reitero-el-pedido-para-elevar-el-corte-de-biocombustibles-al-25\/#breadcrumb","itemListElement":[{"@type":"ListItem","position":1,"name":"Portada","item":"https:\/\/elregionalvm.com.ar\/noticias-villa-maria\/"},{"@type":"ListItem","position":2,"name":"Llaryora reiter\u00f3 el pedido para elevar el corte de biocombustibles al 25%"}]},{"@type":"WebSite","@id":"http:\/\/elregionalvm.com.ar\/noticias-villa-maria\/#website","url":"http:\/\/elregionalvm.com.ar\/noticias-villa-maria\/","name":"El Regional","description":"Mucho m\u00e1s que informaci\u00f3n","potentialAction":[{"@type":"SearchAction","target":{"@type":"EntryPoint","urlTemplate":"http:\/\/elregionalvm.com.ar\/noticias-villa-maria\/?s={search_term_string}"},"query-input":{"@type":"PropertyValueSpecification","valueRequired":true,"valueName":"search_term_string"}}],"inLanguage":"es"},{"@type":"Person","@id":"http:\/\/elregionalvm.com.ar\/noticias-villa-maria\/#\/schema\/person\/a0fb9c422317faca23d50163151bc354","name":"Contenidos El Regional","image":{"@type":"ImageObject","inLanguage":"es","@id":"http:\/\/elregionalvm.com.ar\/noticias-villa-maria\/#\/schema\/person\/image\/","url":"https:\/\/secure.gravatar.com\/avatar\/265b27cb2209af7bb3a1318f03305787d7981a5cc6e6cd08fe5a4ecdf99d4b48?s=96&d=mm&r=g","contentUrl":"https:\/\/secure.gravatar.com\/avatar\/265b27cb2209af7bb3a1318f03305787d7981a5cc6e6cd08fe5a4ecdf99d4b48?s=96&d=mm&r=g","caption":"Contenidos El Regional"},"url":"https:\/\/elregionalvm.com.ar\/noticias-villa-maria\/author\/contenido\/"}]}},"jetpack_featured_media_url":"https:\/\/i0.wp.com\/elregionalvm.com.ar\/noticias-villa-maria\/wp-content\/uploads\/2024\/09\/WhatsApp-Image-2024-09-23-at-16.08.12-1.jpeg?fit=1041%2C694&ssl=1","jetpack_sharing_enabled":true,"_links":{"self":[{"href":"https:\/\/elregionalvm.com.ar\/noticias-villa-maria\/wp-json\/wp\/v2\/posts\/98948","targetHints":{"allow":["GET"]}}],"collection":[{"href":"https:\/\/elregionalvm.com.ar\/noticias-villa-maria\/wp-json\/wp\/v2\/posts"}],"about":[{"href":"https:\/\/elregionalvm.com.ar\/noticias-villa-maria\/wp-json\/wp\/v2\/types\/post"}],"author":[{"embeddable":true,"href":"https:\/\/elregionalvm.com.ar\/noticias-villa-maria\/wp-json\/wp\/v2\/users\/4"}],"replies":[{"embeddable":true,"href":"https:\/\/elregionalvm.com.ar\/noticias-villa-maria\/wp-json\/wp\/v2\/comments?post=98948"}],"version-history":[{"count":1,"href":"https:\/\/elregionalvm.com.ar\/noticias-villa-maria\/wp-json\/wp\/v2\/posts\/98948\/revisions"}],"predecessor-version":[{"id":98953,"href":"https:\/\/elregionalvm.com.ar\/noticias-villa-maria\/wp-json\/wp\/v2\/posts\/98948\/revisions\/98953"}],"wp:featuredmedia":[{"embeddable":true,"href":"https:\/\/elregionalvm.com.ar\/noticias-villa-maria\/wp-json\/wp\/v2\/media\/98950"}],"wp:attachment":[{"href":"https:\/\/elregionalvm.com.ar\/noticias-villa-maria\/wp-json\/wp\/v2\/media?parent=98948"}],"wp:term":[{"taxonomy":"category","embeddable":true,"href":"https:\/\/elregionalvm.com.ar\/noticias-villa-maria\/wp-json\/wp\/v2\/categories?post=98948"},{"taxonomy":"post_tag","embeddable":true,"href":"https:\/\/elregionalvm.com.ar\/noticias-villa-maria\/wp-json\/wp\/v2\/tags?post=98948"}],"curies":[{"name":"wp","href":"https:\/\/api.w.org\/{rel}","templated":true}]}}