{"id":98958,"date":"2024-09-23T21:56:35","date_gmt":"2024-09-23T21:56:35","guid":{"rendered":"https:\/\/elregionalvm.com.ar\/noticias-villa-maria\/?p=98958"},"modified":"2024-09-23T21:56:36","modified_gmt":"2024-09-23T21:56:36","slug":"villa-maria-sera-sede-del-encuentro-provincial-de-las-infancias","status":"publish","type":"post","link":"https:\/\/elregionalvm.com.ar\/noticias-villa-maria\/villa-maria-sera-sede-del-encuentro-provincial-de-las-infancias\/","title":{"rendered":"Villa Mar\u00eda ser\u00e1 sede del \u00abEncuentro Provincial de las Infancias\u00bb"},"content":{"rendered":"\n<p>La municipalidad de Villa Mar\u00eda informa que el s\u00e1bado 28 de septiembre se realizar\u00e1 el \u201cEncuentro Provincial de la Infancias\u201d en nuestra ciudad.<\/p>\n\n\n\n<p>La actividad tendr\u00e1 lugar en el Centro Cultural Comunitario \u201cLeonardo Favio\u201d, donde los ni\u00f1os de diferentes localidades de la provincia de C\u00f3rdoba podr\u00e1n intercambiar experiencias de participaci\u00f3n.<\/p>\n\n\n\n<figure class=\"wp-block-image size-large\"><img data-recalc-dims=\"1\" fetchpriority=\"high\" decoding=\"async\" width=\"819\" height=\"1024\" src=\"https:\/\/i0.wp.com\/elregionalvm.com.ar\/noticias-villa-maria\/wp-content\/uploads\/2024\/09\/WhatsApp-Image-2024-09-22-at-09.38.48.jpeg?resize=819%2C1024&#038;ssl=1\" alt=\"\" class=\"wp-image-98959\" srcset=\"https:\/\/i0.wp.com\/elregionalvm.com.ar\/noticias-villa-maria\/wp-content\/uploads\/2024\/09\/WhatsApp-Image-2024-09-22-at-09.38.48.jpeg?resize=819%2C1024&amp;ssl=1 819w, https:\/\/i0.wp.com\/elregionalvm.com.ar\/noticias-villa-maria\/wp-content\/uploads\/2024\/09\/WhatsApp-Image-2024-09-22-at-09.38.48.jpeg?resize=240%2C300&amp;ssl=1 240w, https:\/\/i0.wp.com\/elregionalvm.com.ar\/noticias-villa-maria\/wp-content\/uploads\/2024\/09\/WhatsApp-Image-2024-09-22-at-09.38.48.jpeg?resize=768%2C960&amp;ssl=1 768w, https:\/\/i0.wp.com\/elregionalvm.com.ar\/noticias-villa-maria\/wp-content\/uploads\/2024\/09\/WhatsApp-Image-2024-09-22-at-09.38.48.jpeg?w=1080&amp;ssl=1 1080w\" sizes=\"(max-width: 819px) 100vw, 819px\" \/><\/figure>\n\n\n\n<p>Este evento, organizado por la secretar\u00eda de Educaci\u00f3n e Igualdad, contar\u00e1 con m\u00e1s de un centenar de asistentes y ser\u00e1 la primera vez que la nuestra ciudad reciba un evento de estas caracter\u00edsticas.<\/p>\n\n\n\n<p>El encuentro busca conocer y compartir distintas formas de participaci\u00f3n e intervenci\u00f3n de los Consejos de Ni\u00f1os y Ni\u00f1as, generar intercambios a trav\u00e9s de foros tem\u00e1ticos y elaborar un documento que recopile los intereses, inquietudes y propuestas de los chicos y chicas participantes, bajo el lema: \u00abA las infancias de C\u00f3rdoba y a los adultos con esp\u00edritu de ni\u00f1o\u00bb.<\/p>\n\n\n\n<p>Consultada sobre el evento, la secretaria de Educaci\u00f3n e Igualdad, Adela Guirardelli, expres\u00f3: \u00abEs fundamental que los ni\u00f1os y ni\u00f1as cuenten con espacios donde puedan expresarse libremente y ser escuchados. Desde Villa Mar\u00eda, siguiendo la l\u00ednea de nuestro intendente Eduardo Accastello, tenemos el compromiso de garantizar que sus voces sean protagonistas, sobre todo en temas que los involucran, por eso este encuentro no solo es una oportunidad para que compartan sus experiencias y preocupaciones, sino tambi\u00e9n para fortalecer lazos con otras localidades y generar un verdadero sentido de pertenencia\u00bb.<\/p>\n\n\n\n<p>Sobre el programa \u201cAhora las Infancias\u201d<\/p>\n\n\n\n<p>Villa Mar\u00eda tiene una amplia trayectoria en cuanto a la participaci\u00f3n de ni\u00f1os, ni\u00f1as y adolescentes. El programa \u201cAhora las Infancias, el barrio, la ciudad y el planeta que queremos\u201d es un claro ejemplo, convocando a chicos y chicas del segundo ciclo a ser protagonistas en espacios de participaci\u00f3n ciudadana, tanto en los Consejos como en el Gabinete de Ni\u00f1os.<\/p>\n\n\n\n<p>Durante 15 a\u00f1os, estos espacios han permitido que las voces de los m\u00e1s j\u00f3venes sean escuchadas, impulsando proyectos que han hecho de Villa Mar\u00eda una ciudad m\u00e1s inclusiva.<\/p>\n","protected":false},"excerpt":{"rendered":"<p>La municipalidad de Villa Mar\u00eda informa que el s\u00e1bado 28 de septiembre se realizar\u00e1 el \u201cEncuentro Provincial de la Infancias\u201d en nuestra ciudad. La actividad tendr\u00e1 lugar en el Centro Cultural Comunitario \u201cLeonardo Favio\u201d, donde los ni\u00f1os de diferentes localidades de la provincia de C\u00f3rdoba podr\u00e1n intercambiar experiencias de participaci\u00f3n. Este evento, organizado por la [&hellip;]<\/p>\n","protected":false},"author":4,"featured_media":98959,"comment_status":"open","ping_status":"open","sticky":false,"template":"","format":"standard","meta":{"site-sidebar-layout":"default","site-content-layout":"","ast-site-content-layout":"default","site-content-style":"default","site-sidebar-style":"default","ast-global-header-display":"","ast-banner-title-visibility":"","ast-main-header-display":"","ast-hfb-above-header-display":"","ast-hfb-below-header-display":"","ast-hfb-mobile-header-display":"","site-post-title":"","ast-breadcrumbs-content":"","ast-featured-img":"","footer-sml-layout":"","ast-disable-related-posts":"","theme-transparent-header-meta":"","adv-header-id-meta":"","stick-header-meta":"","header-above-stick-meta":"","header-main-stick-meta":"","header-below-stick-meta":"","astra-migrate-meta-layouts":"set","ast-page-background-enabled":"default","ast-page-background-meta":{"desktop":{"background-color":"","background-image":"","background-repeat":"repeat","background-position":"center center","background-size":"auto","background-attachment":"scroll","background-type":"","background-media":"","overlay-type":"","overlay-color":"","overlay-opacity":"","overlay-gradient":""},"tablet":{"background-color":"","background-image":"","background-repeat":"repeat","background-position":"center center","background-size":"auto","background-attachment":"scroll","background-type":"","background-media":"","overlay-type":"","overlay-color":"","overlay-opacity":"","overlay-gradient":""},"mobile":{"background-color":"","background-image":"","background-repeat":"repeat","background-position":"center center","background-size":"auto","background-attachment":"scroll","background-type":"","background-media":"","overlay-type":"","overlay-color":"","overlay-opacity":"","overlay-gradient":""}},"ast-content-background-meta":{"desktop":{"background-color":"var(--ast-global-color-5)","background-image":"","background-repeat":"repeat","background-position":"center center","background-size":"auto","background-attachment":"scroll","background-type":"","background-media":"","overlay-type":"","overlay-color":"","overlay-opacity":"","overlay-gradient":""},"tablet":{"background-color":"var(--ast-global-color-5)","background-image":"","background-repeat":"repeat","background-position":"center center","background-size":"auto","background-attachment":"scroll","background-type":"","background-media":"","overlay-type":"","overlay-color":"","overlay-opacity":"","overlay-gradient":""},"mobile":{"background-color":"var(--ast-global-color-5)","background-image":"","background-repeat":"repeat","background-position":"center center","background-size":"auto","background-attachment":"scroll","background-type":"","background-media":"","overlay-type":"","overlay-color":"","overlay-opacity":"","overlay-gradient":""}},"_jetpack_memberships_contains_paid_content":false,"_joinchat":[],"footnotes":""},"categories":[15302,5,2],"tags":[],"class_list":["post-98958","post","type-post","status-publish","format-standard","has-post-thumbnail","hentry","category-destacado","category-sociedad","category-villa-maria"],"yoast_head":"<!-- This site is optimized with the Yoast SEO plugin v26.8 - https:\/\/yoast.com\/product\/yoast-seo-wordpress\/ -->\n<title>Villa Mar\u00eda ser\u00e1 sede del &quot;Encuentro Provincial de las Infancias&quot; - El Regional<\/title>\n<meta name=\"robots\" content=\"index, follow, max-snippet:-1, max-image-preview:large, max-video-preview:-1\" \/>\n<link rel=\"canonical\" href=\"https:\/\/elregionalvm.com.ar\/noticias-villa-maria\/villa-maria-sera-sede-del-encuentro-provincial-de-las-infancias\/\" \/>\n<meta property=\"og:locale\" content=\"es_ES\" \/>\n<meta property=\"og:type\" content=\"article\" \/>\n<meta property=\"og:title\" content=\"Villa Mar\u00eda ser\u00e1 sede del &quot;Encuentro Provincial de las Infancias&quot; - El Regional\" \/>\n<meta property=\"og:description\" content=\"La municipalidad de Villa Mar\u00eda informa que el s\u00e1bado 28 de septiembre se realizar\u00e1 el \u201cEncuentro Provincial de la Infancias\u201d en nuestra ciudad. La actividad tendr\u00e1 lugar en el Centro Cultural Comunitario \u201cLeonardo Favio\u201d, donde los ni\u00f1os de diferentes localidades de la provincia de C\u00f3rdoba podr\u00e1n intercambiar experiencias de participaci\u00f3n. Este evento, organizado por la [&hellip;]\" \/>\n<meta property=\"og:url\" content=\"https:\/\/elregionalvm.com.ar\/noticias-villa-maria\/villa-maria-sera-sede-del-encuentro-provincial-de-las-infancias\/\" \/>\n<meta property=\"og:site_name\" content=\"El Regional\" \/>\n<meta property=\"article:publisher\" content=\"https:\/\/www.facebook.com\/elregionalvm\" \/>\n<meta property=\"article:published_time\" content=\"2024-09-23T21:56:35+00:00\" \/>\n<meta property=\"article:modified_time\" content=\"2024-09-23T21:56:36+00:00\" \/>\n<meta property=\"og:image\" content=\"https:\/\/elregionalvm.com.ar\/noticias-villa-maria\/wp-content\/uploads\/2024\/09\/WhatsApp-Image-2024-09-22-at-09.38.48.jpeg\" \/>\n\t<meta property=\"og:image:width\" content=\"1080\" \/>\n\t<meta property=\"og:image:height\" content=\"1350\" \/>\n\t<meta property=\"og:image:type\" content=\"image\/jpeg\" \/>\n<meta name=\"author\" content=\"Contenidos El Regional\" \/>\n<meta name=\"twitter:card\" content=\"summary_large_image\" \/>\n<meta name=\"twitter:creator\" content=\"@elregionalvm1\" \/>\n<meta name=\"twitter:site\" content=\"@elregionalvm1\" \/>\n<meta name=\"twitter:label1\" content=\"Escrito por\" \/>\n\t<meta name=\"twitter:data1\" content=\"Contenidos El Regional\" \/>\n\t<meta name=\"twitter:label2\" content=\"Tiempo de lectura\" \/>\n\t<meta name=\"twitter:data2\" content=\"2 minutos\" \/>\n<script type=\"application\/ld+json\" class=\"yoast-schema-graph\">{\"@context\":\"https:\/\/schema.org\",\"@graph\":[{\"@type\":\"Article\",\"@id\":\"https:\/\/elregionalvm.com.ar\/noticias-villa-maria\/villa-maria-sera-sede-del-encuentro-provincial-de-las-infancias\/#article\",\"isPartOf\":{\"@id\":\"https:\/\/elregionalvm.com.ar\/noticias-villa-maria\/villa-maria-sera-sede-del-encuentro-provincial-de-las-infancias\/\"},\"author\":{\"name\":\"Contenidos El Regional\",\"@id\":\"http:\/\/elregionalvm.com.ar\/noticias-villa-maria\/#\/schema\/person\/a0fb9c422317faca23d50163151bc354\"},\"headline\":\"Villa Mar\u00eda ser\u00e1 sede del \u00abEncuentro Provincial de las Infancias\u00bb\",\"datePublished\":\"2024-09-23T21:56:35+00:00\",\"dateModified\":\"2024-09-23T21:56:36+00:00\",\"mainEntityOfPage\":{\"@id\":\"https:\/\/elregionalvm.com.ar\/noticias-villa-maria\/villa-maria-sera-sede-del-encuentro-provincial-de-las-infancias\/\"},\"wordCount\":370,\"commentCount\":0,\"image\":{\"@id\":\"https:\/\/elregionalvm.com.ar\/noticias-villa-maria\/villa-maria-sera-sede-del-encuentro-provincial-de-las-infancias\/#primaryimage\"},\"thumbnailUrl\":\"https:\/\/i0.wp.com\/elregionalvm.com.ar\/noticias-villa-maria\/wp-content\/uploads\/2024\/09\/WhatsApp-Image-2024-09-22-at-09.38.48.jpeg?fit=1080%2C1350&ssl=1\",\"articleSection\":[\"destacado\",\"Sociedad\",\"Villa Mar\u00eda\"],\"inLanguage\":\"es\",\"potentialAction\":[{\"@type\":\"CommentAction\",\"name\":\"Comment\",\"target\":[\"https:\/\/elregionalvm.com.ar\/noticias-villa-maria\/villa-maria-sera-sede-del-encuentro-provincial-de-las-infancias\/#respond\"]}]},{\"@type\":\"WebPage\",\"@id\":\"https:\/\/elregionalvm.com.ar\/noticias-villa-maria\/villa-maria-sera-sede-del-encuentro-provincial-de-las-infancias\/\",\"url\":\"https:\/\/elregionalvm.com.ar\/noticias-villa-maria\/villa-maria-sera-sede-del-encuentro-provincial-de-las-infancias\/\",\"name\":\"Villa Mar\u00eda ser\u00e1 sede del \\\"Encuentro Provincial de las Infancias\\\" - El Regional\",\"isPartOf\":{\"@id\":\"http:\/\/elregionalvm.com.ar\/noticias-villa-maria\/#website\"},\"primaryImageOfPage\":{\"@id\":\"https:\/\/elregionalvm.com.ar\/noticias-villa-maria\/villa-maria-sera-sede-del-encuentro-provincial-de-las-infancias\/#primaryimage\"},\"image\":{\"@id\":\"https:\/\/elregionalvm.com.ar\/noticias-villa-maria\/villa-maria-sera-sede-del-encuentro-provincial-de-las-infancias\/#primaryimage\"},\"thumbnailUrl\":\"https:\/\/i0.wp.com\/elregionalvm.com.ar\/noticias-villa-maria\/wp-content\/uploads\/2024\/09\/WhatsApp-Image-2024-09-22-at-09.38.48.jpeg?fit=1080%2C1350&ssl=1\",\"datePublished\":\"2024-09-23T21:56:35+00:00\",\"dateModified\":\"2024-09-23T21:56:36+00:00\",\"author\":{\"@id\":\"http:\/\/elregionalvm.com.ar\/noticias-villa-maria\/#\/schema\/person\/a0fb9c422317faca23d50163151bc354\"},\"breadcrumb\":{\"@id\":\"https:\/\/elregionalvm.com.ar\/noticias-villa-maria\/villa-maria-sera-sede-del-encuentro-provincial-de-las-infancias\/#breadcrumb\"},\"inLanguage\":\"es\",\"potentialAction\":[{\"@type\":\"ReadAction\",\"target\":[\"https:\/\/elregionalvm.com.ar\/noticias-villa-maria\/villa-maria-sera-sede-del-encuentro-provincial-de-las-infancias\/\"]}]},{\"@type\":\"ImageObject\",\"inLanguage\":\"es\",\"@id\":\"https:\/\/elregionalvm.com.ar\/noticias-villa-maria\/villa-maria-sera-sede-del-encuentro-provincial-de-las-infancias\/#primaryimage\",\"url\":\"https:\/\/i0.wp.com\/elregionalvm.com.ar\/noticias-villa-maria\/wp-content\/uploads\/2024\/09\/WhatsApp-Image-2024-09-22-at-09.38.48.jpeg?fit=1080%2C1350&ssl=1\",\"contentUrl\":\"https:\/\/i0.wp.com\/elregionalvm.com.ar\/noticias-villa-maria\/wp-content\/uploads\/2024\/09\/WhatsApp-Image-2024-09-22-at-09.38.48.jpeg?fit=1080%2C1350&ssl=1\",\"width\":1080,\"height\":1350},{\"@type\":\"BreadcrumbList\",\"@id\":\"https:\/\/elregionalvm.com.ar\/noticias-villa-maria\/villa-maria-sera-sede-del-encuentro-provincial-de-las-infancias\/#breadcrumb\",\"itemListElement\":[{\"@type\":\"ListItem\",\"position\":1,\"name\":\"Portada\",\"item\":\"https:\/\/elregionalvm.com.ar\/noticias-villa-maria\/\"},{\"@type\":\"ListItem\",\"position\":2,\"name\":\"Villa Mar\u00eda ser\u00e1 sede del \u00abEncuentro Provincial de las Infancias\u00bb\"}]},{\"@type\":\"WebSite\",\"@id\":\"http:\/\/elregionalvm.com.ar\/noticias-villa-maria\/#website\",\"url\":\"http:\/\/elregionalvm.com.ar\/noticias-villa-maria\/\",\"name\":\"El Regional\",\"description\":\"Mucho m\u00e1s que informaci\u00f3n\",\"potentialAction\":[{\"@type\":\"SearchAction\",\"target\":{\"@type\":\"EntryPoint\",\"urlTemplate\":\"http:\/\/elregionalvm.com.ar\/noticias-villa-maria\/?s={search_term_string}\"},\"query-input\":{\"@type\":\"PropertyValueSpecification\",\"valueRequired\":true,\"valueName\":\"search_term_string\"}}],\"inLanguage\":\"es\"},{\"@type\":\"Person\",\"@id\":\"http:\/\/elregionalvm.com.ar\/noticias-villa-maria\/#\/schema\/person\/a0fb9c422317faca23d50163151bc354\",\"name\":\"Contenidos El Regional\",\"image\":{\"@type\":\"ImageObject\",\"inLanguage\":\"es\",\"@id\":\"http:\/\/elregionalvm.com.ar\/noticias-villa-maria\/#\/schema\/person\/image\/\",\"url\":\"https:\/\/secure.gravatar.com\/avatar\/265b27cb2209af7bb3a1318f03305787d7981a5cc6e6cd08fe5a4ecdf99d4b48?s=96&d=mm&r=g\",\"contentUrl\":\"https:\/\/secure.gravatar.com\/avatar\/265b27cb2209af7bb3a1318f03305787d7981a5cc6e6cd08fe5a4ecdf99d4b48?s=96&d=mm&r=g\",\"caption\":\"Contenidos El Regional\"},\"url\":\"https:\/\/elregionalvm.com.ar\/noticias-villa-maria\/author\/contenido\/\"}]}<\/script>\n<!-- \/ Yoast SEO plugin. -->","yoast_head_json":{"title":"Villa Mar\u00eda ser\u00e1 sede del \"Encuentro Provincial de las Infancias\" - El Regional","robots":{"index":"index","follow":"follow","max-snippet":"max-snippet:-1","max-image-preview":"max-image-preview:large","max-video-preview":"max-video-preview:-1"},"canonical":"https:\/\/elregionalvm.com.ar\/noticias-villa-maria\/villa-maria-sera-sede-del-encuentro-provincial-de-las-infancias\/","og_locale":"es_ES","og_type":"article","og_title":"Villa Mar\u00eda ser\u00e1 sede del \"Encuentro Provincial de las Infancias\" - El Regional","og_description":"La municipalidad de Villa Mar\u00eda informa que el s\u00e1bado 28 de septiembre se realizar\u00e1 el \u201cEncuentro Provincial de la Infancias\u201d en nuestra ciudad. La actividad tendr\u00e1 lugar en el Centro Cultural Comunitario \u201cLeonardo Favio\u201d, donde los ni\u00f1os de diferentes localidades de la provincia de C\u00f3rdoba podr\u00e1n intercambiar experiencias de participaci\u00f3n. Este evento, organizado por la [&hellip;]","og_url":"https:\/\/elregionalvm.com.ar\/noticias-villa-maria\/villa-maria-sera-sede-del-encuentro-provincial-de-las-infancias\/","og_site_name":"El Regional","article_publisher":"https:\/\/www.facebook.com\/elregionalvm","article_published_time":"2024-09-23T21:56:35+00:00","article_modified_time":"2024-09-23T21:56:36+00:00","og_image":[{"width":1080,"height":1350,"url":"https:\/\/elregionalvm.com.ar\/noticias-villa-maria\/wp-content\/uploads\/2024\/09\/WhatsApp-Image-2024-09-22-at-09.38.48.jpeg","type":"image\/jpeg"}],"author":"Contenidos El Regional","twitter_card":"summary_large_image","twitter_creator":"@elregionalvm1","twitter_site":"@elregionalvm1","twitter_misc":{"Escrito por":"Contenidos El Regional","Tiempo de lectura":"2 minutos"},"schema":{"@context":"https:\/\/schema.org","@graph":[{"@type":"Article","@id":"https:\/\/elregionalvm.com.ar\/noticias-villa-maria\/villa-maria-sera-sede-del-encuentro-provincial-de-las-infancias\/#article","isPartOf":{"@id":"https:\/\/elregionalvm.com.ar\/noticias-villa-maria\/villa-maria-sera-sede-del-encuentro-provincial-de-las-infancias\/"},"author":{"name":"Contenidos El Regional","@id":"http:\/\/elregionalvm.com.ar\/noticias-villa-maria\/#\/schema\/person\/a0fb9c422317faca23d50163151bc354"},"headline":"Villa Mar\u00eda ser\u00e1 sede del \u00abEncuentro Provincial de las Infancias\u00bb","datePublished":"2024-09-23T21:56:35+00:00","dateModified":"2024-09-23T21:56:36+00:00","mainEntityOfPage":{"@id":"https:\/\/elregionalvm.com.ar\/noticias-villa-maria\/villa-maria-sera-sede-del-encuentro-provincial-de-las-infancias\/"},"wordCount":370,"commentCount":0,"image":{"@id":"https:\/\/elregionalvm.com.ar\/noticias-villa-maria\/villa-maria-sera-sede-del-encuentro-provincial-de-las-infancias\/#primaryimage"},"thumbnailUrl":"https:\/\/i0.wp.com\/elregionalvm.com.ar\/noticias-villa-maria\/wp-content\/uploads\/2024\/09\/WhatsApp-Image-2024-09-22-at-09.38.48.jpeg?fit=1080%2C1350&ssl=1","articleSection":["destacado","Sociedad","Villa Mar\u00eda"],"inLanguage":"es","potentialAction":[{"@type":"CommentAction","name":"Comment","target":["https:\/\/elregionalvm.com.ar\/noticias-villa-maria\/villa-maria-sera-sede-del-encuentro-provincial-de-las-infancias\/#respond"]}]},{"@type":"WebPage","@id":"https:\/\/elregionalvm.com.ar\/noticias-villa-maria\/villa-maria-sera-sede-del-encuentro-provincial-de-las-infancias\/","url":"https:\/\/elregionalvm.com.ar\/noticias-villa-maria\/villa-maria-sera-sede-del-encuentro-provincial-de-las-infancias\/","name":"Villa Mar\u00eda ser\u00e1 sede del \"Encuentro Provincial de las Infancias\" - El Regional","isPartOf":{"@id":"http:\/\/elregionalvm.com.ar\/noticias-villa-maria\/#website"},"primaryImageOfPage":{"@id":"https:\/\/elregionalvm.com.ar\/noticias-villa-maria\/villa-maria-sera-sede-del-encuentro-provincial-de-las-infancias\/#primaryimage"},"image":{"@id":"https:\/\/elregionalvm.com.ar\/noticias-villa-maria\/villa-maria-sera-sede-del-encuentro-provincial-de-las-infancias\/#primaryimage"},"thumbnailUrl":"https:\/\/i0.wp.com\/elregionalvm.com.ar\/noticias-villa-maria\/wp-content\/uploads\/2024\/09\/WhatsApp-Image-2024-09-22-at-09.38.48.jpeg?fit=1080%2C1350&ssl=1","datePublished":"2024-09-23T21:56:35+00:00","dateModified":"2024-09-23T21:56:36+00:00","author":{"@id":"http:\/\/elregionalvm.com.ar\/noticias-villa-maria\/#\/schema\/person\/a0fb9c422317faca23d50163151bc354"},"breadcrumb":{"@id":"https:\/\/elregionalvm.com.ar\/noticias-villa-maria\/villa-maria-sera-sede-del-encuentro-provincial-de-las-infancias\/#breadcrumb"},"inLanguage":"es","potentialAction":[{"@type":"ReadAction","target":["https:\/\/elregionalvm.com.ar\/noticias-villa-maria\/villa-maria-sera-sede-del-encuentro-provincial-de-las-infancias\/"]}]},{"@type":"ImageObject","inLanguage":"es","@id":"https:\/\/elregionalvm.com.ar\/noticias-villa-maria\/villa-maria-sera-sede-del-encuentro-provincial-de-las-infancias\/#primaryimage","url":"https:\/\/i0.wp.com\/elregionalvm.com.ar\/noticias-villa-maria\/wp-content\/uploads\/2024\/09\/WhatsApp-Image-2024-09-22-at-09.38.48.jpeg?fit=1080%2C1350&ssl=1","contentUrl":"https:\/\/i0.wp.com\/elregionalvm.com.ar\/noticias-villa-maria\/wp-content\/uploads\/2024\/09\/WhatsApp-Image-2024-09-22-at-09.38.48.jpeg?fit=1080%2C1350&ssl=1","width":1080,"height":1350},{"@type":"BreadcrumbList","@id":"https:\/\/elregionalvm.com.ar\/noticias-villa-maria\/villa-maria-sera-sede-del-encuentro-provincial-de-las-infancias\/#breadcrumb","itemListElement":[{"@type":"ListItem","position":1,"name":"Portada","item":"https:\/\/elregionalvm.com.ar\/noticias-villa-maria\/"},{"@type":"ListItem","position":2,"name":"Villa Mar\u00eda ser\u00e1 sede del \u00abEncuentro Provincial de las Infancias\u00bb"}]},{"@type":"WebSite","@id":"http:\/\/elregionalvm.com.ar\/noticias-villa-maria\/#website","url":"http:\/\/elregionalvm.com.ar\/noticias-villa-maria\/","name":"El Regional","description":"Mucho m\u00e1s que informaci\u00f3n","potentialAction":[{"@type":"SearchAction","target":{"@type":"EntryPoint","urlTemplate":"http:\/\/elregionalvm.com.ar\/noticias-villa-maria\/?s={search_term_string}"},"query-input":{"@type":"PropertyValueSpecification","valueRequired":true,"valueName":"search_term_string"}}],"inLanguage":"es"},{"@type":"Person","@id":"http:\/\/elregionalvm.com.ar\/noticias-villa-maria\/#\/schema\/person\/a0fb9c422317faca23d50163151bc354","name":"Contenidos El Regional","image":{"@type":"ImageObject","inLanguage":"es","@id":"http:\/\/elregionalvm.com.ar\/noticias-villa-maria\/#\/schema\/person\/image\/","url":"https:\/\/secure.gravatar.com\/avatar\/265b27cb2209af7bb3a1318f03305787d7981a5cc6e6cd08fe5a4ecdf99d4b48?s=96&d=mm&r=g","contentUrl":"https:\/\/secure.gravatar.com\/avatar\/265b27cb2209af7bb3a1318f03305787d7981a5cc6e6cd08fe5a4ecdf99d4b48?s=96&d=mm&r=g","caption":"Contenidos El Regional"},"url":"https:\/\/elregionalvm.com.ar\/noticias-villa-maria\/author\/contenido\/"}]}},"jetpack_featured_media_url":"https:\/\/i0.wp.com\/elregionalvm.com.ar\/noticias-villa-maria\/wp-content\/uploads\/2024\/09\/WhatsApp-Image-2024-09-22-at-09.38.48.jpeg?fit=1080%2C1350&ssl=1","jetpack_sharing_enabled":true,"_links":{"self":[{"href":"https:\/\/elregionalvm.com.ar\/noticias-villa-maria\/wp-json\/wp\/v2\/posts\/98958","targetHints":{"allow":["GET"]}}],"collection":[{"href":"https:\/\/elregionalvm.com.ar\/noticias-villa-maria\/wp-json\/wp\/v2\/posts"}],"about":[{"href":"https:\/\/elregionalvm.com.ar\/noticias-villa-maria\/wp-json\/wp\/v2\/types\/post"}],"author":[{"embeddable":true,"href":"https:\/\/elregionalvm.com.ar\/noticias-villa-maria\/wp-json\/wp\/v2\/users\/4"}],"replies":[{"embeddable":true,"href":"https:\/\/elregionalvm.com.ar\/noticias-villa-maria\/wp-json\/wp\/v2\/comments?post=98958"}],"version-history":[{"count":1,"href":"https:\/\/elregionalvm.com.ar\/noticias-villa-maria\/wp-json\/wp\/v2\/posts\/98958\/revisions"}],"predecessor-version":[{"id":98960,"href":"https:\/\/elregionalvm.com.ar\/noticias-villa-maria\/wp-json\/wp\/v2\/posts\/98958\/revisions\/98960"}],"wp:featuredmedia":[{"embeddable":true,"href":"https:\/\/elregionalvm.com.ar\/noticias-villa-maria\/wp-json\/wp\/v2\/media\/98959"}],"wp:attachment":[{"href":"https:\/\/elregionalvm.com.ar\/noticias-villa-maria\/wp-json\/wp\/v2\/media?parent=98958"}],"wp:term":[{"taxonomy":"category","embeddable":true,"href":"https:\/\/elregionalvm.com.ar\/noticias-villa-maria\/wp-json\/wp\/v2\/categories?post=98958"},{"taxonomy":"post_tag","embeddable":true,"href":"https:\/\/elregionalvm.com.ar\/noticias-villa-maria\/wp-json\/wp\/v2\/tags?post=98958"}],"curies":[{"name":"wp","href":"https:\/\/api.w.org\/{rel}","templated":true}]}}