{"id":98969,"date":"2024-09-24T15:35:14","date_gmt":"2024-09-24T15:35:14","guid":{"rendered":"https:\/\/elregionalvm.com.ar\/noticias-villa-maria\/?p=98969"},"modified":"2024-09-24T15:35:15","modified_gmt":"2024-09-24T15:35:15","slug":"villa-maria-celebra-su-157-aniversario-con-una-agenda-cargada-de-actividades","status":"publish","type":"post","link":"https:\/\/elregionalvm.com.ar\/noticias-villa-maria\/villa-maria-celebra-su-157-aniversario-con-una-agenda-cargada-de-actividades\/","title":{"rendered":"Villa Mar\u00eda celebra su 157\u00b0 Aniversario con una agenda cargada de actividades"},"content":{"rendered":"\n<p>El pr\u00f3ximo jueves 26 y viernes 27 de septiembre, Villa Mar\u00eda se vestir\u00e1 de fiesta en el marco del 157\u00b0 aniversario de su fundaci\u00f3n, con una serie de eventos culturales y protocolares organizados por la Municipalidad. Es importante decir que las actividades se desarrollar\u00e1n en diferentes puntos de la ciudad.<\/p>\n\n\n\n<p>En primera instancia, el jueves a las 18:30 horas, se dar\u00e1 inicio a las celebraciones con el evento \u201cLas Artes celebran a Villa Mar\u00eda\u201d, donde integrantes del Instituto Municipal de las Artes interpretar\u00e1n la emblem\u00e1tica \u00abZamba para Villa Mar\u00eda\u00bb en Plaza Centenario.<\/p>\n\n\n\n<figure class=\"wp-block-image size-large\"><img data-recalc-dims=\"1\" fetchpriority=\"high\" decoding=\"async\" width=\"576\" height=\"1024\" src=\"https:\/\/i0.wp.com\/elregionalvm.com.ar\/noticias-villa-maria\/wp-content\/uploads\/2024\/09\/WhatsApp-Image-2024-09-24-at-11.02.12-1.jpeg?resize=576%2C1024&#038;ssl=1\" alt=\"\" class=\"wp-image-98971\" srcset=\"https:\/\/i0.wp.com\/elregionalvm.com.ar\/noticias-villa-maria\/wp-content\/uploads\/2024\/09\/WhatsApp-Image-2024-09-24-at-11.02.12-1.jpeg?resize=576%2C1024&amp;ssl=1 576w, https:\/\/i0.wp.com\/elregionalvm.com.ar\/noticias-villa-maria\/wp-content\/uploads\/2024\/09\/WhatsApp-Image-2024-09-24-at-11.02.12-1.jpeg?resize=169%2C300&amp;ssl=1 169w, https:\/\/i0.wp.com\/elregionalvm.com.ar\/noticias-villa-maria\/wp-content\/uploads\/2024\/09\/WhatsApp-Image-2024-09-24-at-11.02.12-1.jpeg?resize=768%2C1365&amp;ssl=1 768w, https:\/\/i0.wp.com\/elregionalvm.com.ar\/noticias-villa-maria\/wp-content\/uploads\/2024\/09\/WhatsApp-Image-2024-09-24-at-11.02.12-1.jpeg?resize=864%2C1536&amp;ssl=1 864w, https:\/\/i0.wp.com\/elregionalvm.com.ar\/noticias-villa-maria\/wp-content\/uploads\/2024\/09\/WhatsApp-Image-2024-09-24-at-11.02.12-1.jpeg?w=900&amp;ssl=1 900w\" sizes=\"(max-width: 576px) 100vw, 576px\" \/><\/figure>\n\n\n\n<p>Luego, a las 19:45 horas, se realizar\u00e1 la imposici\u00f3n del nombre \u201cIntendente Pedro Vi\u00f1as\u201d al Hall Central de la planta baja del Palacio Municipal, seguido por el descubrimiento de una placa que designar\u00e1 al Sal\u00f3n Blanco con el nombre de \u201cIntendente Carlos Emilio Pizzorno\u201d y la presentaci\u00f3n de atributos en el Municipio.<\/p>\n\n\n\n<p>El d\u00eda culminar\u00e1 con una velada de gala a las 20:30 horas en el Teatro Giuseppe Verdi, donde se presentar\u00e1 la Villa Mar\u00eda Big Band en un espect\u00e1culo abierto a toda la comunidad, con entrada libre y gratuita hasta completar el aforo.<\/p>\n\n\n\n<p>Las actividades continuar\u00e1n el viernes, a las 9:00 horas, con el acto protocolar en Plaza Centenario, que contar\u00e1 con la presencia de instituciones invitadas portando las Banderas de Ceremonia.<\/p>\n\n\n\n<p>A continuaci\u00f3n, se colocar\u00e1 una ofrenda floral a los pies del busto de Manuel Anselmo Ocampo, en la esquina de Avenida Gobernador Amadeo Sabattini y San Juan. Posteriormente, a las 10:30 horas, se habilitar\u00e1n las remodelaciones integrales de la Terminal de \u00d3mnibus, con un acto en el Comedor Central.<\/p>\n\n\n\n<p>Finalmente, a las 16:00 horas, el Anfiteatro Municipal Centenario \u201cAldo Mario Invernizzi\u201d ser\u00e1 el escenario del evento \u201cCelebramos la Ciudad\u201d, con presentaciones de Destino San Javier, Soy Solcito, Arrasa Como Topadora, Shalaku, la Agrupaci\u00f3n Folcl\u00f3rica Villa Mar\u00eda y la Escuela de Danza Alma Latina. La entrada ser\u00e1 libre y gratuita, hasta completar el aforo, con ubicaci\u00f3n por orden de llegada.<\/p>\n","protected":false},"excerpt":{"rendered":"<p>El pr\u00f3ximo jueves 26 y viernes 27 de septiembre, Villa Mar\u00eda se vestir\u00e1 de fiesta en el marco del 157\u00b0 aniversario de su fundaci\u00f3n, con una serie de eventos culturales y protocolares organizados por la Municipalidad. Es importante decir que las actividades se desarrollar\u00e1n en diferentes puntos de la ciudad. En primera instancia, el jueves [&hellip;]<\/p>\n","protected":false},"author":4,"featured_media":98970,"comment_status":"open","ping_status":"open","sticky":false,"template":"","format":"standard","meta":{"site-sidebar-layout":"default","site-content-layout":"","ast-site-content-layout":"default","site-content-style":"default","site-sidebar-style":"default","ast-global-header-display":"","ast-banner-title-visibility":"","ast-main-header-display":"","ast-hfb-above-header-display":"","ast-hfb-below-header-display":"","ast-hfb-mobile-header-display":"","site-post-title":"","ast-breadcrumbs-content":"","ast-featured-img":"","footer-sml-layout":"","ast-disable-related-posts":"","theme-transparent-header-meta":"","adv-header-id-meta":"","stick-header-meta":"","header-above-stick-meta":"","header-main-stick-meta":"","header-below-stick-meta":"","astra-migrate-meta-layouts":"set","ast-page-background-enabled":"default","ast-page-background-meta":{"desktop":{"background-color":"","background-image":"","background-repeat":"repeat","background-position":"center center","background-size":"auto","background-attachment":"scroll","background-type":"","background-media":"","overlay-type":"","overlay-color":"","overlay-opacity":"","overlay-gradient":""},"tablet":{"background-color":"","background-image":"","background-repeat":"repeat","background-position":"center center","background-size":"auto","background-attachment":"scroll","background-type":"","background-media":"","overlay-type":"","overlay-color":"","overlay-opacity":"","overlay-gradient":""},"mobile":{"background-color":"","background-image":"","background-repeat":"repeat","background-position":"center center","background-size":"auto","background-attachment":"scroll","background-type":"","background-media":"","overlay-type":"","overlay-color":"","overlay-opacity":"","overlay-gradient":""}},"ast-content-background-meta":{"desktop":{"background-color":"var(--ast-global-color-5)","background-image":"","background-repeat":"repeat","background-position":"center center","background-size":"auto","background-attachment":"scroll","background-type":"","background-media":"","overlay-type":"","overlay-color":"","overlay-opacity":"","overlay-gradient":""},"tablet":{"background-color":"var(--ast-global-color-5)","background-image":"","background-repeat":"repeat","background-position":"center center","background-size":"auto","background-attachment":"scroll","background-type":"","background-media":"","overlay-type":"","overlay-color":"","overlay-opacity":"","overlay-gradient":""},"mobile":{"background-color":"var(--ast-global-color-5)","background-image":"","background-repeat":"repeat","background-position":"center center","background-size":"auto","background-attachment":"scroll","background-type":"","background-media":"","overlay-type":"","overlay-color":"","overlay-opacity":"","overlay-gradient":""}},"_jetpack_memberships_contains_paid_content":false,"_joinchat":[],"footnotes":""},"categories":[2068,15302,5,2],"tags":[],"class_list":["post-98969","post","type-post","status-publish","format-standard","has-post-thumbnail","hentry","category-cultura-deporte","category-destacado","category-sociedad","category-villa-maria"],"yoast_head":"<!-- This site is optimized with the Yoast SEO plugin v26.8 - https:\/\/yoast.com\/product\/yoast-seo-wordpress\/ -->\n<title>Villa Mar\u00eda celebra su 157\u00b0 Aniversario con una agenda cargada de actividades - El Regional<\/title>\n<meta name=\"robots\" content=\"index, follow, max-snippet:-1, max-image-preview:large, max-video-preview:-1\" \/>\n<link rel=\"canonical\" href=\"https:\/\/elregionalvm.com.ar\/noticias-villa-maria\/villa-maria-celebra-su-157-aniversario-con-una-agenda-cargada-de-actividades\/\" \/>\n<meta property=\"og:locale\" content=\"es_ES\" \/>\n<meta property=\"og:type\" content=\"article\" \/>\n<meta property=\"og:title\" content=\"Villa Mar\u00eda celebra su 157\u00b0 Aniversario con una agenda cargada de actividades - El Regional\" \/>\n<meta property=\"og:description\" content=\"El pr\u00f3ximo jueves 26 y viernes 27 de septiembre, Villa Mar\u00eda se vestir\u00e1 de fiesta en el marco del 157\u00b0 aniversario de su fundaci\u00f3n, con una serie de eventos culturales y protocolares organizados por la Municipalidad. Es importante decir que las actividades se desarrollar\u00e1n en diferentes puntos de la ciudad. En primera instancia, el jueves [&hellip;]\" \/>\n<meta property=\"og:url\" content=\"https:\/\/elregionalvm.com.ar\/noticias-villa-maria\/villa-maria-celebra-su-157-aniversario-con-una-agenda-cargada-de-actividades\/\" \/>\n<meta property=\"og:site_name\" content=\"El Regional\" \/>\n<meta property=\"article:publisher\" content=\"https:\/\/www.facebook.com\/elregionalvm\" \/>\n<meta property=\"article:published_time\" content=\"2024-09-24T15:35:14+00:00\" \/>\n<meta property=\"article:modified_time\" content=\"2024-09-24T15:35:15+00:00\" \/>\n<meta property=\"og:image\" content=\"https:\/\/elregionalvm.com.ar\/noticias-villa-maria\/wp-content\/uploads\/2024\/09\/laciudad-1-1024x350.png\" \/>\n\t<meta property=\"og:image:width\" content=\"1024\" \/>\n\t<meta property=\"og:image:height\" content=\"350\" \/>\n\t<meta property=\"og:image:type\" content=\"image\/png\" \/>\n<meta name=\"author\" content=\"Contenidos El Regional\" \/>\n<meta name=\"twitter:card\" content=\"summary_large_image\" \/>\n<meta name=\"twitter:creator\" content=\"@elregionalvm1\" \/>\n<meta name=\"twitter:site\" content=\"@elregionalvm1\" \/>\n<meta name=\"twitter:label1\" content=\"Escrito por\" \/>\n\t<meta name=\"twitter:data1\" content=\"Contenidos El Regional\" \/>\n\t<meta name=\"twitter:label2\" content=\"Tiempo de lectura\" \/>\n\t<meta name=\"twitter:data2\" content=\"2 minutos\" \/>\n<script type=\"application\/ld+json\" class=\"yoast-schema-graph\">{\"@context\":\"https:\/\/schema.org\",\"@graph\":[{\"@type\":\"Article\",\"@id\":\"https:\/\/elregionalvm.com.ar\/noticias-villa-maria\/villa-maria-celebra-su-157-aniversario-con-una-agenda-cargada-de-actividades\/#article\",\"isPartOf\":{\"@id\":\"https:\/\/elregionalvm.com.ar\/noticias-villa-maria\/villa-maria-celebra-su-157-aniversario-con-una-agenda-cargada-de-actividades\/\"},\"author\":{\"name\":\"Contenidos El Regional\",\"@id\":\"http:\/\/elregionalvm.com.ar\/noticias-villa-maria\/#\/schema\/person\/a0fb9c422317faca23d50163151bc354\"},\"headline\":\"Villa Mar\u00eda celebra su 157\u00b0 Aniversario con una agenda cargada de actividades\",\"datePublished\":\"2024-09-24T15:35:14+00:00\",\"dateModified\":\"2024-09-24T15:35:15+00:00\",\"mainEntityOfPage\":{\"@id\":\"https:\/\/elregionalvm.com.ar\/noticias-villa-maria\/villa-maria-celebra-su-157-aniversario-con-una-agenda-cargada-de-actividades\/\"},\"wordCount\":349,\"commentCount\":0,\"image\":{\"@id\":\"https:\/\/elregionalvm.com.ar\/noticias-villa-maria\/villa-maria-celebra-su-157-aniversario-con-una-agenda-cargada-de-actividades\/#primaryimage\"},\"thumbnailUrl\":\"https:\/\/i0.wp.com\/elregionalvm.com.ar\/noticias-villa-maria\/wp-content\/uploads\/2024\/09\/laciudad-1.png?fit=1170%2C400&ssl=1\",\"articleSection\":[\"Cultura\",\"destacado\",\"Sociedad\",\"Villa Mar\u00eda\"],\"inLanguage\":\"es\",\"potentialAction\":[{\"@type\":\"CommentAction\",\"name\":\"Comment\",\"target\":[\"https:\/\/elregionalvm.com.ar\/noticias-villa-maria\/villa-maria-celebra-su-157-aniversario-con-una-agenda-cargada-de-actividades\/#respond\"]}]},{\"@type\":\"WebPage\",\"@id\":\"https:\/\/elregionalvm.com.ar\/noticias-villa-maria\/villa-maria-celebra-su-157-aniversario-con-una-agenda-cargada-de-actividades\/\",\"url\":\"https:\/\/elregionalvm.com.ar\/noticias-villa-maria\/villa-maria-celebra-su-157-aniversario-con-una-agenda-cargada-de-actividades\/\",\"name\":\"Villa Mar\u00eda celebra su 157\u00b0 Aniversario con una agenda cargada de actividades - El Regional\",\"isPartOf\":{\"@id\":\"http:\/\/elregionalvm.com.ar\/noticias-villa-maria\/#website\"},\"primaryImageOfPage\":{\"@id\":\"https:\/\/elregionalvm.com.ar\/noticias-villa-maria\/villa-maria-celebra-su-157-aniversario-con-una-agenda-cargada-de-actividades\/#primaryimage\"},\"image\":{\"@id\":\"https:\/\/elregionalvm.com.ar\/noticias-villa-maria\/villa-maria-celebra-su-157-aniversario-con-una-agenda-cargada-de-actividades\/#primaryimage\"},\"thumbnailUrl\":\"https:\/\/i0.wp.com\/elregionalvm.com.ar\/noticias-villa-maria\/wp-content\/uploads\/2024\/09\/laciudad-1.png?fit=1170%2C400&ssl=1\",\"datePublished\":\"2024-09-24T15:35:14+00:00\",\"dateModified\":\"2024-09-24T15:35:15+00:00\",\"author\":{\"@id\":\"http:\/\/elregionalvm.com.ar\/noticias-villa-maria\/#\/schema\/person\/a0fb9c422317faca23d50163151bc354\"},\"breadcrumb\":{\"@id\":\"https:\/\/elregionalvm.com.ar\/noticias-villa-maria\/villa-maria-celebra-su-157-aniversario-con-una-agenda-cargada-de-actividades\/#breadcrumb\"},\"inLanguage\":\"es\",\"potentialAction\":[{\"@type\":\"ReadAction\",\"target\":[\"https:\/\/elregionalvm.com.ar\/noticias-villa-maria\/villa-maria-celebra-su-157-aniversario-con-una-agenda-cargada-de-actividades\/\"]}]},{\"@type\":\"ImageObject\",\"inLanguage\":\"es\",\"@id\":\"https:\/\/elregionalvm.com.ar\/noticias-villa-maria\/villa-maria-celebra-su-157-aniversario-con-una-agenda-cargada-de-actividades\/#primaryimage\",\"url\":\"https:\/\/i0.wp.com\/elregionalvm.com.ar\/noticias-villa-maria\/wp-content\/uploads\/2024\/09\/laciudad-1.png?fit=1170%2C400&ssl=1\",\"contentUrl\":\"https:\/\/i0.wp.com\/elregionalvm.com.ar\/noticias-villa-maria\/wp-content\/uploads\/2024\/09\/laciudad-1.png?fit=1170%2C400&ssl=1\",\"width\":1170,\"height\":400},{\"@type\":\"BreadcrumbList\",\"@id\":\"https:\/\/elregionalvm.com.ar\/noticias-villa-maria\/villa-maria-celebra-su-157-aniversario-con-una-agenda-cargada-de-actividades\/#breadcrumb\",\"itemListElement\":[{\"@type\":\"ListItem\",\"position\":1,\"name\":\"Portada\",\"item\":\"https:\/\/elregionalvm.com.ar\/noticias-villa-maria\/\"},{\"@type\":\"ListItem\",\"position\":2,\"name\":\"Villa Mar\u00eda celebra su 157\u00b0 Aniversario con una agenda cargada de actividades\"}]},{\"@type\":\"WebSite\",\"@id\":\"http:\/\/elregionalvm.com.ar\/noticias-villa-maria\/#website\",\"url\":\"http:\/\/elregionalvm.com.ar\/noticias-villa-maria\/\",\"name\":\"El Regional\",\"description\":\"Mucho m\u00e1s que informaci\u00f3n\",\"potentialAction\":[{\"@type\":\"SearchAction\",\"target\":{\"@type\":\"EntryPoint\",\"urlTemplate\":\"http:\/\/elregionalvm.com.ar\/noticias-villa-maria\/?s={search_term_string}\"},\"query-input\":{\"@type\":\"PropertyValueSpecification\",\"valueRequired\":true,\"valueName\":\"search_term_string\"}}],\"inLanguage\":\"es\"},{\"@type\":\"Person\",\"@id\":\"http:\/\/elregionalvm.com.ar\/noticias-villa-maria\/#\/schema\/person\/a0fb9c422317faca23d50163151bc354\",\"name\":\"Contenidos El Regional\",\"image\":{\"@type\":\"ImageObject\",\"inLanguage\":\"es\",\"@id\":\"http:\/\/elregionalvm.com.ar\/noticias-villa-maria\/#\/schema\/person\/image\/\",\"url\":\"https:\/\/secure.gravatar.com\/avatar\/265b27cb2209af7bb3a1318f03305787d7981a5cc6e6cd08fe5a4ecdf99d4b48?s=96&d=mm&r=g\",\"contentUrl\":\"https:\/\/secure.gravatar.com\/avatar\/265b27cb2209af7bb3a1318f03305787d7981a5cc6e6cd08fe5a4ecdf99d4b48?s=96&d=mm&r=g\",\"caption\":\"Contenidos El Regional\"},\"url\":\"https:\/\/elregionalvm.com.ar\/noticias-villa-maria\/author\/contenido\/\"}]}<\/script>\n<!-- \/ Yoast SEO plugin. -->","yoast_head_json":{"title":"Villa Mar\u00eda celebra su 157\u00b0 Aniversario con una agenda cargada de actividades - El Regional","robots":{"index":"index","follow":"follow","max-snippet":"max-snippet:-1","max-image-preview":"max-image-preview:large","max-video-preview":"max-video-preview:-1"},"canonical":"https:\/\/elregionalvm.com.ar\/noticias-villa-maria\/villa-maria-celebra-su-157-aniversario-con-una-agenda-cargada-de-actividades\/","og_locale":"es_ES","og_type":"article","og_title":"Villa Mar\u00eda celebra su 157\u00b0 Aniversario con una agenda cargada de actividades - El Regional","og_description":"El pr\u00f3ximo jueves 26 y viernes 27 de septiembre, Villa Mar\u00eda se vestir\u00e1 de fiesta en el marco del 157\u00b0 aniversario de su fundaci\u00f3n, con una serie de eventos culturales y protocolares organizados por la Municipalidad. Es importante decir que las actividades se desarrollar\u00e1n en diferentes puntos de la ciudad. En primera instancia, el jueves [&hellip;]","og_url":"https:\/\/elregionalvm.com.ar\/noticias-villa-maria\/villa-maria-celebra-su-157-aniversario-con-una-agenda-cargada-de-actividades\/","og_site_name":"El Regional","article_publisher":"https:\/\/www.facebook.com\/elregionalvm","article_published_time":"2024-09-24T15:35:14+00:00","article_modified_time":"2024-09-24T15:35:15+00:00","og_image":[{"width":1024,"height":350,"url":"https:\/\/elregionalvm.com.ar\/noticias-villa-maria\/wp-content\/uploads\/2024\/09\/laciudad-1-1024x350.png","type":"image\/png"}],"author":"Contenidos El Regional","twitter_card":"summary_large_image","twitter_creator":"@elregionalvm1","twitter_site":"@elregionalvm1","twitter_misc":{"Escrito por":"Contenidos El Regional","Tiempo de lectura":"2 minutos"},"schema":{"@context":"https:\/\/schema.org","@graph":[{"@type":"Article","@id":"https:\/\/elregionalvm.com.ar\/noticias-villa-maria\/villa-maria-celebra-su-157-aniversario-con-una-agenda-cargada-de-actividades\/#article","isPartOf":{"@id":"https:\/\/elregionalvm.com.ar\/noticias-villa-maria\/villa-maria-celebra-su-157-aniversario-con-una-agenda-cargada-de-actividades\/"},"author":{"name":"Contenidos El Regional","@id":"http:\/\/elregionalvm.com.ar\/noticias-villa-maria\/#\/schema\/person\/a0fb9c422317faca23d50163151bc354"},"headline":"Villa Mar\u00eda celebra su 157\u00b0 Aniversario con una agenda cargada de actividades","datePublished":"2024-09-24T15:35:14+00:00","dateModified":"2024-09-24T15:35:15+00:00","mainEntityOfPage":{"@id":"https:\/\/elregionalvm.com.ar\/noticias-villa-maria\/villa-maria-celebra-su-157-aniversario-con-una-agenda-cargada-de-actividades\/"},"wordCount":349,"commentCount":0,"image":{"@id":"https:\/\/elregionalvm.com.ar\/noticias-villa-maria\/villa-maria-celebra-su-157-aniversario-con-una-agenda-cargada-de-actividades\/#primaryimage"},"thumbnailUrl":"https:\/\/i0.wp.com\/elregionalvm.com.ar\/noticias-villa-maria\/wp-content\/uploads\/2024\/09\/laciudad-1.png?fit=1170%2C400&ssl=1","articleSection":["Cultura","destacado","Sociedad","Villa Mar\u00eda"],"inLanguage":"es","potentialAction":[{"@type":"CommentAction","name":"Comment","target":["https:\/\/elregionalvm.com.ar\/noticias-villa-maria\/villa-maria-celebra-su-157-aniversario-con-una-agenda-cargada-de-actividades\/#respond"]}]},{"@type":"WebPage","@id":"https:\/\/elregionalvm.com.ar\/noticias-villa-maria\/villa-maria-celebra-su-157-aniversario-con-una-agenda-cargada-de-actividades\/","url":"https:\/\/elregionalvm.com.ar\/noticias-villa-maria\/villa-maria-celebra-su-157-aniversario-con-una-agenda-cargada-de-actividades\/","name":"Villa Mar\u00eda celebra su 157\u00b0 Aniversario con una agenda cargada de actividades - El Regional","isPartOf":{"@id":"http:\/\/elregionalvm.com.ar\/noticias-villa-maria\/#website"},"primaryImageOfPage":{"@id":"https:\/\/elregionalvm.com.ar\/noticias-villa-maria\/villa-maria-celebra-su-157-aniversario-con-una-agenda-cargada-de-actividades\/#primaryimage"},"image":{"@id":"https:\/\/elregionalvm.com.ar\/noticias-villa-maria\/villa-maria-celebra-su-157-aniversario-con-una-agenda-cargada-de-actividades\/#primaryimage"},"thumbnailUrl":"https:\/\/i0.wp.com\/elregionalvm.com.ar\/noticias-villa-maria\/wp-content\/uploads\/2024\/09\/laciudad-1.png?fit=1170%2C400&ssl=1","datePublished":"2024-09-24T15:35:14+00:00","dateModified":"2024-09-24T15:35:15+00:00","author":{"@id":"http:\/\/elregionalvm.com.ar\/noticias-villa-maria\/#\/schema\/person\/a0fb9c422317faca23d50163151bc354"},"breadcrumb":{"@id":"https:\/\/elregionalvm.com.ar\/noticias-villa-maria\/villa-maria-celebra-su-157-aniversario-con-una-agenda-cargada-de-actividades\/#breadcrumb"},"inLanguage":"es","potentialAction":[{"@type":"ReadAction","target":["https:\/\/elregionalvm.com.ar\/noticias-villa-maria\/villa-maria-celebra-su-157-aniversario-con-una-agenda-cargada-de-actividades\/"]}]},{"@type":"ImageObject","inLanguage":"es","@id":"https:\/\/elregionalvm.com.ar\/noticias-villa-maria\/villa-maria-celebra-su-157-aniversario-con-una-agenda-cargada-de-actividades\/#primaryimage","url":"https:\/\/i0.wp.com\/elregionalvm.com.ar\/noticias-villa-maria\/wp-content\/uploads\/2024\/09\/laciudad-1.png?fit=1170%2C400&ssl=1","contentUrl":"https:\/\/i0.wp.com\/elregionalvm.com.ar\/noticias-villa-maria\/wp-content\/uploads\/2024\/09\/laciudad-1.png?fit=1170%2C400&ssl=1","width":1170,"height":400},{"@type":"BreadcrumbList","@id":"https:\/\/elregionalvm.com.ar\/noticias-villa-maria\/villa-maria-celebra-su-157-aniversario-con-una-agenda-cargada-de-actividades\/#breadcrumb","itemListElement":[{"@type":"ListItem","position":1,"name":"Portada","item":"https:\/\/elregionalvm.com.ar\/noticias-villa-maria\/"},{"@type":"ListItem","position":2,"name":"Villa Mar\u00eda celebra su 157\u00b0 Aniversario con una agenda cargada de actividades"}]},{"@type":"WebSite","@id":"http:\/\/elregionalvm.com.ar\/noticias-villa-maria\/#website","url":"http:\/\/elregionalvm.com.ar\/noticias-villa-maria\/","name":"El Regional","description":"Mucho m\u00e1s que informaci\u00f3n","potentialAction":[{"@type":"SearchAction","target":{"@type":"EntryPoint","urlTemplate":"http:\/\/elregionalvm.com.ar\/noticias-villa-maria\/?s={search_term_string}"},"query-input":{"@type":"PropertyValueSpecification","valueRequired":true,"valueName":"search_term_string"}}],"inLanguage":"es"},{"@type":"Person","@id":"http:\/\/elregionalvm.com.ar\/noticias-villa-maria\/#\/schema\/person\/a0fb9c422317faca23d50163151bc354","name":"Contenidos El Regional","image":{"@type":"ImageObject","inLanguage":"es","@id":"http:\/\/elregionalvm.com.ar\/noticias-villa-maria\/#\/schema\/person\/image\/","url":"https:\/\/secure.gravatar.com\/avatar\/265b27cb2209af7bb3a1318f03305787d7981a5cc6e6cd08fe5a4ecdf99d4b48?s=96&d=mm&r=g","contentUrl":"https:\/\/secure.gravatar.com\/avatar\/265b27cb2209af7bb3a1318f03305787d7981a5cc6e6cd08fe5a4ecdf99d4b48?s=96&d=mm&r=g","caption":"Contenidos El Regional"},"url":"https:\/\/elregionalvm.com.ar\/noticias-villa-maria\/author\/contenido\/"}]}},"jetpack_featured_media_url":"https:\/\/i0.wp.com\/elregionalvm.com.ar\/noticias-villa-maria\/wp-content\/uploads\/2024\/09\/laciudad-1.png?fit=1170%2C400&ssl=1","jetpack_sharing_enabled":true,"_links":{"self":[{"href":"https:\/\/elregionalvm.com.ar\/noticias-villa-maria\/wp-json\/wp\/v2\/posts\/98969","targetHints":{"allow":["GET"]}}],"collection":[{"href":"https:\/\/elregionalvm.com.ar\/noticias-villa-maria\/wp-json\/wp\/v2\/posts"}],"about":[{"href":"https:\/\/elregionalvm.com.ar\/noticias-villa-maria\/wp-json\/wp\/v2\/types\/post"}],"author":[{"embeddable":true,"href":"https:\/\/elregionalvm.com.ar\/noticias-villa-maria\/wp-json\/wp\/v2\/users\/4"}],"replies":[{"embeddable":true,"href":"https:\/\/elregionalvm.com.ar\/noticias-villa-maria\/wp-json\/wp\/v2\/comments?post=98969"}],"version-history":[{"count":1,"href":"https:\/\/elregionalvm.com.ar\/noticias-villa-maria\/wp-json\/wp\/v2\/posts\/98969\/revisions"}],"predecessor-version":[{"id":98972,"href":"https:\/\/elregionalvm.com.ar\/noticias-villa-maria\/wp-json\/wp\/v2\/posts\/98969\/revisions\/98972"}],"wp:featuredmedia":[{"embeddable":true,"href":"https:\/\/elregionalvm.com.ar\/noticias-villa-maria\/wp-json\/wp\/v2\/media\/98970"}],"wp:attachment":[{"href":"https:\/\/elregionalvm.com.ar\/noticias-villa-maria\/wp-json\/wp\/v2\/media?parent=98969"}],"wp:term":[{"taxonomy":"category","embeddable":true,"href":"https:\/\/elregionalvm.com.ar\/noticias-villa-maria\/wp-json\/wp\/v2\/categories?post=98969"},{"taxonomy":"post_tag","embeddable":true,"href":"https:\/\/elregionalvm.com.ar\/noticias-villa-maria\/wp-json\/wp\/v2\/tags?post=98969"}],"curies":[{"name":"wp","href":"https:\/\/api.w.org\/{rel}","templated":true}]}}