{"id":98983,"date":"2024-09-24T16:06:06","date_gmt":"2024-09-24T16:06:06","guid":{"rendered":"https:\/\/elregionalvm.com.ar\/noticias-villa-maria\/?p=98983"},"modified":"2024-09-24T16:06:07","modified_gmt":"2024-09-24T16:06:07","slug":"se-notificaron-ocho-casos-de-triquinosis-en-la-provincia","status":"publish","type":"post","link":"https:\/\/elregionalvm.com.ar\/noticias-villa-maria\/se-notificaron-ocho-casos-de-triquinosis-en-la-provincia\/","title":{"rendered":"Se notificaron ocho casos de triquinosis en la provincia"},"content":{"rendered":"\n<ul class=\"wp-block-list\">\n<li><strong>La enfermedad es transmitida por la ingesta de carne de cerdo cruda o mal cocida, contaminada con el par\u00e1sito Trichinella spiralis.<\/strong><\/li>\n\n\n\n<li><strong>Se recuerda la importancia de no ingerir carnes crudas, y tener especial cuidado con el consumo o venta de subproductos de cerdo.<\/strong><\/li>\n<\/ul>\n\n\n\n<p>El Ministerio de Salud de C\u00f3rdoba, a trav\u00e9s del Departamento de Zoonosis, report\u00f3 ocho casos de triquinosis de personas oriundas de Unquillo, Villa Allende, R\u00edo Cuarto y de la capital provincial.<\/p>\n\n\n\n<p>De acuerdo a la investigaci\u00f3n epidemiol\u00f3gica se pudo conocer que los cinco casos de las personas oriundas de Unquillo y Villa Allende, estar\u00edan relacionadas al consumo de chorizos y contin\u00faa la investigaci\u00f3n para determinar el origen de la carne de cerdo.<\/p>\n\n\n\n<p>Con respecto a los tres casos restantes, no se estableci\u00f3 por el momento v\u00ednculo o nexo de alimentos comunes.<\/p>\n\n\n\n<p>Una de las personas se encuentra internada, el resto de las personas afectadas recibieron atenci\u00f3n en distintos centros de salud y a la fecha son asistidas de manera ambulatoria.&nbsp;<\/p>\n\n\n\n<p>Las investigaciones son llevadas a cabo por el Departamento de Zoonosis del Ministerio de Salud de C\u00f3rdoba, Calidad Alimentaria y Direcci\u00f3n de Epidemiolog\u00eda de la Municipalidad de C\u00f3rdoba, Municipalidad de Villa Allende, de R\u00edo IV, de Unquillo y el SENASA, con participaci\u00f3n de la Direcci\u00f3n General de Control de Industria Alimentaria del Ministerio de Producci\u00f3n, Ciencia e Innovaci\u00f3n Tecnol\u00f3gica y de la Direcci\u00f3n General de Fiscalizaci\u00f3n y Control del Ministerio de Bioagroindustria.<\/p>\n\n\n\n<p>Vale recordar que se debe evitar la compra y consumo de salames y chorizos de cerdo de lugares no habilitados o sin la debida inspecci\u00f3n sanitaria.<\/p>\n\n\n\n<p>En caso de tener alimentos de elaboraci\u00f3n casera o de dudosa procedencia, interrumpir su consumo y reservarlos para que puedan ser retirados por el \u00e1rea de bromatolog\u00eda correspondiente.<\/p>\n\n\n\n<p><strong>Sobre la triquinosis<\/strong><\/p>\n\n\n\n<p>La triquinosis es una enfermedad transmitida por la ingesta de carne de cerdo cruda o mal cocida, contaminada con el par\u00e1sito&nbsp;<em>Trichinella spiralis.<\/em><\/p>\n\n\n\n<p>Las manifestaciones cl\u00ednicas son muy variables y pueden cursar como una infecci\u00f3n inadvertida o presentar s\u00edntomas que, por lo general, comienzan con fiebre, dolor muscular intenso, dolor de cabeza y dolor e hinchaz\u00f3n alrededor de los ojos. Tambi\u00e9n pueden aparecer signos gastrointestinales como diarrea y v\u00f3mitos.<\/p>\n\n\n\n<p>Ante la presencia de s\u00edntomas, se solicita&nbsp;<strong>concurrir inmediatamente a un centro de salud<\/strong>, e&nbsp;<strong>informar sobre el consumo de este tipo de productos.<\/strong><\/p>\n\n\n\n<p><strong>Para prevenir esta enfermedad se recomienda:<\/strong><\/p>\n\n\n\n<ul class=\"wp-block-list\">\n<li>No consumir ni permitir el consumo de carnes crudas y\/o chacinados caseros que no hayan sido inspeccionados previamente a la elaboraci\u00f3n.<\/li>\n\n\n\n<li>Verificar el r\u00f3tulo o etiqueta de fabricaci\u00f3n en todos los subproductos de cerdo que se adquieran. Deber\u00e1 leerse claramente lo siguiente: marca del producto; empresa responsable; n\u00famero de habilitaci\u00f3n nacional del establecimiento; fecha de elaboraci\u00f3n y de vencimiento del producto; condici\u00f3n de mantenimiento en cuanto a temperaturas ambientales; y r\u00f3tulo con la composici\u00f3n del producto.<\/li>\n\n\n\n<li>No consumir chorip\u00e1n en puestos no autorizados o no habilitados.<\/li>\n\n\n\n<li>La salaz\u00f3n y el ahumado de las carnes no son suficientes para destruir los par\u00e1sitos presentes.<\/li>\n<\/ul>\n\n\n\n<p>Es importante remarcar que&nbsp;<strong>la comercializaci\u00f3n de carne o sus derivados provenientes de establecimientos no autorizados est\u00e1 totalmente prohibida.<\/strong><\/p>\n","protected":false},"excerpt":{"rendered":"<p>El Ministerio de Salud de C\u00f3rdoba, a trav\u00e9s del Departamento de Zoonosis, report\u00f3 ocho casos de triquinosis de personas oriundas de Unquillo, Villa Allende, R\u00edo Cuarto y de la capital provincial. De acuerdo a la investigaci\u00f3n epidemiol\u00f3gica se pudo conocer que los cinco casos de las personas oriundas de Unquillo y Villa Allende, estar\u00edan relacionadas [&hellip;]<\/p>\n","protected":false},"author":4,"featured_media":98985,"comment_status":"open","ping_status":"open","sticky":false,"template":"","format":"standard","meta":{"site-sidebar-layout":"default","site-content-layout":"","ast-site-content-layout":"default","site-content-style":"default","site-sidebar-style":"default","ast-global-header-display":"","ast-banner-title-visibility":"","ast-main-header-display":"","ast-hfb-above-header-display":"","ast-hfb-below-header-display":"","ast-hfb-mobile-header-display":"","site-post-title":"","ast-breadcrumbs-content":"","ast-featured-img":"","footer-sml-layout":"","ast-disable-related-posts":"","theme-transparent-header-meta":"","adv-header-id-meta":"","stick-header-meta":"","header-above-stick-meta":"","header-main-stick-meta":"","header-below-stick-meta":"","astra-migrate-meta-layouts":"set","ast-page-background-enabled":"default","ast-page-background-meta":{"desktop":{"background-color":"","background-image":"","background-repeat":"repeat","background-position":"center center","background-size":"auto","background-attachment":"scroll","background-type":"","background-media":"","overlay-type":"","overlay-color":"","overlay-opacity":"","overlay-gradient":""},"tablet":{"background-color":"","background-image":"","background-repeat":"repeat","background-position":"center center","background-size":"auto","background-attachment":"scroll","background-type":"","background-media":"","overlay-type":"","overlay-color":"","overlay-opacity":"","overlay-gradient":""},"mobile":{"background-color":"","background-image":"","background-repeat":"repeat","background-position":"center center","background-size":"auto","background-attachment":"scroll","background-type":"","background-media":"","overlay-type":"","overlay-color":"","overlay-opacity":"","overlay-gradient":""}},"ast-content-background-meta":{"desktop":{"background-color":"var(--ast-global-color-5)","background-image":"","background-repeat":"repeat","background-position":"center center","background-size":"auto","background-attachment":"scroll","background-type":"","background-media":"","overlay-type":"","overlay-color":"","overlay-opacity":"","overlay-gradient":""},"tablet":{"background-color":"var(--ast-global-color-5)","background-image":"","background-repeat":"repeat","background-position":"center center","background-size":"auto","background-attachment":"scroll","background-type":"","background-media":"","overlay-type":"","overlay-color":"","overlay-opacity":"","overlay-gradient":""},"mobile":{"background-color":"var(--ast-global-color-5)","background-image":"","background-repeat":"repeat","background-position":"center center","background-size":"auto","background-attachment":"scroll","background-type":"","background-media":"","overlay-type":"","overlay-color":"","overlay-opacity":"","overlay-gradient":""}},"_jetpack_memberships_contains_paid_content":false,"_joinchat":[],"footnotes":""},"categories":[15302,16095],"tags":[],"class_list":["post-98983","post","type-post","status-publish","format-standard","has-post-thumbnail","hentry","category-destacado","category-provinciales"],"yoast_head":"<!-- This site is optimized with the Yoast SEO plugin v26.8 - https:\/\/yoast.com\/product\/yoast-seo-wordpress\/ -->\n<title>Se notificaron ocho casos de triquinosis en la provincia - El Regional<\/title>\n<meta name=\"robots\" content=\"index, follow, max-snippet:-1, max-image-preview:large, max-video-preview:-1\" \/>\n<link rel=\"canonical\" href=\"https:\/\/elregionalvm.com.ar\/noticias-villa-maria\/se-notificaron-ocho-casos-de-triquinosis-en-la-provincia\/\" \/>\n<meta property=\"og:locale\" content=\"es_ES\" \/>\n<meta property=\"og:type\" content=\"article\" \/>\n<meta property=\"og:title\" content=\"Se notificaron ocho casos de triquinosis en la provincia - El Regional\" \/>\n<meta property=\"og:description\" content=\"El Ministerio de Salud de C\u00f3rdoba, a trav\u00e9s del Departamento de Zoonosis, report\u00f3 ocho casos de triquinosis de personas oriundas de Unquillo, Villa Allende, R\u00edo Cuarto y de la capital provincial. De acuerdo a la investigaci\u00f3n epidemiol\u00f3gica se pudo conocer que los cinco casos de las personas oriundas de Unquillo y Villa Allende, estar\u00edan relacionadas [&hellip;]\" \/>\n<meta property=\"og:url\" content=\"https:\/\/elregionalvm.com.ar\/noticias-villa-maria\/se-notificaron-ocho-casos-de-triquinosis-en-la-provincia\/\" \/>\n<meta property=\"og:site_name\" content=\"El Regional\" \/>\n<meta property=\"article:publisher\" content=\"https:\/\/www.facebook.com\/elregionalvm\" \/>\n<meta property=\"article:published_time\" content=\"2024-09-24T16:06:06+00:00\" \/>\n<meta property=\"article:modified_time\" content=\"2024-09-24T16:06:07+00:00\" \/>\n<meta property=\"og:image\" content=\"https:\/\/elregionalvm.com.ar\/noticias-villa-maria\/wp-content\/uploads\/2024\/09\/triquinosis-5-1.jpg\" \/>\n\t<meta property=\"og:image:width\" content=\"990\" \/>\n\t<meta property=\"og:image:height\" content=\"557\" \/>\n\t<meta property=\"og:image:type\" content=\"image\/jpeg\" \/>\n<meta name=\"author\" content=\"Contenidos El Regional\" \/>\n<meta name=\"twitter:card\" content=\"summary_large_image\" \/>\n<meta name=\"twitter:creator\" content=\"@elregionalvm1\" \/>\n<meta name=\"twitter:site\" content=\"@elregionalvm1\" \/>\n<meta name=\"twitter:label1\" content=\"Escrito por\" \/>\n\t<meta name=\"twitter:data1\" content=\"Contenidos El Regional\" \/>\n\t<meta name=\"twitter:label2\" content=\"Tiempo de lectura\" \/>\n\t<meta name=\"twitter:data2\" content=\"3 minutos\" \/>\n<script type=\"application\/ld+json\" class=\"yoast-schema-graph\">{\"@context\":\"https:\/\/schema.org\",\"@graph\":[{\"@type\":\"Article\",\"@id\":\"https:\/\/elregionalvm.com.ar\/noticias-villa-maria\/se-notificaron-ocho-casos-de-triquinosis-en-la-provincia\/#article\",\"isPartOf\":{\"@id\":\"https:\/\/elregionalvm.com.ar\/noticias-villa-maria\/se-notificaron-ocho-casos-de-triquinosis-en-la-provincia\/\"},\"author\":{\"name\":\"Contenidos El Regional\",\"@id\":\"http:\/\/elregionalvm.com.ar\/noticias-villa-maria\/#\/schema\/person\/a0fb9c422317faca23d50163151bc354\"},\"headline\":\"Se notificaron ocho casos de triquinosis en la provincia\",\"datePublished\":\"2024-09-24T16:06:06+00:00\",\"dateModified\":\"2024-09-24T16:06:07+00:00\",\"mainEntityOfPage\":{\"@id\":\"https:\/\/elregionalvm.com.ar\/noticias-villa-maria\/se-notificaron-ocho-casos-de-triquinosis-en-la-provincia\/\"},\"wordCount\":574,\"commentCount\":0,\"image\":{\"@id\":\"https:\/\/elregionalvm.com.ar\/noticias-villa-maria\/se-notificaron-ocho-casos-de-triquinosis-en-la-provincia\/#primaryimage\"},\"thumbnailUrl\":\"https:\/\/i0.wp.com\/elregionalvm.com.ar\/noticias-villa-maria\/wp-content\/uploads\/2024\/09\/triquinosis-5-1.jpg?fit=990%2C557&ssl=1\",\"articleSection\":[\"destacado\",\"Provinciales\"],\"inLanguage\":\"es\",\"potentialAction\":[{\"@type\":\"CommentAction\",\"name\":\"Comment\",\"target\":[\"https:\/\/elregionalvm.com.ar\/noticias-villa-maria\/se-notificaron-ocho-casos-de-triquinosis-en-la-provincia\/#respond\"]}]},{\"@type\":\"WebPage\",\"@id\":\"https:\/\/elregionalvm.com.ar\/noticias-villa-maria\/se-notificaron-ocho-casos-de-triquinosis-en-la-provincia\/\",\"url\":\"https:\/\/elregionalvm.com.ar\/noticias-villa-maria\/se-notificaron-ocho-casos-de-triquinosis-en-la-provincia\/\",\"name\":\"Se notificaron ocho casos de triquinosis en la provincia - El Regional\",\"isPartOf\":{\"@id\":\"http:\/\/elregionalvm.com.ar\/noticias-villa-maria\/#website\"},\"primaryImageOfPage\":{\"@id\":\"https:\/\/elregionalvm.com.ar\/noticias-villa-maria\/se-notificaron-ocho-casos-de-triquinosis-en-la-provincia\/#primaryimage\"},\"image\":{\"@id\":\"https:\/\/elregionalvm.com.ar\/noticias-villa-maria\/se-notificaron-ocho-casos-de-triquinosis-en-la-provincia\/#primaryimage\"},\"thumbnailUrl\":\"https:\/\/i0.wp.com\/elregionalvm.com.ar\/noticias-villa-maria\/wp-content\/uploads\/2024\/09\/triquinosis-5-1.jpg?fit=990%2C557&ssl=1\",\"datePublished\":\"2024-09-24T16:06:06+00:00\",\"dateModified\":\"2024-09-24T16:06:07+00:00\",\"author\":{\"@id\":\"http:\/\/elregionalvm.com.ar\/noticias-villa-maria\/#\/schema\/person\/a0fb9c422317faca23d50163151bc354\"},\"breadcrumb\":{\"@id\":\"https:\/\/elregionalvm.com.ar\/noticias-villa-maria\/se-notificaron-ocho-casos-de-triquinosis-en-la-provincia\/#breadcrumb\"},\"inLanguage\":\"es\",\"potentialAction\":[{\"@type\":\"ReadAction\",\"target\":[\"https:\/\/elregionalvm.com.ar\/noticias-villa-maria\/se-notificaron-ocho-casos-de-triquinosis-en-la-provincia\/\"]}]},{\"@type\":\"ImageObject\",\"inLanguage\":\"es\",\"@id\":\"https:\/\/elregionalvm.com.ar\/noticias-villa-maria\/se-notificaron-ocho-casos-de-triquinosis-en-la-provincia\/#primaryimage\",\"url\":\"https:\/\/i0.wp.com\/elregionalvm.com.ar\/noticias-villa-maria\/wp-content\/uploads\/2024\/09\/triquinosis-5-1.jpg?fit=990%2C557&ssl=1\",\"contentUrl\":\"https:\/\/i0.wp.com\/elregionalvm.com.ar\/noticias-villa-maria\/wp-content\/uploads\/2024\/09\/triquinosis-5-1.jpg?fit=990%2C557&ssl=1\",\"width\":990,\"height\":557},{\"@type\":\"BreadcrumbList\",\"@id\":\"https:\/\/elregionalvm.com.ar\/noticias-villa-maria\/se-notificaron-ocho-casos-de-triquinosis-en-la-provincia\/#breadcrumb\",\"itemListElement\":[{\"@type\":\"ListItem\",\"position\":1,\"name\":\"Portada\",\"item\":\"https:\/\/elregionalvm.com.ar\/noticias-villa-maria\/\"},{\"@type\":\"ListItem\",\"position\":2,\"name\":\"Se notificaron ocho casos de triquinosis en la provincia\"}]},{\"@type\":\"WebSite\",\"@id\":\"http:\/\/elregionalvm.com.ar\/noticias-villa-maria\/#website\",\"url\":\"http:\/\/elregionalvm.com.ar\/noticias-villa-maria\/\",\"name\":\"El Regional\",\"description\":\"Mucho m\u00e1s que informaci\u00f3n\",\"potentialAction\":[{\"@type\":\"SearchAction\",\"target\":{\"@type\":\"EntryPoint\",\"urlTemplate\":\"http:\/\/elregionalvm.com.ar\/noticias-villa-maria\/?s={search_term_string}\"},\"query-input\":{\"@type\":\"PropertyValueSpecification\",\"valueRequired\":true,\"valueName\":\"search_term_string\"}}],\"inLanguage\":\"es\"},{\"@type\":\"Person\",\"@id\":\"http:\/\/elregionalvm.com.ar\/noticias-villa-maria\/#\/schema\/person\/a0fb9c422317faca23d50163151bc354\",\"name\":\"Contenidos El Regional\",\"image\":{\"@type\":\"ImageObject\",\"inLanguage\":\"es\",\"@id\":\"http:\/\/elregionalvm.com.ar\/noticias-villa-maria\/#\/schema\/person\/image\/\",\"url\":\"https:\/\/secure.gravatar.com\/avatar\/265b27cb2209af7bb3a1318f03305787d7981a5cc6e6cd08fe5a4ecdf99d4b48?s=96&d=mm&r=g\",\"contentUrl\":\"https:\/\/secure.gravatar.com\/avatar\/265b27cb2209af7bb3a1318f03305787d7981a5cc6e6cd08fe5a4ecdf99d4b48?s=96&d=mm&r=g\",\"caption\":\"Contenidos El Regional\"},\"url\":\"https:\/\/elregionalvm.com.ar\/noticias-villa-maria\/author\/contenido\/\"}]}<\/script>\n<!-- \/ Yoast SEO plugin. -->","yoast_head_json":{"title":"Se notificaron ocho casos de triquinosis en la provincia - El Regional","robots":{"index":"index","follow":"follow","max-snippet":"max-snippet:-1","max-image-preview":"max-image-preview:large","max-video-preview":"max-video-preview:-1"},"canonical":"https:\/\/elregionalvm.com.ar\/noticias-villa-maria\/se-notificaron-ocho-casos-de-triquinosis-en-la-provincia\/","og_locale":"es_ES","og_type":"article","og_title":"Se notificaron ocho casos de triquinosis en la provincia - El Regional","og_description":"El Ministerio de Salud de C\u00f3rdoba, a trav\u00e9s del Departamento de Zoonosis, report\u00f3 ocho casos de triquinosis de personas oriundas de Unquillo, Villa Allende, R\u00edo Cuarto y de la capital provincial. De acuerdo a la investigaci\u00f3n epidemiol\u00f3gica se pudo conocer que los cinco casos de las personas oriundas de Unquillo y Villa Allende, estar\u00edan relacionadas [&hellip;]","og_url":"https:\/\/elregionalvm.com.ar\/noticias-villa-maria\/se-notificaron-ocho-casos-de-triquinosis-en-la-provincia\/","og_site_name":"El Regional","article_publisher":"https:\/\/www.facebook.com\/elregionalvm","article_published_time":"2024-09-24T16:06:06+00:00","article_modified_time":"2024-09-24T16:06:07+00:00","og_image":[{"width":990,"height":557,"url":"https:\/\/elregionalvm.com.ar\/noticias-villa-maria\/wp-content\/uploads\/2024\/09\/triquinosis-5-1.jpg","type":"image\/jpeg"}],"author":"Contenidos El Regional","twitter_card":"summary_large_image","twitter_creator":"@elregionalvm1","twitter_site":"@elregionalvm1","twitter_misc":{"Escrito por":"Contenidos El Regional","Tiempo de lectura":"3 minutos"},"schema":{"@context":"https:\/\/schema.org","@graph":[{"@type":"Article","@id":"https:\/\/elregionalvm.com.ar\/noticias-villa-maria\/se-notificaron-ocho-casos-de-triquinosis-en-la-provincia\/#article","isPartOf":{"@id":"https:\/\/elregionalvm.com.ar\/noticias-villa-maria\/se-notificaron-ocho-casos-de-triquinosis-en-la-provincia\/"},"author":{"name":"Contenidos El Regional","@id":"http:\/\/elregionalvm.com.ar\/noticias-villa-maria\/#\/schema\/person\/a0fb9c422317faca23d50163151bc354"},"headline":"Se notificaron ocho casos de triquinosis en la provincia","datePublished":"2024-09-24T16:06:06+00:00","dateModified":"2024-09-24T16:06:07+00:00","mainEntityOfPage":{"@id":"https:\/\/elregionalvm.com.ar\/noticias-villa-maria\/se-notificaron-ocho-casos-de-triquinosis-en-la-provincia\/"},"wordCount":574,"commentCount":0,"image":{"@id":"https:\/\/elregionalvm.com.ar\/noticias-villa-maria\/se-notificaron-ocho-casos-de-triquinosis-en-la-provincia\/#primaryimage"},"thumbnailUrl":"https:\/\/i0.wp.com\/elregionalvm.com.ar\/noticias-villa-maria\/wp-content\/uploads\/2024\/09\/triquinosis-5-1.jpg?fit=990%2C557&ssl=1","articleSection":["destacado","Provinciales"],"inLanguage":"es","potentialAction":[{"@type":"CommentAction","name":"Comment","target":["https:\/\/elregionalvm.com.ar\/noticias-villa-maria\/se-notificaron-ocho-casos-de-triquinosis-en-la-provincia\/#respond"]}]},{"@type":"WebPage","@id":"https:\/\/elregionalvm.com.ar\/noticias-villa-maria\/se-notificaron-ocho-casos-de-triquinosis-en-la-provincia\/","url":"https:\/\/elregionalvm.com.ar\/noticias-villa-maria\/se-notificaron-ocho-casos-de-triquinosis-en-la-provincia\/","name":"Se notificaron ocho casos de triquinosis en la provincia - El Regional","isPartOf":{"@id":"http:\/\/elregionalvm.com.ar\/noticias-villa-maria\/#website"},"primaryImageOfPage":{"@id":"https:\/\/elregionalvm.com.ar\/noticias-villa-maria\/se-notificaron-ocho-casos-de-triquinosis-en-la-provincia\/#primaryimage"},"image":{"@id":"https:\/\/elregionalvm.com.ar\/noticias-villa-maria\/se-notificaron-ocho-casos-de-triquinosis-en-la-provincia\/#primaryimage"},"thumbnailUrl":"https:\/\/i0.wp.com\/elregionalvm.com.ar\/noticias-villa-maria\/wp-content\/uploads\/2024\/09\/triquinosis-5-1.jpg?fit=990%2C557&ssl=1","datePublished":"2024-09-24T16:06:06+00:00","dateModified":"2024-09-24T16:06:07+00:00","author":{"@id":"http:\/\/elregionalvm.com.ar\/noticias-villa-maria\/#\/schema\/person\/a0fb9c422317faca23d50163151bc354"},"breadcrumb":{"@id":"https:\/\/elregionalvm.com.ar\/noticias-villa-maria\/se-notificaron-ocho-casos-de-triquinosis-en-la-provincia\/#breadcrumb"},"inLanguage":"es","potentialAction":[{"@type":"ReadAction","target":["https:\/\/elregionalvm.com.ar\/noticias-villa-maria\/se-notificaron-ocho-casos-de-triquinosis-en-la-provincia\/"]}]},{"@type":"ImageObject","inLanguage":"es","@id":"https:\/\/elregionalvm.com.ar\/noticias-villa-maria\/se-notificaron-ocho-casos-de-triquinosis-en-la-provincia\/#primaryimage","url":"https:\/\/i0.wp.com\/elregionalvm.com.ar\/noticias-villa-maria\/wp-content\/uploads\/2024\/09\/triquinosis-5-1.jpg?fit=990%2C557&ssl=1","contentUrl":"https:\/\/i0.wp.com\/elregionalvm.com.ar\/noticias-villa-maria\/wp-content\/uploads\/2024\/09\/triquinosis-5-1.jpg?fit=990%2C557&ssl=1","width":990,"height":557},{"@type":"BreadcrumbList","@id":"https:\/\/elregionalvm.com.ar\/noticias-villa-maria\/se-notificaron-ocho-casos-de-triquinosis-en-la-provincia\/#breadcrumb","itemListElement":[{"@type":"ListItem","position":1,"name":"Portada","item":"https:\/\/elregionalvm.com.ar\/noticias-villa-maria\/"},{"@type":"ListItem","position":2,"name":"Se notificaron ocho casos de triquinosis en la provincia"}]},{"@type":"WebSite","@id":"http:\/\/elregionalvm.com.ar\/noticias-villa-maria\/#website","url":"http:\/\/elregionalvm.com.ar\/noticias-villa-maria\/","name":"El Regional","description":"Mucho m\u00e1s que informaci\u00f3n","potentialAction":[{"@type":"SearchAction","target":{"@type":"EntryPoint","urlTemplate":"http:\/\/elregionalvm.com.ar\/noticias-villa-maria\/?s={search_term_string}"},"query-input":{"@type":"PropertyValueSpecification","valueRequired":true,"valueName":"search_term_string"}}],"inLanguage":"es"},{"@type":"Person","@id":"http:\/\/elregionalvm.com.ar\/noticias-villa-maria\/#\/schema\/person\/a0fb9c422317faca23d50163151bc354","name":"Contenidos El Regional","image":{"@type":"ImageObject","inLanguage":"es","@id":"http:\/\/elregionalvm.com.ar\/noticias-villa-maria\/#\/schema\/person\/image\/","url":"https:\/\/secure.gravatar.com\/avatar\/265b27cb2209af7bb3a1318f03305787d7981a5cc6e6cd08fe5a4ecdf99d4b48?s=96&d=mm&r=g","contentUrl":"https:\/\/secure.gravatar.com\/avatar\/265b27cb2209af7bb3a1318f03305787d7981a5cc6e6cd08fe5a4ecdf99d4b48?s=96&d=mm&r=g","caption":"Contenidos El Regional"},"url":"https:\/\/elregionalvm.com.ar\/noticias-villa-maria\/author\/contenido\/"}]}},"jetpack_featured_media_url":"https:\/\/i0.wp.com\/elregionalvm.com.ar\/noticias-villa-maria\/wp-content\/uploads\/2024\/09\/triquinosis-5-1.jpg?fit=990%2C557&ssl=1","jetpack_sharing_enabled":true,"_links":{"self":[{"href":"https:\/\/elregionalvm.com.ar\/noticias-villa-maria\/wp-json\/wp\/v2\/posts\/98983","targetHints":{"allow":["GET"]}}],"collection":[{"href":"https:\/\/elregionalvm.com.ar\/noticias-villa-maria\/wp-json\/wp\/v2\/posts"}],"about":[{"href":"https:\/\/elregionalvm.com.ar\/noticias-villa-maria\/wp-json\/wp\/v2\/types\/post"}],"author":[{"embeddable":true,"href":"https:\/\/elregionalvm.com.ar\/noticias-villa-maria\/wp-json\/wp\/v2\/users\/4"}],"replies":[{"embeddable":true,"href":"https:\/\/elregionalvm.com.ar\/noticias-villa-maria\/wp-json\/wp\/v2\/comments?post=98983"}],"version-history":[{"count":1,"href":"https:\/\/elregionalvm.com.ar\/noticias-villa-maria\/wp-json\/wp\/v2\/posts\/98983\/revisions"}],"predecessor-version":[{"id":98986,"href":"https:\/\/elregionalvm.com.ar\/noticias-villa-maria\/wp-json\/wp\/v2\/posts\/98983\/revisions\/98986"}],"wp:featuredmedia":[{"embeddable":true,"href":"https:\/\/elregionalvm.com.ar\/noticias-villa-maria\/wp-json\/wp\/v2\/media\/98985"}],"wp:attachment":[{"href":"https:\/\/elregionalvm.com.ar\/noticias-villa-maria\/wp-json\/wp\/v2\/media?parent=98983"}],"wp:term":[{"taxonomy":"category","embeddable":true,"href":"https:\/\/elregionalvm.com.ar\/noticias-villa-maria\/wp-json\/wp\/v2\/categories?post=98983"},{"taxonomy":"post_tag","embeddable":true,"href":"https:\/\/elregionalvm.com.ar\/noticias-villa-maria\/wp-json\/wp\/v2\/tags?post=98983"}],"curies":[{"name":"wp","href":"https:\/\/api.w.org\/{rel}","templated":true}]}}