{"id":98990,"date":"2024-09-24T21:42:44","date_gmt":"2024-09-24T21:42:44","guid":{"rendered":"https:\/\/elregionalvm.com.ar\/noticias-villa-maria\/?p=98990"},"modified":"2024-09-30T11:28:20","modified_gmt":"2024-09-30T11:28:20","slug":"trabajo-en-negro-solo-5-del-aumento-del-empleo-es-en-una-empresa-formal","status":"publish","type":"post","link":"https:\/\/elregionalvm.com.ar\/noticias-villa-maria\/trabajo-en-negro-solo-5-del-aumento-del-empleo-es-en-una-empresa-formal\/","title":{"rendered":"Trabajo en negro: Solo 5% del aumento del empleo es en una empresa formal"},"content":{"rendered":"\n<h3 class=\"wp-block-heading\"><strong>El aumento del desempleo no dice tanto del deterioro laboral como s\u00ed lo hacen el estancamiento en el empleo formal en empresas privadas y el sostenido aumento de la informalidad que se observa desde hace una d\u00e9cada. Revertir este deterioro exige orden macroecon\u00f3mico y una profunda modernizaci\u00f3n de las reglas laborales.<\/strong><\/h3>\n\n\n\n<p><\/p>\n\n\n\n<p>El INDEC inform\u00f3 que en el 2\u00b0 trimestre del 2024 la fuerza laboral en los 31 grandes aglomerados urbanos creci\u00f3 en 400 mil personas respecto a igual periodo del a\u00f1o anterior. De este aumento, 200 mil consiguieron ocupaci\u00f3n y otras 200 mil se mantuvieron desempleadas, esto es, buscando activamente un trabajo, pero no consigui\u00e9ndolo. As\u00ed, la tasa de desempleo en el 2\u00b0 trimestre del 2024 fue de 7,6% de la fuerza laboral lo que implica un aumento respecto al 6,2% registrado en igual per\u00edodo del 2023.<\/p>\n\n\n\n<p>Evaluado en perspectiva hist\u00f3rica, el nivel de desempleo actual no es alto. Tomando los \u00faltimos 20 a\u00f1os, la tasa de desempleo promedio fue de 8,5%, incluyendo picos en los per\u00edodos 2004\u20132006 y 2019\u20132020 que fueron de dos d\u00edgitos.<\/p>\n\n\n\n<p>Esto no significa que no existan severos problemas laborales, sino que, en mercados laborales con alta informalidad como el argentino, se manifiestan por otras v\u00edas.&nbsp;<\/p>\n\n\n\n<p><\/p>\n\n\n\n<figure class=\"wp-block-image size-large\"><img data-recalc-dims=\"1\" fetchpriority=\"high\" decoding=\"async\" width=\"1024\" height=\"682\" src=\"https:\/\/i0.wp.com\/elregionalvm.com.ar\/noticias-villa-maria\/wp-content\/uploads\/2022\/11\/accidentes-trabajo-obreros-construccion.jpg?resize=1024%2C682&#038;ssl=1\" alt=\"\" class=\"wp-image-67378\" srcset=\"https:\/\/i0.wp.com\/elregionalvm.com.ar\/noticias-villa-maria\/wp-content\/uploads\/2022\/11\/accidentes-trabajo-obreros-construccion.jpg?resize=1024%2C682&amp;ssl=1 1024w, https:\/\/i0.wp.com\/elregionalvm.com.ar\/noticias-villa-maria\/wp-content\/uploads\/2022\/11\/accidentes-trabajo-obreros-construccion.jpg?resize=300%2C200&amp;ssl=1 300w, https:\/\/i0.wp.com\/elregionalvm.com.ar\/noticias-villa-maria\/wp-content\/uploads\/2022\/11\/accidentes-trabajo-obreros-construccion.jpg?resize=768%2C511&amp;ssl=1 768w, https:\/\/i0.wp.com\/elregionalvm.com.ar\/noticias-villa-maria\/wp-content\/uploads\/2022\/11\/accidentes-trabajo-obreros-construccion.jpg?w=1074&amp;ssl=1 1074w\" sizes=\"(max-width: 1000px) 100vw, 1000px\" \/><\/figure>\n\n\n\n<p><\/p>\n\n\n\n<p>Una manera de ilustrar este fen\u00f3meno es observando la din\u00e1mica laboral de la \u00faltima d\u00e9cada.<\/p>\n\n\n\n<p>Seg\u00fan el INDEC, en los \u00faltimos 10 a\u00f1os (2014\u20132024), la fuerza laboral en Argentina creci\u00f3 en 3,2 millones de personas de las cuales el 92% consigui\u00f3 empleo y el 8% se registra como desempleado. De las que consiguieron empleo la descomposici\u00f3n es la siguiente:<\/p>\n\n\n\n<ul class=\"wp-block-list\">\n<li>El 5% se insert\u00f3 en relaci\u00f3n de dependencia registrado en una empresa privada.<\/li>\n<\/ul>\n\n\n\n<ul class=\"wp-block-list\">\n<li>El 20% se insert\u00f3 como empleado p\u00fablico nacional, provincial o municipal.<\/li>\n<\/ul>\n\n\n\n<ul class=\"wp-block-list\">\n<li>El 75% restante se insert\u00f3 como empleado \u201cen negro\u201d o cuentapropista.<\/li>\n\n\n\n<li><\/li>\n<\/ul>\n\n\n\n<p><strong>Estos datos muestran que los d\u00e9ficits del mercado laboral no se reflejan tanto en la falta total de empleo (desocupaci\u00f3n) como en el deterioro en la calidad de los empleos.<\/strong><\/p>\n\n\n\n<p><\/p>\n\n\n\n<figure class=\"wp-block-image\"><img data-recalc-dims=\"1\" decoding=\"async\" src=\"https:\/\/i0.wp.com\/idesa.org\/wp-content\/uploads\/2024\/09\/Captura-de-pantalla-2024-09-22-135952.png?ssl=1\" alt=\"\"\/><\/figure>\n\n\n\n<p><\/p>\n\n\n\n<p>En los \u00faltimos 10 a\u00f1os, apenas 1 de cada 20 personas que se incorpor\u00f3 al mercado laboral lo hizo en relaci\u00f3n de dependencia registrada en una empresa privada. O sea, el empleo registrado en empresas privadas pr\u00e1cticamente no creci\u00f3, manteni\u00e9ndose en el orden de los 6 millones de trabajadores que representan menos de un tercio del total de los ocupados.<\/p>\n\n\n\n<p>La enorme mayor\u00eda de las personas que se incorpora a la fuerza laboral lo hace en la informalidad como empleado en relaci\u00f3n de dependencia no registrado o auto-empleado.<\/p>\n\n\n\n<p>Resulta muy revelador que la modalidad de trabajo que m\u00e1s creci\u00f3 en la \u00faltima d\u00e9cada sea el Monotributo.<\/p>\n\n\n\n<p>Actualmente hay registrados 5 millones de monotributistas, de los cuales 2,8 millones tienen al Monotributo como empleo principal.<\/p>\n\n\n\n<p>Seg\u00fan la Secretar\u00eda de Trabajo, desde el 2014 a la actualidad la cantidad de personas que se registr\u00f3 en el Monotributo como principal fuente de ingreso laboral aument\u00f3 en 1 mill\u00f3n de personas llegando al actual 2,8 millones de personas.<\/p>\n\n\n\n<p>Esto sugiere que mucha gente trabaja en condiciones asimilables al empleo en relaci\u00f3n de dependencia, eludiendo la normativa laboral, a trav\u00e9s de encuadrar el v\u00ednculo bajo la figura del Monotributo.<\/p>\n\n\n\n<p><strong>Causas<\/strong><\/p>\n\n\n\n<p>Que las empresas no aumenten el empleo asalariado registrado es consecuencia del estancamiento econ\u00f3mico y las malas regulaciones laborales. Los cambios incorporados en la Ley de Bases corrigieron algunos desv\u00edos \u2013como la multiplicaci\u00f3n de la indemnizaci\u00f3n por despido\u2013 pero dejaron pendientes temas sustanciales.<\/p>\n\n\n\n<p><\/p>\n\n\n\n<figure class=\"wp-block-image size-full\"><img data-recalc-dims=\"1\" decoding=\"async\" width=\"1000\" height=\"600\" src=\"https:\/\/i0.wp.com\/elregionalvm.com.ar\/noticias-villa-maria\/wp-content\/uploads\/2021\/06\/Desempleo-joven.jpg?resize=1000%2C600&#038;ssl=1\" alt=\"\" class=\"wp-image-39900\" srcset=\"https:\/\/i0.wp.com\/elregionalvm.com.ar\/noticias-villa-maria\/wp-content\/uploads\/2021\/06\/Desempleo-joven.jpg?w=1000&amp;ssl=1 1000w, https:\/\/i0.wp.com\/elregionalvm.com.ar\/noticias-villa-maria\/wp-content\/uploads\/2021\/06\/Desempleo-joven.jpg?resize=300%2C180&amp;ssl=1 300w, https:\/\/i0.wp.com\/elregionalvm.com.ar\/noticias-villa-maria\/wp-content\/uploads\/2021\/06\/Desempleo-joven.jpg?resize=768%2C461&amp;ssl=1 768w\" sizes=\"(max-width: 1000px) 100vw, 1000px\" \/><\/figure>\n\n\n\n<p><\/p>\n\n\n\n<p>Uno de los m\u00e1s importantes es que siguen vigentes convenios colectivos centralizados negociados en las d\u00e9cadas de los \u201970 y \u201980. En el Congreso hay 26 iniciativas legislativas que proponen mejorar la transparencia y democracia de los sindicatos y eliminar el cobro de aportes sindicales compulsivos. Pero ninguno aborda la descentralizaci\u00f3n de la negociaci\u00f3n colectiva.<\/p>\n\n\n\n<p>Es prioritario establecer por ley un mecanismo para que las PYMES tengan la posibilidad de salirse de los vetustos convenios colectivos. Como logr\u00f3 hacerlo Mercado Libre sali\u00e9ndose del convenio colectivo centralizado de camioneros.<\/p>\n\n\n\n<p>La alta inflaci\u00f3n ayud\u00f3 a evitar la destrucci\u00f3n de empleos. El ajuste se hizo por licuaci\u00f3n de salario real m\u00e1s que por reducci\u00f3n de empleo. Pero en un escenario de estabilidad de precios y d\u00f3lar bajo, como se explicita en el proyecto de Presupuesto 2025, la modernizaci\u00f3n de las instituciones laborales es imprescindible.<\/p>\n\n\n\n<p>De lo contrario, el empleo asalariado registrado (particularmente en las PYMES) dejar\u00e1 de estar estancado y comenzar\u00e1 a caer.&nbsp;<\/p>\n\n\n\n<p><\/p>\n\n\n\n<p><em>Informe: Idesa<\/em><\/p>\n","protected":false},"excerpt":{"rendered":"<p>El aumento del desempleo no dice tanto del deterioro laboral como s\u00ed lo hacen el estancamiento en el empleo formal en empresas privadas y el sostenido aumento de la informalidad que se observa desde hace una d\u00e9cada. Revertir este deterioro exige orden macroecon\u00f3mico y una profunda modernizaci\u00f3n de las reglas laborales. El INDEC inform\u00f3 que [&hellip;]<\/p>\n","protected":false},"author":4,"featured_media":69494,"comment_status":"open","ping_status":"open","sticky":false,"template":"","format":"standard","meta":{"site-sidebar-layout":"default","site-content-layout":"","ast-site-content-layout":"default","site-content-style":"default","site-sidebar-style":"default","ast-global-header-display":"","ast-banner-title-visibility":"","ast-main-header-display":"","ast-hfb-above-header-display":"","ast-hfb-below-header-display":"","ast-hfb-mobile-header-display":"","site-post-title":"","ast-breadcrumbs-content":"","ast-featured-img":"","footer-sml-layout":"","ast-disable-related-posts":"","theme-transparent-header-meta":"","adv-header-id-meta":"","stick-header-meta":"","header-above-stick-meta":"","header-main-stick-meta":"","header-below-stick-meta":"","astra-migrate-meta-layouts":"set","ast-page-background-enabled":"default","ast-page-background-meta":{"desktop":{"background-color":"","background-image":"","background-repeat":"repeat","background-position":"center center","background-size":"auto","background-attachment":"scroll","background-type":"","background-media":"","overlay-type":"","overlay-color":"","overlay-opacity":"","overlay-gradient":""},"tablet":{"background-color":"","background-image":"","background-repeat":"repeat","background-position":"center center","background-size":"auto","background-attachment":"scroll","background-type":"","background-media":"","overlay-type":"","overlay-color":"","overlay-opacity":"","overlay-gradient":""},"mobile":{"background-color":"","background-image":"","background-repeat":"repeat","background-position":"center center","background-size":"auto","background-attachment":"scroll","background-type":"","background-media":"","overlay-type":"","overlay-color":"","overlay-opacity":"","overlay-gradient":""}},"ast-content-background-meta":{"desktop":{"background-color":"var(--ast-global-color-5)","background-image":"","background-repeat":"repeat","background-position":"center center","background-size":"auto","background-attachment":"scroll","background-type":"","background-media":"","overlay-type":"","overlay-color":"","overlay-opacity":"","overlay-gradient":""},"tablet":{"background-color":"var(--ast-global-color-5)","background-image":"","background-repeat":"repeat","background-position":"center center","background-size":"auto","background-attachment":"scroll","background-type":"","background-media":"","overlay-type":"","overlay-color":"","overlay-opacity":"","overlay-gradient":""},"mobile":{"background-color":"var(--ast-global-color-5)","background-image":"","background-repeat":"repeat","background-position":"center center","background-size":"auto","background-attachment":"scroll","background-type":"","background-media":"","overlay-type":"","overlay-color":"","overlay-opacity":"","overlay-gradient":""}},"_jetpack_memberships_contains_paid_content":false,"_joinchat":[],"footnotes":""},"categories":[365,3557],"tags":[1542,6269,8681,9459,8306,126,7193],"class_list":["post-98990","post","type-post","status-publish","format-standard","has-post-thumbnail","hentry","category-opinion","category-tercera","tag-desempleo","tag-empleo","tag-empleo-informal","tag-mercado-laboral","tag-monotributo","tag-trabajo","tag-trabajo-en-negro"],"yoast_head":"<!-- This site is optimized with the Yoast SEO plugin v26.8 - https:\/\/yoast.com\/product\/yoast-seo-wordpress\/ -->\n<title>Trabajo en negro: Solo 5% del aumento del empleo es en una empresa formal - El Regional<\/title>\n<meta name=\"robots\" content=\"index, follow, max-snippet:-1, max-image-preview:large, max-video-preview:-1\" \/>\n<link rel=\"canonical\" href=\"https:\/\/elregionalvm.com.ar\/noticias-villa-maria\/trabajo-en-negro-solo-5-del-aumento-del-empleo-es-en-una-empresa-formal\/\" \/>\n<meta property=\"og:locale\" content=\"es_ES\" \/>\n<meta property=\"og:type\" content=\"article\" \/>\n<meta property=\"og:title\" content=\"Trabajo en negro: Solo 5% del aumento del empleo es en una empresa formal - El Regional\" \/>\n<meta property=\"og:description\" content=\"El aumento del desempleo no dice tanto del deterioro laboral como s\u00ed lo hacen el estancamiento en el empleo formal en empresas privadas y el sostenido aumento de la informalidad que se observa desde hace una d\u00e9cada. Revertir este deterioro exige orden macroecon\u00f3mico y una profunda modernizaci\u00f3n de las reglas laborales. El INDEC inform\u00f3 que [&hellip;]\" \/>\n<meta property=\"og:url\" content=\"https:\/\/elregionalvm.com.ar\/noticias-villa-maria\/trabajo-en-negro-solo-5-del-aumento-del-empleo-es-en-una-empresa-formal\/\" \/>\n<meta property=\"og:site_name\" content=\"El Regional\" \/>\n<meta property=\"article:publisher\" content=\"https:\/\/www.facebook.com\/elregionalvm\" \/>\n<meta property=\"article:published_time\" content=\"2024-09-24T21:42:44+00:00\" \/>\n<meta property=\"article:modified_time\" content=\"2024-09-30T11:28:20+00:00\" \/>\n<meta property=\"og:image\" content=\"https:\/\/elregionalvm.com.ar\/noticias-villa-maria\/wp-content\/uploads\/2022\/12\/Trabajador-empleo-construccion-trabajo.jpg\" \/>\n\t<meta property=\"og:image:width\" content=\"1440\" \/>\n\t<meta property=\"og:image:height\" content=\"960\" \/>\n\t<meta property=\"og:image:type\" content=\"image\/jpeg\" \/>\n<meta name=\"author\" content=\"Contenidos El Regional\" \/>\n<meta name=\"twitter:card\" content=\"summary_large_image\" \/>\n<meta name=\"twitter:creator\" content=\"@elregionalvm1\" \/>\n<meta name=\"twitter:site\" content=\"@elregionalvm1\" \/>\n<meta name=\"twitter:label1\" content=\"Escrito por\" \/>\n\t<meta name=\"twitter:data1\" content=\"Contenidos El Regional\" \/>\n\t<meta name=\"twitter:label2\" content=\"Tiempo de lectura\" \/>\n\t<meta name=\"twitter:data2\" content=\"5 minutos\" \/>\n<script type=\"application\/ld+json\" class=\"yoast-schema-graph\">{\"@context\":\"https:\/\/schema.org\",\"@graph\":[{\"@type\":\"Article\",\"@id\":\"https:\/\/elregionalvm.com.ar\/noticias-villa-maria\/trabajo-en-negro-solo-5-del-aumento-del-empleo-es-en-una-empresa-formal\/#article\",\"isPartOf\":{\"@id\":\"https:\/\/elregionalvm.com.ar\/noticias-villa-maria\/trabajo-en-negro-solo-5-del-aumento-del-empleo-es-en-una-empresa-formal\/\"},\"author\":{\"name\":\"Contenidos El Regional\",\"@id\":\"http:\/\/elregionalvm.com.ar\/noticias-villa-maria\/#\/schema\/person\/a0fb9c422317faca23d50163151bc354\"},\"headline\":\"Trabajo en negro: Solo 5% del aumento del empleo es en una empresa formal\",\"datePublished\":\"2024-09-24T21:42:44+00:00\",\"dateModified\":\"2024-09-30T11:28:20+00:00\",\"mainEntityOfPage\":{\"@id\":\"https:\/\/elregionalvm.com.ar\/noticias-villa-maria\/trabajo-en-negro-solo-5-del-aumento-del-empleo-es-en-una-empresa-formal\/\"},\"wordCount\":755,\"commentCount\":0,\"image\":{\"@id\":\"https:\/\/elregionalvm.com.ar\/noticias-villa-maria\/trabajo-en-negro-solo-5-del-aumento-del-empleo-es-en-una-empresa-formal\/#primaryimage\"},\"thumbnailUrl\":\"https:\/\/i0.wp.com\/elregionalvm.com.ar\/noticias-villa-maria\/wp-content\/uploads\/2022\/12\/Trabajador-empleo-construccion-trabajo.jpg?fit=1440%2C960&ssl=1\",\"keywords\":[\"Desempleo\",\"Empleo\",\"Empleo informal\",\"Mercado laboral\",\"Monotributo\",\"trabajo\",\"Trabajo en negro\"],\"articleSection\":[\"Opini\u00f3n\",\"tercera\"],\"inLanguage\":\"es\",\"potentialAction\":[{\"@type\":\"CommentAction\",\"name\":\"Comment\",\"target\":[\"https:\/\/elregionalvm.com.ar\/noticias-villa-maria\/trabajo-en-negro-solo-5-del-aumento-del-empleo-es-en-una-empresa-formal\/#respond\"]}]},{\"@type\":\"WebPage\",\"@id\":\"https:\/\/elregionalvm.com.ar\/noticias-villa-maria\/trabajo-en-negro-solo-5-del-aumento-del-empleo-es-en-una-empresa-formal\/\",\"url\":\"https:\/\/elregionalvm.com.ar\/noticias-villa-maria\/trabajo-en-negro-solo-5-del-aumento-del-empleo-es-en-una-empresa-formal\/\",\"name\":\"Trabajo en negro: Solo 5% del aumento del empleo es en una empresa formal - El Regional\",\"isPartOf\":{\"@id\":\"http:\/\/elregionalvm.com.ar\/noticias-villa-maria\/#website\"},\"primaryImageOfPage\":{\"@id\":\"https:\/\/elregionalvm.com.ar\/noticias-villa-maria\/trabajo-en-negro-solo-5-del-aumento-del-empleo-es-en-una-empresa-formal\/#primaryimage\"},\"image\":{\"@id\":\"https:\/\/elregionalvm.com.ar\/noticias-villa-maria\/trabajo-en-negro-solo-5-del-aumento-del-empleo-es-en-una-empresa-formal\/#primaryimage\"},\"thumbnailUrl\":\"https:\/\/i0.wp.com\/elregionalvm.com.ar\/noticias-villa-maria\/wp-content\/uploads\/2022\/12\/Trabajador-empleo-construccion-trabajo.jpg?fit=1440%2C960&ssl=1\",\"datePublished\":\"2024-09-24T21:42:44+00:00\",\"dateModified\":\"2024-09-30T11:28:20+00:00\",\"author\":{\"@id\":\"http:\/\/elregionalvm.com.ar\/noticias-villa-maria\/#\/schema\/person\/a0fb9c422317faca23d50163151bc354\"},\"breadcrumb\":{\"@id\":\"https:\/\/elregionalvm.com.ar\/noticias-villa-maria\/trabajo-en-negro-solo-5-del-aumento-del-empleo-es-en-una-empresa-formal\/#breadcrumb\"},\"inLanguage\":\"es\",\"potentialAction\":[{\"@type\":\"ReadAction\",\"target\":[\"https:\/\/elregionalvm.com.ar\/noticias-villa-maria\/trabajo-en-negro-solo-5-del-aumento-del-empleo-es-en-una-empresa-formal\/\"]}]},{\"@type\":\"ImageObject\",\"inLanguage\":\"es\",\"@id\":\"https:\/\/elregionalvm.com.ar\/noticias-villa-maria\/trabajo-en-negro-solo-5-del-aumento-del-empleo-es-en-una-empresa-formal\/#primaryimage\",\"url\":\"https:\/\/i0.wp.com\/elregionalvm.com.ar\/noticias-villa-maria\/wp-content\/uploads\/2022\/12\/Trabajador-empleo-construccion-trabajo.jpg?fit=1440%2C960&ssl=1\",\"contentUrl\":\"https:\/\/i0.wp.com\/elregionalvm.com.ar\/noticias-villa-maria\/wp-content\/uploads\/2022\/12\/Trabajador-empleo-construccion-trabajo.jpg?fit=1440%2C960&ssl=1\",\"width\":1440,\"height\":960},{\"@type\":\"BreadcrumbList\",\"@id\":\"https:\/\/elregionalvm.com.ar\/noticias-villa-maria\/trabajo-en-negro-solo-5-del-aumento-del-empleo-es-en-una-empresa-formal\/#breadcrumb\",\"itemListElement\":[{\"@type\":\"ListItem\",\"position\":1,\"name\":\"Portada\",\"item\":\"https:\/\/elregionalvm.com.ar\/noticias-villa-maria\/\"},{\"@type\":\"ListItem\",\"position\":2,\"name\":\"Trabajo en negro: Solo 5% del aumento del empleo es en una empresa formal\"}]},{\"@type\":\"WebSite\",\"@id\":\"http:\/\/elregionalvm.com.ar\/noticias-villa-maria\/#website\",\"url\":\"http:\/\/elregionalvm.com.ar\/noticias-villa-maria\/\",\"name\":\"El Regional\",\"description\":\"Mucho m\u00e1s que informaci\u00f3n\",\"potentialAction\":[{\"@type\":\"SearchAction\",\"target\":{\"@type\":\"EntryPoint\",\"urlTemplate\":\"http:\/\/elregionalvm.com.ar\/noticias-villa-maria\/?s={search_term_string}\"},\"query-input\":{\"@type\":\"PropertyValueSpecification\",\"valueRequired\":true,\"valueName\":\"search_term_string\"}}],\"inLanguage\":\"es\"},{\"@type\":\"Person\",\"@id\":\"http:\/\/elregionalvm.com.ar\/noticias-villa-maria\/#\/schema\/person\/a0fb9c422317faca23d50163151bc354\",\"name\":\"Contenidos El Regional\",\"image\":{\"@type\":\"ImageObject\",\"inLanguage\":\"es\",\"@id\":\"http:\/\/elregionalvm.com.ar\/noticias-villa-maria\/#\/schema\/person\/image\/\",\"url\":\"https:\/\/secure.gravatar.com\/avatar\/265b27cb2209af7bb3a1318f03305787d7981a5cc6e6cd08fe5a4ecdf99d4b48?s=96&d=mm&r=g\",\"contentUrl\":\"https:\/\/secure.gravatar.com\/avatar\/265b27cb2209af7bb3a1318f03305787d7981a5cc6e6cd08fe5a4ecdf99d4b48?s=96&d=mm&r=g\",\"caption\":\"Contenidos El Regional\"},\"url\":\"https:\/\/elregionalvm.com.ar\/noticias-villa-maria\/author\/contenido\/\"}]}<\/script>\n<!-- \/ Yoast SEO plugin. -->","yoast_head_json":{"title":"Trabajo en negro: Solo 5% del aumento del empleo es en una empresa formal - El Regional","robots":{"index":"index","follow":"follow","max-snippet":"max-snippet:-1","max-image-preview":"max-image-preview:large","max-video-preview":"max-video-preview:-1"},"canonical":"https:\/\/elregionalvm.com.ar\/noticias-villa-maria\/trabajo-en-negro-solo-5-del-aumento-del-empleo-es-en-una-empresa-formal\/","og_locale":"es_ES","og_type":"article","og_title":"Trabajo en negro: Solo 5% del aumento del empleo es en una empresa formal - El Regional","og_description":"El aumento del desempleo no dice tanto del deterioro laboral como s\u00ed lo hacen el estancamiento en el empleo formal en empresas privadas y el sostenido aumento de la informalidad que se observa desde hace una d\u00e9cada. Revertir este deterioro exige orden macroecon\u00f3mico y una profunda modernizaci\u00f3n de las reglas laborales. El INDEC inform\u00f3 que [&hellip;]","og_url":"https:\/\/elregionalvm.com.ar\/noticias-villa-maria\/trabajo-en-negro-solo-5-del-aumento-del-empleo-es-en-una-empresa-formal\/","og_site_name":"El Regional","article_publisher":"https:\/\/www.facebook.com\/elregionalvm","article_published_time":"2024-09-24T21:42:44+00:00","article_modified_time":"2024-09-30T11:28:20+00:00","og_image":[{"width":1440,"height":960,"url":"https:\/\/elregionalvm.com.ar\/noticias-villa-maria\/wp-content\/uploads\/2022\/12\/Trabajador-empleo-construccion-trabajo.jpg","type":"image\/jpeg"}],"author":"Contenidos El Regional","twitter_card":"summary_large_image","twitter_creator":"@elregionalvm1","twitter_site":"@elregionalvm1","twitter_misc":{"Escrito por":"Contenidos El Regional","Tiempo de lectura":"5 minutos"},"schema":{"@context":"https:\/\/schema.org","@graph":[{"@type":"Article","@id":"https:\/\/elregionalvm.com.ar\/noticias-villa-maria\/trabajo-en-negro-solo-5-del-aumento-del-empleo-es-en-una-empresa-formal\/#article","isPartOf":{"@id":"https:\/\/elregionalvm.com.ar\/noticias-villa-maria\/trabajo-en-negro-solo-5-del-aumento-del-empleo-es-en-una-empresa-formal\/"},"author":{"name":"Contenidos El Regional","@id":"http:\/\/elregionalvm.com.ar\/noticias-villa-maria\/#\/schema\/person\/a0fb9c422317faca23d50163151bc354"},"headline":"Trabajo en negro: Solo 5% del aumento del empleo es en una empresa formal","datePublished":"2024-09-24T21:42:44+00:00","dateModified":"2024-09-30T11:28:20+00:00","mainEntityOfPage":{"@id":"https:\/\/elregionalvm.com.ar\/noticias-villa-maria\/trabajo-en-negro-solo-5-del-aumento-del-empleo-es-en-una-empresa-formal\/"},"wordCount":755,"commentCount":0,"image":{"@id":"https:\/\/elregionalvm.com.ar\/noticias-villa-maria\/trabajo-en-negro-solo-5-del-aumento-del-empleo-es-en-una-empresa-formal\/#primaryimage"},"thumbnailUrl":"https:\/\/i0.wp.com\/elregionalvm.com.ar\/noticias-villa-maria\/wp-content\/uploads\/2022\/12\/Trabajador-empleo-construccion-trabajo.jpg?fit=1440%2C960&ssl=1","keywords":["Desempleo","Empleo","Empleo informal","Mercado laboral","Monotributo","trabajo","Trabajo en negro"],"articleSection":["Opini\u00f3n","tercera"],"inLanguage":"es","potentialAction":[{"@type":"CommentAction","name":"Comment","target":["https:\/\/elregionalvm.com.ar\/noticias-villa-maria\/trabajo-en-negro-solo-5-del-aumento-del-empleo-es-en-una-empresa-formal\/#respond"]}]},{"@type":"WebPage","@id":"https:\/\/elregionalvm.com.ar\/noticias-villa-maria\/trabajo-en-negro-solo-5-del-aumento-del-empleo-es-en-una-empresa-formal\/","url":"https:\/\/elregionalvm.com.ar\/noticias-villa-maria\/trabajo-en-negro-solo-5-del-aumento-del-empleo-es-en-una-empresa-formal\/","name":"Trabajo en negro: Solo 5% del aumento del empleo es en una empresa formal - El Regional","isPartOf":{"@id":"http:\/\/elregionalvm.com.ar\/noticias-villa-maria\/#website"},"primaryImageOfPage":{"@id":"https:\/\/elregionalvm.com.ar\/noticias-villa-maria\/trabajo-en-negro-solo-5-del-aumento-del-empleo-es-en-una-empresa-formal\/#primaryimage"},"image":{"@id":"https:\/\/elregionalvm.com.ar\/noticias-villa-maria\/trabajo-en-negro-solo-5-del-aumento-del-empleo-es-en-una-empresa-formal\/#primaryimage"},"thumbnailUrl":"https:\/\/i0.wp.com\/elregionalvm.com.ar\/noticias-villa-maria\/wp-content\/uploads\/2022\/12\/Trabajador-empleo-construccion-trabajo.jpg?fit=1440%2C960&ssl=1","datePublished":"2024-09-24T21:42:44+00:00","dateModified":"2024-09-30T11:28:20+00:00","author":{"@id":"http:\/\/elregionalvm.com.ar\/noticias-villa-maria\/#\/schema\/person\/a0fb9c422317faca23d50163151bc354"},"breadcrumb":{"@id":"https:\/\/elregionalvm.com.ar\/noticias-villa-maria\/trabajo-en-negro-solo-5-del-aumento-del-empleo-es-en-una-empresa-formal\/#breadcrumb"},"inLanguage":"es","potentialAction":[{"@type":"ReadAction","target":["https:\/\/elregionalvm.com.ar\/noticias-villa-maria\/trabajo-en-negro-solo-5-del-aumento-del-empleo-es-en-una-empresa-formal\/"]}]},{"@type":"ImageObject","inLanguage":"es","@id":"https:\/\/elregionalvm.com.ar\/noticias-villa-maria\/trabajo-en-negro-solo-5-del-aumento-del-empleo-es-en-una-empresa-formal\/#primaryimage","url":"https:\/\/i0.wp.com\/elregionalvm.com.ar\/noticias-villa-maria\/wp-content\/uploads\/2022\/12\/Trabajador-empleo-construccion-trabajo.jpg?fit=1440%2C960&ssl=1","contentUrl":"https:\/\/i0.wp.com\/elregionalvm.com.ar\/noticias-villa-maria\/wp-content\/uploads\/2022\/12\/Trabajador-empleo-construccion-trabajo.jpg?fit=1440%2C960&ssl=1","width":1440,"height":960},{"@type":"BreadcrumbList","@id":"https:\/\/elregionalvm.com.ar\/noticias-villa-maria\/trabajo-en-negro-solo-5-del-aumento-del-empleo-es-en-una-empresa-formal\/#breadcrumb","itemListElement":[{"@type":"ListItem","position":1,"name":"Portada","item":"https:\/\/elregionalvm.com.ar\/noticias-villa-maria\/"},{"@type":"ListItem","position":2,"name":"Trabajo en negro: Solo 5% del aumento del empleo es en una empresa formal"}]},{"@type":"WebSite","@id":"http:\/\/elregionalvm.com.ar\/noticias-villa-maria\/#website","url":"http:\/\/elregionalvm.com.ar\/noticias-villa-maria\/","name":"El Regional","description":"Mucho m\u00e1s que informaci\u00f3n","potentialAction":[{"@type":"SearchAction","target":{"@type":"EntryPoint","urlTemplate":"http:\/\/elregionalvm.com.ar\/noticias-villa-maria\/?s={search_term_string}"},"query-input":{"@type":"PropertyValueSpecification","valueRequired":true,"valueName":"search_term_string"}}],"inLanguage":"es"},{"@type":"Person","@id":"http:\/\/elregionalvm.com.ar\/noticias-villa-maria\/#\/schema\/person\/a0fb9c422317faca23d50163151bc354","name":"Contenidos El Regional","image":{"@type":"ImageObject","inLanguage":"es","@id":"http:\/\/elregionalvm.com.ar\/noticias-villa-maria\/#\/schema\/person\/image\/","url":"https:\/\/secure.gravatar.com\/avatar\/265b27cb2209af7bb3a1318f03305787d7981a5cc6e6cd08fe5a4ecdf99d4b48?s=96&d=mm&r=g","contentUrl":"https:\/\/secure.gravatar.com\/avatar\/265b27cb2209af7bb3a1318f03305787d7981a5cc6e6cd08fe5a4ecdf99d4b48?s=96&d=mm&r=g","caption":"Contenidos El Regional"},"url":"https:\/\/elregionalvm.com.ar\/noticias-villa-maria\/author\/contenido\/"}]}},"jetpack_featured_media_url":"https:\/\/i0.wp.com\/elregionalvm.com.ar\/noticias-villa-maria\/wp-content\/uploads\/2022\/12\/Trabajador-empleo-construccion-trabajo.jpg?fit=1440%2C960&ssl=1","jetpack_sharing_enabled":true,"_links":{"self":[{"href":"https:\/\/elregionalvm.com.ar\/noticias-villa-maria\/wp-json\/wp\/v2\/posts\/98990","targetHints":{"allow":["GET"]}}],"collection":[{"href":"https:\/\/elregionalvm.com.ar\/noticias-villa-maria\/wp-json\/wp\/v2\/posts"}],"about":[{"href":"https:\/\/elregionalvm.com.ar\/noticias-villa-maria\/wp-json\/wp\/v2\/types\/post"}],"author":[{"embeddable":true,"href":"https:\/\/elregionalvm.com.ar\/noticias-villa-maria\/wp-json\/wp\/v2\/users\/4"}],"replies":[{"embeddable":true,"href":"https:\/\/elregionalvm.com.ar\/noticias-villa-maria\/wp-json\/wp\/v2\/comments?post=98990"}],"version-history":[{"count":2,"href":"https:\/\/elregionalvm.com.ar\/noticias-villa-maria\/wp-json\/wp\/v2\/posts\/98990\/revisions"}],"predecessor-version":[{"id":98993,"href":"https:\/\/elregionalvm.com.ar\/noticias-villa-maria\/wp-json\/wp\/v2\/posts\/98990\/revisions\/98993"}],"wp:featuredmedia":[{"embeddable":true,"href":"https:\/\/elregionalvm.com.ar\/noticias-villa-maria\/wp-json\/wp\/v2\/media\/69494"}],"wp:attachment":[{"href":"https:\/\/elregionalvm.com.ar\/noticias-villa-maria\/wp-json\/wp\/v2\/media?parent=98990"}],"wp:term":[{"taxonomy":"category","embeddable":true,"href":"https:\/\/elregionalvm.com.ar\/noticias-villa-maria\/wp-json\/wp\/v2\/categories?post=98990"},{"taxonomy":"post_tag","embeddable":true,"href":"https:\/\/elregionalvm.com.ar\/noticias-villa-maria\/wp-json\/wp\/v2\/tags?post=98990"}],"curies":[{"name":"wp","href":"https:\/\/api.w.org\/{rel}","templated":true}]}}