{"id":99140,"date":"2024-09-30T15:53:01","date_gmt":"2024-09-30T15:53:01","guid":{"rendered":"https:\/\/elregionalvm.com.ar\/noticias-villa-maria\/?p=99140"},"modified":"2024-09-30T15:53:04","modified_gmt":"2024-09-30T15:53:04","slug":"la-provincia-declaro-el-desastre-agropecuario-por-incendios","status":"publish","type":"post","link":"https:\/\/elregionalvm.com.ar\/noticias-villa-maria\/la-provincia-declaro-el-desastre-agropecuario-por-incendios\/","title":{"rendered":"La Provincia declar\u00f3 el desastre agropecuario por incendios"},"content":{"rendered":"\n<p>Mediante la Resoluci\u00f3n N\u00b0 398\/2024, y en el marco de la Ley 7.121, el ministerio de Bioagroindustria declar\u00f3 a partir del 1\u00b0 de septiembre de 2024 y hasta el d\u00eda 31 de agosto de 2025 el estado de Desastre Agropecuario para los productores agropecuarios (agr\u00edcolas, forestales, frutihort\u00edcolas, ganaderos, tamberos y ap\u00edcolas) afectados por incendios ocurridos durante los meses de agosto y septiembre del corriente a\u00f1o.<\/p>\n\n\n\n<p>La medida alcanza a las actividades delimitadas bajo el criterio de pol\u00edgonos georreferenciados ubicados en las siguientes zonas afectadas: Villa Yacanto, Villa Berna, La Calera, Ischil\u00edn, Ambul, Chancan\u00ed, Villa Guti\u00e9rrez, Capilla del Monte -Corral de piedra y Ascochinga.<\/p>\n\n\n\n<p>Es importante destacar que, el desastre agropecuario tiene el beneficio de exenci\u00f3n impositiva establecido en la Ley N\u00b0 7121.<\/p>\n\n\n\n<p>En este caso alcanza a las cuotas 9, 10, 11 y 12 del a\u00f1o 2024 del Impuesto Inmobiliario B\u00e1sico Rural, la parte proporcional del Adicional del Impuesto Inmobiliario B\u00e1sico Rural y la parte proporcional de las diferencias de impuestos que pudieran surgir<br>correspondientes a la anualidad 2024, y de la Contribuci\u00f3n Especial para la Financiaci\u00f3n de Obras y Servicios del Fideicomiso para el Desarrollo Agropecuario (FDA).<\/p>\n\n\n\n<p>Asimismo, se establece que los productores beneficiados por la presente resoluci\u00f3n que hubieren abonado los impuestos referidos en el art\u00edculo precedente, recibir\u00e1n la acreditaci\u00f3n de los importes ingresados contra futuras obligaciones tributarias, conforme lo disponga la Direcci\u00f3n General de Rentas. Los productores afectados deber\u00e1n presentar las Declaraciones Juradas a trav\u00e9s de la Plataforma de Servicios Ciudadano Digital.<\/p>\n\n\n\n<p>A su vez, ya se efectu\u00f3 la elevaci\u00f3n de la homologaci\u00f3n de emergencia nacional, para lograr el refinanciamiento de deudas de banca p\u00fablica y la pr\u00f3rroga de impuestos nacionales.<\/p>\n\n\n\n<h3 class=\"wp-block-heading\">C\u00f3mo acceder<\/h3>\n\n\n\n<p>Los productores agropecuarios que fueron afectados por los incendios pueden presentar la declaraci\u00f3n jurada para tener los beneficios de la resoluci\u00f3n 398\/2024.<\/p>\n\n\n\n<p>Deben ingresar al&nbsp;<a href=\"https:\/\/cidi.cba.gov.ar\/portal-publico\/\">CiDi<\/a>, tener nivel 2, buscar Gesti\u00f3n Agropecuaria, ingresar a Productores Autogesti\u00f3n y completar el formulario.<\/p>\n\n\n\n<p>Los agentes zonales brindar\u00e1n informaci\u00f3n y atenci\u00f3n a los productores.<\/p>\n","protected":false},"excerpt":{"rendered":"<p>Mediante la Resoluci\u00f3n N\u00b0 398\/2024, y en el marco de la Ley 7.121, el ministerio de Bioagroindustria declar\u00f3 a partir del 1\u00b0 de septiembre de 2024 y hasta el d\u00eda 31 de agosto de 2025 el estado de Desastre Agropecuario para los productores agropecuarios (agr\u00edcolas, forestales, frutihort\u00edcolas, ganaderos, tamberos y ap\u00edcolas) afectados por incendios ocurridos [&hellip;]<\/p>\n","protected":false},"author":4,"featured_media":99141,"comment_status":"open","ping_status":"open","sticky":false,"template":"","format":"standard","meta":{"site-sidebar-layout":"default","site-content-layout":"","ast-site-content-layout":"default","site-content-style":"default","site-sidebar-style":"default","ast-global-header-display":"","ast-banner-title-visibility":"","ast-main-header-display":"","ast-hfb-above-header-display":"","ast-hfb-below-header-display":"","ast-hfb-mobile-header-display":"","site-post-title":"","ast-breadcrumbs-content":"","ast-featured-img":"","footer-sml-layout":"","ast-disable-related-posts":"","theme-transparent-header-meta":"","adv-header-id-meta":"","stick-header-meta":"","header-above-stick-meta":"","header-main-stick-meta":"","header-below-stick-meta":"","astra-migrate-meta-layouts":"set","ast-page-background-enabled":"default","ast-page-background-meta":{"desktop":{"background-color":"","background-image":"","background-repeat":"repeat","background-position":"center center","background-size":"auto","background-attachment":"scroll","background-type":"","background-media":"","overlay-type":"","overlay-color":"","overlay-opacity":"","overlay-gradient":""},"tablet":{"background-color":"","background-image":"","background-repeat":"repeat","background-position":"center center","background-size":"auto","background-attachment":"scroll","background-type":"","background-media":"","overlay-type":"","overlay-color":"","overlay-opacity":"","overlay-gradient":""},"mobile":{"background-color":"","background-image":"","background-repeat":"repeat","background-position":"center center","background-size":"auto","background-attachment":"scroll","background-type":"","background-media":"","overlay-type":"","overlay-color":"","overlay-opacity":"","overlay-gradient":""}},"ast-content-background-meta":{"desktop":{"background-color":"var(--ast-global-color-5)","background-image":"","background-repeat":"repeat","background-position":"center center","background-size":"auto","background-attachment":"scroll","background-type":"","background-media":"","overlay-type":"","overlay-color":"","overlay-opacity":"","overlay-gradient":""},"tablet":{"background-color":"var(--ast-global-color-5)","background-image":"","background-repeat":"repeat","background-position":"center center","background-size":"auto","background-attachment":"scroll","background-type":"","background-media":"","overlay-type":"","overlay-color":"","overlay-opacity":"","overlay-gradient":""},"mobile":{"background-color":"var(--ast-global-color-5)","background-image":"","background-repeat":"repeat","background-position":"center center","background-size":"auto","background-attachment":"scroll","background-type":"","background-media":"","overlay-type":"","overlay-color":"","overlay-opacity":"","overlay-gradient":""}},"_jetpack_memberships_contains_paid_content":false,"_joinchat":[],"footnotes":""},"categories":[15302,16095,5],"tags":[],"class_list":["post-99140","post","type-post","status-publish","format-standard","has-post-thumbnail","hentry","category-destacado","category-provinciales","category-sociedad"],"yoast_head":"<!-- This site is optimized with the Yoast SEO plugin v26.8 - https:\/\/yoast.com\/product\/yoast-seo-wordpress\/ -->\n<title>La Provincia declar\u00f3 el desastre agropecuario por incendios - El Regional<\/title>\n<meta name=\"robots\" content=\"index, follow, max-snippet:-1, max-image-preview:large, max-video-preview:-1\" \/>\n<link rel=\"canonical\" href=\"https:\/\/elregionalvm.com.ar\/noticias-villa-maria\/la-provincia-declaro-el-desastre-agropecuario-por-incendios\/\" \/>\n<meta property=\"og:locale\" content=\"es_ES\" \/>\n<meta property=\"og:type\" content=\"article\" \/>\n<meta property=\"og:title\" content=\"La Provincia declar\u00f3 el desastre agropecuario por incendios - El Regional\" \/>\n<meta property=\"og:description\" content=\"Mediante la Resoluci\u00f3n N\u00b0 398\/2024, y en el marco de la Ley 7.121, el ministerio de Bioagroindustria declar\u00f3 a partir del 1\u00b0 de septiembre de 2024 y hasta el d\u00eda 31 de agosto de 2025 el estado de Desastre Agropecuario para los productores agropecuarios (agr\u00edcolas, forestales, frutihort\u00edcolas, ganaderos, tamberos y ap\u00edcolas) afectados por incendios ocurridos [&hellip;]\" \/>\n<meta property=\"og:url\" content=\"https:\/\/elregionalvm.com.ar\/noticias-villa-maria\/la-provincia-declaro-el-desastre-agropecuario-por-incendios\/\" \/>\n<meta property=\"og:site_name\" content=\"El Regional\" \/>\n<meta property=\"article:publisher\" content=\"https:\/\/www.facebook.com\/elregionalvm\" \/>\n<meta property=\"article:published_time\" content=\"2024-09-30T15:53:01+00:00\" \/>\n<meta property=\"article:modified_time\" content=\"2024-09-30T15:53:04+00:00\" \/>\n<meta property=\"og:image\" content=\"https:\/\/elregionalvm.com.ar\/noticias-villa-maria\/wp-content\/uploads\/2024\/09\/IMG_8387-1024x683-1.jpg\" \/>\n\t<meta property=\"og:image:width\" content=\"1024\" \/>\n\t<meta property=\"og:image:height\" content=\"683\" \/>\n\t<meta property=\"og:image:type\" content=\"image\/jpeg\" \/>\n<meta name=\"author\" content=\"Contenidos El Regional\" \/>\n<meta name=\"twitter:card\" content=\"summary_large_image\" \/>\n<meta name=\"twitter:creator\" content=\"@elregionalvm1\" \/>\n<meta name=\"twitter:site\" content=\"@elregionalvm1\" \/>\n<meta name=\"twitter:label1\" content=\"Escrito por\" \/>\n\t<meta name=\"twitter:data1\" content=\"Contenidos El Regional\" \/>\n\t<meta name=\"twitter:label2\" content=\"Tiempo de lectura\" \/>\n\t<meta name=\"twitter:data2\" content=\"2 minutos\" \/>\n<script type=\"application\/ld+json\" class=\"yoast-schema-graph\">{\"@context\":\"https:\/\/schema.org\",\"@graph\":[{\"@type\":\"Article\",\"@id\":\"https:\/\/elregionalvm.com.ar\/noticias-villa-maria\/la-provincia-declaro-el-desastre-agropecuario-por-incendios\/#article\",\"isPartOf\":{\"@id\":\"https:\/\/elregionalvm.com.ar\/noticias-villa-maria\/la-provincia-declaro-el-desastre-agropecuario-por-incendios\/\"},\"author\":{\"name\":\"Contenidos El Regional\",\"@id\":\"http:\/\/elregionalvm.com.ar\/noticias-villa-maria\/#\/schema\/person\/a0fb9c422317faca23d50163151bc354\"},\"headline\":\"La Provincia declar\u00f3 el desastre agropecuario por incendios\",\"datePublished\":\"2024-09-30T15:53:01+00:00\",\"dateModified\":\"2024-09-30T15:53:04+00:00\",\"mainEntityOfPage\":{\"@id\":\"https:\/\/elregionalvm.com.ar\/noticias-villa-maria\/la-provincia-declaro-el-desastre-agropecuario-por-incendios\/\"},\"wordCount\":353,\"commentCount\":0,\"image\":{\"@id\":\"https:\/\/elregionalvm.com.ar\/noticias-villa-maria\/la-provincia-declaro-el-desastre-agropecuario-por-incendios\/#primaryimage\"},\"thumbnailUrl\":\"https:\/\/i0.wp.com\/elregionalvm.com.ar\/noticias-villa-maria\/wp-content\/uploads\/2024\/09\/IMG_8387-1024x683-1.jpg?fit=1024%2C683&ssl=1\",\"articleSection\":[\"destacado\",\"Provinciales\",\"Sociedad\"],\"inLanguage\":\"es\",\"potentialAction\":[{\"@type\":\"CommentAction\",\"name\":\"Comment\",\"target\":[\"https:\/\/elregionalvm.com.ar\/noticias-villa-maria\/la-provincia-declaro-el-desastre-agropecuario-por-incendios\/#respond\"]}]},{\"@type\":\"WebPage\",\"@id\":\"https:\/\/elregionalvm.com.ar\/noticias-villa-maria\/la-provincia-declaro-el-desastre-agropecuario-por-incendios\/\",\"url\":\"https:\/\/elregionalvm.com.ar\/noticias-villa-maria\/la-provincia-declaro-el-desastre-agropecuario-por-incendios\/\",\"name\":\"La Provincia declar\u00f3 el desastre agropecuario por incendios - El Regional\",\"isPartOf\":{\"@id\":\"http:\/\/elregionalvm.com.ar\/noticias-villa-maria\/#website\"},\"primaryImageOfPage\":{\"@id\":\"https:\/\/elregionalvm.com.ar\/noticias-villa-maria\/la-provincia-declaro-el-desastre-agropecuario-por-incendios\/#primaryimage\"},\"image\":{\"@id\":\"https:\/\/elregionalvm.com.ar\/noticias-villa-maria\/la-provincia-declaro-el-desastre-agropecuario-por-incendios\/#primaryimage\"},\"thumbnailUrl\":\"https:\/\/i0.wp.com\/elregionalvm.com.ar\/noticias-villa-maria\/wp-content\/uploads\/2024\/09\/IMG_8387-1024x683-1.jpg?fit=1024%2C683&ssl=1\",\"datePublished\":\"2024-09-30T15:53:01+00:00\",\"dateModified\":\"2024-09-30T15:53:04+00:00\",\"author\":{\"@id\":\"http:\/\/elregionalvm.com.ar\/noticias-villa-maria\/#\/schema\/person\/a0fb9c422317faca23d50163151bc354\"},\"breadcrumb\":{\"@id\":\"https:\/\/elregionalvm.com.ar\/noticias-villa-maria\/la-provincia-declaro-el-desastre-agropecuario-por-incendios\/#breadcrumb\"},\"inLanguage\":\"es\",\"potentialAction\":[{\"@type\":\"ReadAction\",\"target\":[\"https:\/\/elregionalvm.com.ar\/noticias-villa-maria\/la-provincia-declaro-el-desastre-agropecuario-por-incendios\/\"]}]},{\"@type\":\"ImageObject\",\"inLanguage\":\"es\",\"@id\":\"https:\/\/elregionalvm.com.ar\/noticias-villa-maria\/la-provincia-declaro-el-desastre-agropecuario-por-incendios\/#primaryimage\",\"url\":\"https:\/\/i0.wp.com\/elregionalvm.com.ar\/noticias-villa-maria\/wp-content\/uploads\/2024\/09\/IMG_8387-1024x683-1.jpg?fit=1024%2C683&ssl=1\",\"contentUrl\":\"https:\/\/i0.wp.com\/elregionalvm.com.ar\/noticias-villa-maria\/wp-content\/uploads\/2024\/09\/IMG_8387-1024x683-1.jpg?fit=1024%2C683&ssl=1\",\"width\":1024,\"height\":683},{\"@type\":\"BreadcrumbList\",\"@id\":\"https:\/\/elregionalvm.com.ar\/noticias-villa-maria\/la-provincia-declaro-el-desastre-agropecuario-por-incendios\/#breadcrumb\",\"itemListElement\":[{\"@type\":\"ListItem\",\"position\":1,\"name\":\"Portada\",\"item\":\"https:\/\/elregionalvm.com.ar\/noticias-villa-maria\/\"},{\"@type\":\"ListItem\",\"position\":2,\"name\":\"La Provincia declar\u00f3 el desastre agropecuario por incendios\"}]},{\"@type\":\"WebSite\",\"@id\":\"http:\/\/elregionalvm.com.ar\/noticias-villa-maria\/#website\",\"url\":\"http:\/\/elregionalvm.com.ar\/noticias-villa-maria\/\",\"name\":\"El Regional\",\"description\":\"Mucho m\u00e1s que informaci\u00f3n\",\"potentialAction\":[{\"@type\":\"SearchAction\",\"target\":{\"@type\":\"EntryPoint\",\"urlTemplate\":\"http:\/\/elregionalvm.com.ar\/noticias-villa-maria\/?s={search_term_string}\"},\"query-input\":{\"@type\":\"PropertyValueSpecification\",\"valueRequired\":true,\"valueName\":\"search_term_string\"}}],\"inLanguage\":\"es\"},{\"@type\":\"Person\",\"@id\":\"http:\/\/elregionalvm.com.ar\/noticias-villa-maria\/#\/schema\/person\/a0fb9c422317faca23d50163151bc354\",\"name\":\"Contenidos El Regional\",\"image\":{\"@type\":\"ImageObject\",\"inLanguage\":\"es\",\"@id\":\"http:\/\/elregionalvm.com.ar\/noticias-villa-maria\/#\/schema\/person\/image\/\",\"url\":\"https:\/\/secure.gravatar.com\/avatar\/265b27cb2209af7bb3a1318f03305787d7981a5cc6e6cd08fe5a4ecdf99d4b48?s=96&d=mm&r=g\",\"contentUrl\":\"https:\/\/secure.gravatar.com\/avatar\/265b27cb2209af7bb3a1318f03305787d7981a5cc6e6cd08fe5a4ecdf99d4b48?s=96&d=mm&r=g\",\"caption\":\"Contenidos El Regional\"},\"url\":\"https:\/\/elregionalvm.com.ar\/noticias-villa-maria\/author\/contenido\/\"}]}<\/script>\n<!-- \/ Yoast SEO plugin. -->","yoast_head_json":{"title":"La Provincia declar\u00f3 el desastre agropecuario por incendios - El Regional","robots":{"index":"index","follow":"follow","max-snippet":"max-snippet:-1","max-image-preview":"max-image-preview:large","max-video-preview":"max-video-preview:-1"},"canonical":"https:\/\/elregionalvm.com.ar\/noticias-villa-maria\/la-provincia-declaro-el-desastre-agropecuario-por-incendios\/","og_locale":"es_ES","og_type":"article","og_title":"La Provincia declar\u00f3 el desastre agropecuario por incendios - El Regional","og_description":"Mediante la Resoluci\u00f3n N\u00b0 398\/2024, y en el marco de la Ley 7.121, el ministerio de Bioagroindustria declar\u00f3 a partir del 1\u00b0 de septiembre de 2024 y hasta el d\u00eda 31 de agosto de 2025 el estado de Desastre Agropecuario para los productores agropecuarios (agr\u00edcolas, forestales, frutihort\u00edcolas, ganaderos, tamberos y ap\u00edcolas) afectados por incendios ocurridos [&hellip;]","og_url":"https:\/\/elregionalvm.com.ar\/noticias-villa-maria\/la-provincia-declaro-el-desastre-agropecuario-por-incendios\/","og_site_name":"El Regional","article_publisher":"https:\/\/www.facebook.com\/elregionalvm","article_published_time":"2024-09-30T15:53:01+00:00","article_modified_time":"2024-09-30T15:53:04+00:00","og_image":[{"width":1024,"height":683,"url":"https:\/\/elregionalvm.com.ar\/noticias-villa-maria\/wp-content\/uploads\/2024\/09\/IMG_8387-1024x683-1.jpg","type":"image\/jpeg"}],"author":"Contenidos El Regional","twitter_card":"summary_large_image","twitter_creator":"@elregionalvm1","twitter_site":"@elregionalvm1","twitter_misc":{"Escrito por":"Contenidos El Regional","Tiempo de lectura":"2 minutos"},"schema":{"@context":"https:\/\/schema.org","@graph":[{"@type":"Article","@id":"https:\/\/elregionalvm.com.ar\/noticias-villa-maria\/la-provincia-declaro-el-desastre-agropecuario-por-incendios\/#article","isPartOf":{"@id":"https:\/\/elregionalvm.com.ar\/noticias-villa-maria\/la-provincia-declaro-el-desastre-agropecuario-por-incendios\/"},"author":{"name":"Contenidos El Regional","@id":"http:\/\/elregionalvm.com.ar\/noticias-villa-maria\/#\/schema\/person\/a0fb9c422317faca23d50163151bc354"},"headline":"La Provincia declar\u00f3 el desastre agropecuario por incendios","datePublished":"2024-09-30T15:53:01+00:00","dateModified":"2024-09-30T15:53:04+00:00","mainEntityOfPage":{"@id":"https:\/\/elregionalvm.com.ar\/noticias-villa-maria\/la-provincia-declaro-el-desastre-agropecuario-por-incendios\/"},"wordCount":353,"commentCount":0,"image":{"@id":"https:\/\/elregionalvm.com.ar\/noticias-villa-maria\/la-provincia-declaro-el-desastre-agropecuario-por-incendios\/#primaryimage"},"thumbnailUrl":"https:\/\/i0.wp.com\/elregionalvm.com.ar\/noticias-villa-maria\/wp-content\/uploads\/2024\/09\/IMG_8387-1024x683-1.jpg?fit=1024%2C683&ssl=1","articleSection":["destacado","Provinciales","Sociedad"],"inLanguage":"es","potentialAction":[{"@type":"CommentAction","name":"Comment","target":["https:\/\/elregionalvm.com.ar\/noticias-villa-maria\/la-provincia-declaro-el-desastre-agropecuario-por-incendios\/#respond"]}]},{"@type":"WebPage","@id":"https:\/\/elregionalvm.com.ar\/noticias-villa-maria\/la-provincia-declaro-el-desastre-agropecuario-por-incendios\/","url":"https:\/\/elregionalvm.com.ar\/noticias-villa-maria\/la-provincia-declaro-el-desastre-agropecuario-por-incendios\/","name":"La Provincia declar\u00f3 el desastre agropecuario por incendios - El Regional","isPartOf":{"@id":"http:\/\/elregionalvm.com.ar\/noticias-villa-maria\/#website"},"primaryImageOfPage":{"@id":"https:\/\/elregionalvm.com.ar\/noticias-villa-maria\/la-provincia-declaro-el-desastre-agropecuario-por-incendios\/#primaryimage"},"image":{"@id":"https:\/\/elregionalvm.com.ar\/noticias-villa-maria\/la-provincia-declaro-el-desastre-agropecuario-por-incendios\/#primaryimage"},"thumbnailUrl":"https:\/\/i0.wp.com\/elregionalvm.com.ar\/noticias-villa-maria\/wp-content\/uploads\/2024\/09\/IMG_8387-1024x683-1.jpg?fit=1024%2C683&ssl=1","datePublished":"2024-09-30T15:53:01+00:00","dateModified":"2024-09-30T15:53:04+00:00","author":{"@id":"http:\/\/elregionalvm.com.ar\/noticias-villa-maria\/#\/schema\/person\/a0fb9c422317faca23d50163151bc354"},"breadcrumb":{"@id":"https:\/\/elregionalvm.com.ar\/noticias-villa-maria\/la-provincia-declaro-el-desastre-agropecuario-por-incendios\/#breadcrumb"},"inLanguage":"es","potentialAction":[{"@type":"ReadAction","target":["https:\/\/elregionalvm.com.ar\/noticias-villa-maria\/la-provincia-declaro-el-desastre-agropecuario-por-incendios\/"]}]},{"@type":"ImageObject","inLanguage":"es","@id":"https:\/\/elregionalvm.com.ar\/noticias-villa-maria\/la-provincia-declaro-el-desastre-agropecuario-por-incendios\/#primaryimage","url":"https:\/\/i0.wp.com\/elregionalvm.com.ar\/noticias-villa-maria\/wp-content\/uploads\/2024\/09\/IMG_8387-1024x683-1.jpg?fit=1024%2C683&ssl=1","contentUrl":"https:\/\/i0.wp.com\/elregionalvm.com.ar\/noticias-villa-maria\/wp-content\/uploads\/2024\/09\/IMG_8387-1024x683-1.jpg?fit=1024%2C683&ssl=1","width":1024,"height":683},{"@type":"BreadcrumbList","@id":"https:\/\/elregionalvm.com.ar\/noticias-villa-maria\/la-provincia-declaro-el-desastre-agropecuario-por-incendios\/#breadcrumb","itemListElement":[{"@type":"ListItem","position":1,"name":"Portada","item":"https:\/\/elregionalvm.com.ar\/noticias-villa-maria\/"},{"@type":"ListItem","position":2,"name":"La Provincia declar\u00f3 el desastre agropecuario por incendios"}]},{"@type":"WebSite","@id":"http:\/\/elregionalvm.com.ar\/noticias-villa-maria\/#website","url":"http:\/\/elregionalvm.com.ar\/noticias-villa-maria\/","name":"El Regional","description":"Mucho m\u00e1s que informaci\u00f3n","potentialAction":[{"@type":"SearchAction","target":{"@type":"EntryPoint","urlTemplate":"http:\/\/elregionalvm.com.ar\/noticias-villa-maria\/?s={search_term_string}"},"query-input":{"@type":"PropertyValueSpecification","valueRequired":true,"valueName":"search_term_string"}}],"inLanguage":"es"},{"@type":"Person","@id":"http:\/\/elregionalvm.com.ar\/noticias-villa-maria\/#\/schema\/person\/a0fb9c422317faca23d50163151bc354","name":"Contenidos El Regional","image":{"@type":"ImageObject","inLanguage":"es","@id":"http:\/\/elregionalvm.com.ar\/noticias-villa-maria\/#\/schema\/person\/image\/","url":"https:\/\/secure.gravatar.com\/avatar\/265b27cb2209af7bb3a1318f03305787d7981a5cc6e6cd08fe5a4ecdf99d4b48?s=96&d=mm&r=g","contentUrl":"https:\/\/secure.gravatar.com\/avatar\/265b27cb2209af7bb3a1318f03305787d7981a5cc6e6cd08fe5a4ecdf99d4b48?s=96&d=mm&r=g","caption":"Contenidos El Regional"},"url":"https:\/\/elregionalvm.com.ar\/noticias-villa-maria\/author\/contenido\/"}]}},"jetpack_featured_media_url":"https:\/\/i0.wp.com\/elregionalvm.com.ar\/noticias-villa-maria\/wp-content\/uploads\/2024\/09\/IMG_8387-1024x683-1.jpg?fit=1024%2C683&ssl=1","jetpack_sharing_enabled":true,"_links":{"self":[{"href":"https:\/\/elregionalvm.com.ar\/noticias-villa-maria\/wp-json\/wp\/v2\/posts\/99140","targetHints":{"allow":["GET"]}}],"collection":[{"href":"https:\/\/elregionalvm.com.ar\/noticias-villa-maria\/wp-json\/wp\/v2\/posts"}],"about":[{"href":"https:\/\/elregionalvm.com.ar\/noticias-villa-maria\/wp-json\/wp\/v2\/types\/post"}],"author":[{"embeddable":true,"href":"https:\/\/elregionalvm.com.ar\/noticias-villa-maria\/wp-json\/wp\/v2\/users\/4"}],"replies":[{"embeddable":true,"href":"https:\/\/elregionalvm.com.ar\/noticias-villa-maria\/wp-json\/wp\/v2\/comments?post=99140"}],"version-history":[{"count":1,"href":"https:\/\/elregionalvm.com.ar\/noticias-villa-maria\/wp-json\/wp\/v2\/posts\/99140\/revisions"}],"predecessor-version":[{"id":99142,"href":"https:\/\/elregionalvm.com.ar\/noticias-villa-maria\/wp-json\/wp\/v2\/posts\/99140\/revisions\/99142"}],"wp:featuredmedia":[{"embeddable":true,"href":"https:\/\/elregionalvm.com.ar\/noticias-villa-maria\/wp-json\/wp\/v2\/media\/99141"}],"wp:attachment":[{"href":"https:\/\/elregionalvm.com.ar\/noticias-villa-maria\/wp-json\/wp\/v2\/media?parent=99140"}],"wp:term":[{"taxonomy":"category","embeddable":true,"href":"https:\/\/elregionalvm.com.ar\/noticias-villa-maria\/wp-json\/wp\/v2\/categories?post=99140"},{"taxonomy":"post_tag","embeddable":true,"href":"https:\/\/elregionalvm.com.ar\/noticias-villa-maria\/wp-json\/wp\/v2\/tags?post=99140"}],"curies":[{"name":"wp","href":"https:\/\/api.w.org\/{rel}","templated":true}]}}