{"id":99222,"date":"2024-10-02T03:05:23","date_gmt":"2024-10-02T03:05:23","guid":{"rendered":"https:\/\/elregionalvm.com.ar\/noticias-villa-maria\/?p=99222"},"modified":"2024-10-03T22:10:17","modified_gmt":"2024-10-03T22:10:17","slug":"politica-internacional-algunas-consideraciones-sobre-el-discurso-de-milei-en-naciones-unidas","status":"publish","type":"post","link":"https:\/\/elregionalvm.com.ar\/noticias-villa-maria\/politica-internacional-algunas-consideraciones-sobre-el-discurso-de-milei-en-naciones-unidas\/","title":{"rendered":"[Pol\u00edtica Internacional] Algunas consideraciones sobre el discurso de Milei en Naciones Unidas"},"content":{"rendered":"\n<h3 class=\"wp-block-heading\"><strong>La principal cr\u00edtica que Javier Milei le hace al organismo global es que ha sido reemplazado por un modelo de gobierno supranacional donde la Agenda 2030 es un programa \u201cde corte socialista\u201d. M\u00e1s all\u00e1 de buscar una pol\u00edtica exterior que no le imponga ning\u00fan tipo de compromiso, el mandatario no hace una lectura correcta de lo que significa el multilateralismo.<\/strong><\/h3>\n\n\n\n<p><\/p>\n\n\n\n<p><strong>Escribe: Natalia Pettinari (Analista de Pol\u00edtica Internacional)<\/strong><\/p>\n\n\n\n<p><\/p>\n\n\n\n<p>Esta semana -como todos los a\u00f1os en septiembre- se realiz\u00f3 en Nueva York la apertura del 79\u00ba per\u00edodo de sesiones de la Asamblea General de la ONU.<\/p>\n\n\n\n<p>All\u00ed los l\u00edderes del mundo tienen sus \u201c15 minutos\u201d de fama para exponer lo que les plazca a un auditorio global. Es este tiempo el que se ha establecido para que cada mandatario se exprese.<\/p>\n\n\n\n<p>All\u00ed se hizo presente con su primer discurso el presidente Javier Milei denostando un multilateralismo que cost\u00f3 casi ocho d\u00e9cadas construir. Sus cr\u00edticas al organismo conducen a la siguiente pregunta: \u00bfQu\u00e9 lectura tiene el libertario sobre la concertaci\u00f3n internacional?<\/p>\n\n\n\n<p>Desde que asumi\u00f3 la presidencia, el argentino llev\u00f3 a cabo una agenda global basada en las relaciones interpersonales. Milei no s\u00f3lo rechaza el multilateralismo sino tambi\u00e9n las relaciones bilaterales con sus pares.<\/p>\n\n\n\n<p>Con muy pocas excepciones -como el G7 en Italia- sus viajes al exterior consisten en reuniones con figuras que no representan a los Estados sino a las ideas de la ultaderecha global.<\/p>\n\n\n\n<p>Por eso sus encuentros son con Elon Musk, Santiago Abascal o Jair Bolsonaro y no con sus hom\u00f3logos. Probablemente a eso hizo referencia en su alocuci\u00f3n cuando expres\u00f3 que es alguien que \u201cjam\u00e1s tuvo la ambici\u00f3n de hacer pol\u00edtica\u201d.<\/p>\n\n\n\n<p>La principal cr\u00edtica que Javier Milei le hace al organismo global es que \u00e9ste \u201cha sido reemplazado por un modelo de gobierno supranacional de bur\u00f3cratas internacionales, que pretenden imponerles a los ciudadanos del mundo, un modo de vida determinado\u201d. Y que la Agenda 2030 \u201ces un programa de gobierno supranacional de corte socialista\u201d que propone \u201csoluciones que atentan contra la soberan\u00eda de los Estados-Naci\u00f3n\u201d.<\/p>\n\n\n\n<p><\/p>\n\n\n\n<figure class=\"wp-block-image size-large\"><img data-recalc-dims=\"1\" fetchpriority=\"high\" decoding=\"async\" width=\"1024\" height=\"683\" src=\"https:\/\/i0.wp.com\/elregionalvm.com.ar\/noticias-villa-maria\/wp-content\/uploads\/2024\/10\/Milei-Naciones-Unidas.jpg?resize=1024%2C683&#038;ssl=1\" alt=\"\" class=\"wp-image-99225\"\/><\/figure>\n\n\n\n<p><\/p>\n\n\n\n<p>Esto lleva a suponer que, m\u00e1s all\u00e1 de buscar una pol\u00edtica exterior que no le imponga ning\u00fan tipo de compromiso, el mandatario no hace una lectura correcta de lo que significa el multilateralismo.<\/p>\n\n\n\n<p>Mieli ha utilizado la figura m\u00edtica del \u201cLeviat\u00e1n\u201d para expresar que Naciones Unidas \u201cse transform\u00f3 en un Leviat\u00e1n de m\u00faltiples tent\u00e1culos que pretende decidir, no s\u00f3lo qu\u00e9 debe hacer cada Estado-Naci\u00f3n, sino tambi\u00e9n c\u00f3mo deben vivir todos los ciudadanos del mundo\u201d.<\/p>\n\n\n\n<p>Es el Leviat\u00e1n un personaje b\u00edblico, una especie de drag\u00f3n marino gigante de m\u00faltiples tent\u00e1culos que, seg\u00fan el Antiguo Testamento no tiene piedad, escr\u00fapulos ni compasi\u00f3n. Ha sido vinculado con el mismo diablo.<\/p>\n\n\n\n<p>En teor\u00eda pol\u00edtica la imagen del Leviat\u00e1n ha sido introducida por el fil\u00f3sofo brit\u00e1nico Thomas Hobbes que public\u00f3 en 1651 una obra con ese nombre. All\u00ed, utiliza la figura del temido monstruo b\u00edblico para explicar y justificar la existencia de un Estado absolutista que subyuga -a trav\u00e9s de sus m\u00faltiples tent\u00e1culos- a sus ciudadanos.<\/p>\n\n\n\n<p>Su \u00fanica funci\u00f3n es establecer y asegurar la paz y la estabilidad en la sociedad. Este gobierno es terror\u00edfico pero necesario para mantener la concordia y el orden. De acuerdo con Hobbes, es \u00e9sta la mejor manera para que la civilizaci\u00f3n se encamine hacia el progreso.<\/p>\n\n\n\n<p><strong>Multilateralismo<\/strong><\/p>\n\n\n\n<p>Como se ha descrito, Javier Milei compara a Naciones Unidas -un organismo multilateral- con un \u201cEstado Supranacional\u201d que contar\u00eda con atribuciones que son exclusivas de los estados, lo cual no es as\u00ed.<\/p>\n\n\n\n<p>El multilateralismo depende de la voluntad de lo que los Estados particulares decidan. Son los Estados individuales los que le dan forma a la instituci\u00f3n internacional m\u00e1s importante del mundo.<\/p>\n\n\n\n<p>Cada miembro en solitario tiene absoluta libertad de decisi\u00f3n dentro de la misma. Por eso cada pa\u00eds tiene un voto y elige: a favor, en contra o absteni\u00e9ndose. Y si quiere hasta \u201cdisociarse\u201d como ha hecho Argentina con el \u201cPacto del Futuro\u201d.<\/p>\n\n\n\n<p>El mayor indicador de que el presidente argentino no entiende en qu\u00e9 consiste el multilateralismo qued\u00f3 expuesto en la cuesti\u00f3n Malvinas. La mayor\u00eda de los mandatarios argentinos han utilizado este foro mundial para reclamar a Gran Breta\u00f1a retomar el di\u00e1logo por la soberan\u00eda de las islas.<\/p>\n\n\n\n<p>Uno de los objetivos de poner el tema sobre la mesa, es mantener presente la reivindicaci\u00f3n, as\u00ed como buscar apoyo de terceros Estados. Est\u00e1 escrito en la Disposici\u00f3n Transitoria Primera de la Constituci\u00f3n Nacional de 1994 que Malvinas es \u201cun objetivo permanente e irrenunciable del pueblo argentino\u201d.<\/p>\n\n\n\n<p><\/p>\n\n\n\n<figure class=\"wp-block-image size-full\"><img data-recalc-dims=\"1\" decoding=\"async\" width=\"960\" height=\"640\" src=\"https:\/\/i0.wp.com\/elregionalvm.com.ar\/noticias-villa-maria\/wp-content\/uploads\/2023\/06\/Malvinas-ilustrativa.jpeg?resize=960%2C640&#038;ssl=1\" alt=\"\" class=\"wp-image-78111\" srcset=\"https:\/\/i0.wp.com\/elregionalvm.com.ar\/noticias-villa-maria\/wp-content\/uploads\/2023\/06\/Malvinas-ilustrativa.jpeg?w=960&amp;ssl=1 960w, https:\/\/i0.wp.com\/elregionalvm.com.ar\/noticias-villa-maria\/wp-content\/uploads\/2023\/06\/Malvinas-ilustrativa.jpeg?resize=300%2C200&amp;ssl=1 300w, https:\/\/i0.wp.com\/elregionalvm.com.ar\/noticias-villa-maria\/wp-content\/uploads\/2023\/06\/Malvinas-ilustrativa.jpeg?resize=768%2C512&amp;ssl=1 768w\" sizes=\"(max-width: 960px) 100vw, 960px\" \/><\/figure>\n\n\n\n<p><\/p>\n\n\n\n<p>En cambio, el Presidente expres\u00f3 que, entre otras cosas, \u201ctampoco la organizaci\u00f3n ha cumplido satisfactoriamente su misi\u00f3n de defender la soberan\u00eda territorial de sus integrantes, como sabemos los argentinos de primera mano en relaci\u00f3n a las Islas Malvinas\u201d.<\/p>\n\n\n\n<p>Lo cierto es que nadie m\u00e1s que el Estado Argentino es quien tiene que defender la soberan\u00eda de las islas -y no un organismo internacional- que es una herramienta.<\/p>\n\n\n\n<p>La \u00fanica esperanza hoy de recuperarlas es ejerciendo presi\u00f3n para lograr apoyo en cuanto foro, u organismo multilateral Argentina integre.<\/p>\n\n\n\n<p>Por ello, distintos presidentes de diferentes partidos pol\u00edticos han ido introduciendo el reclamo de Malvinas no s\u00f3lo en Naciones Unidas sino tambi\u00e9n en Mercosur, Oea, Celac.<\/p>\n\n\n\n<p>Por ejemplo, en 2023 se produjo un gran triunfo de la diplomacia argentina. Por primera vez en la historia, la Uni\u00f3n Europea reconoci\u00f3 oficialmente -en una declaraci\u00f3n conjunta UE-Celac- la posici\u00f3n de Am\u00e9rica Latina y el Caribe con respecto a la Cuesti\u00f3n de las Islas Malvinas, que resalta la importancia del di\u00e1logo y el respeto al derecho internacional en la soluci\u00f3n pac\u00edfica de controversias.<\/p>\n\n\n\n<p>Los idealistas de las relaciones internacionales -como el expresidente de Estados Unidos Woodrow Wilson- que Javier Milei nombra en su discurso, estar\u00edan relativamente conformes con la envergadura que tom\u00f3 el organismo del cual hoy forman parte 193 pa\u00edses como miembros plenos.<\/p>\n\n\n\n<p>M\u00e1s all\u00e1 de las deficiencias que tiene, gracias a su labor, las naciones del mundo han logrado cooperar de manera concreta en las \u00e1reas m\u00e1s diversas. Desde realizar un indispensable trabajo humanitario en una desesperante Franja de Gaza hasta transformar los sistemas agroalimentarios africanos para que sean m\u00e1s eficientes, inclusivos y resilientes.<\/p>\n\n\n\n<p>Las Naciones Unidas ha permitido a los pa\u00edses peque\u00f1os y grandes, d\u00e9biles y poderosos, tener una voz en el concierto global. Aunque no sin defectos, es el principal foro donde las naciones del mundo pueden dialogar y buscar soluciones conjuntas a los problemas conjuntos.<\/p>\n\n\n\n<p>La concertaci\u00f3n internacional es una herramienta indispensable en el complejo escenario actual. A lo largo de d\u00e9cadas, Argentina ha jugado un rol activo y respetado en el organismo participando, por ejemplo, en misiones de paz. La postura de Milei, al rechazar los principios del multilateralismo, parece desconocer esta rica tradici\u00f3n diplom\u00e1tica.<\/p>\n\n\n\n<p><\/p>\n\n\n\n<p><em>(*) La versi\u00f3n original de este art\u00edculo fue publicada en Rosario3.com<\/em><\/p>\n\n\n\n<p><\/p>\n","protected":false},"excerpt":{"rendered":"<p>La principal cr\u00edtica que Javier Milei le hace al organismo global es que ha sido reemplazado por un modelo de gobierno supranacional donde la Agenda 2030 es un programa \u201cde corte socialista\u201d. M\u00e1s all\u00e1 de buscar una pol\u00edtica exterior que no le imponga ning\u00fan tipo de compromiso, el mandatario no hace una lectura correcta de [&hellip;]<\/p>\n","protected":false},"author":4,"featured_media":99224,"comment_status":"open","ping_status":"open","sticky":false,"template":"","format":"standard","meta":{"site-sidebar-layout":"default","site-content-layout":"","ast-site-content-layout":"default","site-content-style":"default","site-sidebar-style":"default","ast-global-header-display":"","ast-banner-title-visibility":"","ast-main-header-display":"","ast-hfb-above-header-display":"","ast-hfb-below-header-display":"","ast-hfb-mobile-header-display":"","site-post-title":"","ast-breadcrumbs-content":"","ast-featured-img":"","footer-sml-layout":"","ast-disable-related-posts":"","theme-transparent-header-meta":"","adv-header-id-meta":"","stick-header-meta":"","header-above-stick-meta":"","header-main-stick-meta":"","header-below-stick-meta":"","astra-migrate-meta-layouts":"set","ast-page-background-enabled":"default","ast-page-background-meta":{"desktop":{"background-color":"","background-image":"","background-repeat":"repeat","background-position":"center center","background-size":"auto","background-attachment":"scroll","background-type":"","background-media":"","overlay-type":"","overlay-color":"","overlay-opacity":"","overlay-gradient":""},"tablet":{"background-color":"","background-image":"","background-repeat":"repeat","background-position":"center center","background-size":"auto","background-attachment":"scroll","background-type":"","background-media":"","overlay-type":"","overlay-color":"","overlay-opacity":"","overlay-gradient":""},"mobile":{"background-color":"","background-image":"","background-repeat":"repeat","background-position":"center center","background-size":"auto","background-attachment":"scroll","background-type":"","background-media":"","overlay-type":"","overlay-color":"","overlay-opacity":"","overlay-gradient":""}},"ast-content-background-meta":{"desktop":{"background-color":"var(--ast-global-color-5)","background-image":"","background-repeat":"repeat","background-position":"center center","background-size":"auto","background-attachment":"scroll","background-type":"","background-media":"","overlay-type":"","overlay-color":"","overlay-opacity":"","overlay-gradient":""},"tablet":{"background-color":"var(--ast-global-color-5)","background-image":"","background-repeat":"repeat","background-position":"center center","background-size":"auto","background-attachment":"scroll","background-type":"","background-media":"","overlay-type":"","overlay-color":"","overlay-opacity":"","overlay-gradient":""},"mobile":{"background-color":"var(--ast-global-color-5)","background-image":"","background-repeat":"repeat","background-position":"center center","background-size":"auto","background-attachment":"scroll","background-type":"","background-media":"","overlay-type":"","overlay-color":"","overlay-opacity":"","overlay-gradient":""}},"_jetpack_memberships_contains_paid_content":false,"_joinchat":[],"footnotes":""},"categories":[365,1,3557],"tags":[7401,5053,34,24408,2686,976],"class_list":["post-99222","post","type-post","status-publish","format-standard","has-post-thumbnail","hentry","category-opinion","category-sin-categoria","category-tercera","tag-discurso","tag-javier-milei","tag-malvinas","tag-multilateralismo","tag-onu","tag-politica-internacional"],"yoast_head":"<!-- This site is optimized with the Yoast SEO plugin v26.8 - https:\/\/yoast.com\/product\/yoast-seo-wordpress\/ -->\n<title>[Pol\u00edtica Internacional] Algunas consideraciones sobre el discurso de Milei en Naciones Unidas - El Regional<\/title>\n<meta name=\"robots\" content=\"index, follow, max-snippet:-1, max-image-preview:large, max-video-preview:-1\" \/>\n<link rel=\"canonical\" href=\"https:\/\/elregionalvm.com.ar\/noticias-villa-maria\/politica-internacional-algunas-consideraciones-sobre-el-discurso-de-milei-en-naciones-unidas\/\" \/>\n<meta property=\"og:locale\" content=\"es_ES\" \/>\n<meta property=\"og:type\" content=\"article\" \/>\n<meta property=\"og:title\" content=\"[Pol\u00edtica Internacional] Algunas consideraciones sobre el discurso de Milei en Naciones Unidas - El Regional\" \/>\n<meta property=\"og:description\" content=\"La principal cr\u00edtica que Javier Milei le hace al organismo global es que ha sido reemplazado por un modelo de gobierno supranacional donde la Agenda 2030 es un programa \u201cde corte socialista\u201d. M\u00e1s all\u00e1 de buscar una pol\u00edtica exterior que no le imponga ning\u00fan tipo de compromiso, el mandatario no hace una lectura correcta de [&hellip;]\" \/>\n<meta property=\"og:url\" content=\"https:\/\/elregionalvm.com.ar\/noticias-villa-maria\/politica-internacional-algunas-consideraciones-sobre-el-discurso-de-milei-en-naciones-unidas\/\" \/>\n<meta property=\"og:site_name\" content=\"El Regional\" \/>\n<meta property=\"article:publisher\" content=\"https:\/\/www.facebook.com\/elregionalvm\" \/>\n<meta property=\"article:published_time\" content=\"2024-10-02T03:05:23+00:00\" \/>\n<meta property=\"article:modified_time\" content=\"2024-10-03T22:10:17+00:00\" \/>\n<meta property=\"og:image\" content=\"https:\/\/elregionalvm.com.ar\/noticias-villa-maria\/wp-content\/uploads\/2024\/10\/Milei-en-Naciones-Unidas-scaled.webp\" \/>\n\t<meta property=\"og:image:width\" content=\"2560\" \/>\n\t<meta property=\"og:image:height\" content=\"1706\" \/>\n\t<meta property=\"og:image:type\" content=\"image\/webp\" \/>\n<meta name=\"author\" content=\"Contenidos El Regional\" \/>\n<meta name=\"twitter:card\" content=\"summary_large_image\" \/>\n<meta name=\"twitter:creator\" content=\"@elregionalvm1\" \/>\n<meta name=\"twitter:site\" content=\"@elregionalvm1\" \/>\n<meta name=\"twitter:label1\" content=\"Escrito por\" \/>\n\t<meta name=\"twitter:data1\" content=\"Contenidos El Regional\" \/>\n\t<meta name=\"twitter:label2\" content=\"Tiempo de lectura\" \/>\n\t<meta name=\"twitter:data2\" content=\"6 minutos\" \/>\n<script type=\"application\/ld+json\" class=\"yoast-schema-graph\">{\"@context\":\"https:\/\/schema.org\",\"@graph\":[{\"@type\":\"Article\",\"@id\":\"https:\/\/elregionalvm.com.ar\/noticias-villa-maria\/politica-internacional-algunas-consideraciones-sobre-el-discurso-de-milei-en-naciones-unidas\/#article\",\"isPartOf\":{\"@id\":\"https:\/\/elregionalvm.com.ar\/noticias-villa-maria\/politica-internacional-algunas-consideraciones-sobre-el-discurso-de-milei-en-naciones-unidas\/\"},\"author\":{\"name\":\"Contenidos El Regional\",\"@id\":\"http:\/\/elregionalvm.com.ar\/noticias-villa-maria\/#\/schema\/person\/a0fb9c422317faca23d50163151bc354\"},\"headline\":\"[Pol\u00edtica Internacional] Algunas consideraciones sobre el discurso de Milei en Naciones Unidas\",\"datePublished\":\"2024-10-02T03:05:23+00:00\",\"dateModified\":\"2024-10-03T22:10:17+00:00\",\"mainEntityOfPage\":{\"@id\":\"https:\/\/elregionalvm.com.ar\/noticias-villa-maria\/politica-internacional-algunas-consideraciones-sobre-el-discurso-de-milei-en-naciones-unidas\/\"},\"wordCount\":1221,\"commentCount\":0,\"image\":{\"@id\":\"https:\/\/elregionalvm.com.ar\/noticias-villa-maria\/politica-internacional-algunas-consideraciones-sobre-el-discurso-de-milei-en-naciones-unidas\/#primaryimage\"},\"thumbnailUrl\":\"https:\/\/i0.wp.com\/elregionalvm.com.ar\/noticias-villa-maria\/wp-content\/uploads\/2024\/10\/Milei-en-Naciones-Unidas-scaled.webp?fit=2560%2C1706&ssl=1\",\"keywords\":[\"discurso\",\"Javier Milei\",\"Malvinas\",\"multilateralismo\",\"ONU\",\"Pol\u00edtica Internacional\"],\"articleSection\":{\"0\":\"Opini\u00f3n\",\"2\":\"tercera\"},\"inLanguage\":\"es\",\"potentialAction\":[{\"@type\":\"CommentAction\",\"name\":\"Comment\",\"target\":[\"https:\/\/elregionalvm.com.ar\/noticias-villa-maria\/politica-internacional-algunas-consideraciones-sobre-el-discurso-de-milei-en-naciones-unidas\/#respond\"]}]},{\"@type\":\"WebPage\",\"@id\":\"https:\/\/elregionalvm.com.ar\/noticias-villa-maria\/politica-internacional-algunas-consideraciones-sobre-el-discurso-de-milei-en-naciones-unidas\/\",\"url\":\"https:\/\/elregionalvm.com.ar\/noticias-villa-maria\/politica-internacional-algunas-consideraciones-sobre-el-discurso-de-milei-en-naciones-unidas\/\",\"name\":\"[Pol\u00edtica Internacional] Algunas consideraciones sobre el discurso de Milei en Naciones Unidas - El Regional\",\"isPartOf\":{\"@id\":\"http:\/\/elregionalvm.com.ar\/noticias-villa-maria\/#website\"},\"primaryImageOfPage\":{\"@id\":\"https:\/\/elregionalvm.com.ar\/noticias-villa-maria\/politica-internacional-algunas-consideraciones-sobre-el-discurso-de-milei-en-naciones-unidas\/#primaryimage\"},\"image\":{\"@id\":\"https:\/\/elregionalvm.com.ar\/noticias-villa-maria\/politica-internacional-algunas-consideraciones-sobre-el-discurso-de-milei-en-naciones-unidas\/#primaryimage\"},\"thumbnailUrl\":\"https:\/\/i0.wp.com\/elregionalvm.com.ar\/noticias-villa-maria\/wp-content\/uploads\/2024\/10\/Milei-en-Naciones-Unidas-scaled.webp?fit=2560%2C1706&ssl=1\",\"datePublished\":\"2024-10-02T03:05:23+00:00\",\"dateModified\":\"2024-10-03T22:10:17+00:00\",\"author\":{\"@id\":\"http:\/\/elregionalvm.com.ar\/noticias-villa-maria\/#\/schema\/person\/a0fb9c422317faca23d50163151bc354\"},\"breadcrumb\":{\"@id\":\"https:\/\/elregionalvm.com.ar\/noticias-villa-maria\/politica-internacional-algunas-consideraciones-sobre-el-discurso-de-milei-en-naciones-unidas\/#breadcrumb\"},\"inLanguage\":\"es\",\"potentialAction\":[{\"@type\":\"ReadAction\",\"target\":[\"https:\/\/elregionalvm.com.ar\/noticias-villa-maria\/politica-internacional-algunas-consideraciones-sobre-el-discurso-de-milei-en-naciones-unidas\/\"]}]},{\"@type\":\"ImageObject\",\"inLanguage\":\"es\",\"@id\":\"https:\/\/elregionalvm.com.ar\/noticias-villa-maria\/politica-internacional-algunas-consideraciones-sobre-el-discurso-de-milei-en-naciones-unidas\/#primaryimage\",\"url\":\"https:\/\/i0.wp.com\/elregionalvm.com.ar\/noticias-villa-maria\/wp-content\/uploads\/2024\/10\/Milei-en-Naciones-Unidas-scaled.webp?fit=2560%2C1706&ssl=1\",\"contentUrl\":\"https:\/\/i0.wp.com\/elregionalvm.com.ar\/noticias-villa-maria\/wp-content\/uploads\/2024\/10\/Milei-en-Naciones-Unidas-scaled.webp?fit=2560%2C1706&ssl=1\",\"width\":2560,\"height\":1706},{\"@type\":\"BreadcrumbList\",\"@id\":\"https:\/\/elregionalvm.com.ar\/noticias-villa-maria\/politica-internacional-algunas-consideraciones-sobre-el-discurso-de-milei-en-naciones-unidas\/#breadcrumb\",\"itemListElement\":[{\"@type\":\"ListItem\",\"position\":1,\"name\":\"Portada\",\"item\":\"https:\/\/elregionalvm.com.ar\/noticias-villa-maria\/\"},{\"@type\":\"ListItem\",\"position\":2,\"name\":\"[Pol\u00edtica Internacional] Algunas consideraciones sobre el discurso de Milei en Naciones Unidas\"}]},{\"@type\":\"WebSite\",\"@id\":\"http:\/\/elregionalvm.com.ar\/noticias-villa-maria\/#website\",\"url\":\"http:\/\/elregionalvm.com.ar\/noticias-villa-maria\/\",\"name\":\"El Regional\",\"description\":\"Mucho m\u00e1s que informaci\u00f3n\",\"potentialAction\":[{\"@type\":\"SearchAction\",\"target\":{\"@type\":\"EntryPoint\",\"urlTemplate\":\"http:\/\/elregionalvm.com.ar\/noticias-villa-maria\/?s={search_term_string}\"},\"query-input\":{\"@type\":\"PropertyValueSpecification\",\"valueRequired\":true,\"valueName\":\"search_term_string\"}}],\"inLanguage\":\"es\"},{\"@type\":\"Person\",\"@id\":\"http:\/\/elregionalvm.com.ar\/noticias-villa-maria\/#\/schema\/person\/a0fb9c422317faca23d50163151bc354\",\"name\":\"Contenidos El Regional\",\"image\":{\"@type\":\"ImageObject\",\"inLanguage\":\"es\",\"@id\":\"http:\/\/elregionalvm.com.ar\/noticias-villa-maria\/#\/schema\/person\/image\/\",\"url\":\"https:\/\/secure.gravatar.com\/avatar\/265b27cb2209af7bb3a1318f03305787d7981a5cc6e6cd08fe5a4ecdf99d4b48?s=96&d=mm&r=g\",\"contentUrl\":\"https:\/\/secure.gravatar.com\/avatar\/265b27cb2209af7bb3a1318f03305787d7981a5cc6e6cd08fe5a4ecdf99d4b48?s=96&d=mm&r=g\",\"caption\":\"Contenidos El Regional\"},\"url\":\"https:\/\/elregionalvm.com.ar\/noticias-villa-maria\/author\/contenido\/\"}]}<\/script>\n<!-- \/ Yoast SEO plugin. -->","yoast_head_json":{"title":"[Pol\u00edtica Internacional] Algunas consideraciones sobre el discurso de Milei en Naciones Unidas - El Regional","robots":{"index":"index","follow":"follow","max-snippet":"max-snippet:-1","max-image-preview":"max-image-preview:large","max-video-preview":"max-video-preview:-1"},"canonical":"https:\/\/elregionalvm.com.ar\/noticias-villa-maria\/politica-internacional-algunas-consideraciones-sobre-el-discurso-de-milei-en-naciones-unidas\/","og_locale":"es_ES","og_type":"article","og_title":"[Pol\u00edtica Internacional] Algunas consideraciones sobre el discurso de Milei en Naciones Unidas - El Regional","og_description":"La principal cr\u00edtica que Javier Milei le hace al organismo global es que ha sido reemplazado por un modelo de gobierno supranacional donde la Agenda 2030 es un programa \u201cde corte socialista\u201d. M\u00e1s all\u00e1 de buscar una pol\u00edtica exterior que no le imponga ning\u00fan tipo de compromiso, el mandatario no hace una lectura correcta de [&hellip;]","og_url":"https:\/\/elregionalvm.com.ar\/noticias-villa-maria\/politica-internacional-algunas-consideraciones-sobre-el-discurso-de-milei-en-naciones-unidas\/","og_site_name":"El Regional","article_publisher":"https:\/\/www.facebook.com\/elregionalvm","article_published_time":"2024-10-02T03:05:23+00:00","article_modified_time":"2024-10-03T22:10:17+00:00","og_image":[{"width":2560,"height":1706,"url":"https:\/\/elregionalvm.com.ar\/noticias-villa-maria\/wp-content\/uploads\/2024\/10\/Milei-en-Naciones-Unidas-scaled.webp","type":"image\/webp"}],"author":"Contenidos El Regional","twitter_card":"summary_large_image","twitter_creator":"@elregionalvm1","twitter_site":"@elregionalvm1","twitter_misc":{"Escrito por":"Contenidos El Regional","Tiempo de lectura":"6 minutos"},"schema":{"@context":"https:\/\/schema.org","@graph":[{"@type":"Article","@id":"https:\/\/elregionalvm.com.ar\/noticias-villa-maria\/politica-internacional-algunas-consideraciones-sobre-el-discurso-de-milei-en-naciones-unidas\/#article","isPartOf":{"@id":"https:\/\/elregionalvm.com.ar\/noticias-villa-maria\/politica-internacional-algunas-consideraciones-sobre-el-discurso-de-milei-en-naciones-unidas\/"},"author":{"name":"Contenidos El Regional","@id":"http:\/\/elregionalvm.com.ar\/noticias-villa-maria\/#\/schema\/person\/a0fb9c422317faca23d50163151bc354"},"headline":"[Pol\u00edtica Internacional] Algunas consideraciones sobre el discurso de Milei en Naciones Unidas","datePublished":"2024-10-02T03:05:23+00:00","dateModified":"2024-10-03T22:10:17+00:00","mainEntityOfPage":{"@id":"https:\/\/elregionalvm.com.ar\/noticias-villa-maria\/politica-internacional-algunas-consideraciones-sobre-el-discurso-de-milei-en-naciones-unidas\/"},"wordCount":1221,"commentCount":0,"image":{"@id":"https:\/\/elregionalvm.com.ar\/noticias-villa-maria\/politica-internacional-algunas-consideraciones-sobre-el-discurso-de-milei-en-naciones-unidas\/#primaryimage"},"thumbnailUrl":"https:\/\/i0.wp.com\/elregionalvm.com.ar\/noticias-villa-maria\/wp-content\/uploads\/2024\/10\/Milei-en-Naciones-Unidas-scaled.webp?fit=2560%2C1706&ssl=1","keywords":["discurso","Javier Milei","Malvinas","multilateralismo","ONU","Pol\u00edtica Internacional"],"articleSection":{"0":"Opini\u00f3n","2":"tercera"},"inLanguage":"es","potentialAction":[{"@type":"CommentAction","name":"Comment","target":["https:\/\/elregionalvm.com.ar\/noticias-villa-maria\/politica-internacional-algunas-consideraciones-sobre-el-discurso-de-milei-en-naciones-unidas\/#respond"]}]},{"@type":"WebPage","@id":"https:\/\/elregionalvm.com.ar\/noticias-villa-maria\/politica-internacional-algunas-consideraciones-sobre-el-discurso-de-milei-en-naciones-unidas\/","url":"https:\/\/elregionalvm.com.ar\/noticias-villa-maria\/politica-internacional-algunas-consideraciones-sobre-el-discurso-de-milei-en-naciones-unidas\/","name":"[Pol\u00edtica Internacional] Algunas consideraciones sobre el discurso de Milei en Naciones Unidas - El Regional","isPartOf":{"@id":"http:\/\/elregionalvm.com.ar\/noticias-villa-maria\/#website"},"primaryImageOfPage":{"@id":"https:\/\/elregionalvm.com.ar\/noticias-villa-maria\/politica-internacional-algunas-consideraciones-sobre-el-discurso-de-milei-en-naciones-unidas\/#primaryimage"},"image":{"@id":"https:\/\/elregionalvm.com.ar\/noticias-villa-maria\/politica-internacional-algunas-consideraciones-sobre-el-discurso-de-milei-en-naciones-unidas\/#primaryimage"},"thumbnailUrl":"https:\/\/i0.wp.com\/elregionalvm.com.ar\/noticias-villa-maria\/wp-content\/uploads\/2024\/10\/Milei-en-Naciones-Unidas-scaled.webp?fit=2560%2C1706&ssl=1","datePublished":"2024-10-02T03:05:23+00:00","dateModified":"2024-10-03T22:10:17+00:00","author":{"@id":"http:\/\/elregionalvm.com.ar\/noticias-villa-maria\/#\/schema\/person\/a0fb9c422317faca23d50163151bc354"},"breadcrumb":{"@id":"https:\/\/elregionalvm.com.ar\/noticias-villa-maria\/politica-internacional-algunas-consideraciones-sobre-el-discurso-de-milei-en-naciones-unidas\/#breadcrumb"},"inLanguage":"es","potentialAction":[{"@type":"ReadAction","target":["https:\/\/elregionalvm.com.ar\/noticias-villa-maria\/politica-internacional-algunas-consideraciones-sobre-el-discurso-de-milei-en-naciones-unidas\/"]}]},{"@type":"ImageObject","inLanguage":"es","@id":"https:\/\/elregionalvm.com.ar\/noticias-villa-maria\/politica-internacional-algunas-consideraciones-sobre-el-discurso-de-milei-en-naciones-unidas\/#primaryimage","url":"https:\/\/i0.wp.com\/elregionalvm.com.ar\/noticias-villa-maria\/wp-content\/uploads\/2024\/10\/Milei-en-Naciones-Unidas-scaled.webp?fit=2560%2C1706&ssl=1","contentUrl":"https:\/\/i0.wp.com\/elregionalvm.com.ar\/noticias-villa-maria\/wp-content\/uploads\/2024\/10\/Milei-en-Naciones-Unidas-scaled.webp?fit=2560%2C1706&ssl=1","width":2560,"height":1706},{"@type":"BreadcrumbList","@id":"https:\/\/elregionalvm.com.ar\/noticias-villa-maria\/politica-internacional-algunas-consideraciones-sobre-el-discurso-de-milei-en-naciones-unidas\/#breadcrumb","itemListElement":[{"@type":"ListItem","position":1,"name":"Portada","item":"https:\/\/elregionalvm.com.ar\/noticias-villa-maria\/"},{"@type":"ListItem","position":2,"name":"[Pol\u00edtica Internacional] Algunas consideraciones sobre el discurso de Milei en Naciones Unidas"}]},{"@type":"WebSite","@id":"http:\/\/elregionalvm.com.ar\/noticias-villa-maria\/#website","url":"http:\/\/elregionalvm.com.ar\/noticias-villa-maria\/","name":"El Regional","description":"Mucho m\u00e1s que informaci\u00f3n","potentialAction":[{"@type":"SearchAction","target":{"@type":"EntryPoint","urlTemplate":"http:\/\/elregionalvm.com.ar\/noticias-villa-maria\/?s={search_term_string}"},"query-input":{"@type":"PropertyValueSpecification","valueRequired":true,"valueName":"search_term_string"}}],"inLanguage":"es"},{"@type":"Person","@id":"http:\/\/elregionalvm.com.ar\/noticias-villa-maria\/#\/schema\/person\/a0fb9c422317faca23d50163151bc354","name":"Contenidos El Regional","image":{"@type":"ImageObject","inLanguage":"es","@id":"http:\/\/elregionalvm.com.ar\/noticias-villa-maria\/#\/schema\/person\/image\/","url":"https:\/\/secure.gravatar.com\/avatar\/265b27cb2209af7bb3a1318f03305787d7981a5cc6e6cd08fe5a4ecdf99d4b48?s=96&d=mm&r=g","contentUrl":"https:\/\/secure.gravatar.com\/avatar\/265b27cb2209af7bb3a1318f03305787d7981a5cc6e6cd08fe5a4ecdf99d4b48?s=96&d=mm&r=g","caption":"Contenidos El Regional"},"url":"https:\/\/elregionalvm.com.ar\/noticias-villa-maria\/author\/contenido\/"}]}},"jetpack_featured_media_url":"https:\/\/i0.wp.com\/elregionalvm.com.ar\/noticias-villa-maria\/wp-content\/uploads\/2024\/10\/Milei-en-Naciones-Unidas-scaled.webp?fit=2560%2C1706&ssl=1","jetpack_sharing_enabled":true,"_links":{"self":[{"href":"https:\/\/elregionalvm.com.ar\/noticias-villa-maria\/wp-json\/wp\/v2\/posts\/99222","targetHints":{"allow":["GET"]}}],"collection":[{"href":"https:\/\/elregionalvm.com.ar\/noticias-villa-maria\/wp-json\/wp\/v2\/posts"}],"about":[{"href":"https:\/\/elregionalvm.com.ar\/noticias-villa-maria\/wp-json\/wp\/v2\/types\/post"}],"author":[{"embeddable":true,"href":"https:\/\/elregionalvm.com.ar\/noticias-villa-maria\/wp-json\/wp\/v2\/users\/4"}],"replies":[{"embeddable":true,"href":"https:\/\/elregionalvm.com.ar\/noticias-villa-maria\/wp-json\/wp\/v2\/comments?post=99222"}],"version-history":[{"count":2,"href":"https:\/\/elregionalvm.com.ar\/noticias-villa-maria\/wp-json\/wp\/v2\/posts\/99222\/revisions"}],"predecessor-version":[{"id":99226,"href":"https:\/\/elregionalvm.com.ar\/noticias-villa-maria\/wp-json\/wp\/v2\/posts\/99222\/revisions\/99226"}],"wp:featuredmedia":[{"embeddable":true,"href":"https:\/\/elregionalvm.com.ar\/noticias-villa-maria\/wp-json\/wp\/v2\/media\/99224"}],"wp:attachment":[{"href":"https:\/\/elregionalvm.com.ar\/noticias-villa-maria\/wp-json\/wp\/v2\/media?parent=99222"}],"wp:term":[{"taxonomy":"category","embeddable":true,"href":"https:\/\/elregionalvm.com.ar\/noticias-villa-maria\/wp-json\/wp\/v2\/categories?post=99222"},{"taxonomy":"post_tag","embeddable":true,"href":"https:\/\/elregionalvm.com.ar\/noticias-villa-maria\/wp-json\/wp\/v2\/tags?post=99222"}],"curies":[{"name":"wp","href":"https:\/\/api.w.org\/{rel}","templated":true}]}}