{"id":99227,"date":"2024-10-02T19:05:15","date_gmt":"2024-10-02T19:05:15","guid":{"rendered":"https:\/\/elregionalvm.com.ar\/noticias-villa-maria\/?p=99227"},"modified":"2024-10-02T19:05:17","modified_gmt":"2024-10-02T19:05:17","slug":"el-gobierno-nacional-aprobo-el-acuerdo-para-financiar-el-acueducto-interprovincial-santa-fe-cordoba","status":"publish","type":"post","link":"https:\/\/elregionalvm.com.ar\/noticias-villa-maria\/el-gobierno-nacional-aprobo-el-acuerdo-para-financiar-el-acueducto-interprovincial-santa-fe-cordoba\/","title":{"rendered":"El Gobierno Nacional aprob\u00f3 el acuerdo para financiar el Acueducto Interprovincial Santa Fe \u2013 C\u00f3rdoba"},"content":{"rendered":"\n<ul class=\"wp-block-list\">\n<li><strong>Los fondos permitir\u00e1n avanzar en las obras para proveer agua potable al centro de Santa Fe y centro-este de la provincia de C\u00f3rdoba<\/strong>.<\/li>\n\n\n\n<li><strong>Son cerca de 100 millones de d\u00f3lares otorgados por el Fondo Saudita para el Desarrollo.<\/strong><\/li>\n<\/ul>\n\n\n\n<p>El Poder Ejecutivo Nacional aprob\u00f3, a trav\u00e9s del Decreto 874\/2024, el Acuerdo de Garant\u00eda y los Contratos de Contragarant\u00eda para el financiamiento del \u201c<strong>Proyecto Acueducto Interprovincial Santa Fe \u2013 C\u00f3rdoba Etapa I \u2013 Bloques B y C que el segundo y tercer tramo del proyecto que se desarrolla entre las ciudades de Coronda, en Santa Fe y San Francisco, en C\u00f3rdoba\u201d.<\/strong><\/p>\n\n\n\n<p>El proyecto busca garantizar el abastecimiento de agua potable en regiones clave de ambas provincias.<\/p>\n\n\n\n<p>El financiamiento, otorgado por el Fondo Saudita para el Desarrollo (SFD) mediante un pr\u00e9stamo de SAR 375.000.000 (trescientos setenta y cinco millones Riyales Saud\u00edes), equivalente aproximadamente a USD 100.000.000 (cien millones de d\u00f3lares), permitir\u00e1 avanzar en las obras necesarias para proveer agua potable a la regi\u00f3n centro de la provincia de Santa Fe y la regi\u00f3n centro-este de la provincia de C\u00f3rdoba, generando redundancia y reduciendo la dependencia de fuentes de agua actuales con una notable mejora en la calidad del recurso.<\/p>\n\n\n\n<p>Este proyecto, que es el resultado de acuerdos entre C\u00f3rdoba y Santa Fe que datan del a\u00f1o 2011, contempla la planificaci\u00f3n y ejecuci\u00f3n conjunta del acueducto entre las dos provincias.<\/p>\n\n\n\n<p>El financiamiento ser\u00e1 cubierto en partes iguales por ambas administraciones, con un compromiso de pago del 50 por ciento para cada una.<\/p>\n\n\n\n<p>Adem\u00e1s, el Gobierno Nacional suscribi\u00f3 contratos de contragarant\u00eda con los Gobiernos provinciales, que contemplan la autorizaci\u00f3n para el d\u00e9bito autom\u00e1tico de fondos de coparticipaci\u00f3n federal en caso de incumplimientos en los pagos.<\/p>\n\n\n\n<p>Con la aprobaci\u00f3n del Decreto, el Ministro de Econom\u00eda y sus funcionarios est\u00e1n facultados para implementar y suscribir las modificaciones necesarias para la correcta ejecuci\u00f3n del acuerdo.<\/p>\n\n\n\n<p>Esta obra representa un paso fundamental en la mejora de la infraestructura h\u00eddrica de la regi\u00f3n, y refuerza el compromiso de las provincias y del Gobierno Nacional con el acceso a agua potable de calidad para sus habitantes.<\/p>\n\n\n\n<p><strong>Acueducto Interprovincial<\/strong><br>La obra del Acueducto Interprovincial Santa Fe \u2013 C\u00f3rdoba \u2013 Etapa I, permitir\u00e1 que transportar agua desde el r\u00edo Paran\u00e1 a hasta alcanzar la ciudad de San Francisco, C\u00f3rdoba, beneficiando a 410.000 habitantes en ambas provincias.<\/p>\n\n\n\n<p>En una segunda etapa se planea alcanzar la ciudad de C\u00f3rdoba, incrementando el n\u00famero de beneficiarios en 1.2 millones de personas.<\/p>\n\n\n\n<p>El proyecto, gestionado por los gobiernos de Santa Fe y C\u00f3rdoba, comenz\u00f3 en 2022 con financiamiento del Fondo Kuwait\u00ed.<\/p>\n\n\n\n<p>Actualmente se trabaja en el Bloque A en Coronda, Santa Fe, con avances en la instalaci\u00f3n de ca\u00f1er\u00edas y construcci\u00f3n de la Planta Potabilizadora.<\/p>\n\n\n\n<p>La Etapa II del acueducto incluir\u00e1 144 km de conducto troncal y 345 km de ramales, impactando a 54 localidades y m\u00e1s de un mill\u00f3n de personas.<\/p>\n\n\n\n<p><strong>Foto:<\/strong>&nbsp;instalaci\u00f3n de ca\u00f1er\u00edas para el primer tramo del acueducto.<\/p>\n","protected":false},"excerpt":{"rendered":"<p>El Poder Ejecutivo Nacional aprob\u00f3, a trav\u00e9s del Decreto 874\/2024, el Acuerdo de Garant\u00eda y los Contratos de Contragarant\u00eda para el financiamiento del \u201cProyecto Acueducto Interprovincial Santa Fe \u2013 C\u00f3rdoba Etapa I \u2013 Bloques B y C que el segundo y tercer tramo del proyecto que se desarrolla entre las ciudades de Coronda, en Santa [&hellip;]<\/p>\n","protected":false},"author":4,"featured_media":99228,"comment_status":"open","ping_status":"open","sticky":false,"template":"","format":"standard","meta":{"site-sidebar-layout":"default","site-content-layout":"","ast-site-content-layout":"default","site-content-style":"default","site-sidebar-style":"default","ast-global-header-display":"","ast-banner-title-visibility":"","ast-main-header-display":"","ast-hfb-above-header-display":"","ast-hfb-below-header-display":"","ast-hfb-mobile-header-display":"","site-post-title":"","ast-breadcrumbs-content":"","ast-featured-img":"","footer-sml-layout":"","ast-disable-related-posts":"","theme-transparent-header-meta":"","adv-header-id-meta":"","stick-header-meta":"","header-above-stick-meta":"","header-main-stick-meta":"","header-below-stick-meta":"","astra-migrate-meta-layouts":"set","ast-page-background-enabled":"default","ast-page-background-meta":{"desktop":{"background-color":"","background-image":"","background-repeat":"repeat","background-position":"center center","background-size":"auto","background-attachment":"scroll","background-type":"","background-media":"","overlay-type":"","overlay-color":"","overlay-opacity":"","overlay-gradient":""},"tablet":{"background-color":"","background-image":"","background-repeat":"repeat","background-position":"center center","background-size":"auto","background-attachment":"scroll","background-type":"","background-media":"","overlay-type":"","overlay-color":"","overlay-opacity":"","overlay-gradient":""},"mobile":{"background-color":"","background-image":"","background-repeat":"repeat","background-position":"center center","background-size":"auto","background-attachment":"scroll","background-type":"","background-media":"","overlay-type":"","overlay-color":"","overlay-opacity":"","overlay-gradient":""}},"ast-content-background-meta":{"desktop":{"background-color":"var(--ast-global-color-5)","background-image":"","background-repeat":"repeat","background-position":"center center","background-size":"auto","background-attachment":"scroll","background-type":"","background-media":"","overlay-type":"","overlay-color":"","overlay-opacity":"","overlay-gradient":""},"tablet":{"background-color":"var(--ast-global-color-5)","background-image":"","background-repeat":"repeat","background-position":"center center","background-size":"auto","background-attachment":"scroll","background-type":"","background-media":"","overlay-type":"","overlay-color":"","overlay-opacity":"","overlay-gradient":""},"mobile":{"background-color":"var(--ast-global-color-5)","background-image":"","background-repeat":"repeat","background-position":"center center","background-size":"auto","background-attachment":"scroll","background-type":"","background-media":"","overlay-type":"","overlay-color":"","overlay-opacity":"","overlay-gradient":""}},"_jetpack_memberships_contains_paid_content":false,"_joinchat":[],"footnotes":""},"categories":[15302,16095,5],"tags":[],"class_list":["post-99227","post","type-post","status-publish","format-standard","has-post-thumbnail","hentry","category-destacado","category-provinciales","category-sociedad"],"yoast_head":"<!-- This site is optimized with the Yoast SEO plugin v26.8 - https:\/\/yoast.com\/product\/yoast-seo-wordpress\/ -->\n<title>El Gobierno Nacional aprob\u00f3 el acuerdo para financiar el Acueducto Interprovincial Santa Fe \u2013 C\u00f3rdoba - El Regional<\/title>\n<meta name=\"robots\" content=\"index, follow, max-snippet:-1, max-image-preview:large, max-video-preview:-1\" \/>\n<link rel=\"canonical\" href=\"https:\/\/elregionalvm.com.ar\/noticias-villa-maria\/el-gobierno-nacional-aprobo-el-acuerdo-para-financiar-el-acueducto-interprovincial-santa-fe-cordoba\/\" \/>\n<meta property=\"og:locale\" content=\"es_ES\" \/>\n<meta property=\"og:type\" content=\"article\" \/>\n<meta property=\"og:title\" content=\"El Gobierno Nacional aprob\u00f3 el acuerdo para financiar el Acueducto Interprovincial Santa Fe \u2013 C\u00f3rdoba - El Regional\" \/>\n<meta property=\"og:description\" content=\"El Poder Ejecutivo Nacional aprob\u00f3, a trav\u00e9s del Decreto 874\/2024, el Acuerdo de Garant\u00eda y los Contratos de Contragarant\u00eda para el financiamiento del \u201cProyecto Acueducto Interprovincial Santa Fe \u2013 C\u00f3rdoba Etapa I \u2013 Bloques B y C que el segundo y tercer tramo del proyecto que se desarrolla entre las ciudades de Coronda, en Santa [&hellip;]\" \/>\n<meta property=\"og:url\" content=\"https:\/\/elregionalvm.com.ar\/noticias-villa-maria\/el-gobierno-nacional-aprobo-el-acuerdo-para-financiar-el-acueducto-interprovincial-santa-fe-cordoba\/\" \/>\n<meta property=\"og:site_name\" content=\"El Regional\" \/>\n<meta property=\"article:publisher\" content=\"https:\/\/www.facebook.com\/elregionalvm\" \/>\n<meta property=\"article:published_time\" content=\"2024-10-02T19:05:15+00:00\" \/>\n<meta property=\"article:modified_time\" content=\"2024-10-02T19:05:17+00:00\" \/>\n<meta property=\"og:image\" content=\"https:\/\/elregionalvm.com.ar\/noticias-villa-maria\/wp-content\/uploads\/2024\/10\/2-drone-1.jpg\" \/>\n\t<meta property=\"og:image:width\" content=\"990\" \/>\n\t<meta property=\"og:image:height\" content=\"660\" \/>\n\t<meta property=\"og:image:type\" content=\"image\/jpeg\" \/>\n<meta name=\"author\" content=\"Contenidos El Regional\" \/>\n<meta name=\"twitter:card\" content=\"summary_large_image\" \/>\n<meta name=\"twitter:creator\" content=\"@elregionalvm1\" \/>\n<meta name=\"twitter:site\" content=\"@elregionalvm1\" \/>\n<meta name=\"twitter:label1\" content=\"Escrito por\" \/>\n\t<meta name=\"twitter:data1\" content=\"Contenidos El Regional\" \/>\n\t<meta name=\"twitter:label2\" content=\"Tiempo de lectura\" \/>\n\t<meta name=\"twitter:data2\" content=\"3 minutos\" \/>\n<script type=\"application\/ld+json\" class=\"yoast-schema-graph\">{\"@context\":\"https:\/\/schema.org\",\"@graph\":[{\"@type\":\"Article\",\"@id\":\"https:\/\/elregionalvm.com.ar\/noticias-villa-maria\/el-gobierno-nacional-aprobo-el-acuerdo-para-financiar-el-acueducto-interprovincial-santa-fe-cordoba\/#article\",\"isPartOf\":{\"@id\":\"https:\/\/elregionalvm.com.ar\/noticias-villa-maria\/el-gobierno-nacional-aprobo-el-acuerdo-para-financiar-el-acueducto-interprovincial-santa-fe-cordoba\/\"},\"author\":{\"name\":\"Contenidos El Regional\",\"@id\":\"http:\/\/elregionalvm.com.ar\/noticias-villa-maria\/#\/schema\/person\/a0fb9c422317faca23d50163151bc354\"},\"headline\":\"El Gobierno Nacional aprob\u00f3 el acuerdo para financiar el Acueducto Interprovincial Santa Fe \u2013 C\u00f3rdoba\",\"datePublished\":\"2024-10-02T19:05:15+00:00\",\"dateModified\":\"2024-10-02T19:05:17+00:00\",\"mainEntityOfPage\":{\"@id\":\"https:\/\/elregionalvm.com.ar\/noticias-villa-maria\/el-gobierno-nacional-aprobo-el-acuerdo-para-financiar-el-acueducto-interprovincial-santa-fe-cordoba\/\"},\"wordCount\":529,\"commentCount\":0,\"image\":{\"@id\":\"https:\/\/elregionalvm.com.ar\/noticias-villa-maria\/el-gobierno-nacional-aprobo-el-acuerdo-para-financiar-el-acueducto-interprovincial-santa-fe-cordoba\/#primaryimage\"},\"thumbnailUrl\":\"https:\/\/i0.wp.com\/elregionalvm.com.ar\/noticias-villa-maria\/wp-content\/uploads\/2024\/10\/2-drone-1.jpg?fit=990%2C660&ssl=1\",\"articleSection\":[\"destacado\",\"Provinciales\",\"Sociedad\"],\"inLanguage\":\"es\",\"potentialAction\":[{\"@type\":\"CommentAction\",\"name\":\"Comment\",\"target\":[\"https:\/\/elregionalvm.com.ar\/noticias-villa-maria\/el-gobierno-nacional-aprobo-el-acuerdo-para-financiar-el-acueducto-interprovincial-santa-fe-cordoba\/#respond\"]}]},{\"@type\":\"WebPage\",\"@id\":\"https:\/\/elregionalvm.com.ar\/noticias-villa-maria\/el-gobierno-nacional-aprobo-el-acuerdo-para-financiar-el-acueducto-interprovincial-santa-fe-cordoba\/\",\"url\":\"https:\/\/elregionalvm.com.ar\/noticias-villa-maria\/el-gobierno-nacional-aprobo-el-acuerdo-para-financiar-el-acueducto-interprovincial-santa-fe-cordoba\/\",\"name\":\"El Gobierno Nacional aprob\u00f3 el acuerdo para financiar el Acueducto Interprovincial Santa Fe \u2013 C\u00f3rdoba - El Regional\",\"isPartOf\":{\"@id\":\"http:\/\/elregionalvm.com.ar\/noticias-villa-maria\/#website\"},\"primaryImageOfPage\":{\"@id\":\"https:\/\/elregionalvm.com.ar\/noticias-villa-maria\/el-gobierno-nacional-aprobo-el-acuerdo-para-financiar-el-acueducto-interprovincial-santa-fe-cordoba\/#primaryimage\"},\"image\":{\"@id\":\"https:\/\/elregionalvm.com.ar\/noticias-villa-maria\/el-gobierno-nacional-aprobo-el-acuerdo-para-financiar-el-acueducto-interprovincial-santa-fe-cordoba\/#primaryimage\"},\"thumbnailUrl\":\"https:\/\/i0.wp.com\/elregionalvm.com.ar\/noticias-villa-maria\/wp-content\/uploads\/2024\/10\/2-drone-1.jpg?fit=990%2C660&ssl=1\",\"datePublished\":\"2024-10-02T19:05:15+00:00\",\"dateModified\":\"2024-10-02T19:05:17+00:00\",\"author\":{\"@id\":\"http:\/\/elregionalvm.com.ar\/noticias-villa-maria\/#\/schema\/person\/a0fb9c422317faca23d50163151bc354\"},\"breadcrumb\":{\"@id\":\"https:\/\/elregionalvm.com.ar\/noticias-villa-maria\/el-gobierno-nacional-aprobo-el-acuerdo-para-financiar-el-acueducto-interprovincial-santa-fe-cordoba\/#breadcrumb\"},\"inLanguage\":\"es\",\"potentialAction\":[{\"@type\":\"ReadAction\",\"target\":[\"https:\/\/elregionalvm.com.ar\/noticias-villa-maria\/el-gobierno-nacional-aprobo-el-acuerdo-para-financiar-el-acueducto-interprovincial-santa-fe-cordoba\/\"]}]},{\"@type\":\"ImageObject\",\"inLanguage\":\"es\",\"@id\":\"https:\/\/elregionalvm.com.ar\/noticias-villa-maria\/el-gobierno-nacional-aprobo-el-acuerdo-para-financiar-el-acueducto-interprovincial-santa-fe-cordoba\/#primaryimage\",\"url\":\"https:\/\/i0.wp.com\/elregionalvm.com.ar\/noticias-villa-maria\/wp-content\/uploads\/2024\/10\/2-drone-1.jpg?fit=990%2C660&ssl=1\",\"contentUrl\":\"https:\/\/i0.wp.com\/elregionalvm.com.ar\/noticias-villa-maria\/wp-content\/uploads\/2024\/10\/2-drone-1.jpg?fit=990%2C660&ssl=1\",\"width\":990,\"height\":660},{\"@type\":\"BreadcrumbList\",\"@id\":\"https:\/\/elregionalvm.com.ar\/noticias-villa-maria\/el-gobierno-nacional-aprobo-el-acuerdo-para-financiar-el-acueducto-interprovincial-santa-fe-cordoba\/#breadcrumb\",\"itemListElement\":[{\"@type\":\"ListItem\",\"position\":1,\"name\":\"Portada\",\"item\":\"https:\/\/elregionalvm.com.ar\/noticias-villa-maria\/\"},{\"@type\":\"ListItem\",\"position\":2,\"name\":\"El Gobierno Nacional aprob\u00f3 el acuerdo para financiar el Acueducto Interprovincial Santa Fe \u2013 C\u00f3rdoba\"}]},{\"@type\":\"WebSite\",\"@id\":\"http:\/\/elregionalvm.com.ar\/noticias-villa-maria\/#website\",\"url\":\"http:\/\/elregionalvm.com.ar\/noticias-villa-maria\/\",\"name\":\"El Regional\",\"description\":\"Mucho m\u00e1s que informaci\u00f3n\",\"potentialAction\":[{\"@type\":\"SearchAction\",\"target\":{\"@type\":\"EntryPoint\",\"urlTemplate\":\"http:\/\/elregionalvm.com.ar\/noticias-villa-maria\/?s={search_term_string}\"},\"query-input\":{\"@type\":\"PropertyValueSpecification\",\"valueRequired\":true,\"valueName\":\"search_term_string\"}}],\"inLanguage\":\"es\"},{\"@type\":\"Person\",\"@id\":\"http:\/\/elregionalvm.com.ar\/noticias-villa-maria\/#\/schema\/person\/a0fb9c422317faca23d50163151bc354\",\"name\":\"Contenidos El Regional\",\"image\":{\"@type\":\"ImageObject\",\"inLanguage\":\"es\",\"@id\":\"http:\/\/elregionalvm.com.ar\/noticias-villa-maria\/#\/schema\/person\/image\/\",\"url\":\"https:\/\/secure.gravatar.com\/avatar\/265b27cb2209af7bb3a1318f03305787d7981a5cc6e6cd08fe5a4ecdf99d4b48?s=96&d=mm&r=g\",\"contentUrl\":\"https:\/\/secure.gravatar.com\/avatar\/265b27cb2209af7bb3a1318f03305787d7981a5cc6e6cd08fe5a4ecdf99d4b48?s=96&d=mm&r=g\",\"caption\":\"Contenidos El Regional\"},\"url\":\"https:\/\/elregionalvm.com.ar\/noticias-villa-maria\/author\/contenido\/\"}]}<\/script>\n<!-- \/ Yoast SEO plugin. -->","yoast_head_json":{"title":"El Gobierno Nacional aprob\u00f3 el acuerdo para financiar el Acueducto Interprovincial Santa Fe \u2013 C\u00f3rdoba - El Regional","robots":{"index":"index","follow":"follow","max-snippet":"max-snippet:-1","max-image-preview":"max-image-preview:large","max-video-preview":"max-video-preview:-1"},"canonical":"https:\/\/elregionalvm.com.ar\/noticias-villa-maria\/el-gobierno-nacional-aprobo-el-acuerdo-para-financiar-el-acueducto-interprovincial-santa-fe-cordoba\/","og_locale":"es_ES","og_type":"article","og_title":"El Gobierno Nacional aprob\u00f3 el acuerdo para financiar el Acueducto Interprovincial Santa Fe \u2013 C\u00f3rdoba - El Regional","og_description":"El Poder Ejecutivo Nacional aprob\u00f3, a trav\u00e9s del Decreto 874\/2024, el Acuerdo de Garant\u00eda y los Contratos de Contragarant\u00eda para el financiamiento del \u201cProyecto Acueducto Interprovincial Santa Fe \u2013 C\u00f3rdoba Etapa I \u2013 Bloques B y C que el segundo y tercer tramo del proyecto que se desarrolla entre las ciudades de Coronda, en Santa [&hellip;]","og_url":"https:\/\/elregionalvm.com.ar\/noticias-villa-maria\/el-gobierno-nacional-aprobo-el-acuerdo-para-financiar-el-acueducto-interprovincial-santa-fe-cordoba\/","og_site_name":"El Regional","article_publisher":"https:\/\/www.facebook.com\/elregionalvm","article_published_time":"2024-10-02T19:05:15+00:00","article_modified_time":"2024-10-02T19:05:17+00:00","og_image":[{"width":990,"height":660,"url":"https:\/\/elregionalvm.com.ar\/noticias-villa-maria\/wp-content\/uploads\/2024\/10\/2-drone-1.jpg","type":"image\/jpeg"}],"author":"Contenidos El Regional","twitter_card":"summary_large_image","twitter_creator":"@elregionalvm1","twitter_site":"@elregionalvm1","twitter_misc":{"Escrito por":"Contenidos El Regional","Tiempo de lectura":"3 minutos"},"schema":{"@context":"https:\/\/schema.org","@graph":[{"@type":"Article","@id":"https:\/\/elregionalvm.com.ar\/noticias-villa-maria\/el-gobierno-nacional-aprobo-el-acuerdo-para-financiar-el-acueducto-interprovincial-santa-fe-cordoba\/#article","isPartOf":{"@id":"https:\/\/elregionalvm.com.ar\/noticias-villa-maria\/el-gobierno-nacional-aprobo-el-acuerdo-para-financiar-el-acueducto-interprovincial-santa-fe-cordoba\/"},"author":{"name":"Contenidos El Regional","@id":"http:\/\/elregionalvm.com.ar\/noticias-villa-maria\/#\/schema\/person\/a0fb9c422317faca23d50163151bc354"},"headline":"El Gobierno Nacional aprob\u00f3 el acuerdo para financiar el Acueducto Interprovincial Santa Fe \u2013 C\u00f3rdoba","datePublished":"2024-10-02T19:05:15+00:00","dateModified":"2024-10-02T19:05:17+00:00","mainEntityOfPage":{"@id":"https:\/\/elregionalvm.com.ar\/noticias-villa-maria\/el-gobierno-nacional-aprobo-el-acuerdo-para-financiar-el-acueducto-interprovincial-santa-fe-cordoba\/"},"wordCount":529,"commentCount":0,"image":{"@id":"https:\/\/elregionalvm.com.ar\/noticias-villa-maria\/el-gobierno-nacional-aprobo-el-acuerdo-para-financiar-el-acueducto-interprovincial-santa-fe-cordoba\/#primaryimage"},"thumbnailUrl":"https:\/\/i0.wp.com\/elregionalvm.com.ar\/noticias-villa-maria\/wp-content\/uploads\/2024\/10\/2-drone-1.jpg?fit=990%2C660&ssl=1","articleSection":["destacado","Provinciales","Sociedad"],"inLanguage":"es","potentialAction":[{"@type":"CommentAction","name":"Comment","target":["https:\/\/elregionalvm.com.ar\/noticias-villa-maria\/el-gobierno-nacional-aprobo-el-acuerdo-para-financiar-el-acueducto-interprovincial-santa-fe-cordoba\/#respond"]}]},{"@type":"WebPage","@id":"https:\/\/elregionalvm.com.ar\/noticias-villa-maria\/el-gobierno-nacional-aprobo-el-acuerdo-para-financiar-el-acueducto-interprovincial-santa-fe-cordoba\/","url":"https:\/\/elregionalvm.com.ar\/noticias-villa-maria\/el-gobierno-nacional-aprobo-el-acuerdo-para-financiar-el-acueducto-interprovincial-santa-fe-cordoba\/","name":"El Gobierno Nacional aprob\u00f3 el acuerdo para financiar el Acueducto Interprovincial Santa Fe \u2013 C\u00f3rdoba - El Regional","isPartOf":{"@id":"http:\/\/elregionalvm.com.ar\/noticias-villa-maria\/#website"},"primaryImageOfPage":{"@id":"https:\/\/elregionalvm.com.ar\/noticias-villa-maria\/el-gobierno-nacional-aprobo-el-acuerdo-para-financiar-el-acueducto-interprovincial-santa-fe-cordoba\/#primaryimage"},"image":{"@id":"https:\/\/elregionalvm.com.ar\/noticias-villa-maria\/el-gobierno-nacional-aprobo-el-acuerdo-para-financiar-el-acueducto-interprovincial-santa-fe-cordoba\/#primaryimage"},"thumbnailUrl":"https:\/\/i0.wp.com\/elregionalvm.com.ar\/noticias-villa-maria\/wp-content\/uploads\/2024\/10\/2-drone-1.jpg?fit=990%2C660&ssl=1","datePublished":"2024-10-02T19:05:15+00:00","dateModified":"2024-10-02T19:05:17+00:00","author":{"@id":"http:\/\/elregionalvm.com.ar\/noticias-villa-maria\/#\/schema\/person\/a0fb9c422317faca23d50163151bc354"},"breadcrumb":{"@id":"https:\/\/elregionalvm.com.ar\/noticias-villa-maria\/el-gobierno-nacional-aprobo-el-acuerdo-para-financiar-el-acueducto-interprovincial-santa-fe-cordoba\/#breadcrumb"},"inLanguage":"es","potentialAction":[{"@type":"ReadAction","target":["https:\/\/elregionalvm.com.ar\/noticias-villa-maria\/el-gobierno-nacional-aprobo-el-acuerdo-para-financiar-el-acueducto-interprovincial-santa-fe-cordoba\/"]}]},{"@type":"ImageObject","inLanguage":"es","@id":"https:\/\/elregionalvm.com.ar\/noticias-villa-maria\/el-gobierno-nacional-aprobo-el-acuerdo-para-financiar-el-acueducto-interprovincial-santa-fe-cordoba\/#primaryimage","url":"https:\/\/i0.wp.com\/elregionalvm.com.ar\/noticias-villa-maria\/wp-content\/uploads\/2024\/10\/2-drone-1.jpg?fit=990%2C660&ssl=1","contentUrl":"https:\/\/i0.wp.com\/elregionalvm.com.ar\/noticias-villa-maria\/wp-content\/uploads\/2024\/10\/2-drone-1.jpg?fit=990%2C660&ssl=1","width":990,"height":660},{"@type":"BreadcrumbList","@id":"https:\/\/elregionalvm.com.ar\/noticias-villa-maria\/el-gobierno-nacional-aprobo-el-acuerdo-para-financiar-el-acueducto-interprovincial-santa-fe-cordoba\/#breadcrumb","itemListElement":[{"@type":"ListItem","position":1,"name":"Portada","item":"https:\/\/elregionalvm.com.ar\/noticias-villa-maria\/"},{"@type":"ListItem","position":2,"name":"El Gobierno Nacional aprob\u00f3 el acuerdo para financiar el Acueducto Interprovincial Santa Fe \u2013 C\u00f3rdoba"}]},{"@type":"WebSite","@id":"http:\/\/elregionalvm.com.ar\/noticias-villa-maria\/#website","url":"http:\/\/elregionalvm.com.ar\/noticias-villa-maria\/","name":"El Regional","description":"Mucho m\u00e1s que informaci\u00f3n","potentialAction":[{"@type":"SearchAction","target":{"@type":"EntryPoint","urlTemplate":"http:\/\/elregionalvm.com.ar\/noticias-villa-maria\/?s={search_term_string}"},"query-input":{"@type":"PropertyValueSpecification","valueRequired":true,"valueName":"search_term_string"}}],"inLanguage":"es"},{"@type":"Person","@id":"http:\/\/elregionalvm.com.ar\/noticias-villa-maria\/#\/schema\/person\/a0fb9c422317faca23d50163151bc354","name":"Contenidos El Regional","image":{"@type":"ImageObject","inLanguage":"es","@id":"http:\/\/elregionalvm.com.ar\/noticias-villa-maria\/#\/schema\/person\/image\/","url":"https:\/\/secure.gravatar.com\/avatar\/265b27cb2209af7bb3a1318f03305787d7981a5cc6e6cd08fe5a4ecdf99d4b48?s=96&d=mm&r=g","contentUrl":"https:\/\/secure.gravatar.com\/avatar\/265b27cb2209af7bb3a1318f03305787d7981a5cc6e6cd08fe5a4ecdf99d4b48?s=96&d=mm&r=g","caption":"Contenidos El Regional"},"url":"https:\/\/elregionalvm.com.ar\/noticias-villa-maria\/author\/contenido\/"}]}},"jetpack_featured_media_url":"https:\/\/i0.wp.com\/elregionalvm.com.ar\/noticias-villa-maria\/wp-content\/uploads\/2024\/10\/2-drone-1.jpg?fit=990%2C660&ssl=1","jetpack_sharing_enabled":true,"_links":{"self":[{"href":"https:\/\/elregionalvm.com.ar\/noticias-villa-maria\/wp-json\/wp\/v2\/posts\/99227","targetHints":{"allow":["GET"]}}],"collection":[{"href":"https:\/\/elregionalvm.com.ar\/noticias-villa-maria\/wp-json\/wp\/v2\/posts"}],"about":[{"href":"https:\/\/elregionalvm.com.ar\/noticias-villa-maria\/wp-json\/wp\/v2\/types\/post"}],"author":[{"embeddable":true,"href":"https:\/\/elregionalvm.com.ar\/noticias-villa-maria\/wp-json\/wp\/v2\/users\/4"}],"replies":[{"embeddable":true,"href":"https:\/\/elregionalvm.com.ar\/noticias-villa-maria\/wp-json\/wp\/v2\/comments?post=99227"}],"version-history":[{"count":1,"href":"https:\/\/elregionalvm.com.ar\/noticias-villa-maria\/wp-json\/wp\/v2\/posts\/99227\/revisions"}],"predecessor-version":[{"id":99229,"href":"https:\/\/elregionalvm.com.ar\/noticias-villa-maria\/wp-json\/wp\/v2\/posts\/99227\/revisions\/99229"}],"wp:featuredmedia":[{"embeddable":true,"href":"https:\/\/elregionalvm.com.ar\/noticias-villa-maria\/wp-json\/wp\/v2\/media\/99228"}],"wp:attachment":[{"href":"https:\/\/elregionalvm.com.ar\/noticias-villa-maria\/wp-json\/wp\/v2\/media?parent=99227"}],"wp:term":[{"taxonomy":"category","embeddable":true,"href":"https:\/\/elregionalvm.com.ar\/noticias-villa-maria\/wp-json\/wp\/v2\/categories?post=99227"},{"taxonomy":"post_tag","embeddable":true,"href":"https:\/\/elregionalvm.com.ar\/noticias-villa-maria\/wp-json\/wp\/v2\/tags?post=99227"}],"curies":[{"name":"wp","href":"https:\/\/api.w.org\/{rel}","templated":true}]}}