{"id":99243,"date":"2024-10-02T19:37:00","date_gmt":"2024-10-02T19:37:00","guid":{"rendered":"https:\/\/elregionalvm.com.ar\/noticias-villa-maria\/?p=99243"},"modified":"2024-10-02T19:37:03","modified_gmt":"2024-10-02T19:37:03","slug":"fue-detenido-por-andar-de-manera-sospechosa-en-una-camioneta-en-horas-de-la-madrugada-y-resistirse-al-control-policial","status":"publish","type":"post","link":"https:\/\/elregionalvm.com.ar\/noticias-villa-maria\/fue-detenido-por-andar-de-manera-sospechosa-en-una-camioneta-en-horas-de-la-madrugada-y-resistirse-al-control-policial\/","title":{"rendered":"Fue detenido por andar de manera sospechosa en una camioneta en horas de la madrugada y resistirse al control policial"},"content":{"rendered":"\n<p>Siendo aproximadamente las 04:00 horas de la fecha, personal de la Patrulla Preventiva en calle L\u00f3pez y Planes al 600 procedi\u00f3 a la detenci\u00f3n de un hombre de 52 a\u00f1os de edad por supuesto autor de los delitos de \u201cDesobediencia y Resistencia a la Autoridad\u201d.<\/p>\n\n\n\n<p> Ya que en momentos antes personal policial que realizaba patrullajes preventivos de rutina por el sector procur\u00f3 proceder al control del mismo cuando circulaba de manera peligrosa a bordo de una pick-up Chevrolet, \u00e9ste primeramente desobedeci\u00f3 el pedido de los uniformados de detener su marcha y posteriormente al lograra que el mismo finalmente detuviera su marcha reaccion\u00f3 resistiendo el proceder mediante el cual se concret\u00f3 su detenci\u00f3n y el secuestro del rodado.<\/p>\n\n\n\n<p>Se labran actuaciones a disposici\u00f3n de la Fiscal\u00eda de Instrucci\u00f3n de Primer Turno a cargo de la Dra. Silvia Maldonado, Sec. Dra. Dalila Alcala.<\/p>\n","protected":false},"excerpt":{"rendered":"<p>Siendo aproximadamente las 04:00 horas de la fecha, personal de la Patrulla Preventiva en calle L\u00f3pez y Planes al 600 procedi\u00f3 a la detenci\u00f3n de un hombre de 52 a\u00f1os de edad por supuesto autor de los delitos de \u201cDesobediencia y Resistencia a la Autoridad\u201d. Ya que en momentos antes personal policial que realizaba patrullajes [&hellip;]<\/p>\n","protected":false},"author":4,"featured_media":99244,"comment_status":"open","ping_status":"open","sticky":false,"template":"","format":"standard","meta":{"site-sidebar-layout":"default","site-content-layout":"","ast-site-content-layout":"default","site-content-style":"default","site-sidebar-style":"default","ast-global-header-display":"","ast-banner-title-visibility":"","ast-main-header-display":"","ast-hfb-above-header-display":"","ast-hfb-below-header-display":"","ast-hfb-mobile-header-display":"","site-post-title":"","ast-breadcrumbs-content":"","ast-featured-img":"","footer-sml-layout":"","ast-disable-related-posts":"","theme-transparent-header-meta":"","adv-header-id-meta":"","stick-header-meta":"","header-above-stick-meta":"","header-main-stick-meta":"","header-below-stick-meta":"","astra-migrate-meta-layouts":"set","ast-page-background-enabled":"default","ast-page-background-meta":{"desktop":{"background-color":"","background-image":"","background-repeat":"repeat","background-position":"center center","background-size":"auto","background-attachment":"scroll","background-type":"","background-media":"","overlay-type":"","overlay-color":"","overlay-opacity":"","overlay-gradient":""},"tablet":{"background-color":"","background-image":"","background-repeat":"repeat","background-position":"center center","background-size":"auto","background-attachment":"scroll","background-type":"","background-media":"","overlay-type":"","overlay-color":"","overlay-opacity":"","overlay-gradient":""},"mobile":{"background-color":"","background-image":"","background-repeat":"repeat","background-position":"center center","background-size":"auto","background-attachment":"scroll","background-type":"","background-media":"","overlay-type":"","overlay-color":"","overlay-opacity":"","overlay-gradient":""}},"ast-content-background-meta":{"desktop":{"background-color":"var(--ast-global-color-5)","background-image":"","background-repeat":"repeat","background-position":"center center","background-size":"auto","background-attachment":"scroll","background-type":"","background-media":"","overlay-type":"","overlay-color":"","overlay-opacity":"","overlay-gradient":""},"tablet":{"background-color":"var(--ast-global-color-5)","background-image":"","background-repeat":"repeat","background-position":"center center","background-size":"auto","background-attachment":"scroll","background-type":"","background-media":"","overlay-type":"","overlay-color":"","overlay-opacity":"","overlay-gradient":""},"mobile":{"background-color":"var(--ast-global-color-5)","background-image":"","background-repeat":"repeat","background-position":"center center","background-size":"auto","background-attachment":"scroll","background-type":"","background-media":"","overlay-type":"","overlay-color":"","overlay-opacity":"","overlay-gradient":""}},"_jetpack_memberships_contains_paid_content":false,"_joinchat":[],"footnotes":""},"categories":[2234,5,2],"tags":[],"class_list":["post-99243","post","type-post","status-publish","format-standard","has-post-thumbnail","hentry","category-policiales","category-sociedad","category-villa-maria"],"yoast_head":"<!-- This site is optimized with the Yoast SEO plugin v26.8 - https:\/\/yoast.com\/product\/yoast-seo-wordpress\/ -->\n<title>Fue detenido por andar de manera sospechosa en una camioneta en horas de la madrugada y resistirse al control policial - El Regional<\/title>\n<meta name=\"robots\" content=\"index, follow, max-snippet:-1, max-image-preview:large, max-video-preview:-1\" \/>\n<link rel=\"canonical\" href=\"https:\/\/elregionalvm.com.ar\/noticias-villa-maria\/fue-detenido-por-andar-de-manera-sospechosa-en-una-camioneta-en-horas-de-la-madrugada-y-resistirse-al-control-policial\/\" \/>\n<meta property=\"og:locale\" content=\"es_ES\" \/>\n<meta property=\"og:type\" content=\"article\" \/>\n<meta property=\"og:title\" content=\"Fue detenido por andar de manera sospechosa en una camioneta en horas de la madrugada y resistirse al control policial - El Regional\" \/>\n<meta property=\"og:description\" content=\"Siendo aproximadamente las 04:00 horas de la fecha, personal de la Patrulla Preventiva en calle L\u00f3pez y Planes al 600 procedi\u00f3 a la detenci\u00f3n de un hombre de 52 a\u00f1os de edad por supuesto autor de los delitos de \u201cDesobediencia y Resistencia a la Autoridad\u201d. Ya que en momentos antes personal policial que realizaba patrullajes [&hellip;]\" \/>\n<meta property=\"og:url\" content=\"https:\/\/elregionalvm.com.ar\/noticias-villa-maria\/fue-detenido-por-andar-de-manera-sospechosa-en-una-camioneta-en-horas-de-la-madrugada-y-resistirse-al-control-policial\/\" \/>\n<meta property=\"og:site_name\" content=\"El Regional\" \/>\n<meta property=\"article:publisher\" content=\"https:\/\/www.facebook.com\/elregionalvm\" \/>\n<meta property=\"article:published_time\" content=\"2024-10-02T19:37:00+00:00\" \/>\n<meta property=\"article:modified_time\" content=\"2024-10-02T19:37:03+00:00\" \/>\n<meta property=\"og:image\" content=\"https:\/\/elregionalvm.com.ar\/noticias-villa-maria\/wp-content\/uploads\/2024\/10\/WhatsApp-Image-2024-10-02-at-09.53.24-scaled.jpeg\" \/>\n\t<meta property=\"og:image:width\" content=\"2560\" \/>\n\t<meta property=\"og:image:height\" content=\"1920\" \/>\n\t<meta property=\"og:image:type\" content=\"image\/jpeg\" \/>\n<meta name=\"author\" content=\"Contenidos El Regional\" \/>\n<meta name=\"twitter:card\" content=\"summary_large_image\" \/>\n<meta name=\"twitter:creator\" content=\"@elregionalvm1\" \/>\n<meta name=\"twitter:site\" content=\"@elregionalvm1\" \/>\n<meta name=\"twitter:label1\" content=\"Escrito por\" \/>\n\t<meta name=\"twitter:data1\" content=\"Contenidos El Regional\" \/>\n\t<meta name=\"twitter:label2\" content=\"Tiempo de lectura\" \/>\n\t<meta name=\"twitter:data2\" content=\"1 minuto\" \/>\n<script type=\"application\/ld+json\" class=\"yoast-schema-graph\">{\"@context\":\"https:\/\/schema.org\",\"@graph\":[{\"@type\":\"Article\",\"@id\":\"https:\/\/elregionalvm.com.ar\/noticias-villa-maria\/fue-detenido-por-andar-de-manera-sospechosa-en-una-camioneta-en-horas-de-la-madrugada-y-resistirse-al-control-policial\/#article\",\"isPartOf\":{\"@id\":\"https:\/\/elregionalvm.com.ar\/noticias-villa-maria\/fue-detenido-por-andar-de-manera-sospechosa-en-una-camioneta-en-horas-de-la-madrugada-y-resistirse-al-control-policial\/\"},\"author\":{\"name\":\"Contenidos El Regional\",\"@id\":\"http:\/\/elregionalvm.com.ar\/noticias-villa-maria\/#\/schema\/person\/a0fb9c422317faca23d50163151bc354\"},\"headline\":\"Fue detenido por andar de manera sospechosa en una camioneta en horas de la madrugada y resistirse al control policial\",\"datePublished\":\"2024-10-02T19:37:00+00:00\",\"dateModified\":\"2024-10-02T19:37:03+00:00\",\"mainEntityOfPage\":{\"@id\":\"https:\/\/elregionalvm.com.ar\/noticias-villa-maria\/fue-detenido-por-andar-de-manera-sospechosa-en-una-camioneta-en-horas-de-la-madrugada-y-resistirse-al-control-policial\/\"},\"wordCount\":165,\"commentCount\":0,\"image\":{\"@id\":\"https:\/\/elregionalvm.com.ar\/noticias-villa-maria\/fue-detenido-por-andar-de-manera-sospechosa-en-una-camioneta-en-horas-de-la-madrugada-y-resistirse-al-control-policial\/#primaryimage\"},\"thumbnailUrl\":\"https:\/\/i0.wp.com\/elregionalvm.com.ar\/noticias-villa-maria\/wp-content\/uploads\/2024\/10\/WhatsApp-Image-2024-10-02-at-09.53.24-scaled.jpeg?fit=2560%2C1920&ssl=1\",\"articleSection\":[\"Policiales\",\"Sociedad\",\"Villa Mar\u00eda\"],\"inLanguage\":\"es\",\"potentialAction\":[{\"@type\":\"CommentAction\",\"name\":\"Comment\",\"target\":[\"https:\/\/elregionalvm.com.ar\/noticias-villa-maria\/fue-detenido-por-andar-de-manera-sospechosa-en-una-camioneta-en-horas-de-la-madrugada-y-resistirse-al-control-policial\/#respond\"]}]},{\"@type\":\"WebPage\",\"@id\":\"https:\/\/elregionalvm.com.ar\/noticias-villa-maria\/fue-detenido-por-andar-de-manera-sospechosa-en-una-camioneta-en-horas-de-la-madrugada-y-resistirse-al-control-policial\/\",\"url\":\"https:\/\/elregionalvm.com.ar\/noticias-villa-maria\/fue-detenido-por-andar-de-manera-sospechosa-en-una-camioneta-en-horas-de-la-madrugada-y-resistirse-al-control-policial\/\",\"name\":\"Fue detenido por andar de manera sospechosa en una camioneta en horas de la madrugada y resistirse al control policial - El Regional\",\"isPartOf\":{\"@id\":\"http:\/\/elregionalvm.com.ar\/noticias-villa-maria\/#website\"},\"primaryImageOfPage\":{\"@id\":\"https:\/\/elregionalvm.com.ar\/noticias-villa-maria\/fue-detenido-por-andar-de-manera-sospechosa-en-una-camioneta-en-horas-de-la-madrugada-y-resistirse-al-control-policial\/#primaryimage\"},\"image\":{\"@id\":\"https:\/\/elregionalvm.com.ar\/noticias-villa-maria\/fue-detenido-por-andar-de-manera-sospechosa-en-una-camioneta-en-horas-de-la-madrugada-y-resistirse-al-control-policial\/#primaryimage\"},\"thumbnailUrl\":\"https:\/\/i0.wp.com\/elregionalvm.com.ar\/noticias-villa-maria\/wp-content\/uploads\/2024\/10\/WhatsApp-Image-2024-10-02-at-09.53.24-scaled.jpeg?fit=2560%2C1920&ssl=1\",\"datePublished\":\"2024-10-02T19:37:00+00:00\",\"dateModified\":\"2024-10-02T19:37:03+00:00\",\"author\":{\"@id\":\"http:\/\/elregionalvm.com.ar\/noticias-villa-maria\/#\/schema\/person\/a0fb9c422317faca23d50163151bc354\"},\"breadcrumb\":{\"@id\":\"https:\/\/elregionalvm.com.ar\/noticias-villa-maria\/fue-detenido-por-andar-de-manera-sospechosa-en-una-camioneta-en-horas-de-la-madrugada-y-resistirse-al-control-policial\/#breadcrumb\"},\"inLanguage\":\"es\",\"potentialAction\":[{\"@type\":\"ReadAction\",\"target\":[\"https:\/\/elregionalvm.com.ar\/noticias-villa-maria\/fue-detenido-por-andar-de-manera-sospechosa-en-una-camioneta-en-horas-de-la-madrugada-y-resistirse-al-control-policial\/\"]}]},{\"@type\":\"ImageObject\",\"inLanguage\":\"es\",\"@id\":\"https:\/\/elregionalvm.com.ar\/noticias-villa-maria\/fue-detenido-por-andar-de-manera-sospechosa-en-una-camioneta-en-horas-de-la-madrugada-y-resistirse-al-control-policial\/#primaryimage\",\"url\":\"https:\/\/i0.wp.com\/elregionalvm.com.ar\/noticias-villa-maria\/wp-content\/uploads\/2024\/10\/WhatsApp-Image-2024-10-02-at-09.53.24-scaled.jpeg?fit=2560%2C1920&ssl=1\",\"contentUrl\":\"https:\/\/i0.wp.com\/elregionalvm.com.ar\/noticias-villa-maria\/wp-content\/uploads\/2024\/10\/WhatsApp-Image-2024-10-02-at-09.53.24-scaled.jpeg?fit=2560%2C1920&ssl=1\",\"width\":2560,\"height\":1920},{\"@type\":\"BreadcrumbList\",\"@id\":\"https:\/\/elregionalvm.com.ar\/noticias-villa-maria\/fue-detenido-por-andar-de-manera-sospechosa-en-una-camioneta-en-horas-de-la-madrugada-y-resistirse-al-control-policial\/#breadcrumb\",\"itemListElement\":[{\"@type\":\"ListItem\",\"position\":1,\"name\":\"Portada\",\"item\":\"https:\/\/elregionalvm.com.ar\/noticias-villa-maria\/\"},{\"@type\":\"ListItem\",\"position\":2,\"name\":\"Fue detenido por andar de manera sospechosa en una camioneta en horas de la madrugada y resistirse al control policial\"}]},{\"@type\":\"WebSite\",\"@id\":\"http:\/\/elregionalvm.com.ar\/noticias-villa-maria\/#website\",\"url\":\"http:\/\/elregionalvm.com.ar\/noticias-villa-maria\/\",\"name\":\"El Regional\",\"description\":\"Mucho m\u00e1s que informaci\u00f3n\",\"potentialAction\":[{\"@type\":\"SearchAction\",\"target\":{\"@type\":\"EntryPoint\",\"urlTemplate\":\"http:\/\/elregionalvm.com.ar\/noticias-villa-maria\/?s={search_term_string}\"},\"query-input\":{\"@type\":\"PropertyValueSpecification\",\"valueRequired\":true,\"valueName\":\"search_term_string\"}}],\"inLanguage\":\"es\"},{\"@type\":\"Person\",\"@id\":\"http:\/\/elregionalvm.com.ar\/noticias-villa-maria\/#\/schema\/person\/a0fb9c422317faca23d50163151bc354\",\"name\":\"Contenidos El Regional\",\"image\":{\"@type\":\"ImageObject\",\"inLanguage\":\"es\",\"@id\":\"http:\/\/elregionalvm.com.ar\/noticias-villa-maria\/#\/schema\/person\/image\/\",\"url\":\"https:\/\/secure.gravatar.com\/avatar\/265b27cb2209af7bb3a1318f03305787d7981a5cc6e6cd08fe5a4ecdf99d4b48?s=96&d=mm&r=g\",\"contentUrl\":\"https:\/\/secure.gravatar.com\/avatar\/265b27cb2209af7bb3a1318f03305787d7981a5cc6e6cd08fe5a4ecdf99d4b48?s=96&d=mm&r=g\",\"caption\":\"Contenidos El Regional\"},\"url\":\"https:\/\/elregionalvm.com.ar\/noticias-villa-maria\/author\/contenido\/\"}]}<\/script>\n<!-- \/ Yoast SEO plugin. -->","yoast_head_json":{"title":"Fue detenido por andar de manera sospechosa en una camioneta en horas de la madrugada y resistirse al control policial - El Regional","robots":{"index":"index","follow":"follow","max-snippet":"max-snippet:-1","max-image-preview":"max-image-preview:large","max-video-preview":"max-video-preview:-1"},"canonical":"https:\/\/elregionalvm.com.ar\/noticias-villa-maria\/fue-detenido-por-andar-de-manera-sospechosa-en-una-camioneta-en-horas-de-la-madrugada-y-resistirse-al-control-policial\/","og_locale":"es_ES","og_type":"article","og_title":"Fue detenido por andar de manera sospechosa en una camioneta en horas de la madrugada y resistirse al control policial - El Regional","og_description":"Siendo aproximadamente las 04:00 horas de la fecha, personal de la Patrulla Preventiva en calle L\u00f3pez y Planes al 600 procedi\u00f3 a la detenci\u00f3n de un hombre de 52 a\u00f1os de edad por supuesto autor de los delitos de \u201cDesobediencia y Resistencia a la Autoridad\u201d. Ya que en momentos antes personal policial que realizaba patrullajes [&hellip;]","og_url":"https:\/\/elregionalvm.com.ar\/noticias-villa-maria\/fue-detenido-por-andar-de-manera-sospechosa-en-una-camioneta-en-horas-de-la-madrugada-y-resistirse-al-control-policial\/","og_site_name":"El Regional","article_publisher":"https:\/\/www.facebook.com\/elregionalvm","article_published_time":"2024-10-02T19:37:00+00:00","article_modified_time":"2024-10-02T19:37:03+00:00","og_image":[{"width":2560,"height":1920,"url":"https:\/\/elregionalvm.com.ar\/noticias-villa-maria\/wp-content\/uploads\/2024\/10\/WhatsApp-Image-2024-10-02-at-09.53.24-scaled.jpeg","type":"image\/jpeg"}],"author":"Contenidos El Regional","twitter_card":"summary_large_image","twitter_creator":"@elregionalvm1","twitter_site":"@elregionalvm1","twitter_misc":{"Escrito por":"Contenidos El Regional","Tiempo de lectura":"1 minuto"},"schema":{"@context":"https:\/\/schema.org","@graph":[{"@type":"Article","@id":"https:\/\/elregionalvm.com.ar\/noticias-villa-maria\/fue-detenido-por-andar-de-manera-sospechosa-en-una-camioneta-en-horas-de-la-madrugada-y-resistirse-al-control-policial\/#article","isPartOf":{"@id":"https:\/\/elregionalvm.com.ar\/noticias-villa-maria\/fue-detenido-por-andar-de-manera-sospechosa-en-una-camioneta-en-horas-de-la-madrugada-y-resistirse-al-control-policial\/"},"author":{"name":"Contenidos El Regional","@id":"http:\/\/elregionalvm.com.ar\/noticias-villa-maria\/#\/schema\/person\/a0fb9c422317faca23d50163151bc354"},"headline":"Fue detenido por andar de manera sospechosa en una camioneta en horas de la madrugada y resistirse al control policial","datePublished":"2024-10-02T19:37:00+00:00","dateModified":"2024-10-02T19:37:03+00:00","mainEntityOfPage":{"@id":"https:\/\/elregionalvm.com.ar\/noticias-villa-maria\/fue-detenido-por-andar-de-manera-sospechosa-en-una-camioneta-en-horas-de-la-madrugada-y-resistirse-al-control-policial\/"},"wordCount":165,"commentCount":0,"image":{"@id":"https:\/\/elregionalvm.com.ar\/noticias-villa-maria\/fue-detenido-por-andar-de-manera-sospechosa-en-una-camioneta-en-horas-de-la-madrugada-y-resistirse-al-control-policial\/#primaryimage"},"thumbnailUrl":"https:\/\/i0.wp.com\/elregionalvm.com.ar\/noticias-villa-maria\/wp-content\/uploads\/2024\/10\/WhatsApp-Image-2024-10-02-at-09.53.24-scaled.jpeg?fit=2560%2C1920&ssl=1","articleSection":["Policiales","Sociedad","Villa Mar\u00eda"],"inLanguage":"es","potentialAction":[{"@type":"CommentAction","name":"Comment","target":["https:\/\/elregionalvm.com.ar\/noticias-villa-maria\/fue-detenido-por-andar-de-manera-sospechosa-en-una-camioneta-en-horas-de-la-madrugada-y-resistirse-al-control-policial\/#respond"]}]},{"@type":"WebPage","@id":"https:\/\/elregionalvm.com.ar\/noticias-villa-maria\/fue-detenido-por-andar-de-manera-sospechosa-en-una-camioneta-en-horas-de-la-madrugada-y-resistirse-al-control-policial\/","url":"https:\/\/elregionalvm.com.ar\/noticias-villa-maria\/fue-detenido-por-andar-de-manera-sospechosa-en-una-camioneta-en-horas-de-la-madrugada-y-resistirse-al-control-policial\/","name":"Fue detenido por andar de manera sospechosa en una camioneta en horas de la madrugada y resistirse al control policial - El Regional","isPartOf":{"@id":"http:\/\/elregionalvm.com.ar\/noticias-villa-maria\/#website"},"primaryImageOfPage":{"@id":"https:\/\/elregionalvm.com.ar\/noticias-villa-maria\/fue-detenido-por-andar-de-manera-sospechosa-en-una-camioneta-en-horas-de-la-madrugada-y-resistirse-al-control-policial\/#primaryimage"},"image":{"@id":"https:\/\/elregionalvm.com.ar\/noticias-villa-maria\/fue-detenido-por-andar-de-manera-sospechosa-en-una-camioneta-en-horas-de-la-madrugada-y-resistirse-al-control-policial\/#primaryimage"},"thumbnailUrl":"https:\/\/i0.wp.com\/elregionalvm.com.ar\/noticias-villa-maria\/wp-content\/uploads\/2024\/10\/WhatsApp-Image-2024-10-02-at-09.53.24-scaled.jpeg?fit=2560%2C1920&ssl=1","datePublished":"2024-10-02T19:37:00+00:00","dateModified":"2024-10-02T19:37:03+00:00","author":{"@id":"http:\/\/elregionalvm.com.ar\/noticias-villa-maria\/#\/schema\/person\/a0fb9c422317faca23d50163151bc354"},"breadcrumb":{"@id":"https:\/\/elregionalvm.com.ar\/noticias-villa-maria\/fue-detenido-por-andar-de-manera-sospechosa-en-una-camioneta-en-horas-de-la-madrugada-y-resistirse-al-control-policial\/#breadcrumb"},"inLanguage":"es","potentialAction":[{"@type":"ReadAction","target":["https:\/\/elregionalvm.com.ar\/noticias-villa-maria\/fue-detenido-por-andar-de-manera-sospechosa-en-una-camioneta-en-horas-de-la-madrugada-y-resistirse-al-control-policial\/"]}]},{"@type":"ImageObject","inLanguage":"es","@id":"https:\/\/elregionalvm.com.ar\/noticias-villa-maria\/fue-detenido-por-andar-de-manera-sospechosa-en-una-camioneta-en-horas-de-la-madrugada-y-resistirse-al-control-policial\/#primaryimage","url":"https:\/\/i0.wp.com\/elregionalvm.com.ar\/noticias-villa-maria\/wp-content\/uploads\/2024\/10\/WhatsApp-Image-2024-10-02-at-09.53.24-scaled.jpeg?fit=2560%2C1920&ssl=1","contentUrl":"https:\/\/i0.wp.com\/elregionalvm.com.ar\/noticias-villa-maria\/wp-content\/uploads\/2024\/10\/WhatsApp-Image-2024-10-02-at-09.53.24-scaled.jpeg?fit=2560%2C1920&ssl=1","width":2560,"height":1920},{"@type":"BreadcrumbList","@id":"https:\/\/elregionalvm.com.ar\/noticias-villa-maria\/fue-detenido-por-andar-de-manera-sospechosa-en-una-camioneta-en-horas-de-la-madrugada-y-resistirse-al-control-policial\/#breadcrumb","itemListElement":[{"@type":"ListItem","position":1,"name":"Portada","item":"https:\/\/elregionalvm.com.ar\/noticias-villa-maria\/"},{"@type":"ListItem","position":2,"name":"Fue detenido por andar de manera sospechosa en una camioneta en horas de la madrugada y resistirse al control policial"}]},{"@type":"WebSite","@id":"http:\/\/elregionalvm.com.ar\/noticias-villa-maria\/#website","url":"http:\/\/elregionalvm.com.ar\/noticias-villa-maria\/","name":"El Regional","description":"Mucho m\u00e1s que informaci\u00f3n","potentialAction":[{"@type":"SearchAction","target":{"@type":"EntryPoint","urlTemplate":"http:\/\/elregionalvm.com.ar\/noticias-villa-maria\/?s={search_term_string}"},"query-input":{"@type":"PropertyValueSpecification","valueRequired":true,"valueName":"search_term_string"}}],"inLanguage":"es"},{"@type":"Person","@id":"http:\/\/elregionalvm.com.ar\/noticias-villa-maria\/#\/schema\/person\/a0fb9c422317faca23d50163151bc354","name":"Contenidos El Regional","image":{"@type":"ImageObject","inLanguage":"es","@id":"http:\/\/elregionalvm.com.ar\/noticias-villa-maria\/#\/schema\/person\/image\/","url":"https:\/\/secure.gravatar.com\/avatar\/265b27cb2209af7bb3a1318f03305787d7981a5cc6e6cd08fe5a4ecdf99d4b48?s=96&d=mm&r=g","contentUrl":"https:\/\/secure.gravatar.com\/avatar\/265b27cb2209af7bb3a1318f03305787d7981a5cc6e6cd08fe5a4ecdf99d4b48?s=96&d=mm&r=g","caption":"Contenidos El Regional"},"url":"https:\/\/elregionalvm.com.ar\/noticias-villa-maria\/author\/contenido\/"}]}},"jetpack_featured_media_url":"https:\/\/i0.wp.com\/elregionalvm.com.ar\/noticias-villa-maria\/wp-content\/uploads\/2024\/10\/WhatsApp-Image-2024-10-02-at-09.53.24-scaled.jpeg?fit=2560%2C1920&ssl=1","jetpack_sharing_enabled":true,"_links":{"self":[{"href":"https:\/\/elregionalvm.com.ar\/noticias-villa-maria\/wp-json\/wp\/v2\/posts\/99243","targetHints":{"allow":["GET"]}}],"collection":[{"href":"https:\/\/elregionalvm.com.ar\/noticias-villa-maria\/wp-json\/wp\/v2\/posts"}],"about":[{"href":"https:\/\/elregionalvm.com.ar\/noticias-villa-maria\/wp-json\/wp\/v2\/types\/post"}],"author":[{"embeddable":true,"href":"https:\/\/elregionalvm.com.ar\/noticias-villa-maria\/wp-json\/wp\/v2\/users\/4"}],"replies":[{"embeddable":true,"href":"https:\/\/elregionalvm.com.ar\/noticias-villa-maria\/wp-json\/wp\/v2\/comments?post=99243"}],"version-history":[{"count":1,"href":"https:\/\/elregionalvm.com.ar\/noticias-villa-maria\/wp-json\/wp\/v2\/posts\/99243\/revisions"}],"predecessor-version":[{"id":99245,"href":"https:\/\/elregionalvm.com.ar\/noticias-villa-maria\/wp-json\/wp\/v2\/posts\/99243\/revisions\/99245"}],"wp:featuredmedia":[{"embeddable":true,"href":"https:\/\/elregionalvm.com.ar\/noticias-villa-maria\/wp-json\/wp\/v2\/media\/99244"}],"wp:attachment":[{"href":"https:\/\/elregionalvm.com.ar\/noticias-villa-maria\/wp-json\/wp\/v2\/media?parent=99243"}],"wp:term":[{"taxonomy":"category","embeddable":true,"href":"https:\/\/elregionalvm.com.ar\/noticias-villa-maria\/wp-json\/wp\/v2\/categories?post=99243"},{"taxonomy":"post_tag","embeddable":true,"href":"https:\/\/elregionalvm.com.ar\/noticias-villa-maria\/wp-json\/wp\/v2\/tags?post=99243"}],"curies":[{"name":"wp","href":"https:\/\/api.w.org\/{rel}","templated":true}]}}