{"id":99246,"date":"2024-10-02T19:38:49","date_gmt":"2024-10-02T19:38:49","guid":{"rendered":"https:\/\/elregionalvm.com.ar\/noticias-villa-maria\/?p=99246"},"modified":"2024-10-02T19:38:51","modified_gmt":"2024-10-02T19:38:51","slug":"ambiente-presento-el-protocolo-de-acciones-para-la-restauracion-ambiental-posfuego","status":"publish","type":"post","link":"https:\/\/elregionalvm.com.ar\/noticias-villa-maria\/ambiente-presento-el-protocolo-de-acciones-para-la-restauracion-ambiental-posfuego\/","title":{"rendered":"Ambiente present\u00f3 el protocolo de acciones para la Restauraci\u00f3n Ambiental posfuego"},"content":{"rendered":"\n<ul class=\"wp-block-list\">\n<li><strong>El informe detalla acciones a corto, mediano y largo plazo para restaurar los ecosistemas afectados por los incendios.<\/strong><\/li>\n<\/ul>\n\n\n\n<p>El Ministerio de Ambiente y Econom\u00eda Circular, a cargo de Victoria Flores, present\u00f3 una serie de medidas que apuntan a la restauraci\u00f3n ecol\u00f3gica de los ecosistemas afectados por los incendios recientes.<\/p>\n\n\n\n<p>El documento toma como referencia el protocolo elaborado por la Red REA \u2013 Nodo Centro, y entre sus ejes principales, incluye acciones que se deben evitar en el corto plazo, y aquellas estrategias que se proponen implementar para el mediano y largo plazo.<\/p>\n\n\n\n<p>A trav\u00e9s de esta iniciativa, la cartera ambiental apunta a aunar esfuerzos para contribuir al restablecimiento de la estructura y el funcionamiento natural de los espacios que han sido da\u00f1ados o destruidos por el fuego.<\/p>\n\n\n\n<p><strong>Dentro del corto plazo<\/strong>, hay una serie de intervenciones que est\u00e1n contraindicadas, con el principal motivo de permitir la cicatrizaci\u00f3n natural de las \u00e1reas: no ingresar caminando en grupos numerosos, ni con veh\u00edculos como todoterrenos, motos y bicicletas; no introducir ganado, ni remover restos de animales o \u00e1rboles muertos.<\/p>\n\n\n\n<p>Por otro lado<strong>, no se recomienda reforestar las \u00e1reas quemadas<\/strong>&nbsp;inmediatamente despu\u00e9s de haber ocurrido un incendio.<\/p>\n\n\n\n<p>El informe establece estrategias que s\u00ed se aconsejan para contribuir a la recuperaci\u00f3n natural de la vegetaci\u00f3n nativa, como cortar las plantas ex\u00f3ticas invasoras.<\/p>\n\n\n\n<p>Aqu\u00ed se sugiere planificar plantaciones de nativas en aquellos lugares cercanos a nuestras casas, en nuestro barrio, pueblos y ciudades. Esta medida, si bien no act\u00faa directamente en las zonas quemadas, es una acci\u00f3n que aporta a la recuperaci\u00f3n de la flora aut\u00f3ctona en el entorno cercano.<\/p>\n\n\n\n<p>Reci\u00e9n en el<strong>&nbsp;mediano y largo plazo<\/strong>&nbsp;(despu\u00e9s de los 10 a\u00f1os) se recomienda implementar acciones de conservaci\u00f3n y restauraci\u00f3n concretas, mediante la plantaci\u00f3n de especies aut\u00f3ctonas, que deben ser nativas de la ecorregi\u00f3n donde se va a plantar, para conservar la identidad y la gen\u00e9tica regional. Para esto, se tomar\u00e1 como referencia el ecosistema nativo m\u00e1s pr\u00f3ximo del sitio quemado.<\/p>\n\n\n\n<p>El documento tambi\u00e9n pone \u00e9nfasis en la implementaci\u00f3n de campa\u00f1as de educaci\u00f3n ambiental que generen instancias de intercambios de saberes y permitan brindar herramientas para involucrar a todos los actores sociales.<\/p>\n\n\n\n<p><strong>Se puede acceder al texto completo a trav\u00e9s del siguiente link:&nbsp;<a href=\"https:\/\/ambiente.cba.gov.ar\/wp-content\/uploads\/2024\/10\/PROTOCOLO-POSFUEGO.pdf\" target=\"_blank\" rel=\"noreferrer noopener\">Acciones para la Restauraci\u00f3n Ambiental posfuego<\/a><\/strong><\/p>\n\n\n\n<h3 class=\"wp-block-heading\"><strong>C\u00f3mo ayudar a la fauna silvestre<\/strong><\/h3>\n\n\n\n<p>Con respecto al cuidado de la fauna, el documento indica no molestar a los animales que se acercan a \u00e1reas urbanas y periurbanas luego de incendios; no atraparlos, ni dejarles comida. S\u00ed se puede dejarles agua, teniendo la precauci\u00f3n de que las mascotas no puedan acceder a ese bebedero.<\/p>\n\n\n\n<p>Es preferible intentar mantener a las mascotas dentro del hogar para que no ataquen a la fauna silvestre.<\/p>\n\n\n\n<p>Si encontr\u00e1s fauna da\u00f1ada por los incendios pod\u00e9s comunicarte inmediatamente con Polic\u00eda Ambiental al 0351 \u2013 4420924 (llamadas) o por WhatsApp 351-3108709 (lunes a viernes de 8 a 20 h y s\u00e1bado-domingo de 11 a 17 h). Tambi\u00e9n pod\u00e9s dar aviso a la Patrulla Ambiental de la Polic\u00eda de la Provincia al 0351- 4344163 (llamada).<\/p>\n","protected":false},"excerpt":{"rendered":"<p>El Ministerio de Ambiente y Econom\u00eda Circular, a cargo de Victoria Flores, present\u00f3 una serie de medidas que apuntan a la restauraci\u00f3n ecol\u00f3gica de los ecosistemas afectados por los incendios recientes. El documento toma como referencia el protocolo elaborado por la Red REA \u2013 Nodo Centro, y entre sus ejes principales, incluye acciones que se [&hellip;]<\/p>\n","protected":false},"author":4,"featured_media":99247,"comment_status":"open","ping_status":"open","sticky":false,"template":"","format":"standard","meta":{"site-sidebar-layout":"default","site-content-layout":"","ast-site-content-layout":"default","site-content-style":"default","site-sidebar-style":"default","ast-global-header-display":"","ast-banner-title-visibility":"","ast-main-header-display":"","ast-hfb-above-header-display":"","ast-hfb-below-header-display":"","ast-hfb-mobile-header-display":"","site-post-title":"","ast-breadcrumbs-content":"","ast-featured-img":"","footer-sml-layout":"","ast-disable-related-posts":"","theme-transparent-header-meta":"","adv-header-id-meta":"","stick-header-meta":"","header-above-stick-meta":"","header-main-stick-meta":"","header-below-stick-meta":"","astra-migrate-meta-layouts":"set","ast-page-background-enabled":"default","ast-page-background-meta":{"desktop":{"background-color":"","background-image":"","background-repeat":"repeat","background-position":"center center","background-size":"auto","background-attachment":"scroll","background-type":"","background-media":"","overlay-type":"","overlay-color":"","overlay-opacity":"","overlay-gradient":""},"tablet":{"background-color":"","background-image":"","background-repeat":"repeat","background-position":"center center","background-size":"auto","background-attachment":"scroll","background-type":"","background-media":"","overlay-type":"","overlay-color":"","overlay-opacity":"","overlay-gradient":""},"mobile":{"background-color":"","background-image":"","background-repeat":"repeat","background-position":"center center","background-size":"auto","background-attachment":"scroll","background-type":"","background-media":"","overlay-type":"","overlay-color":"","overlay-opacity":"","overlay-gradient":""}},"ast-content-background-meta":{"desktop":{"background-color":"var(--ast-global-color-5)","background-image":"","background-repeat":"repeat","background-position":"center center","background-size":"auto","background-attachment":"scroll","background-type":"","background-media":"","overlay-type":"","overlay-color":"","overlay-opacity":"","overlay-gradient":""},"tablet":{"background-color":"var(--ast-global-color-5)","background-image":"","background-repeat":"repeat","background-position":"center center","background-size":"auto","background-attachment":"scroll","background-type":"","background-media":"","overlay-type":"","overlay-color":"","overlay-opacity":"","overlay-gradient":""},"mobile":{"background-color":"var(--ast-global-color-5)","background-image":"","background-repeat":"repeat","background-position":"center center","background-size":"auto","background-attachment":"scroll","background-type":"","background-media":"","overlay-type":"","overlay-color":"","overlay-opacity":"","overlay-gradient":""}},"_jetpack_memberships_contains_paid_content":false,"_joinchat":[],"footnotes":""},"categories":[16095,5],"tags":[],"class_list":["post-99246","post","type-post","status-publish","format-standard","has-post-thumbnail","hentry","category-provinciales","category-sociedad"],"yoast_head":"<!-- This site is optimized with the Yoast SEO plugin v26.8 - https:\/\/yoast.com\/product\/yoast-seo-wordpress\/ -->\n<title>Ambiente present\u00f3 el protocolo de acciones para la Restauraci\u00f3n Ambiental posfuego - El Regional<\/title>\n<meta name=\"robots\" content=\"index, follow, max-snippet:-1, max-image-preview:large, max-video-preview:-1\" \/>\n<link rel=\"canonical\" href=\"https:\/\/elregionalvm.com.ar\/noticias-villa-maria\/ambiente-presento-el-protocolo-de-acciones-para-la-restauracion-ambiental-posfuego\/\" \/>\n<meta property=\"og:locale\" content=\"es_ES\" \/>\n<meta property=\"og:type\" content=\"article\" \/>\n<meta property=\"og:title\" content=\"Ambiente present\u00f3 el protocolo de acciones para la Restauraci\u00f3n Ambiental posfuego - El Regional\" \/>\n<meta property=\"og:description\" content=\"El Ministerio de Ambiente y Econom\u00eda Circular, a cargo de Victoria Flores, present\u00f3 una serie de medidas que apuntan a la restauraci\u00f3n ecol\u00f3gica de los ecosistemas afectados por los incendios recientes. El documento toma como referencia el protocolo elaborado por la Red REA \u2013 Nodo Centro, y entre sus ejes principales, incluye acciones que se [&hellip;]\" \/>\n<meta property=\"og:url\" content=\"https:\/\/elregionalvm.com.ar\/noticias-villa-maria\/ambiente-presento-el-protocolo-de-acciones-para-la-restauracion-ambiental-posfuego\/\" \/>\n<meta property=\"og:site_name\" content=\"El Regional\" \/>\n<meta property=\"article:publisher\" content=\"https:\/\/www.facebook.com\/elregionalvm\" \/>\n<meta property=\"article:published_time\" content=\"2024-10-02T19:38:49+00:00\" \/>\n<meta property=\"article:modified_time\" content=\"2024-10-02T19:38:51+00:00\" \/>\n<meta property=\"og:image\" content=\"https:\/\/elregionalvm.com.ar\/noticias-villa-maria\/wp-content\/uploads\/2024\/10\/DSC_4304-1024x683-1.jpg\" \/>\n\t<meta property=\"og:image:width\" content=\"1024\" \/>\n\t<meta property=\"og:image:height\" content=\"683\" \/>\n\t<meta property=\"og:image:type\" content=\"image\/jpeg\" \/>\n<meta name=\"author\" content=\"Contenidos El Regional\" \/>\n<meta name=\"twitter:card\" content=\"summary_large_image\" \/>\n<meta name=\"twitter:creator\" content=\"@elregionalvm1\" \/>\n<meta name=\"twitter:site\" content=\"@elregionalvm1\" \/>\n<meta name=\"twitter:label1\" content=\"Escrito por\" \/>\n\t<meta name=\"twitter:data1\" content=\"Contenidos El Regional\" \/>\n\t<meta name=\"twitter:label2\" content=\"Tiempo de lectura\" \/>\n\t<meta name=\"twitter:data2\" content=\"3 minutos\" \/>\n<script type=\"application\/ld+json\" class=\"yoast-schema-graph\">{\"@context\":\"https:\/\/schema.org\",\"@graph\":[{\"@type\":\"Article\",\"@id\":\"https:\/\/elregionalvm.com.ar\/noticias-villa-maria\/ambiente-presento-el-protocolo-de-acciones-para-la-restauracion-ambiental-posfuego\/#article\",\"isPartOf\":{\"@id\":\"https:\/\/elregionalvm.com.ar\/noticias-villa-maria\/ambiente-presento-el-protocolo-de-acciones-para-la-restauracion-ambiental-posfuego\/\"},\"author\":{\"name\":\"Contenidos El Regional\",\"@id\":\"http:\/\/elregionalvm.com.ar\/noticias-villa-maria\/#\/schema\/person\/a0fb9c422317faca23d50163151bc354\"},\"headline\":\"Ambiente present\u00f3 el protocolo de acciones para la Restauraci\u00f3n Ambiental posfuego\",\"datePublished\":\"2024-10-02T19:38:49+00:00\",\"dateModified\":\"2024-10-02T19:38:51+00:00\",\"mainEntityOfPage\":{\"@id\":\"https:\/\/elregionalvm.com.ar\/noticias-villa-maria\/ambiente-presento-el-protocolo-de-acciones-para-la-restauracion-ambiental-posfuego\/\"},\"wordCount\":550,\"commentCount\":0,\"image\":{\"@id\":\"https:\/\/elregionalvm.com.ar\/noticias-villa-maria\/ambiente-presento-el-protocolo-de-acciones-para-la-restauracion-ambiental-posfuego\/#primaryimage\"},\"thumbnailUrl\":\"https:\/\/i0.wp.com\/elregionalvm.com.ar\/noticias-villa-maria\/wp-content\/uploads\/2024\/10\/DSC_4304-1024x683-1.jpg?fit=1024%2C683&ssl=1\",\"articleSection\":[\"Provinciales\",\"Sociedad\"],\"inLanguage\":\"es\",\"potentialAction\":[{\"@type\":\"CommentAction\",\"name\":\"Comment\",\"target\":[\"https:\/\/elregionalvm.com.ar\/noticias-villa-maria\/ambiente-presento-el-protocolo-de-acciones-para-la-restauracion-ambiental-posfuego\/#respond\"]}]},{\"@type\":\"WebPage\",\"@id\":\"https:\/\/elregionalvm.com.ar\/noticias-villa-maria\/ambiente-presento-el-protocolo-de-acciones-para-la-restauracion-ambiental-posfuego\/\",\"url\":\"https:\/\/elregionalvm.com.ar\/noticias-villa-maria\/ambiente-presento-el-protocolo-de-acciones-para-la-restauracion-ambiental-posfuego\/\",\"name\":\"Ambiente present\u00f3 el protocolo de acciones para la Restauraci\u00f3n Ambiental posfuego - El Regional\",\"isPartOf\":{\"@id\":\"http:\/\/elregionalvm.com.ar\/noticias-villa-maria\/#website\"},\"primaryImageOfPage\":{\"@id\":\"https:\/\/elregionalvm.com.ar\/noticias-villa-maria\/ambiente-presento-el-protocolo-de-acciones-para-la-restauracion-ambiental-posfuego\/#primaryimage\"},\"image\":{\"@id\":\"https:\/\/elregionalvm.com.ar\/noticias-villa-maria\/ambiente-presento-el-protocolo-de-acciones-para-la-restauracion-ambiental-posfuego\/#primaryimage\"},\"thumbnailUrl\":\"https:\/\/i0.wp.com\/elregionalvm.com.ar\/noticias-villa-maria\/wp-content\/uploads\/2024\/10\/DSC_4304-1024x683-1.jpg?fit=1024%2C683&ssl=1\",\"datePublished\":\"2024-10-02T19:38:49+00:00\",\"dateModified\":\"2024-10-02T19:38:51+00:00\",\"author\":{\"@id\":\"http:\/\/elregionalvm.com.ar\/noticias-villa-maria\/#\/schema\/person\/a0fb9c422317faca23d50163151bc354\"},\"breadcrumb\":{\"@id\":\"https:\/\/elregionalvm.com.ar\/noticias-villa-maria\/ambiente-presento-el-protocolo-de-acciones-para-la-restauracion-ambiental-posfuego\/#breadcrumb\"},\"inLanguage\":\"es\",\"potentialAction\":[{\"@type\":\"ReadAction\",\"target\":[\"https:\/\/elregionalvm.com.ar\/noticias-villa-maria\/ambiente-presento-el-protocolo-de-acciones-para-la-restauracion-ambiental-posfuego\/\"]}]},{\"@type\":\"ImageObject\",\"inLanguage\":\"es\",\"@id\":\"https:\/\/elregionalvm.com.ar\/noticias-villa-maria\/ambiente-presento-el-protocolo-de-acciones-para-la-restauracion-ambiental-posfuego\/#primaryimage\",\"url\":\"https:\/\/i0.wp.com\/elregionalvm.com.ar\/noticias-villa-maria\/wp-content\/uploads\/2024\/10\/DSC_4304-1024x683-1.jpg?fit=1024%2C683&ssl=1\",\"contentUrl\":\"https:\/\/i0.wp.com\/elregionalvm.com.ar\/noticias-villa-maria\/wp-content\/uploads\/2024\/10\/DSC_4304-1024x683-1.jpg?fit=1024%2C683&ssl=1\",\"width\":1024,\"height\":683},{\"@type\":\"BreadcrumbList\",\"@id\":\"https:\/\/elregionalvm.com.ar\/noticias-villa-maria\/ambiente-presento-el-protocolo-de-acciones-para-la-restauracion-ambiental-posfuego\/#breadcrumb\",\"itemListElement\":[{\"@type\":\"ListItem\",\"position\":1,\"name\":\"Portada\",\"item\":\"https:\/\/elregionalvm.com.ar\/noticias-villa-maria\/\"},{\"@type\":\"ListItem\",\"position\":2,\"name\":\"Ambiente present\u00f3 el protocolo de acciones para la Restauraci\u00f3n Ambiental posfuego\"}]},{\"@type\":\"WebSite\",\"@id\":\"http:\/\/elregionalvm.com.ar\/noticias-villa-maria\/#website\",\"url\":\"http:\/\/elregionalvm.com.ar\/noticias-villa-maria\/\",\"name\":\"El Regional\",\"description\":\"Mucho m\u00e1s que informaci\u00f3n\",\"potentialAction\":[{\"@type\":\"SearchAction\",\"target\":{\"@type\":\"EntryPoint\",\"urlTemplate\":\"http:\/\/elregionalvm.com.ar\/noticias-villa-maria\/?s={search_term_string}\"},\"query-input\":{\"@type\":\"PropertyValueSpecification\",\"valueRequired\":true,\"valueName\":\"search_term_string\"}}],\"inLanguage\":\"es\"},{\"@type\":\"Person\",\"@id\":\"http:\/\/elregionalvm.com.ar\/noticias-villa-maria\/#\/schema\/person\/a0fb9c422317faca23d50163151bc354\",\"name\":\"Contenidos El Regional\",\"image\":{\"@type\":\"ImageObject\",\"inLanguage\":\"es\",\"@id\":\"http:\/\/elregionalvm.com.ar\/noticias-villa-maria\/#\/schema\/person\/image\/\",\"url\":\"https:\/\/secure.gravatar.com\/avatar\/265b27cb2209af7bb3a1318f03305787d7981a5cc6e6cd08fe5a4ecdf99d4b48?s=96&d=mm&r=g\",\"contentUrl\":\"https:\/\/secure.gravatar.com\/avatar\/265b27cb2209af7bb3a1318f03305787d7981a5cc6e6cd08fe5a4ecdf99d4b48?s=96&d=mm&r=g\",\"caption\":\"Contenidos El Regional\"},\"url\":\"https:\/\/elregionalvm.com.ar\/noticias-villa-maria\/author\/contenido\/\"}]}<\/script>\n<!-- \/ Yoast SEO plugin. -->","yoast_head_json":{"title":"Ambiente present\u00f3 el protocolo de acciones para la Restauraci\u00f3n Ambiental posfuego - El Regional","robots":{"index":"index","follow":"follow","max-snippet":"max-snippet:-1","max-image-preview":"max-image-preview:large","max-video-preview":"max-video-preview:-1"},"canonical":"https:\/\/elregionalvm.com.ar\/noticias-villa-maria\/ambiente-presento-el-protocolo-de-acciones-para-la-restauracion-ambiental-posfuego\/","og_locale":"es_ES","og_type":"article","og_title":"Ambiente present\u00f3 el protocolo de acciones para la Restauraci\u00f3n Ambiental posfuego - El Regional","og_description":"El Ministerio de Ambiente y Econom\u00eda Circular, a cargo de Victoria Flores, present\u00f3 una serie de medidas que apuntan a la restauraci\u00f3n ecol\u00f3gica de los ecosistemas afectados por los incendios recientes. El documento toma como referencia el protocolo elaborado por la Red REA \u2013 Nodo Centro, y entre sus ejes principales, incluye acciones que se [&hellip;]","og_url":"https:\/\/elregionalvm.com.ar\/noticias-villa-maria\/ambiente-presento-el-protocolo-de-acciones-para-la-restauracion-ambiental-posfuego\/","og_site_name":"El Regional","article_publisher":"https:\/\/www.facebook.com\/elregionalvm","article_published_time":"2024-10-02T19:38:49+00:00","article_modified_time":"2024-10-02T19:38:51+00:00","og_image":[{"width":1024,"height":683,"url":"https:\/\/elregionalvm.com.ar\/noticias-villa-maria\/wp-content\/uploads\/2024\/10\/DSC_4304-1024x683-1.jpg","type":"image\/jpeg"}],"author":"Contenidos El Regional","twitter_card":"summary_large_image","twitter_creator":"@elregionalvm1","twitter_site":"@elregionalvm1","twitter_misc":{"Escrito por":"Contenidos El Regional","Tiempo de lectura":"3 minutos"},"schema":{"@context":"https:\/\/schema.org","@graph":[{"@type":"Article","@id":"https:\/\/elregionalvm.com.ar\/noticias-villa-maria\/ambiente-presento-el-protocolo-de-acciones-para-la-restauracion-ambiental-posfuego\/#article","isPartOf":{"@id":"https:\/\/elregionalvm.com.ar\/noticias-villa-maria\/ambiente-presento-el-protocolo-de-acciones-para-la-restauracion-ambiental-posfuego\/"},"author":{"name":"Contenidos El Regional","@id":"http:\/\/elregionalvm.com.ar\/noticias-villa-maria\/#\/schema\/person\/a0fb9c422317faca23d50163151bc354"},"headline":"Ambiente present\u00f3 el protocolo de acciones para la Restauraci\u00f3n Ambiental posfuego","datePublished":"2024-10-02T19:38:49+00:00","dateModified":"2024-10-02T19:38:51+00:00","mainEntityOfPage":{"@id":"https:\/\/elregionalvm.com.ar\/noticias-villa-maria\/ambiente-presento-el-protocolo-de-acciones-para-la-restauracion-ambiental-posfuego\/"},"wordCount":550,"commentCount":0,"image":{"@id":"https:\/\/elregionalvm.com.ar\/noticias-villa-maria\/ambiente-presento-el-protocolo-de-acciones-para-la-restauracion-ambiental-posfuego\/#primaryimage"},"thumbnailUrl":"https:\/\/i0.wp.com\/elregionalvm.com.ar\/noticias-villa-maria\/wp-content\/uploads\/2024\/10\/DSC_4304-1024x683-1.jpg?fit=1024%2C683&ssl=1","articleSection":["Provinciales","Sociedad"],"inLanguage":"es","potentialAction":[{"@type":"CommentAction","name":"Comment","target":["https:\/\/elregionalvm.com.ar\/noticias-villa-maria\/ambiente-presento-el-protocolo-de-acciones-para-la-restauracion-ambiental-posfuego\/#respond"]}]},{"@type":"WebPage","@id":"https:\/\/elregionalvm.com.ar\/noticias-villa-maria\/ambiente-presento-el-protocolo-de-acciones-para-la-restauracion-ambiental-posfuego\/","url":"https:\/\/elregionalvm.com.ar\/noticias-villa-maria\/ambiente-presento-el-protocolo-de-acciones-para-la-restauracion-ambiental-posfuego\/","name":"Ambiente present\u00f3 el protocolo de acciones para la Restauraci\u00f3n Ambiental posfuego - El Regional","isPartOf":{"@id":"http:\/\/elregionalvm.com.ar\/noticias-villa-maria\/#website"},"primaryImageOfPage":{"@id":"https:\/\/elregionalvm.com.ar\/noticias-villa-maria\/ambiente-presento-el-protocolo-de-acciones-para-la-restauracion-ambiental-posfuego\/#primaryimage"},"image":{"@id":"https:\/\/elregionalvm.com.ar\/noticias-villa-maria\/ambiente-presento-el-protocolo-de-acciones-para-la-restauracion-ambiental-posfuego\/#primaryimage"},"thumbnailUrl":"https:\/\/i0.wp.com\/elregionalvm.com.ar\/noticias-villa-maria\/wp-content\/uploads\/2024\/10\/DSC_4304-1024x683-1.jpg?fit=1024%2C683&ssl=1","datePublished":"2024-10-02T19:38:49+00:00","dateModified":"2024-10-02T19:38:51+00:00","author":{"@id":"http:\/\/elregionalvm.com.ar\/noticias-villa-maria\/#\/schema\/person\/a0fb9c422317faca23d50163151bc354"},"breadcrumb":{"@id":"https:\/\/elregionalvm.com.ar\/noticias-villa-maria\/ambiente-presento-el-protocolo-de-acciones-para-la-restauracion-ambiental-posfuego\/#breadcrumb"},"inLanguage":"es","potentialAction":[{"@type":"ReadAction","target":["https:\/\/elregionalvm.com.ar\/noticias-villa-maria\/ambiente-presento-el-protocolo-de-acciones-para-la-restauracion-ambiental-posfuego\/"]}]},{"@type":"ImageObject","inLanguage":"es","@id":"https:\/\/elregionalvm.com.ar\/noticias-villa-maria\/ambiente-presento-el-protocolo-de-acciones-para-la-restauracion-ambiental-posfuego\/#primaryimage","url":"https:\/\/i0.wp.com\/elregionalvm.com.ar\/noticias-villa-maria\/wp-content\/uploads\/2024\/10\/DSC_4304-1024x683-1.jpg?fit=1024%2C683&ssl=1","contentUrl":"https:\/\/i0.wp.com\/elregionalvm.com.ar\/noticias-villa-maria\/wp-content\/uploads\/2024\/10\/DSC_4304-1024x683-1.jpg?fit=1024%2C683&ssl=1","width":1024,"height":683},{"@type":"BreadcrumbList","@id":"https:\/\/elregionalvm.com.ar\/noticias-villa-maria\/ambiente-presento-el-protocolo-de-acciones-para-la-restauracion-ambiental-posfuego\/#breadcrumb","itemListElement":[{"@type":"ListItem","position":1,"name":"Portada","item":"https:\/\/elregionalvm.com.ar\/noticias-villa-maria\/"},{"@type":"ListItem","position":2,"name":"Ambiente present\u00f3 el protocolo de acciones para la Restauraci\u00f3n Ambiental posfuego"}]},{"@type":"WebSite","@id":"http:\/\/elregionalvm.com.ar\/noticias-villa-maria\/#website","url":"http:\/\/elregionalvm.com.ar\/noticias-villa-maria\/","name":"El Regional","description":"Mucho m\u00e1s que informaci\u00f3n","potentialAction":[{"@type":"SearchAction","target":{"@type":"EntryPoint","urlTemplate":"http:\/\/elregionalvm.com.ar\/noticias-villa-maria\/?s={search_term_string}"},"query-input":{"@type":"PropertyValueSpecification","valueRequired":true,"valueName":"search_term_string"}}],"inLanguage":"es"},{"@type":"Person","@id":"http:\/\/elregionalvm.com.ar\/noticias-villa-maria\/#\/schema\/person\/a0fb9c422317faca23d50163151bc354","name":"Contenidos El Regional","image":{"@type":"ImageObject","inLanguage":"es","@id":"http:\/\/elregionalvm.com.ar\/noticias-villa-maria\/#\/schema\/person\/image\/","url":"https:\/\/secure.gravatar.com\/avatar\/265b27cb2209af7bb3a1318f03305787d7981a5cc6e6cd08fe5a4ecdf99d4b48?s=96&d=mm&r=g","contentUrl":"https:\/\/secure.gravatar.com\/avatar\/265b27cb2209af7bb3a1318f03305787d7981a5cc6e6cd08fe5a4ecdf99d4b48?s=96&d=mm&r=g","caption":"Contenidos El Regional"},"url":"https:\/\/elregionalvm.com.ar\/noticias-villa-maria\/author\/contenido\/"}]}},"jetpack_featured_media_url":"https:\/\/i0.wp.com\/elregionalvm.com.ar\/noticias-villa-maria\/wp-content\/uploads\/2024\/10\/DSC_4304-1024x683-1.jpg?fit=1024%2C683&ssl=1","jetpack_sharing_enabled":true,"_links":{"self":[{"href":"https:\/\/elregionalvm.com.ar\/noticias-villa-maria\/wp-json\/wp\/v2\/posts\/99246","targetHints":{"allow":["GET"]}}],"collection":[{"href":"https:\/\/elregionalvm.com.ar\/noticias-villa-maria\/wp-json\/wp\/v2\/posts"}],"about":[{"href":"https:\/\/elregionalvm.com.ar\/noticias-villa-maria\/wp-json\/wp\/v2\/types\/post"}],"author":[{"embeddable":true,"href":"https:\/\/elregionalvm.com.ar\/noticias-villa-maria\/wp-json\/wp\/v2\/users\/4"}],"replies":[{"embeddable":true,"href":"https:\/\/elregionalvm.com.ar\/noticias-villa-maria\/wp-json\/wp\/v2\/comments?post=99246"}],"version-history":[{"count":1,"href":"https:\/\/elregionalvm.com.ar\/noticias-villa-maria\/wp-json\/wp\/v2\/posts\/99246\/revisions"}],"predecessor-version":[{"id":99248,"href":"https:\/\/elregionalvm.com.ar\/noticias-villa-maria\/wp-json\/wp\/v2\/posts\/99246\/revisions\/99248"}],"wp:featuredmedia":[{"embeddable":true,"href":"https:\/\/elregionalvm.com.ar\/noticias-villa-maria\/wp-json\/wp\/v2\/media\/99247"}],"wp:attachment":[{"href":"https:\/\/elregionalvm.com.ar\/noticias-villa-maria\/wp-json\/wp\/v2\/media?parent=99246"}],"wp:term":[{"taxonomy":"category","embeddable":true,"href":"https:\/\/elregionalvm.com.ar\/noticias-villa-maria\/wp-json\/wp\/v2\/categories?post=99246"},{"taxonomy":"post_tag","embeddable":true,"href":"https:\/\/elregionalvm.com.ar\/noticias-villa-maria\/wp-json\/wp\/v2\/tags?post=99246"}],"curies":[{"name":"wp","href":"https:\/\/api.w.org\/{rel}","templated":true}]}}