{"id":99329,"date":"2024-10-04T15:40:22","date_gmt":"2024-10-04T15:40:22","guid":{"rendered":"https:\/\/elregionalvm.com.ar\/noticias-villa-maria\/?p=99329"},"modified":"2024-10-07T02:08:22","modified_gmt":"2024-10-07T02:08:22","slug":"accastello-acompana-el-impulso-y-la-competitividad-del-sector-lacteo-cordobes","status":"publish","type":"post","link":"https:\/\/elregionalvm.com.ar\/noticias-villa-maria\/accastello-acompana-el-impulso-y-la-competitividad-del-sector-lacteo-cordobes\/","title":{"rendered":"Accastello acompa\u00f1a el impulso y la competitividad del sector l\u00e1cteo cordob\u00e9s"},"content":{"rendered":"\n<p>La Municipalidad de Villa Mar\u00eda informa que el intendente Eduardo Accastello particip\u00f3 de la Mesa de Trabajo de Productores Lecheros, un taller clave para el desarrollo del Cl\u00faster L\u00e1cteo de C\u00f3rdoba.<\/p>\n\n\n\n<p>El encuentro, organizado bajo el lema \u00ab\u00a1Juntos, fortalezcamos el sector l\u00e1cteo cordob\u00e9s!\u00bb, reuni\u00f3 a empresarios y representantes de los Sistemas Productivos Lecheros de toda la provincia, con el objetivo de identificar coincidencias y necesidades estrat\u00e9gicas para la producci\u00f3n primaria de leche.<\/p>\n\n\n\n<figure class=\"wp-block-image size-large\"><img data-recalc-dims=\"1\" fetchpriority=\"high\" decoding=\"async\" width=\"1024\" height=\"682\" src=\"https:\/\/i0.wp.com\/elregionalvm.com.ar\/noticias-villa-maria\/wp-content\/uploads\/2024\/10\/WhatsApp-Image-2024-10-04-at-10.28.35-1.jpeg?resize=1024%2C682&#038;ssl=1\" alt=\"\" class=\"wp-image-99330\" srcset=\"https:\/\/i0.wp.com\/elregionalvm.com.ar\/noticias-villa-maria\/wp-content\/uploads\/2024\/10\/WhatsApp-Image-2024-10-04-at-10.28.35-1.jpeg?resize=1024%2C682&amp;ssl=1 1024w, https:\/\/i0.wp.com\/elregionalvm.com.ar\/noticias-villa-maria\/wp-content\/uploads\/2024\/10\/WhatsApp-Image-2024-10-04-at-10.28.35-1.jpeg?resize=300%2C200&amp;ssl=1 300w, https:\/\/i0.wp.com\/elregionalvm.com.ar\/noticias-villa-maria\/wp-content\/uploads\/2024\/10\/WhatsApp-Image-2024-10-04-at-10.28.35-1.jpeg?resize=768%2C512&amp;ssl=1 768w, https:\/\/i0.wp.com\/elregionalvm.com.ar\/noticias-villa-maria\/wp-content\/uploads\/2024\/10\/WhatsApp-Image-2024-10-04-at-10.28.35-1.jpeg?resize=1536%2C1023&amp;ssl=1 1536w, https:\/\/i0.wp.com\/elregionalvm.com.ar\/noticias-villa-maria\/wp-content\/uploads\/2024\/10\/WhatsApp-Image-2024-10-04-at-10.28.35-1.jpeg?w=1600&amp;ssl=1 1600w\" sizes=\"(max-width: 1000px) 100vw, 1000px\" \/><\/figure>\n\n\n\n<p>Durante el taller, que se llev\u00f3 a cabo en la Escuela Superior Integral de Lecher\u00eda (ESIL) y que estuvo encabezado por el presidente del FUNESIL, Alfredo Gadara, se resalt\u00f3 la importancia de construir una agenda de trabajo conjunta que impulse la competitividad de los tamberos y asegure el fortalecimiento del sector en el contexto del Cl\u00faster L\u00e1cteo de C\u00f3rdoba.<\/p>\n\n\n\n<p>Accastello, en su participaci\u00f3n, destac\u00f3 el valor del trabajo colaborativo para el crecimiento sostenido del sector y reafirm\u00f3 su compromiso con el desarrollo productivo local y regional.<\/p>\n\n\n\n<p>Este espacio de encuentro no solo busca resolver desaf\u00edos actuales, sino tambi\u00e9n fomentar el networking entre productores, promoviendo el intercambio de experiencias y la colaboraci\u00f3n para alcanzar objetivos comunes.<\/p>\n\n\n\n<p>\u00abLa voz de los productores es fundamental en la toma de decisiones que impactar\u00e1n en el futuro del sector l\u00e1cteo. Este tipo de iniciativas demuestran el poder del trabajo conjunto para seguir consolidando la competitividad de C\u00f3rdoba, y sobre todo, de nuestra regi\u00f3n\u00bb, expres\u00f3 Accastello al finalizar la jornada.<\/p>\n\n\n\n<p>El taller, de car\u00e1cter gratuito, forma parte de una serie de acciones impulsadas para fortalecer la cadena l\u00e1ctea, un sector clave en la econom\u00eda cordobesa. La iniciativa permiti\u00f3 trazar nuevas l\u00edneas de acci\u00f3n para mejorar la productividad y la sustentabilidad de los sistemas lecheros.<\/p>\n\n\n\n<p>Acompa\u00f1aron al Intendente el secretario de Econom\u00eda, Transformaci\u00f3n Digital y Desarrollo Productivo, Guillermo Pieckensteiner; el subsecretario de Desarrollo Productivo, Germ\u00e1n Tenedini y el director de Industria y Comercio del Municipio, Jos\u00e9 Ignacio Salom\u00f3n, entre otros.<\/p>\n","protected":false},"excerpt":{"rendered":"<p>La Municipalidad de Villa Mar\u00eda informa que el intendente Eduardo Accastello particip\u00f3 de la Mesa de Trabajo de Productores Lecheros, un taller clave para el desarrollo del Cl\u00faster L\u00e1cteo de C\u00f3rdoba. El encuentro, organizado bajo el lema \u00ab\u00a1Juntos, fortalezcamos el sector l\u00e1cteo cordob\u00e9s!\u00bb, reuni\u00f3 a empresarios y representantes de los Sistemas Productivos Lecheros de toda [&hellip;]<\/p>\n","protected":false},"author":4,"featured_media":99331,"comment_status":"open","ping_status":"open","sticky":false,"template":"","format":"standard","meta":{"site-sidebar-layout":"default","site-content-layout":"","ast-site-content-layout":"default","site-content-style":"default","site-sidebar-style":"default","ast-global-header-display":"","ast-banner-title-visibility":"","ast-main-header-display":"","ast-hfb-above-header-display":"","ast-hfb-below-header-display":"","ast-hfb-mobile-header-display":"","site-post-title":"","ast-breadcrumbs-content":"","ast-featured-img":"","footer-sml-layout":"","ast-disable-related-posts":"","theme-transparent-header-meta":"","adv-header-id-meta":"","stick-header-meta":"","header-above-stick-meta":"","header-main-stick-meta":"","header-below-stick-meta":"","astra-migrate-meta-layouts":"set","ast-page-background-enabled":"default","ast-page-background-meta":{"desktop":{"background-color":"","background-image":"","background-repeat":"repeat","background-position":"center center","background-size":"auto","background-attachment":"scroll","background-type":"","background-media":"","overlay-type":"","overlay-color":"","overlay-opacity":"","overlay-gradient":""},"tablet":{"background-color":"","background-image":"","background-repeat":"repeat","background-position":"center center","background-size":"auto","background-attachment":"scroll","background-type":"","background-media":"","overlay-type":"","overlay-color":"","overlay-opacity":"","overlay-gradient":""},"mobile":{"background-color":"","background-image":"","background-repeat":"repeat","background-position":"center center","background-size":"auto","background-attachment":"scroll","background-type":"","background-media":"","overlay-type":"","overlay-color":"","overlay-opacity":"","overlay-gradient":""}},"ast-content-background-meta":{"desktop":{"background-color":"var(--ast-global-color-5)","background-image":"","background-repeat":"repeat","background-position":"center center","background-size":"auto","background-attachment":"scroll","background-type":"","background-media":"","overlay-type":"","overlay-color":"","overlay-opacity":"","overlay-gradient":""},"tablet":{"background-color":"var(--ast-global-color-5)","background-image":"","background-repeat":"repeat","background-position":"center center","background-size":"auto","background-attachment":"scroll","background-type":"","background-media":"","overlay-type":"","overlay-color":"","overlay-opacity":"","overlay-gradient":""},"mobile":{"background-color":"var(--ast-global-color-5)","background-image":"","background-repeat":"repeat","background-position":"center center","background-size":"auto","background-attachment":"scroll","background-type":"","background-media":"","overlay-type":"","overlay-color":"","overlay-opacity":"","overlay-gradient":""}},"_jetpack_memberships_contains_paid_content":false,"_joinchat":[],"footnotes":""},"categories":[16095,5,2],"tags":[],"class_list":["post-99329","post","type-post","status-publish","format-standard","has-post-thumbnail","hentry","category-provinciales","category-sociedad","category-villa-maria"],"yoast_head":"<!-- This site is optimized with the Yoast SEO plugin v26.8 - https:\/\/yoast.com\/product\/yoast-seo-wordpress\/ -->\n<title>Accastello acompa\u00f1a el impulso y la competitividad del sector l\u00e1cteo cordob\u00e9s - El Regional<\/title>\n<meta name=\"robots\" content=\"index, follow, max-snippet:-1, max-image-preview:large, max-video-preview:-1\" \/>\n<link rel=\"canonical\" href=\"https:\/\/elregionalvm.com.ar\/noticias-villa-maria\/accastello-acompana-el-impulso-y-la-competitividad-del-sector-lacteo-cordobes\/\" \/>\n<meta property=\"og:locale\" content=\"es_ES\" \/>\n<meta property=\"og:type\" content=\"article\" \/>\n<meta property=\"og:title\" content=\"Accastello acompa\u00f1a el impulso y la competitividad del sector l\u00e1cteo cordob\u00e9s - El Regional\" \/>\n<meta property=\"og:description\" content=\"La Municipalidad de Villa Mar\u00eda informa que el intendente Eduardo Accastello particip\u00f3 de la Mesa de Trabajo de Productores Lecheros, un taller clave para el desarrollo del Cl\u00faster L\u00e1cteo de C\u00f3rdoba. El encuentro, organizado bajo el lema \u00ab\u00a1Juntos, fortalezcamos el sector l\u00e1cteo cordob\u00e9s!\u00bb, reuni\u00f3 a empresarios y representantes de los Sistemas Productivos Lecheros de toda [&hellip;]\" \/>\n<meta property=\"og:url\" content=\"https:\/\/elregionalvm.com.ar\/noticias-villa-maria\/accastello-acompana-el-impulso-y-la-competitividad-del-sector-lacteo-cordobes\/\" \/>\n<meta property=\"og:site_name\" content=\"El Regional\" \/>\n<meta property=\"article:publisher\" content=\"https:\/\/www.facebook.com\/elregionalvm\" \/>\n<meta property=\"article:published_time\" content=\"2024-10-04T15:40:22+00:00\" \/>\n<meta property=\"article:modified_time\" content=\"2024-10-07T02:08:22+00:00\" \/>\n<meta property=\"og:image\" content=\"https:\/\/elregionalvm.com.ar\/noticias-villa-maria\/wp-content\/uploads\/2024\/10\/WhatsApp-Image-2024-10-04-at-10.28.35.jpeg\" \/>\n\t<meta property=\"og:image:width\" content=\"1600\" \/>\n\t<meta property=\"og:image:height\" content=\"1066\" \/>\n\t<meta property=\"og:image:type\" content=\"image\/jpeg\" \/>\n<meta name=\"author\" content=\"Contenidos El Regional\" \/>\n<meta name=\"twitter:card\" content=\"summary_large_image\" \/>\n<meta name=\"twitter:creator\" content=\"@elregionalvm1\" \/>\n<meta name=\"twitter:site\" content=\"@elregionalvm1\" \/>\n<meta name=\"twitter:label1\" content=\"Escrito por\" \/>\n\t<meta name=\"twitter:data1\" content=\"Contenidos El Regional\" \/>\n\t<meta name=\"twitter:label2\" content=\"Tiempo de lectura\" \/>\n\t<meta name=\"twitter:data2\" content=\"2 minutos\" \/>\n<script type=\"application\/ld+json\" class=\"yoast-schema-graph\">{\"@context\":\"https:\/\/schema.org\",\"@graph\":[{\"@type\":\"Article\",\"@id\":\"https:\/\/elregionalvm.com.ar\/noticias-villa-maria\/accastello-acompana-el-impulso-y-la-competitividad-del-sector-lacteo-cordobes\/#article\",\"isPartOf\":{\"@id\":\"https:\/\/elregionalvm.com.ar\/noticias-villa-maria\/accastello-acompana-el-impulso-y-la-competitividad-del-sector-lacteo-cordobes\/\"},\"author\":{\"name\":\"Contenidos El Regional\",\"@id\":\"http:\/\/elregionalvm.com.ar\/noticias-villa-maria\/#\/schema\/person\/a0fb9c422317faca23d50163151bc354\"},\"headline\":\"Accastello acompa\u00f1a el impulso y la competitividad del sector l\u00e1cteo cordob\u00e9s\",\"datePublished\":\"2024-10-04T15:40:22+00:00\",\"dateModified\":\"2024-10-07T02:08:22+00:00\",\"mainEntityOfPage\":{\"@id\":\"https:\/\/elregionalvm.com.ar\/noticias-villa-maria\/accastello-acompana-el-impulso-y-la-competitividad-del-sector-lacteo-cordobes\/\"},\"wordCount\":359,\"commentCount\":0,\"image\":{\"@id\":\"https:\/\/elregionalvm.com.ar\/noticias-villa-maria\/accastello-acompana-el-impulso-y-la-competitividad-del-sector-lacteo-cordobes\/#primaryimage\"},\"thumbnailUrl\":\"https:\/\/i0.wp.com\/elregionalvm.com.ar\/noticias-villa-maria\/wp-content\/uploads\/2024\/10\/WhatsApp-Image-2024-10-04-at-10.28.35.jpeg?fit=1600%2C1066&ssl=1\",\"articleSection\":[\"Provinciales\",\"Sociedad\",\"Villa Mar\u00eda\"],\"inLanguage\":\"es\",\"potentialAction\":[{\"@type\":\"CommentAction\",\"name\":\"Comment\",\"target\":[\"https:\/\/elregionalvm.com.ar\/noticias-villa-maria\/accastello-acompana-el-impulso-y-la-competitividad-del-sector-lacteo-cordobes\/#respond\"]}]},{\"@type\":\"WebPage\",\"@id\":\"https:\/\/elregionalvm.com.ar\/noticias-villa-maria\/accastello-acompana-el-impulso-y-la-competitividad-del-sector-lacteo-cordobes\/\",\"url\":\"https:\/\/elregionalvm.com.ar\/noticias-villa-maria\/accastello-acompana-el-impulso-y-la-competitividad-del-sector-lacteo-cordobes\/\",\"name\":\"Accastello acompa\u00f1a el impulso y la competitividad del sector l\u00e1cteo cordob\u00e9s - El Regional\",\"isPartOf\":{\"@id\":\"http:\/\/elregionalvm.com.ar\/noticias-villa-maria\/#website\"},\"primaryImageOfPage\":{\"@id\":\"https:\/\/elregionalvm.com.ar\/noticias-villa-maria\/accastello-acompana-el-impulso-y-la-competitividad-del-sector-lacteo-cordobes\/#primaryimage\"},\"image\":{\"@id\":\"https:\/\/elregionalvm.com.ar\/noticias-villa-maria\/accastello-acompana-el-impulso-y-la-competitividad-del-sector-lacteo-cordobes\/#primaryimage\"},\"thumbnailUrl\":\"https:\/\/i0.wp.com\/elregionalvm.com.ar\/noticias-villa-maria\/wp-content\/uploads\/2024\/10\/WhatsApp-Image-2024-10-04-at-10.28.35.jpeg?fit=1600%2C1066&ssl=1\",\"datePublished\":\"2024-10-04T15:40:22+00:00\",\"dateModified\":\"2024-10-07T02:08:22+00:00\",\"author\":{\"@id\":\"http:\/\/elregionalvm.com.ar\/noticias-villa-maria\/#\/schema\/person\/a0fb9c422317faca23d50163151bc354\"},\"breadcrumb\":{\"@id\":\"https:\/\/elregionalvm.com.ar\/noticias-villa-maria\/accastello-acompana-el-impulso-y-la-competitividad-del-sector-lacteo-cordobes\/#breadcrumb\"},\"inLanguage\":\"es\",\"potentialAction\":[{\"@type\":\"ReadAction\",\"target\":[\"https:\/\/elregionalvm.com.ar\/noticias-villa-maria\/accastello-acompana-el-impulso-y-la-competitividad-del-sector-lacteo-cordobes\/\"]}]},{\"@type\":\"ImageObject\",\"inLanguage\":\"es\",\"@id\":\"https:\/\/elregionalvm.com.ar\/noticias-villa-maria\/accastello-acompana-el-impulso-y-la-competitividad-del-sector-lacteo-cordobes\/#primaryimage\",\"url\":\"https:\/\/i0.wp.com\/elregionalvm.com.ar\/noticias-villa-maria\/wp-content\/uploads\/2024\/10\/WhatsApp-Image-2024-10-04-at-10.28.35.jpeg?fit=1600%2C1066&ssl=1\",\"contentUrl\":\"https:\/\/i0.wp.com\/elregionalvm.com.ar\/noticias-villa-maria\/wp-content\/uploads\/2024\/10\/WhatsApp-Image-2024-10-04-at-10.28.35.jpeg?fit=1600%2C1066&ssl=1\",\"width\":1600,\"height\":1066},{\"@type\":\"BreadcrumbList\",\"@id\":\"https:\/\/elregionalvm.com.ar\/noticias-villa-maria\/accastello-acompana-el-impulso-y-la-competitividad-del-sector-lacteo-cordobes\/#breadcrumb\",\"itemListElement\":[{\"@type\":\"ListItem\",\"position\":1,\"name\":\"Portada\",\"item\":\"https:\/\/elregionalvm.com.ar\/noticias-villa-maria\/\"},{\"@type\":\"ListItem\",\"position\":2,\"name\":\"Accastello acompa\u00f1a el impulso y la competitividad del sector l\u00e1cteo cordob\u00e9s\"}]},{\"@type\":\"WebSite\",\"@id\":\"http:\/\/elregionalvm.com.ar\/noticias-villa-maria\/#website\",\"url\":\"http:\/\/elregionalvm.com.ar\/noticias-villa-maria\/\",\"name\":\"El Regional\",\"description\":\"Mucho m\u00e1s que informaci\u00f3n\",\"potentialAction\":[{\"@type\":\"SearchAction\",\"target\":{\"@type\":\"EntryPoint\",\"urlTemplate\":\"http:\/\/elregionalvm.com.ar\/noticias-villa-maria\/?s={search_term_string}\"},\"query-input\":{\"@type\":\"PropertyValueSpecification\",\"valueRequired\":true,\"valueName\":\"search_term_string\"}}],\"inLanguage\":\"es\"},{\"@type\":\"Person\",\"@id\":\"http:\/\/elregionalvm.com.ar\/noticias-villa-maria\/#\/schema\/person\/a0fb9c422317faca23d50163151bc354\",\"name\":\"Contenidos El Regional\",\"image\":{\"@type\":\"ImageObject\",\"inLanguage\":\"es\",\"@id\":\"http:\/\/elregionalvm.com.ar\/noticias-villa-maria\/#\/schema\/person\/image\/\",\"url\":\"https:\/\/secure.gravatar.com\/avatar\/265b27cb2209af7bb3a1318f03305787d7981a5cc6e6cd08fe5a4ecdf99d4b48?s=96&d=mm&r=g\",\"contentUrl\":\"https:\/\/secure.gravatar.com\/avatar\/265b27cb2209af7bb3a1318f03305787d7981a5cc6e6cd08fe5a4ecdf99d4b48?s=96&d=mm&r=g\",\"caption\":\"Contenidos El Regional\"},\"url\":\"https:\/\/elregionalvm.com.ar\/noticias-villa-maria\/author\/contenido\/\"}]}<\/script>\n<!-- \/ Yoast SEO plugin. -->","yoast_head_json":{"title":"Accastello acompa\u00f1a el impulso y la competitividad del sector l\u00e1cteo cordob\u00e9s - El Regional","robots":{"index":"index","follow":"follow","max-snippet":"max-snippet:-1","max-image-preview":"max-image-preview:large","max-video-preview":"max-video-preview:-1"},"canonical":"https:\/\/elregionalvm.com.ar\/noticias-villa-maria\/accastello-acompana-el-impulso-y-la-competitividad-del-sector-lacteo-cordobes\/","og_locale":"es_ES","og_type":"article","og_title":"Accastello acompa\u00f1a el impulso y la competitividad del sector l\u00e1cteo cordob\u00e9s - El Regional","og_description":"La Municipalidad de Villa Mar\u00eda informa que el intendente Eduardo Accastello particip\u00f3 de la Mesa de Trabajo de Productores Lecheros, un taller clave para el desarrollo del Cl\u00faster L\u00e1cteo de C\u00f3rdoba. El encuentro, organizado bajo el lema \u00ab\u00a1Juntos, fortalezcamos el sector l\u00e1cteo cordob\u00e9s!\u00bb, reuni\u00f3 a empresarios y representantes de los Sistemas Productivos Lecheros de toda [&hellip;]","og_url":"https:\/\/elregionalvm.com.ar\/noticias-villa-maria\/accastello-acompana-el-impulso-y-la-competitividad-del-sector-lacteo-cordobes\/","og_site_name":"El Regional","article_publisher":"https:\/\/www.facebook.com\/elregionalvm","article_published_time":"2024-10-04T15:40:22+00:00","article_modified_time":"2024-10-07T02:08:22+00:00","og_image":[{"width":1600,"height":1066,"url":"https:\/\/elregionalvm.com.ar\/noticias-villa-maria\/wp-content\/uploads\/2024\/10\/WhatsApp-Image-2024-10-04-at-10.28.35.jpeg","type":"image\/jpeg"}],"author":"Contenidos El Regional","twitter_card":"summary_large_image","twitter_creator":"@elregionalvm1","twitter_site":"@elregionalvm1","twitter_misc":{"Escrito por":"Contenidos El Regional","Tiempo de lectura":"2 minutos"},"schema":{"@context":"https:\/\/schema.org","@graph":[{"@type":"Article","@id":"https:\/\/elregionalvm.com.ar\/noticias-villa-maria\/accastello-acompana-el-impulso-y-la-competitividad-del-sector-lacteo-cordobes\/#article","isPartOf":{"@id":"https:\/\/elregionalvm.com.ar\/noticias-villa-maria\/accastello-acompana-el-impulso-y-la-competitividad-del-sector-lacteo-cordobes\/"},"author":{"name":"Contenidos El Regional","@id":"http:\/\/elregionalvm.com.ar\/noticias-villa-maria\/#\/schema\/person\/a0fb9c422317faca23d50163151bc354"},"headline":"Accastello acompa\u00f1a el impulso y la competitividad del sector l\u00e1cteo cordob\u00e9s","datePublished":"2024-10-04T15:40:22+00:00","dateModified":"2024-10-07T02:08:22+00:00","mainEntityOfPage":{"@id":"https:\/\/elregionalvm.com.ar\/noticias-villa-maria\/accastello-acompana-el-impulso-y-la-competitividad-del-sector-lacteo-cordobes\/"},"wordCount":359,"commentCount":0,"image":{"@id":"https:\/\/elregionalvm.com.ar\/noticias-villa-maria\/accastello-acompana-el-impulso-y-la-competitividad-del-sector-lacteo-cordobes\/#primaryimage"},"thumbnailUrl":"https:\/\/i0.wp.com\/elregionalvm.com.ar\/noticias-villa-maria\/wp-content\/uploads\/2024\/10\/WhatsApp-Image-2024-10-04-at-10.28.35.jpeg?fit=1600%2C1066&ssl=1","articleSection":["Provinciales","Sociedad","Villa Mar\u00eda"],"inLanguage":"es","potentialAction":[{"@type":"CommentAction","name":"Comment","target":["https:\/\/elregionalvm.com.ar\/noticias-villa-maria\/accastello-acompana-el-impulso-y-la-competitividad-del-sector-lacteo-cordobes\/#respond"]}]},{"@type":"WebPage","@id":"https:\/\/elregionalvm.com.ar\/noticias-villa-maria\/accastello-acompana-el-impulso-y-la-competitividad-del-sector-lacteo-cordobes\/","url":"https:\/\/elregionalvm.com.ar\/noticias-villa-maria\/accastello-acompana-el-impulso-y-la-competitividad-del-sector-lacteo-cordobes\/","name":"Accastello acompa\u00f1a el impulso y la competitividad del sector l\u00e1cteo cordob\u00e9s - El Regional","isPartOf":{"@id":"http:\/\/elregionalvm.com.ar\/noticias-villa-maria\/#website"},"primaryImageOfPage":{"@id":"https:\/\/elregionalvm.com.ar\/noticias-villa-maria\/accastello-acompana-el-impulso-y-la-competitividad-del-sector-lacteo-cordobes\/#primaryimage"},"image":{"@id":"https:\/\/elregionalvm.com.ar\/noticias-villa-maria\/accastello-acompana-el-impulso-y-la-competitividad-del-sector-lacteo-cordobes\/#primaryimage"},"thumbnailUrl":"https:\/\/i0.wp.com\/elregionalvm.com.ar\/noticias-villa-maria\/wp-content\/uploads\/2024\/10\/WhatsApp-Image-2024-10-04-at-10.28.35.jpeg?fit=1600%2C1066&ssl=1","datePublished":"2024-10-04T15:40:22+00:00","dateModified":"2024-10-07T02:08:22+00:00","author":{"@id":"http:\/\/elregionalvm.com.ar\/noticias-villa-maria\/#\/schema\/person\/a0fb9c422317faca23d50163151bc354"},"breadcrumb":{"@id":"https:\/\/elregionalvm.com.ar\/noticias-villa-maria\/accastello-acompana-el-impulso-y-la-competitividad-del-sector-lacteo-cordobes\/#breadcrumb"},"inLanguage":"es","potentialAction":[{"@type":"ReadAction","target":["https:\/\/elregionalvm.com.ar\/noticias-villa-maria\/accastello-acompana-el-impulso-y-la-competitividad-del-sector-lacteo-cordobes\/"]}]},{"@type":"ImageObject","inLanguage":"es","@id":"https:\/\/elregionalvm.com.ar\/noticias-villa-maria\/accastello-acompana-el-impulso-y-la-competitividad-del-sector-lacteo-cordobes\/#primaryimage","url":"https:\/\/i0.wp.com\/elregionalvm.com.ar\/noticias-villa-maria\/wp-content\/uploads\/2024\/10\/WhatsApp-Image-2024-10-04-at-10.28.35.jpeg?fit=1600%2C1066&ssl=1","contentUrl":"https:\/\/i0.wp.com\/elregionalvm.com.ar\/noticias-villa-maria\/wp-content\/uploads\/2024\/10\/WhatsApp-Image-2024-10-04-at-10.28.35.jpeg?fit=1600%2C1066&ssl=1","width":1600,"height":1066},{"@type":"BreadcrumbList","@id":"https:\/\/elregionalvm.com.ar\/noticias-villa-maria\/accastello-acompana-el-impulso-y-la-competitividad-del-sector-lacteo-cordobes\/#breadcrumb","itemListElement":[{"@type":"ListItem","position":1,"name":"Portada","item":"https:\/\/elregionalvm.com.ar\/noticias-villa-maria\/"},{"@type":"ListItem","position":2,"name":"Accastello acompa\u00f1a el impulso y la competitividad del sector l\u00e1cteo cordob\u00e9s"}]},{"@type":"WebSite","@id":"http:\/\/elregionalvm.com.ar\/noticias-villa-maria\/#website","url":"http:\/\/elregionalvm.com.ar\/noticias-villa-maria\/","name":"El Regional","description":"Mucho m\u00e1s que informaci\u00f3n","potentialAction":[{"@type":"SearchAction","target":{"@type":"EntryPoint","urlTemplate":"http:\/\/elregionalvm.com.ar\/noticias-villa-maria\/?s={search_term_string}"},"query-input":{"@type":"PropertyValueSpecification","valueRequired":true,"valueName":"search_term_string"}}],"inLanguage":"es"},{"@type":"Person","@id":"http:\/\/elregionalvm.com.ar\/noticias-villa-maria\/#\/schema\/person\/a0fb9c422317faca23d50163151bc354","name":"Contenidos El Regional","image":{"@type":"ImageObject","inLanguage":"es","@id":"http:\/\/elregionalvm.com.ar\/noticias-villa-maria\/#\/schema\/person\/image\/","url":"https:\/\/secure.gravatar.com\/avatar\/265b27cb2209af7bb3a1318f03305787d7981a5cc6e6cd08fe5a4ecdf99d4b48?s=96&d=mm&r=g","contentUrl":"https:\/\/secure.gravatar.com\/avatar\/265b27cb2209af7bb3a1318f03305787d7981a5cc6e6cd08fe5a4ecdf99d4b48?s=96&d=mm&r=g","caption":"Contenidos El Regional"},"url":"https:\/\/elregionalvm.com.ar\/noticias-villa-maria\/author\/contenido\/"}]}},"jetpack_featured_media_url":"https:\/\/i0.wp.com\/elregionalvm.com.ar\/noticias-villa-maria\/wp-content\/uploads\/2024\/10\/WhatsApp-Image-2024-10-04-at-10.28.35.jpeg?fit=1600%2C1066&ssl=1","jetpack_sharing_enabled":true,"_links":{"self":[{"href":"https:\/\/elregionalvm.com.ar\/noticias-villa-maria\/wp-json\/wp\/v2\/posts\/99329","targetHints":{"allow":["GET"]}}],"collection":[{"href":"https:\/\/elregionalvm.com.ar\/noticias-villa-maria\/wp-json\/wp\/v2\/posts"}],"about":[{"href":"https:\/\/elregionalvm.com.ar\/noticias-villa-maria\/wp-json\/wp\/v2\/types\/post"}],"author":[{"embeddable":true,"href":"https:\/\/elregionalvm.com.ar\/noticias-villa-maria\/wp-json\/wp\/v2\/users\/4"}],"replies":[{"embeddable":true,"href":"https:\/\/elregionalvm.com.ar\/noticias-villa-maria\/wp-json\/wp\/v2\/comments?post=99329"}],"version-history":[{"count":1,"href":"https:\/\/elregionalvm.com.ar\/noticias-villa-maria\/wp-json\/wp\/v2\/posts\/99329\/revisions"}],"predecessor-version":[{"id":99332,"href":"https:\/\/elregionalvm.com.ar\/noticias-villa-maria\/wp-json\/wp\/v2\/posts\/99329\/revisions\/99332"}],"wp:featuredmedia":[{"embeddable":true,"href":"https:\/\/elregionalvm.com.ar\/noticias-villa-maria\/wp-json\/wp\/v2\/media\/99331"}],"wp:attachment":[{"href":"https:\/\/elregionalvm.com.ar\/noticias-villa-maria\/wp-json\/wp\/v2\/media?parent=99329"}],"wp:term":[{"taxonomy":"category","embeddable":true,"href":"https:\/\/elregionalvm.com.ar\/noticias-villa-maria\/wp-json\/wp\/v2\/categories?post=99329"},{"taxonomy":"post_tag","embeddable":true,"href":"https:\/\/elregionalvm.com.ar\/noticias-villa-maria\/wp-json\/wp\/v2\/tags?post=99329"}],"curies":[{"name":"wp","href":"https:\/\/api.w.org\/{rel}","templated":true}]}}