{"id":99401,"date":"2024-10-07T22:15:30","date_gmt":"2024-10-07T22:15:30","guid":{"rendered":"https:\/\/elregionalvm.com.ar\/noticias-villa-maria\/?p=99401"},"modified":"2024-10-07T22:15:31","modified_gmt":"2024-10-07T22:15:31","slug":"barrio-botta-un-joven-de-17-anos-detenido-por-el-homicidio-a-su-cunado-luego-de-una-discusion-familiar","status":"publish","type":"post","link":"https:\/\/elregionalvm.com.ar\/noticias-villa-maria\/barrio-botta-un-joven-de-17-anos-detenido-por-el-homicidio-a-su-cunado-luego-de-una-discusion-familiar\/","title":{"rendered":"Barrio Botta: un joven de 17 a\u00f1os detenido por el homicidio a su cu\u00f1ado, luego de una discusi\u00f3n familiar"},"content":{"rendered":"\n<p>Siendo aproximadamente las 16:00 horas de la fecha, personal policial de la Divisi\u00f3n Investigaciones de esta Unidad Departamental| con la colaboraci\u00f3n del personal policial de la Patrulla Preventiva, realizaron un Operativo de B\u00fasqueda de quien resultar\u00eda sindicado como presunto autor del Homicidio acaecido en horas del medio dia de la fecha en B\u00b0 Botta de esta ciudad de Villa Mar\u00eda.<\/p>\n\n\n\n<p>El procedimiento policial fue supervisado y fiscalizado por la Magistrada interviniente, ya que luego de realizar una ardua tarea investigativa, los efectivos policiales obtuvieron finalmente resultado positivo, procediendo a materializar la detenci\u00f3n de un joven de 17 a\u00f1os de edad por supuesto autor del delito de \u201cHomicidio\u201d, el cual habr\u00eda ocasionado la muerte de quien ser\u00eda su cu\u00f1ado, un hombre de 35 a\u00f1os a\u00f1os de edad, luego de una discusi\u00f3n familiar. <\/p>\n\n\n\n<p>Atento a la complejidad del hecho ocurrido, personal de polic\u00eda cient\u00edfica se constituy\u00f3 en lugar del hecho, realiz\u00f3 un minucioso trabajo de relevamiento del lugar y resguardo del material probatorio para el esclarecimiento del hecho delictivo.<\/p>\n\n\n\n<p>Se labran actuaciones a disposici\u00f3n de la Fiscal\u00eda de Instrucci\u00f3n de Segundo Turno a cargo de la Dra. Juliana Companys, Sec. Dra. M. Florencia Botolussi quien debido a la edad de supuesto autor del hecho solicit\u00f3 la correspondiente Detenci\u00f3n del adolescente al Juzgado de Juventud, Ni\u00f1ez, Familia, Penal Juvenil quien oportunamente le hizo lugar al pedido y orden\u00f3 el traslado al Complejo Esperanza, previo anoticiar a la Senaf, a los fines que se adopten medidas de protecci\u00f3n en relaci\u00f3n al adolescente involucrado. <\/p>\n\n\n\n<p>Cabe destacar que la investigaci\u00f3n ser\u00e1 instruida en este caso por parte de la Fiscalia de 2\u00b0 Turno atento a tratarse de menor imputable.<\/p>\n","protected":false},"excerpt":{"rendered":"<p>Siendo aproximadamente las 16:00 horas de la fecha, personal policial de la Divisi\u00f3n Investigaciones de esta Unidad Departamental| con la colaboraci\u00f3n del personal policial de la Patrulla Preventiva, realizaron un Operativo de B\u00fasqueda de quien resultar\u00eda sindicado como presunto autor del Homicidio acaecido en horas del medio dia de la fecha en B\u00b0 Botta de [&hellip;]<\/p>\n","protected":false},"author":4,"featured_media":99402,"comment_status":"open","ping_status":"open","sticky":false,"template":"","format":"standard","meta":{"site-sidebar-layout":"default","site-content-layout":"","ast-site-content-layout":"default","site-content-style":"default","site-sidebar-style":"default","ast-global-header-display":"","ast-banner-title-visibility":"","ast-main-header-display":"","ast-hfb-above-header-display":"","ast-hfb-below-header-display":"","ast-hfb-mobile-header-display":"","site-post-title":"","ast-breadcrumbs-content":"","ast-featured-img":"","footer-sml-layout":"","ast-disable-related-posts":"","theme-transparent-header-meta":"","adv-header-id-meta":"","stick-header-meta":"","header-above-stick-meta":"","header-main-stick-meta":"","header-below-stick-meta":"","astra-migrate-meta-layouts":"set","ast-page-background-enabled":"default","ast-page-background-meta":{"desktop":{"background-color":"","background-image":"","background-repeat":"repeat","background-position":"center center","background-size":"auto","background-attachment":"scroll","background-type":"","background-media":"","overlay-type":"","overlay-color":"","overlay-opacity":"","overlay-gradient":""},"tablet":{"background-color":"","background-image":"","background-repeat":"repeat","background-position":"center center","background-size":"auto","background-attachment":"scroll","background-type":"","background-media":"","overlay-type":"","overlay-color":"","overlay-opacity":"","overlay-gradient":""},"mobile":{"background-color":"","background-image":"","background-repeat":"repeat","background-position":"center center","background-size":"auto","background-attachment":"scroll","background-type":"","background-media":"","overlay-type":"","overlay-color":"","overlay-opacity":"","overlay-gradient":""}},"ast-content-background-meta":{"desktop":{"background-color":"var(--ast-global-color-5)","background-image":"","background-repeat":"repeat","background-position":"center center","background-size":"auto","background-attachment":"scroll","background-type":"","background-media":"","overlay-type":"","overlay-color":"","overlay-opacity":"","overlay-gradient":""},"tablet":{"background-color":"var(--ast-global-color-5)","background-image":"","background-repeat":"repeat","background-position":"center center","background-size":"auto","background-attachment":"scroll","background-type":"","background-media":"","overlay-type":"","overlay-color":"","overlay-opacity":"","overlay-gradient":""},"mobile":{"background-color":"var(--ast-global-color-5)","background-image":"","background-repeat":"repeat","background-position":"center center","background-size":"auto","background-attachment":"scroll","background-type":"","background-media":"","overlay-type":"","overlay-color":"","overlay-opacity":"","overlay-gradient":""}},"_jetpack_memberships_contains_paid_content":false,"_joinchat":[],"footnotes":""},"categories":[15302,2234,5,2],"tags":[],"class_list":["post-99401","post","type-post","status-publish","format-standard","has-post-thumbnail","hentry","category-destacado","category-policiales","category-sociedad","category-villa-maria"],"yoast_head":"<!-- This site is optimized with the Yoast SEO plugin v26.8 - https:\/\/yoast.com\/product\/yoast-seo-wordpress\/ -->\n<title>Barrio Botta: un joven de 17 a\u00f1os detenido por el homicidio a su cu\u00f1ado, luego de una discusi\u00f3n familiar - El Regional<\/title>\n<meta name=\"robots\" content=\"index, follow, max-snippet:-1, max-image-preview:large, max-video-preview:-1\" \/>\n<link rel=\"canonical\" href=\"https:\/\/elregionalvm.com.ar\/noticias-villa-maria\/barrio-botta-un-joven-de-17-anos-detenido-por-el-homicidio-a-su-cunado-luego-de-una-discusion-familiar\/\" \/>\n<meta property=\"og:locale\" content=\"es_ES\" \/>\n<meta property=\"og:type\" content=\"article\" \/>\n<meta property=\"og:title\" content=\"Barrio Botta: un joven de 17 a\u00f1os detenido por el homicidio a su cu\u00f1ado, luego de una discusi\u00f3n familiar - El Regional\" \/>\n<meta property=\"og:description\" content=\"Siendo aproximadamente las 16:00 horas de la fecha, personal policial de la Divisi\u00f3n Investigaciones de esta Unidad Departamental| con la colaboraci\u00f3n del personal policial de la Patrulla Preventiva, realizaron un Operativo de B\u00fasqueda de quien resultar\u00eda sindicado como presunto autor del Homicidio acaecido en horas del medio dia de la fecha en B\u00b0 Botta de [&hellip;]\" \/>\n<meta property=\"og:url\" content=\"https:\/\/elregionalvm.com.ar\/noticias-villa-maria\/barrio-botta-un-joven-de-17-anos-detenido-por-el-homicidio-a-su-cunado-luego-de-una-discusion-familiar\/\" \/>\n<meta property=\"og:site_name\" content=\"El Regional\" \/>\n<meta property=\"article:publisher\" content=\"https:\/\/www.facebook.com\/elregionalvm\" \/>\n<meta property=\"article:published_time\" content=\"2024-10-07T22:15:30+00:00\" \/>\n<meta property=\"article:modified_time\" content=\"2024-10-07T22:15:31+00:00\" \/>\n<meta property=\"og:image\" content=\"https:\/\/elregionalvm.com.ar\/noticias-villa-maria\/wp-content\/uploads\/2024\/10\/WhatsApp-Image-2024-10-06-at-20.24.53.jpeg\" \/>\n\t<meta property=\"og:image:width\" content=\"1157\" \/>\n\t<meta property=\"og:image:height\" content=\"718\" \/>\n\t<meta property=\"og:image:type\" content=\"image\/jpeg\" \/>\n<meta name=\"author\" content=\"Contenidos El Regional\" \/>\n<meta name=\"twitter:card\" content=\"summary_large_image\" \/>\n<meta name=\"twitter:creator\" content=\"@elregionalvm1\" \/>\n<meta name=\"twitter:site\" content=\"@elregionalvm1\" \/>\n<meta name=\"twitter:label1\" content=\"Escrito por\" \/>\n\t<meta name=\"twitter:data1\" content=\"Contenidos El Regional\" \/>\n\t<meta name=\"twitter:label2\" content=\"Tiempo de lectura\" \/>\n\t<meta name=\"twitter:data2\" content=\"2 minutos\" \/>\n<script type=\"application\/ld+json\" class=\"yoast-schema-graph\">{\"@context\":\"https:\/\/schema.org\",\"@graph\":[{\"@type\":\"Article\",\"@id\":\"https:\/\/elregionalvm.com.ar\/noticias-villa-maria\/barrio-botta-un-joven-de-17-anos-detenido-por-el-homicidio-a-su-cunado-luego-de-una-discusion-familiar\/#article\",\"isPartOf\":{\"@id\":\"https:\/\/elregionalvm.com.ar\/noticias-villa-maria\/barrio-botta-un-joven-de-17-anos-detenido-por-el-homicidio-a-su-cunado-luego-de-una-discusion-familiar\/\"},\"author\":{\"name\":\"Contenidos El Regional\",\"@id\":\"http:\/\/elregionalvm.com.ar\/noticias-villa-maria\/#\/schema\/person\/a0fb9c422317faca23d50163151bc354\"},\"headline\":\"Barrio Botta: un joven de 17 a\u00f1os detenido por el homicidio a su cu\u00f1ado, luego de una discusi\u00f3n familiar\",\"datePublished\":\"2024-10-07T22:15:30+00:00\",\"dateModified\":\"2024-10-07T22:15:31+00:00\",\"mainEntityOfPage\":{\"@id\":\"https:\/\/elregionalvm.com.ar\/noticias-villa-maria\/barrio-botta-un-joven-de-17-anos-detenido-por-el-homicidio-a-su-cunado-luego-de-una-discusion-familiar\/\"},\"wordCount\":313,\"commentCount\":0,\"image\":{\"@id\":\"https:\/\/elregionalvm.com.ar\/noticias-villa-maria\/barrio-botta-un-joven-de-17-anos-detenido-por-el-homicidio-a-su-cunado-luego-de-una-discusion-familiar\/#primaryimage\"},\"thumbnailUrl\":\"https:\/\/i0.wp.com\/elregionalvm.com.ar\/noticias-villa-maria\/wp-content\/uploads\/2024\/10\/WhatsApp-Image-2024-10-06-at-20.24.53.jpeg?fit=1157%2C718&ssl=1\",\"articleSection\":[\"destacado\",\"Policiales\",\"Sociedad\",\"Villa Mar\u00eda\"],\"inLanguage\":\"es\",\"potentialAction\":[{\"@type\":\"CommentAction\",\"name\":\"Comment\",\"target\":[\"https:\/\/elregionalvm.com.ar\/noticias-villa-maria\/barrio-botta-un-joven-de-17-anos-detenido-por-el-homicidio-a-su-cunado-luego-de-una-discusion-familiar\/#respond\"]}]},{\"@type\":\"WebPage\",\"@id\":\"https:\/\/elregionalvm.com.ar\/noticias-villa-maria\/barrio-botta-un-joven-de-17-anos-detenido-por-el-homicidio-a-su-cunado-luego-de-una-discusion-familiar\/\",\"url\":\"https:\/\/elregionalvm.com.ar\/noticias-villa-maria\/barrio-botta-un-joven-de-17-anos-detenido-por-el-homicidio-a-su-cunado-luego-de-una-discusion-familiar\/\",\"name\":\"Barrio Botta: un joven de 17 a\u00f1os detenido por el homicidio a su cu\u00f1ado, luego de una discusi\u00f3n familiar - El Regional\",\"isPartOf\":{\"@id\":\"http:\/\/elregionalvm.com.ar\/noticias-villa-maria\/#website\"},\"primaryImageOfPage\":{\"@id\":\"https:\/\/elregionalvm.com.ar\/noticias-villa-maria\/barrio-botta-un-joven-de-17-anos-detenido-por-el-homicidio-a-su-cunado-luego-de-una-discusion-familiar\/#primaryimage\"},\"image\":{\"@id\":\"https:\/\/elregionalvm.com.ar\/noticias-villa-maria\/barrio-botta-un-joven-de-17-anos-detenido-por-el-homicidio-a-su-cunado-luego-de-una-discusion-familiar\/#primaryimage\"},\"thumbnailUrl\":\"https:\/\/i0.wp.com\/elregionalvm.com.ar\/noticias-villa-maria\/wp-content\/uploads\/2024\/10\/WhatsApp-Image-2024-10-06-at-20.24.53.jpeg?fit=1157%2C718&ssl=1\",\"datePublished\":\"2024-10-07T22:15:30+00:00\",\"dateModified\":\"2024-10-07T22:15:31+00:00\",\"author\":{\"@id\":\"http:\/\/elregionalvm.com.ar\/noticias-villa-maria\/#\/schema\/person\/a0fb9c422317faca23d50163151bc354\"},\"breadcrumb\":{\"@id\":\"https:\/\/elregionalvm.com.ar\/noticias-villa-maria\/barrio-botta-un-joven-de-17-anos-detenido-por-el-homicidio-a-su-cunado-luego-de-una-discusion-familiar\/#breadcrumb\"},\"inLanguage\":\"es\",\"potentialAction\":[{\"@type\":\"ReadAction\",\"target\":[\"https:\/\/elregionalvm.com.ar\/noticias-villa-maria\/barrio-botta-un-joven-de-17-anos-detenido-por-el-homicidio-a-su-cunado-luego-de-una-discusion-familiar\/\"]}]},{\"@type\":\"ImageObject\",\"inLanguage\":\"es\",\"@id\":\"https:\/\/elregionalvm.com.ar\/noticias-villa-maria\/barrio-botta-un-joven-de-17-anos-detenido-por-el-homicidio-a-su-cunado-luego-de-una-discusion-familiar\/#primaryimage\",\"url\":\"https:\/\/i0.wp.com\/elregionalvm.com.ar\/noticias-villa-maria\/wp-content\/uploads\/2024\/10\/WhatsApp-Image-2024-10-06-at-20.24.53.jpeg?fit=1157%2C718&ssl=1\",\"contentUrl\":\"https:\/\/i0.wp.com\/elregionalvm.com.ar\/noticias-villa-maria\/wp-content\/uploads\/2024\/10\/WhatsApp-Image-2024-10-06-at-20.24.53.jpeg?fit=1157%2C718&ssl=1\",\"width\":1157,\"height\":718},{\"@type\":\"BreadcrumbList\",\"@id\":\"https:\/\/elregionalvm.com.ar\/noticias-villa-maria\/barrio-botta-un-joven-de-17-anos-detenido-por-el-homicidio-a-su-cunado-luego-de-una-discusion-familiar\/#breadcrumb\",\"itemListElement\":[{\"@type\":\"ListItem\",\"position\":1,\"name\":\"Portada\",\"item\":\"https:\/\/elregionalvm.com.ar\/noticias-villa-maria\/\"},{\"@type\":\"ListItem\",\"position\":2,\"name\":\"Barrio Botta: un joven de 17 a\u00f1os detenido por el homicidio a su cu\u00f1ado, luego de una discusi\u00f3n familiar\"}]},{\"@type\":\"WebSite\",\"@id\":\"http:\/\/elregionalvm.com.ar\/noticias-villa-maria\/#website\",\"url\":\"http:\/\/elregionalvm.com.ar\/noticias-villa-maria\/\",\"name\":\"El Regional\",\"description\":\"Mucho m\u00e1s que informaci\u00f3n\",\"potentialAction\":[{\"@type\":\"SearchAction\",\"target\":{\"@type\":\"EntryPoint\",\"urlTemplate\":\"http:\/\/elregionalvm.com.ar\/noticias-villa-maria\/?s={search_term_string}\"},\"query-input\":{\"@type\":\"PropertyValueSpecification\",\"valueRequired\":true,\"valueName\":\"search_term_string\"}}],\"inLanguage\":\"es\"},{\"@type\":\"Person\",\"@id\":\"http:\/\/elregionalvm.com.ar\/noticias-villa-maria\/#\/schema\/person\/a0fb9c422317faca23d50163151bc354\",\"name\":\"Contenidos El Regional\",\"image\":{\"@type\":\"ImageObject\",\"inLanguage\":\"es\",\"@id\":\"http:\/\/elregionalvm.com.ar\/noticias-villa-maria\/#\/schema\/person\/image\/\",\"url\":\"https:\/\/secure.gravatar.com\/avatar\/265b27cb2209af7bb3a1318f03305787d7981a5cc6e6cd08fe5a4ecdf99d4b48?s=96&d=mm&r=g\",\"contentUrl\":\"https:\/\/secure.gravatar.com\/avatar\/265b27cb2209af7bb3a1318f03305787d7981a5cc6e6cd08fe5a4ecdf99d4b48?s=96&d=mm&r=g\",\"caption\":\"Contenidos El Regional\"},\"url\":\"https:\/\/elregionalvm.com.ar\/noticias-villa-maria\/author\/contenido\/\"}]}<\/script>\n<!-- \/ Yoast SEO plugin. -->","yoast_head_json":{"title":"Barrio Botta: un joven de 17 a\u00f1os detenido por el homicidio a su cu\u00f1ado, luego de una discusi\u00f3n familiar - El Regional","robots":{"index":"index","follow":"follow","max-snippet":"max-snippet:-1","max-image-preview":"max-image-preview:large","max-video-preview":"max-video-preview:-1"},"canonical":"https:\/\/elregionalvm.com.ar\/noticias-villa-maria\/barrio-botta-un-joven-de-17-anos-detenido-por-el-homicidio-a-su-cunado-luego-de-una-discusion-familiar\/","og_locale":"es_ES","og_type":"article","og_title":"Barrio Botta: un joven de 17 a\u00f1os detenido por el homicidio a su cu\u00f1ado, luego de una discusi\u00f3n familiar - El Regional","og_description":"Siendo aproximadamente las 16:00 horas de la fecha, personal policial de la Divisi\u00f3n Investigaciones de esta Unidad Departamental| con la colaboraci\u00f3n del personal policial de la Patrulla Preventiva, realizaron un Operativo de B\u00fasqueda de quien resultar\u00eda sindicado como presunto autor del Homicidio acaecido en horas del medio dia de la fecha en B\u00b0 Botta de [&hellip;]","og_url":"https:\/\/elregionalvm.com.ar\/noticias-villa-maria\/barrio-botta-un-joven-de-17-anos-detenido-por-el-homicidio-a-su-cunado-luego-de-una-discusion-familiar\/","og_site_name":"El Regional","article_publisher":"https:\/\/www.facebook.com\/elregionalvm","article_published_time":"2024-10-07T22:15:30+00:00","article_modified_time":"2024-10-07T22:15:31+00:00","og_image":[{"width":1157,"height":718,"url":"https:\/\/elregionalvm.com.ar\/noticias-villa-maria\/wp-content\/uploads\/2024\/10\/WhatsApp-Image-2024-10-06-at-20.24.53.jpeg","type":"image\/jpeg"}],"author":"Contenidos El Regional","twitter_card":"summary_large_image","twitter_creator":"@elregionalvm1","twitter_site":"@elregionalvm1","twitter_misc":{"Escrito por":"Contenidos El Regional","Tiempo de lectura":"2 minutos"},"schema":{"@context":"https:\/\/schema.org","@graph":[{"@type":"Article","@id":"https:\/\/elregionalvm.com.ar\/noticias-villa-maria\/barrio-botta-un-joven-de-17-anos-detenido-por-el-homicidio-a-su-cunado-luego-de-una-discusion-familiar\/#article","isPartOf":{"@id":"https:\/\/elregionalvm.com.ar\/noticias-villa-maria\/barrio-botta-un-joven-de-17-anos-detenido-por-el-homicidio-a-su-cunado-luego-de-una-discusion-familiar\/"},"author":{"name":"Contenidos El Regional","@id":"http:\/\/elregionalvm.com.ar\/noticias-villa-maria\/#\/schema\/person\/a0fb9c422317faca23d50163151bc354"},"headline":"Barrio Botta: un joven de 17 a\u00f1os detenido por el homicidio a su cu\u00f1ado, luego de una discusi\u00f3n familiar","datePublished":"2024-10-07T22:15:30+00:00","dateModified":"2024-10-07T22:15:31+00:00","mainEntityOfPage":{"@id":"https:\/\/elregionalvm.com.ar\/noticias-villa-maria\/barrio-botta-un-joven-de-17-anos-detenido-por-el-homicidio-a-su-cunado-luego-de-una-discusion-familiar\/"},"wordCount":313,"commentCount":0,"image":{"@id":"https:\/\/elregionalvm.com.ar\/noticias-villa-maria\/barrio-botta-un-joven-de-17-anos-detenido-por-el-homicidio-a-su-cunado-luego-de-una-discusion-familiar\/#primaryimage"},"thumbnailUrl":"https:\/\/i0.wp.com\/elregionalvm.com.ar\/noticias-villa-maria\/wp-content\/uploads\/2024\/10\/WhatsApp-Image-2024-10-06-at-20.24.53.jpeg?fit=1157%2C718&ssl=1","articleSection":["destacado","Policiales","Sociedad","Villa Mar\u00eda"],"inLanguage":"es","potentialAction":[{"@type":"CommentAction","name":"Comment","target":["https:\/\/elregionalvm.com.ar\/noticias-villa-maria\/barrio-botta-un-joven-de-17-anos-detenido-por-el-homicidio-a-su-cunado-luego-de-una-discusion-familiar\/#respond"]}]},{"@type":"WebPage","@id":"https:\/\/elregionalvm.com.ar\/noticias-villa-maria\/barrio-botta-un-joven-de-17-anos-detenido-por-el-homicidio-a-su-cunado-luego-de-una-discusion-familiar\/","url":"https:\/\/elregionalvm.com.ar\/noticias-villa-maria\/barrio-botta-un-joven-de-17-anos-detenido-por-el-homicidio-a-su-cunado-luego-de-una-discusion-familiar\/","name":"Barrio Botta: un joven de 17 a\u00f1os detenido por el homicidio a su cu\u00f1ado, luego de una discusi\u00f3n familiar - El Regional","isPartOf":{"@id":"http:\/\/elregionalvm.com.ar\/noticias-villa-maria\/#website"},"primaryImageOfPage":{"@id":"https:\/\/elregionalvm.com.ar\/noticias-villa-maria\/barrio-botta-un-joven-de-17-anos-detenido-por-el-homicidio-a-su-cunado-luego-de-una-discusion-familiar\/#primaryimage"},"image":{"@id":"https:\/\/elregionalvm.com.ar\/noticias-villa-maria\/barrio-botta-un-joven-de-17-anos-detenido-por-el-homicidio-a-su-cunado-luego-de-una-discusion-familiar\/#primaryimage"},"thumbnailUrl":"https:\/\/i0.wp.com\/elregionalvm.com.ar\/noticias-villa-maria\/wp-content\/uploads\/2024\/10\/WhatsApp-Image-2024-10-06-at-20.24.53.jpeg?fit=1157%2C718&ssl=1","datePublished":"2024-10-07T22:15:30+00:00","dateModified":"2024-10-07T22:15:31+00:00","author":{"@id":"http:\/\/elregionalvm.com.ar\/noticias-villa-maria\/#\/schema\/person\/a0fb9c422317faca23d50163151bc354"},"breadcrumb":{"@id":"https:\/\/elregionalvm.com.ar\/noticias-villa-maria\/barrio-botta-un-joven-de-17-anos-detenido-por-el-homicidio-a-su-cunado-luego-de-una-discusion-familiar\/#breadcrumb"},"inLanguage":"es","potentialAction":[{"@type":"ReadAction","target":["https:\/\/elregionalvm.com.ar\/noticias-villa-maria\/barrio-botta-un-joven-de-17-anos-detenido-por-el-homicidio-a-su-cunado-luego-de-una-discusion-familiar\/"]}]},{"@type":"ImageObject","inLanguage":"es","@id":"https:\/\/elregionalvm.com.ar\/noticias-villa-maria\/barrio-botta-un-joven-de-17-anos-detenido-por-el-homicidio-a-su-cunado-luego-de-una-discusion-familiar\/#primaryimage","url":"https:\/\/i0.wp.com\/elregionalvm.com.ar\/noticias-villa-maria\/wp-content\/uploads\/2024\/10\/WhatsApp-Image-2024-10-06-at-20.24.53.jpeg?fit=1157%2C718&ssl=1","contentUrl":"https:\/\/i0.wp.com\/elregionalvm.com.ar\/noticias-villa-maria\/wp-content\/uploads\/2024\/10\/WhatsApp-Image-2024-10-06-at-20.24.53.jpeg?fit=1157%2C718&ssl=1","width":1157,"height":718},{"@type":"BreadcrumbList","@id":"https:\/\/elregionalvm.com.ar\/noticias-villa-maria\/barrio-botta-un-joven-de-17-anos-detenido-por-el-homicidio-a-su-cunado-luego-de-una-discusion-familiar\/#breadcrumb","itemListElement":[{"@type":"ListItem","position":1,"name":"Portada","item":"https:\/\/elregionalvm.com.ar\/noticias-villa-maria\/"},{"@type":"ListItem","position":2,"name":"Barrio Botta: un joven de 17 a\u00f1os detenido por el homicidio a su cu\u00f1ado, luego de una discusi\u00f3n familiar"}]},{"@type":"WebSite","@id":"http:\/\/elregionalvm.com.ar\/noticias-villa-maria\/#website","url":"http:\/\/elregionalvm.com.ar\/noticias-villa-maria\/","name":"El Regional","description":"Mucho m\u00e1s que informaci\u00f3n","potentialAction":[{"@type":"SearchAction","target":{"@type":"EntryPoint","urlTemplate":"http:\/\/elregionalvm.com.ar\/noticias-villa-maria\/?s={search_term_string}"},"query-input":{"@type":"PropertyValueSpecification","valueRequired":true,"valueName":"search_term_string"}}],"inLanguage":"es"},{"@type":"Person","@id":"http:\/\/elregionalvm.com.ar\/noticias-villa-maria\/#\/schema\/person\/a0fb9c422317faca23d50163151bc354","name":"Contenidos El Regional","image":{"@type":"ImageObject","inLanguage":"es","@id":"http:\/\/elregionalvm.com.ar\/noticias-villa-maria\/#\/schema\/person\/image\/","url":"https:\/\/secure.gravatar.com\/avatar\/265b27cb2209af7bb3a1318f03305787d7981a5cc6e6cd08fe5a4ecdf99d4b48?s=96&d=mm&r=g","contentUrl":"https:\/\/secure.gravatar.com\/avatar\/265b27cb2209af7bb3a1318f03305787d7981a5cc6e6cd08fe5a4ecdf99d4b48?s=96&d=mm&r=g","caption":"Contenidos El Regional"},"url":"https:\/\/elregionalvm.com.ar\/noticias-villa-maria\/author\/contenido\/"}]}},"jetpack_featured_media_url":"https:\/\/i0.wp.com\/elregionalvm.com.ar\/noticias-villa-maria\/wp-content\/uploads\/2024\/10\/WhatsApp-Image-2024-10-06-at-20.24.53.jpeg?fit=1157%2C718&ssl=1","jetpack_sharing_enabled":true,"_links":{"self":[{"href":"https:\/\/elregionalvm.com.ar\/noticias-villa-maria\/wp-json\/wp\/v2\/posts\/99401","targetHints":{"allow":["GET"]}}],"collection":[{"href":"https:\/\/elregionalvm.com.ar\/noticias-villa-maria\/wp-json\/wp\/v2\/posts"}],"about":[{"href":"https:\/\/elregionalvm.com.ar\/noticias-villa-maria\/wp-json\/wp\/v2\/types\/post"}],"author":[{"embeddable":true,"href":"https:\/\/elregionalvm.com.ar\/noticias-villa-maria\/wp-json\/wp\/v2\/users\/4"}],"replies":[{"embeddable":true,"href":"https:\/\/elregionalvm.com.ar\/noticias-villa-maria\/wp-json\/wp\/v2\/comments?post=99401"}],"version-history":[{"count":1,"href":"https:\/\/elregionalvm.com.ar\/noticias-villa-maria\/wp-json\/wp\/v2\/posts\/99401\/revisions"}],"predecessor-version":[{"id":99403,"href":"https:\/\/elregionalvm.com.ar\/noticias-villa-maria\/wp-json\/wp\/v2\/posts\/99401\/revisions\/99403"}],"wp:featuredmedia":[{"embeddable":true,"href":"https:\/\/elregionalvm.com.ar\/noticias-villa-maria\/wp-json\/wp\/v2\/media\/99402"}],"wp:attachment":[{"href":"https:\/\/elregionalvm.com.ar\/noticias-villa-maria\/wp-json\/wp\/v2\/media?parent=99401"}],"wp:term":[{"taxonomy":"category","embeddable":true,"href":"https:\/\/elregionalvm.com.ar\/noticias-villa-maria\/wp-json\/wp\/v2\/categories?post=99401"},{"taxonomy":"post_tag","embeddable":true,"href":"https:\/\/elregionalvm.com.ar\/noticias-villa-maria\/wp-json\/wp\/v2\/tags?post=99401"}],"curies":[{"name":"wp","href":"https:\/\/api.w.org\/{rel}","templated":true}]}}