{"id":99404,"date":"2024-10-07T22:18:28","date_gmt":"2024-10-07T22:18:28","guid":{"rendered":"https:\/\/elregionalvm.com.ar\/noticias-villa-maria\/?p=99404"},"modified":"2024-10-07T22:18:30","modified_gmt":"2024-10-07T22:18:30","slug":"la-vicerrectora-de-la-unvm-recibio-a-la-consul-general-de-italia-en-cordoba-maria-luisa-lapresa-en-el-campus-de-la-universidad","status":"publish","type":"post","link":"https:\/\/elregionalvm.com.ar\/noticias-villa-maria\/la-vicerrectora-de-la-unvm-recibio-a-la-consul-general-de-italia-en-cordoba-maria-luisa-lapresa-en-el-campus-de-la-universidad\/","title":{"rendered":"La vicerrectora de la UNVM, recibi\u00f3 a la c\u00f3nsul general de Italia en C\u00f3rdoba, Mar\u00eda Luisa Lapresa en el campus de la Universidad"},"content":{"rendered":"\n<p>Lapresa lleg\u00f3 a Villa Mar\u00eda en el marco de una serie de actividades vinculadas al 137 aniversario de la Sociedad Italiana.<\/p>\n\n\n\n<p>Este encuentro permiti\u00f3 un intercambio fruct\u00edfero de ideas, sentando las bases para colaboraciones y proyectos conjuntos.<\/p>\n\n\n\n<p>Durante la visita al campus de la UNVM, la c\u00f3nsul general Lapresa, estuvo acompa\u00f1ada por el c\u00f3nsul honorario de Villa Mar\u00eda, Mat\u00edas Bossa, representantes del Conservatorio Felipe Boero, de la Biblioteca y Medioteca Municipal Mariano Moreno e integrantes del Comit\u00e9 de Italianos en el Exterior, COMITES, C\u00f3rdoba.<\/p>\n\n\n\n<p>La Dra. Lapresa, que hasta el a\u00f1o 2017 prest\u00f3 servicio como c\u00f3nsul de Italia en Detroit, es ahora responsable de una amplia circunscripci\u00f3n consular que abarca las provincias de C\u00f3rdoba, Santiago del Estero, Tucum\u00e1n, Jujuy, Salta, La Rioja y Catamarca.<\/p>\n","protected":false},"excerpt":{"rendered":"<p>Lapresa lleg\u00f3 a Villa Mar\u00eda en el marco de una serie de actividades vinculadas al 137 aniversario de la Sociedad Italiana. Este encuentro permiti\u00f3 un intercambio fruct\u00edfero de ideas, sentando las bases para colaboraciones y proyectos conjuntos. Durante la visita al campus de la UNVM, la c\u00f3nsul general Lapresa, estuvo acompa\u00f1ada por el c\u00f3nsul honorario [&hellip;]<\/p>\n","protected":false},"author":4,"featured_media":99405,"comment_status":"open","ping_status":"open","sticky":false,"template":"","format":"standard","meta":{"site-sidebar-layout":"default","site-content-layout":"","ast-site-content-layout":"default","site-content-style":"default","site-sidebar-style":"default","ast-global-header-display":"","ast-banner-title-visibility":"","ast-main-header-display":"","ast-hfb-above-header-display":"","ast-hfb-below-header-display":"","ast-hfb-mobile-header-display":"","site-post-title":"","ast-breadcrumbs-content":"","ast-featured-img":"","footer-sml-layout":"","ast-disable-related-posts":"","theme-transparent-header-meta":"","adv-header-id-meta":"","stick-header-meta":"","header-above-stick-meta":"","header-main-stick-meta":"","header-below-stick-meta":"","astra-migrate-meta-layouts":"set","ast-page-background-enabled":"default","ast-page-background-meta":{"desktop":{"background-color":"","background-image":"","background-repeat":"repeat","background-position":"center center","background-size":"auto","background-attachment":"scroll","background-type":"","background-media":"","overlay-type":"","overlay-color":"","overlay-opacity":"","overlay-gradient":""},"tablet":{"background-color":"","background-image":"","background-repeat":"repeat","background-position":"center center","background-size":"auto","background-attachment":"scroll","background-type":"","background-media":"","overlay-type":"","overlay-color":"","overlay-opacity":"","overlay-gradient":""},"mobile":{"background-color":"","background-image":"","background-repeat":"repeat","background-position":"center center","background-size":"auto","background-attachment":"scroll","background-type":"","background-media":"","overlay-type":"","overlay-color":"","overlay-opacity":"","overlay-gradient":""}},"ast-content-background-meta":{"desktop":{"background-color":"var(--ast-global-color-5)","background-image":"","background-repeat":"repeat","background-position":"center center","background-size":"auto","background-attachment":"scroll","background-type":"","background-media":"","overlay-type":"","overlay-color":"","overlay-opacity":"","overlay-gradient":""},"tablet":{"background-color":"var(--ast-global-color-5)","background-image":"","background-repeat":"repeat","background-position":"center center","background-size":"auto","background-attachment":"scroll","background-type":"","background-media":"","overlay-type":"","overlay-color":"","overlay-opacity":"","overlay-gradient":""},"mobile":{"background-color":"var(--ast-global-color-5)","background-image":"","background-repeat":"repeat","background-position":"center center","background-size":"auto","background-attachment":"scroll","background-type":"","background-media":"","overlay-type":"","overlay-color":"","overlay-opacity":"","overlay-gradient":""}},"_jetpack_memberships_contains_paid_content":false,"_joinchat":[],"footnotes":""},"categories":[15302,5,2],"tags":[],"class_list":["post-99404","post","type-post","status-publish","format-standard","has-post-thumbnail","hentry","category-destacado","category-sociedad","category-villa-maria"],"yoast_head":"<!-- This site is optimized with the Yoast SEO plugin v26.8 - https:\/\/yoast.com\/product\/yoast-seo-wordpress\/ -->\n<title>La vicerrectora de la UNVM, recibi\u00f3 a la c\u00f3nsul general de Italia en C\u00f3rdoba, Mar\u00eda Luisa Lapresa en el campus de la Universidad - El Regional<\/title>\n<meta name=\"robots\" content=\"index, follow, max-snippet:-1, max-image-preview:large, max-video-preview:-1\" \/>\n<link rel=\"canonical\" href=\"https:\/\/elregionalvm.com.ar\/noticias-villa-maria\/la-vicerrectora-de-la-unvm-recibio-a-la-consul-general-de-italia-en-cordoba-maria-luisa-lapresa-en-el-campus-de-la-universidad\/\" \/>\n<meta property=\"og:locale\" content=\"es_ES\" \/>\n<meta property=\"og:type\" content=\"article\" \/>\n<meta property=\"og:title\" content=\"La vicerrectora de la UNVM, recibi\u00f3 a la c\u00f3nsul general de Italia en C\u00f3rdoba, Mar\u00eda Luisa Lapresa en el campus de la Universidad - El Regional\" \/>\n<meta property=\"og:description\" content=\"Lapresa lleg\u00f3 a Villa Mar\u00eda en el marco de una serie de actividades vinculadas al 137 aniversario de la Sociedad Italiana. Este encuentro permiti\u00f3 un intercambio fruct\u00edfero de ideas, sentando las bases para colaboraciones y proyectos conjuntos. Durante la visita al campus de la UNVM, la c\u00f3nsul general Lapresa, estuvo acompa\u00f1ada por el c\u00f3nsul honorario [&hellip;]\" \/>\n<meta property=\"og:url\" content=\"https:\/\/elregionalvm.com.ar\/noticias-villa-maria\/la-vicerrectora-de-la-unvm-recibio-a-la-consul-general-de-italia-en-cordoba-maria-luisa-lapresa-en-el-campus-de-la-universidad\/\" \/>\n<meta property=\"og:site_name\" content=\"El Regional\" \/>\n<meta property=\"article:publisher\" content=\"https:\/\/www.facebook.com\/elregionalvm\" \/>\n<meta property=\"article:published_time\" content=\"2024-10-07T22:18:28+00:00\" \/>\n<meta property=\"article:modified_time\" content=\"2024-10-07T22:18:30+00:00\" \/>\n<meta property=\"og:image\" content=\"https:\/\/elregionalvm.com.ar\/noticias-villa-maria\/wp-content\/uploads\/2024\/10\/WhatsApp-Image-2024-10-07-at-11.54.50.jpeg\" \/>\n\t<meta property=\"og:image:width\" content=\"1600\" \/>\n\t<meta property=\"og:image:height\" content=\"1066\" \/>\n\t<meta property=\"og:image:type\" content=\"image\/jpeg\" \/>\n<meta name=\"author\" content=\"Contenidos El Regional\" \/>\n<meta name=\"twitter:card\" content=\"summary_large_image\" \/>\n<meta name=\"twitter:creator\" content=\"@elregionalvm1\" \/>\n<meta name=\"twitter:site\" content=\"@elregionalvm1\" \/>\n<meta name=\"twitter:label1\" content=\"Escrito por\" \/>\n\t<meta name=\"twitter:data1\" content=\"Contenidos El Regional\" \/>\n\t<meta name=\"twitter:label2\" content=\"Tiempo de lectura\" \/>\n\t<meta name=\"twitter:data2\" content=\"1 minuto\" \/>\n<script type=\"application\/ld+json\" class=\"yoast-schema-graph\">{\"@context\":\"https:\/\/schema.org\",\"@graph\":[{\"@type\":\"Article\",\"@id\":\"https:\/\/elregionalvm.com.ar\/noticias-villa-maria\/la-vicerrectora-de-la-unvm-recibio-a-la-consul-general-de-italia-en-cordoba-maria-luisa-lapresa-en-el-campus-de-la-universidad\/#article\",\"isPartOf\":{\"@id\":\"https:\/\/elregionalvm.com.ar\/noticias-villa-maria\/la-vicerrectora-de-la-unvm-recibio-a-la-consul-general-de-italia-en-cordoba-maria-luisa-lapresa-en-el-campus-de-la-universidad\/\"},\"author\":{\"name\":\"Contenidos El Regional\",\"@id\":\"http:\/\/elregionalvm.com.ar\/noticias-villa-maria\/#\/schema\/person\/a0fb9c422317faca23d50163151bc354\"},\"headline\":\"La vicerrectora de la UNVM, recibi\u00f3 a la c\u00f3nsul general de Italia en C\u00f3rdoba, Mar\u00eda Luisa Lapresa en el campus de la Universidad\",\"datePublished\":\"2024-10-07T22:18:28+00:00\",\"dateModified\":\"2024-10-07T22:18:30+00:00\",\"mainEntityOfPage\":{\"@id\":\"https:\/\/elregionalvm.com.ar\/noticias-villa-maria\/la-vicerrectora-de-la-unvm-recibio-a-la-consul-general-de-italia-en-cordoba-maria-luisa-lapresa-en-el-campus-de-la-universidad\/\"},\"wordCount\":161,\"commentCount\":0,\"image\":{\"@id\":\"https:\/\/elregionalvm.com.ar\/noticias-villa-maria\/la-vicerrectora-de-la-unvm-recibio-a-la-consul-general-de-italia-en-cordoba-maria-luisa-lapresa-en-el-campus-de-la-universidad\/#primaryimage\"},\"thumbnailUrl\":\"https:\/\/i0.wp.com\/elregionalvm.com.ar\/noticias-villa-maria\/wp-content\/uploads\/2024\/10\/WhatsApp-Image-2024-10-07-at-11.54.50.jpeg?fit=1600%2C1066&ssl=1\",\"articleSection\":[\"destacado\",\"Sociedad\",\"Villa Mar\u00eda\"],\"inLanguage\":\"es\",\"potentialAction\":[{\"@type\":\"CommentAction\",\"name\":\"Comment\",\"target\":[\"https:\/\/elregionalvm.com.ar\/noticias-villa-maria\/la-vicerrectora-de-la-unvm-recibio-a-la-consul-general-de-italia-en-cordoba-maria-luisa-lapresa-en-el-campus-de-la-universidad\/#respond\"]}]},{\"@type\":\"WebPage\",\"@id\":\"https:\/\/elregionalvm.com.ar\/noticias-villa-maria\/la-vicerrectora-de-la-unvm-recibio-a-la-consul-general-de-italia-en-cordoba-maria-luisa-lapresa-en-el-campus-de-la-universidad\/\",\"url\":\"https:\/\/elregionalvm.com.ar\/noticias-villa-maria\/la-vicerrectora-de-la-unvm-recibio-a-la-consul-general-de-italia-en-cordoba-maria-luisa-lapresa-en-el-campus-de-la-universidad\/\",\"name\":\"La vicerrectora de la UNVM, recibi\u00f3 a la c\u00f3nsul general de Italia en C\u00f3rdoba, Mar\u00eda Luisa Lapresa en el campus de la Universidad - El Regional\",\"isPartOf\":{\"@id\":\"http:\/\/elregionalvm.com.ar\/noticias-villa-maria\/#website\"},\"primaryImageOfPage\":{\"@id\":\"https:\/\/elregionalvm.com.ar\/noticias-villa-maria\/la-vicerrectora-de-la-unvm-recibio-a-la-consul-general-de-italia-en-cordoba-maria-luisa-lapresa-en-el-campus-de-la-universidad\/#primaryimage\"},\"image\":{\"@id\":\"https:\/\/elregionalvm.com.ar\/noticias-villa-maria\/la-vicerrectora-de-la-unvm-recibio-a-la-consul-general-de-italia-en-cordoba-maria-luisa-lapresa-en-el-campus-de-la-universidad\/#primaryimage\"},\"thumbnailUrl\":\"https:\/\/i0.wp.com\/elregionalvm.com.ar\/noticias-villa-maria\/wp-content\/uploads\/2024\/10\/WhatsApp-Image-2024-10-07-at-11.54.50.jpeg?fit=1600%2C1066&ssl=1\",\"datePublished\":\"2024-10-07T22:18:28+00:00\",\"dateModified\":\"2024-10-07T22:18:30+00:00\",\"author\":{\"@id\":\"http:\/\/elregionalvm.com.ar\/noticias-villa-maria\/#\/schema\/person\/a0fb9c422317faca23d50163151bc354\"},\"breadcrumb\":{\"@id\":\"https:\/\/elregionalvm.com.ar\/noticias-villa-maria\/la-vicerrectora-de-la-unvm-recibio-a-la-consul-general-de-italia-en-cordoba-maria-luisa-lapresa-en-el-campus-de-la-universidad\/#breadcrumb\"},\"inLanguage\":\"es\",\"potentialAction\":[{\"@type\":\"ReadAction\",\"target\":[\"https:\/\/elregionalvm.com.ar\/noticias-villa-maria\/la-vicerrectora-de-la-unvm-recibio-a-la-consul-general-de-italia-en-cordoba-maria-luisa-lapresa-en-el-campus-de-la-universidad\/\"]}]},{\"@type\":\"ImageObject\",\"inLanguage\":\"es\",\"@id\":\"https:\/\/elregionalvm.com.ar\/noticias-villa-maria\/la-vicerrectora-de-la-unvm-recibio-a-la-consul-general-de-italia-en-cordoba-maria-luisa-lapresa-en-el-campus-de-la-universidad\/#primaryimage\",\"url\":\"https:\/\/i0.wp.com\/elregionalvm.com.ar\/noticias-villa-maria\/wp-content\/uploads\/2024\/10\/WhatsApp-Image-2024-10-07-at-11.54.50.jpeg?fit=1600%2C1066&ssl=1\",\"contentUrl\":\"https:\/\/i0.wp.com\/elregionalvm.com.ar\/noticias-villa-maria\/wp-content\/uploads\/2024\/10\/WhatsApp-Image-2024-10-07-at-11.54.50.jpeg?fit=1600%2C1066&ssl=1\",\"width\":1600,\"height\":1066},{\"@type\":\"BreadcrumbList\",\"@id\":\"https:\/\/elregionalvm.com.ar\/noticias-villa-maria\/la-vicerrectora-de-la-unvm-recibio-a-la-consul-general-de-italia-en-cordoba-maria-luisa-lapresa-en-el-campus-de-la-universidad\/#breadcrumb\",\"itemListElement\":[{\"@type\":\"ListItem\",\"position\":1,\"name\":\"Portada\",\"item\":\"https:\/\/elregionalvm.com.ar\/noticias-villa-maria\/\"},{\"@type\":\"ListItem\",\"position\":2,\"name\":\"La vicerrectora de la UNVM, recibi\u00f3 a la c\u00f3nsul general de Italia en C\u00f3rdoba, Mar\u00eda Luisa Lapresa en el campus de la Universidad\"}]},{\"@type\":\"WebSite\",\"@id\":\"http:\/\/elregionalvm.com.ar\/noticias-villa-maria\/#website\",\"url\":\"http:\/\/elregionalvm.com.ar\/noticias-villa-maria\/\",\"name\":\"El Regional\",\"description\":\"Mucho m\u00e1s que informaci\u00f3n\",\"potentialAction\":[{\"@type\":\"SearchAction\",\"target\":{\"@type\":\"EntryPoint\",\"urlTemplate\":\"http:\/\/elregionalvm.com.ar\/noticias-villa-maria\/?s={search_term_string}\"},\"query-input\":{\"@type\":\"PropertyValueSpecification\",\"valueRequired\":true,\"valueName\":\"search_term_string\"}}],\"inLanguage\":\"es\"},{\"@type\":\"Person\",\"@id\":\"http:\/\/elregionalvm.com.ar\/noticias-villa-maria\/#\/schema\/person\/a0fb9c422317faca23d50163151bc354\",\"name\":\"Contenidos El Regional\",\"image\":{\"@type\":\"ImageObject\",\"inLanguage\":\"es\",\"@id\":\"http:\/\/elregionalvm.com.ar\/noticias-villa-maria\/#\/schema\/person\/image\/\",\"url\":\"https:\/\/secure.gravatar.com\/avatar\/265b27cb2209af7bb3a1318f03305787d7981a5cc6e6cd08fe5a4ecdf99d4b48?s=96&d=mm&r=g\",\"contentUrl\":\"https:\/\/secure.gravatar.com\/avatar\/265b27cb2209af7bb3a1318f03305787d7981a5cc6e6cd08fe5a4ecdf99d4b48?s=96&d=mm&r=g\",\"caption\":\"Contenidos El Regional\"},\"url\":\"https:\/\/elregionalvm.com.ar\/noticias-villa-maria\/author\/contenido\/\"}]}<\/script>\n<!-- \/ Yoast SEO plugin. -->","yoast_head_json":{"title":"La vicerrectora de la UNVM, recibi\u00f3 a la c\u00f3nsul general de Italia en C\u00f3rdoba, Mar\u00eda Luisa Lapresa en el campus de la Universidad - El Regional","robots":{"index":"index","follow":"follow","max-snippet":"max-snippet:-1","max-image-preview":"max-image-preview:large","max-video-preview":"max-video-preview:-1"},"canonical":"https:\/\/elregionalvm.com.ar\/noticias-villa-maria\/la-vicerrectora-de-la-unvm-recibio-a-la-consul-general-de-italia-en-cordoba-maria-luisa-lapresa-en-el-campus-de-la-universidad\/","og_locale":"es_ES","og_type":"article","og_title":"La vicerrectora de la UNVM, recibi\u00f3 a la c\u00f3nsul general de Italia en C\u00f3rdoba, Mar\u00eda Luisa Lapresa en el campus de la Universidad - El Regional","og_description":"Lapresa lleg\u00f3 a Villa Mar\u00eda en el marco de una serie de actividades vinculadas al 137 aniversario de la Sociedad Italiana. Este encuentro permiti\u00f3 un intercambio fruct\u00edfero de ideas, sentando las bases para colaboraciones y proyectos conjuntos. Durante la visita al campus de la UNVM, la c\u00f3nsul general Lapresa, estuvo acompa\u00f1ada por el c\u00f3nsul honorario [&hellip;]","og_url":"https:\/\/elregionalvm.com.ar\/noticias-villa-maria\/la-vicerrectora-de-la-unvm-recibio-a-la-consul-general-de-italia-en-cordoba-maria-luisa-lapresa-en-el-campus-de-la-universidad\/","og_site_name":"El Regional","article_publisher":"https:\/\/www.facebook.com\/elregionalvm","article_published_time":"2024-10-07T22:18:28+00:00","article_modified_time":"2024-10-07T22:18:30+00:00","og_image":[{"width":1600,"height":1066,"url":"https:\/\/elregionalvm.com.ar\/noticias-villa-maria\/wp-content\/uploads\/2024\/10\/WhatsApp-Image-2024-10-07-at-11.54.50.jpeg","type":"image\/jpeg"}],"author":"Contenidos El Regional","twitter_card":"summary_large_image","twitter_creator":"@elregionalvm1","twitter_site":"@elregionalvm1","twitter_misc":{"Escrito por":"Contenidos El Regional","Tiempo de lectura":"1 minuto"},"schema":{"@context":"https:\/\/schema.org","@graph":[{"@type":"Article","@id":"https:\/\/elregionalvm.com.ar\/noticias-villa-maria\/la-vicerrectora-de-la-unvm-recibio-a-la-consul-general-de-italia-en-cordoba-maria-luisa-lapresa-en-el-campus-de-la-universidad\/#article","isPartOf":{"@id":"https:\/\/elregionalvm.com.ar\/noticias-villa-maria\/la-vicerrectora-de-la-unvm-recibio-a-la-consul-general-de-italia-en-cordoba-maria-luisa-lapresa-en-el-campus-de-la-universidad\/"},"author":{"name":"Contenidos El Regional","@id":"http:\/\/elregionalvm.com.ar\/noticias-villa-maria\/#\/schema\/person\/a0fb9c422317faca23d50163151bc354"},"headline":"La vicerrectora de la UNVM, recibi\u00f3 a la c\u00f3nsul general de Italia en C\u00f3rdoba, Mar\u00eda Luisa Lapresa en el campus de la Universidad","datePublished":"2024-10-07T22:18:28+00:00","dateModified":"2024-10-07T22:18:30+00:00","mainEntityOfPage":{"@id":"https:\/\/elregionalvm.com.ar\/noticias-villa-maria\/la-vicerrectora-de-la-unvm-recibio-a-la-consul-general-de-italia-en-cordoba-maria-luisa-lapresa-en-el-campus-de-la-universidad\/"},"wordCount":161,"commentCount":0,"image":{"@id":"https:\/\/elregionalvm.com.ar\/noticias-villa-maria\/la-vicerrectora-de-la-unvm-recibio-a-la-consul-general-de-italia-en-cordoba-maria-luisa-lapresa-en-el-campus-de-la-universidad\/#primaryimage"},"thumbnailUrl":"https:\/\/i0.wp.com\/elregionalvm.com.ar\/noticias-villa-maria\/wp-content\/uploads\/2024\/10\/WhatsApp-Image-2024-10-07-at-11.54.50.jpeg?fit=1600%2C1066&ssl=1","articleSection":["destacado","Sociedad","Villa Mar\u00eda"],"inLanguage":"es","potentialAction":[{"@type":"CommentAction","name":"Comment","target":["https:\/\/elregionalvm.com.ar\/noticias-villa-maria\/la-vicerrectora-de-la-unvm-recibio-a-la-consul-general-de-italia-en-cordoba-maria-luisa-lapresa-en-el-campus-de-la-universidad\/#respond"]}]},{"@type":"WebPage","@id":"https:\/\/elregionalvm.com.ar\/noticias-villa-maria\/la-vicerrectora-de-la-unvm-recibio-a-la-consul-general-de-italia-en-cordoba-maria-luisa-lapresa-en-el-campus-de-la-universidad\/","url":"https:\/\/elregionalvm.com.ar\/noticias-villa-maria\/la-vicerrectora-de-la-unvm-recibio-a-la-consul-general-de-italia-en-cordoba-maria-luisa-lapresa-en-el-campus-de-la-universidad\/","name":"La vicerrectora de la UNVM, recibi\u00f3 a la c\u00f3nsul general de Italia en C\u00f3rdoba, Mar\u00eda Luisa Lapresa en el campus de la Universidad - El Regional","isPartOf":{"@id":"http:\/\/elregionalvm.com.ar\/noticias-villa-maria\/#website"},"primaryImageOfPage":{"@id":"https:\/\/elregionalvm.com.ar\/noticias-villa-maria\/la-vicerrectora-de-la-unvm-recibio-a-la-consul-general-de-italia-en-cordoba-maria-luisa-lapresa-en-el-campus-de-la-universidad\/#primaryimage"},"image":{"@id":"https:\/\/elregionalvm.com.ar\/noticias-villa-maria\/la-vicerrectora-de-la-unvm-recibio-a-la-consul-general-de-italia-en-cordoba-maria-luisa-lapresa-en-el-campus-de-la-universidad\/#primaryimage"},"thumbnailUrl":"https:\/\/i0.wp.com\/elregionalvm.com.ar\/noticias-villa-maria\/wp-content\/uploads\/2024\/10\/WhatsApp-Image-2024-10-07-at-11.54.50.jpeg?fit=1600%2C1066&ssl=1","datePublished":"2024-10-07T22:18:28+00:00","dateModified":"2024-10-07T22:18:30+00:00","author":{"@id":"http:\/\/elregionalvm.com.ar\/noticias-villa-maria\/#\/schema\/person\/a0fb9c422317faca23d50163151bc354"},"breadcrumb":{"@id":"https:\/\/elregionalvm.com.ar\/noticias-villa-maria\/la-vicerrectora-de-la-unvm-recibio-a-la-consul-general-de-italia-en-cordoba-maria-luisa-lapresa-en-el-campus-de-la-universidad\/#breadcrumb"},"inLanguage":"es","potentialAction":[{"@type":"ReadAction","target":["https:\/\/elregionalvm.com.ar\/noticias-villa-maria\/la-vicerrectora-de-la-unvm-recibio-a-la-consul-general-de-italia-en-cordoba-maria-luisa-lapresa-en-el-campus-de-la-universidad\/"]}]},{"@type":"ImageObject","inLanguage":"es","@id":"https:\/\/elregionalvm.com.ar\/noticias-villa-maria\/la-vicerrectora-de-la-unvm-recibio-a-la-consul-general-de-italia-en-cordoba-maria-luisa-lapresa-en-el-campus-de-la-universidad\/#primaryimage","url":"https:\/\/i0.wp.com\/elregionalvm.com.ar\/noticias-villa-maria\/wp-content\/uploads\/2024\/10\/WhatsApp-Image-2024-10-07-at-11.54.50.jpeg?fit=1600%2C1066&ssl=1","contentUrl":"https:\/\/i0.wp.com\/elregionalvm.com.ar\/noticias-villa-maria\/wp-content\/uploads\/2024\/10\/WhatsApp-Image-2024-10-07-at-11.54.50.jpeg?fit=1600%2C1066&ssl=1","width":1600,"height":1066},{"@type":"BreadcrumbList","@id":"https:\/\/elregionalvm.com.ar\/noticias-villa-maria\/la-vicerrectora-de-la-unvm-recibio-a-la-consul-general-de-italia-en-cordoba-maria-luisa-lapresa-en-el-campus-de-la-universidad\/#breadcrumb","itemListElement":[{"@type":"ListItem","position":1,"name":"Portada","item":"https:\/\/elregionalvm.com.ar\/noticias-villa-maria\/"},{"@type":"ListItem","position":2,"name":"La vicerrectora de la UNVM, recibi\u00f3 a la c\u00f3nsul general de Italia en C\u00f3rdoba, Mar\u00eda Luisa Lapresa en el campus de la Universidad"}]},{"@type":"WebSite","@id":"http:\/\/elregionalvm.com.ar\/noticias-villa-maria\/#website","url":"http:\/\/elregionalvm.com.ar\/noticias-villa-maria\/","name":"El Regional","description":"Mucho m\u00e1s que informaci\u00f3n","potentialAction":[{"@type":"SearchAction","target":{"@type":"EntryPoint","urlTemplate":"http:\/\/elregionalvm.com.ar\/noticias-villa-maria\/?s={search_term_string}"},"query-input":{"@type":"PropertyValueSpecification","valueRequired":true,"valueName":"search_term_string"}}],"inLanguage":"es"},{"@type":"Person","@id":"http:\/\/elregionalvm.com.ar\/noticias-villa-maria\/#\/schema\/person\/a0fb9c422317faca23d50163151bc354","name":"Contenidos El Regional","image":{"@type":"ImageObject","inLanguage":"es","@id":"http:\/\/elregionalvm.com.ar\/noticias-villa-maria\/#\/schema\/person\/image\/","url":"https:\/\/secure.gravatar.com\/avatar\/265b27cb2209af7bb3a1318f03305787d7981a5cc6e6cd08fe5a4ecdf99d4b48?s=96&d=mm&r=g","contentUrl":"https:\/\/secure.gravatar.com\/avatar\/265b27cb2209af7bb3a1318f03305787d7981a5cc6e6cd08fe5a4ecdf99d4b48?s=96&d=mm&r=g","caption":"Contenidos El Regional"},"url":"https:\/\/elregionalvm.com.ar\/noticias-villa-maria\/author\/contenido\/"}]}},"jetpack_featured_media_url":"https:\/\/i0.wp.com\/elregionalvm.com.ar\/noticias-villa-maria\/wp-content\/uploads\/2024\/10\/WhatsApp-Image-2024-10-07-at-11.54.50.jpeg?fit=1600%2C1066&ssl=1","jetpack_sharing_enabled":true,"_links":{"self":[{"href":"https:\/\/elregionalvm.com.ar\/noticias-villa-maria\/wp-json\/wp\/v2\/posts\/99404","targetHints":{"allow":["GET"]}}],"collection":[{"href":"https:\/\/elregionalvm.com.ar\/noticias-villa-maria\/wp-json\/wp\/v2\/posts"}],"about":[{"href":"https:\/\/elregionalvm.com.ar\/noticias-villa-maria\/wp-json\/wp\/v2\/types\/post"}],"author":[{"embeddable":true,"href":"https:\/\/elregionalvm.com.ar\/noticias-villa-maria\/wp-json\/wp\/v2\/users\/4"}],"replies":[{"embeddable":true,"href":"https:\/\/elregionalvm.com.ar\/noticias-villa-maria\/wp-json\/wp\/v2\/comments?post=99404"}],"version-history":[{"count":1,"href":"https:\/\/elregionalvm.com.ar\/noticias-villa-maria\/wp-json\/wp\/v2\/posts\/99404\/revisions"}],"predecessor-version":[{"id":99406,"href":"https:\/\/elregionalvm.com.ar\/noticias-villa-maria\/wp-json\/wp\/v2\/posts\/99404\/revisions\/99406"}],"wp:featuredmedia":[{"embeddable":true,"href":"https:\/\/elregionalvm.com.ar\/noticias-villa-maria\/wp-json\/wp\/v2\/media\/99405"}],"wp:attachment":[{"href":"https:\/\/elregionalvm.com.ar\/noticias-villa-maria\/wp-json\/wp\/v2\/media?parent=99404"}],"wp:term":[{"taxonomy":"category","embeddable":true,"href":"https:\/\/elregionalvm.com.ar\/noticias-villa-maria\/wp-json\/wp\/v2\/categories?post=99404"},{"taxonomy":"post_tag","embeddable":true,"href":"https:\/\/elregionalvm.com.ar\/noticias-villa-maria\/wp-json\/wp\/v2\/tags?post=99404"}],"curies":[{"name":"wp","href":"https:\/\/api.w.org\/{rel}","templated":true}]}}