{"id":99434,"date":"2024-10-07T23:21:28","date_gmt":"2024-10-07T23:21:28","guid":{"rendered":"https:\/\/elregionalvm.com.ar\/noticias-villa-maria\/?p=99434"},"modified":"2024-10-07T23:21:31","modified_gmt":"2024-10-07T23:21:31","slug":"el-municipio-y-el-instituto-la-santisima-trinidad-organizan-la-feria-ambiental-triniterra","status":"publish","type":"post","link":"https:\/\/elregionalvm.com.ar\/noticias-villa-maria\/el-municipio-y-el-instituto-la-santisima-trinidad-organizan-la-feria-ambiental-triniterra\/","title":{"rendered":"El Municipio y el Instituto La Sant\u00edsima Trinidad organizan la Feria Ambiental \u00abTriniterra\u00bb"},"content":{"rendered":"\n<p>La propuesta es desarrollada por los estudiantes de la escuela en torno a diferentes ejes y apoyada por la Subsecretar\u00eda de Gesti\u00f3n Ambiental<\/p>\n\n\n\n<p>La Municipalidad de Villa Mar\u00eda informa que, el pr\u00f3ximo martes de 8:00 a 13:00 horas, en el Centro Cultural Comunitario Leonardo Favio, se llevar\u00e1 adelante la Feria Ambiental \u201cTriniterra\u201c, organizada por el Instituto La Sant\u00edsima Trinidad, con el apoyo de la Subsecretar\u00eda de Gesti\u00f3n Ambiental y el Instituto Libre del Ambiente (ILA).<\/p>\n\n\n\n<figure class=\"wp-block-image size-large\"><img data-recalc-dims=\"1\" fetchpriority=\"high\" decoding=\"async\" width=\"575\" height=\"1024\" src=\"https:\/\/i0.wp.com\/elregionalvm.com.ar\/noticias-villa-maria\/wp-content\/uploads\/2024\/10\/WhatsApp-Image-2024-10-07-at-11.58.42.jpeg?resize=575%2C1024&#038;ssl=1\" alt=\"\" class=\"wp-image-99435\" srcset=\"https:\/\/i0.wp.com\/elregionalvm.com.ar\/noticias-villa-maria\/wp-content\/uploads\/2024\/10\/WhatsApp-Image-2024-10-07-at-11.58.42.jpeg?resize=575%2C1024&amp;ssl=1 575w, https:\/\/i0.wp.com\/elregionalvm.com.ar\/noticias-villa-maria\/wp-content\/uploads\/2024\/10\/WhatsApp-Image-2024-10-07-at-11.58.42.jpeg?resize=169%2C300&amp;ssl=1 169w, https:\/\/i0.wp.com\/elregionalvm.com.ar\/noticias-villa-maria\/wp-content\/uploads\/2024\/10\/WhatsApp-Image-2024-10-07-at-11.58.42.jpeg?resize=768%2C1367&amp;ssl=1 768w, https:\/\/i0.wp.com\/elregionalvm.com.ar\/noticias-villa-maria\/wp-content\/uploads\/2024\/10\/WhatsApp-Image-2024-10-07-at-11.58.42.jpeg?resize=863%2C1536&amp;ssl=1 863w, https:\/\/i0.wp.com\/elregionalvm.com.ar\/noticias-villa-maria\/wp-content\/uploads\/2024\/10\/WhatsApp-Image-2024-10-07-at-11.58.42.jpeg?w=899&amp;ssl=1 899w\" sizes=\"(max-width: 575px) 100vw, 575px\" \/><\/figure>\n\n\n\n<p>La propuesta se desarrolla en el marco del programa municipal \u201cEscuelas Conscientes\u201d, que tiene por objetivo que las instituciones educativas de Villa Mar\u00eda, de nivel primario y secundario, sean responsables y activas en el cuidado del medio ambiente.<\/p>\n\n\n\n<p>De este modo, a trav\u00e9s del trabajo conjunto con la Secretar\u00eda de Infraestructura, Desarrollo Urbano y Ambiente y el ILA, esta escuela es la primera en recibir todas las certificaciones correspondientes por haber alcanzado los tres niveles que se proponen en el programa:<\/p>\n\n\n\n<p>&#x267b;&#xfe0f; Escuela Consciente \u201cActiva\u201d (Nivel 1): Se promueve la concientizaci\u00f3n ambiental en la escuela mediante acciones concretas que involucran a toda la comunidad escolar.<\/p>\n\n\n\n<p>&#x267b;&#xfe0f; Escuela Consciente \u201cAbierta\u201d (Nivel 2): Se profundiza la responsabilidad ambiental como un derecho y compromiso colectivo, invitando a la comunidad de Villa Mar\u00eda a participar en los proyectos socioambientales de la escuela.<\/p>\n\n\n\n<p>&#x267b;&#xfe0f; Escuela Consciente \u201cExpansiva\u201d (Nivel 3): Se fomenta el aprendizaje colaborativo entre escuelas e instituciones, creando redes verdes para multiplicar la conciencia ambiental y promover pr\u00e1cticas sostenibles que contribuyan a un cambio cultural.<\/p>\n\n\n\n<p>Entre los ejes trabajados por los estudiantes, se encuentran Huella ecol\u00f3gica; Compost y producci\u00f3n vegetal; Tratamiento de residuos y \u201c3R\u201c: Reducir, Reutilizar y Reciclar. Adem\u00e1s, estar\u00e1n presentes estudiantes del Instituto San Antonio para realizar una plantaci\u00f3n en conjunto y recibir su certificado de Escuela Consciente Abierta.<\/p>\n\n\n\n<p>Junto a Canje Saludable<\/p>\n\n\n\n<p>Tambi\u00e9n tendr\u00e1 lugar una jornada de Canje Saludable, donde quienes se den cita en el espacio cultural podr\u00e1n intercambiar un m\u00ednimo de 2 kilos de residuos reciclables (cart\u00f3n, papel, metal, tela y\/o telgopor), que se encuentren limpios y secos, por un bols\u00f3n de verduras.<\/p>\n\n\n\n<p>Asimismo, estar\u00e1n presentes alumnos del Taller de Ciencias de primer a\u00f1o del Trinitarios, con su proyecto de filamentos para impresoras 3D a partir de las botellas pl\u00e1sticas que se recepten en la jornada.<\/p>\n\n\n\n<p>Sobre el programa Escuelas Conscientes<\/p>\n\n\n\n<p>Busca promover la educaci\u00f3n y conciencia socioambiental, junto con la implementaci\u00f3n de pr\u00e1cticas de responsabilidad y cuidado del medioambiente en las escuelas a trav\u00e9s de capacitaciones y actividades pr\u00e1cticas para alumnos, contribuyendo a la formaci\u00f3n de una consciencia ambiental integral y la adopci\u00f3n de h\u00e1bitos que colaboren en la construcci\u00f3n de una ciudad sostenible.<\/p>\n\n\n\n<p>Asimismo, la iniciativa prev\u00e9 capacitaciones en educaci\u00f3n socioambiental en torno a tres ejes tem\u00e1ticos: Econom\u00eda circular y gesti\u00f3n integral de residuos; Acci\u00f3n por el clima y Sostenibilidad.<\/p>\n\n\n\n<p>Cabe recordar que el Municipio desarrolla, desde el inicio de la gesti\u00f3n del intendente Eduardo Accastello, diversas actividades relacionadas con el cuidado de la casa com\u00fan y el trabajo conjunto con diversas instituciones y organizaciones de nuestra ciudad, adem\u00e1s de tareas de concientizaci\u00f3n.<\/p>\n\n\n\n<p>Entre estas se destacan la plantaci\u00f3n de ejemplares arb\u00f3reos, el recambio de viejas luminarias por luces LED, jornadas de Canje Saludable, entre otras.<\/p>\n","protected":false},"excerpt":{"rendered":"<p>La propuesta es desarrollada por los estudiantes de la escuela en torno a diferentes ejes y apoyada por la Subsecretar\u00eda de Gesti\u00f3n Ambiental La Municipalidad de Villa Mar\u00eda informa que, el pr\u00f3ximo martes de 8:00 a 13:00 horas, en el Centro Cultural Comunitario Leonardo Favio, se llevar\u00e1 adelante la Feria Ambiental \u201cTriniterra\u201c, organizada por el [&hellip;]<\/p>\n","protected":false},"author":4,"featured_media":99436,"comment_status":"open","ping_status":"open","sticky":false,"template":"","format":"standard","meta":{"site-sidebar-layout":"default","site-content-layout":"","ast-site-content-layout":"default","site-content-style":"default","site-sidebar-style":"default","ast-global-header-display":"","ast-banner-title-visibility":"","ast-main-header-display":"","ast-hfb-above-header-display":"","ast-hfb-below-header-display":"","ast-hfb-mobile-header-display":"","site-post-title":"","ast-breadcrumbs-content":"","ast-featured-img":"","footer-sml-layout":"","ast-disable-related-posts":"","theme-transparent-header-meta":"","adv-header-id-meta":"","stick-header-meta":"","header-above-stick-meta":"","header-main-stick-meta":"","header-below-stick-meta":"","astra-migrate-meta-layouts":"set","ast-page-background-enabled":"default","ast-page-background-meta":{"desktop":{"background-color":"","background-image":"","background-repeat":"repeat","background-position":"center center","background-size":"auto","background-attachment":"scroll","background-type":"","background-media":"","overlay-type":"","overlay-color":"","overlay-opacity":"","overlay-gradient":""},"tablet":{"background-color":"","background-image":"","background-repeat":"repeat","background-position":"center center","background-size":"auto","background-attachment":"scroll","background-type":"","background-media":"","overlay-type":"","overlay-color":"","overlay-opacity":"","overlay-gradient":""},"mobile":{"background-color":"","background-image":"","background-repeat":"repeat","background-position":"center center","background-size":"auto","background-attachment":"scroll","background-type":"","background-media":"","overlay-type":"","overlay-color":"","overlay-opacity":"","overlay-gradient":""}},"ast-content-background-meta":{"desktop":{"background-color":"var(--ast-global-color-5)","background-image":"","background-repeat":"repeat","background-position":"center center","background-size":"auto","background-attachment":"scroll","background-type":"","background-media":"","overlay-type":"","overlay-color":"","overlay-opacity":"","overlay-gradient":""},"tablet":{"background-color":"var(--ast-global-color-5)","background-image":"","background-repeat":"repeat","background-position":"center center","background-size":"auto","background-attachment":"scroll","background-type":"","background-media":"","overlay-type":"","overlay-color":"","overlay-opacity":"","overlay-gradient":""},"mobile":{"background-color":"var(--ast-global-color-5)","background-image":"","background-repeat":"repeat","background-position":"center center","background-size":"auto","background-attachment":"scroll","background-type":"","background-media":"","overlay-type":"","overlay-color":"","overlay-opacity":"","overlay-gradient":""}},"_jetpack_memberships_contains_paid_content":false,"_joinchat":[],"footnotes":""},"categories":[5,2],"tags":[],"class_list":["post-99434","post","type-post","status-publish","format-standard","has-post-thumbnail","hentry","category-sociedad","category-villa-maria"],"yoast_head":"<!-- This site is optimized with the Yoast SEO plugin v26.8 - https:\/\/yoast.com\/product\/yoast-seo-wordpress\/ -->\n<title>El Municipio y el Instituto La Sant\u00edsima Trinidad organizan la Feria Ambiental &quot;Triniterra&quot; - El Regional<\/title>\n<meta name=\"robots\" content=\"index, follow, max-snippet:-1, max-image-preview:large, max-video-preview:-1\" \/>\n<link rel=\"canonical\" href=\"https:\/\/elregionalvm.com.ar\/noticias-villa-maria\/el-municipio-y-el-instituto-la-santisima-trinidad-organizan-la-feria-ambiental-triniterra\/\" \/>\n<meta property=\"og:locale\" content=\"es_ES\" \/>\n<meta property=\"og:type\" content=\"article\" \/>\n<meta property=\"og:title\" content=\"El Municipio y el Instituto La Sant\u00edsima Trinidad organizan la Feria Ambiental &quot;Triniterra&quot; - El Regional\" \/>\n<meta property=\"og:description\" content=\"La propuesta es desarrollada por los estudiantes de la escuela en torno a diferentes ejes y apoyada por la Subsecretar\u00eda de Gesti\u00f3n Ambiental La Municipalidad de Villa Mar\u00eda informa que, el pr\u00f3ximo martes de 8:00 a 13:00 horas, en el Centro Cultural Comunitario Leonardo Favio, se llevar\u00e1 adelante la Feria Ambiental \u201cTriniterra\u201c, organizada por el [&hellip;]\" \/>\n<meta property=\"og:url\" content=\"https:\/\/elregionalvm.com.ar\/noticias-villa-maria\/el-municipio-y-el-instituto-la-santisima-trinidad-organizan-la-feria-ambiental-triniterra\/\" \/>\n<meta property=\"og:site_name\" content=\"El Regional\" \/>\n<meta property=\"article:publisher\" content=\"https:\/\/www.facebook.com\/elregionalvm\" \/>\n<meta property=\"article:published_time\" content=\"2024-10-07T23:21:28+00:00\" \/>\n<meta property=\"article:modified_time\" content=\"2024-10-07T23:21:31+00:00\" \/>\n<meta property=\"og:image\" content=\"https:\/\/elregionalvm.com.ar\/noticias-villa-maria\/wp-content\/uploads\/2024\/10\/WhatsApp-Image-2024-10-07-at-11.58.41.jpeg\" \/>\n\t<meta property=\"og:image:width\" content=\"899\" \/>\n\t<meta property=\"og:image:height\" content=\"1600\" \/>\n\t<meta property=\"og:image:type\" content=\"image\/jpeg\" \/>\n<meta name=\"author\" content=\"Contenidos El Regional\" \/>\n<meta name=\"twitter:card\" content=\"summary_large_image\" \/>\n<meta name=\"twitter:creator\" content=\"@elregionalvm1\" \/>\n<meta name=\"twitter:site\" content=\"@elregionalvm1\" \/>\n<meta name=\"twitter:label1\" content=\"Escrito por\" \/>\n\t<meta name=\"twitter:data1\" content=\"Contenidos El Regional\" \/>\n\t<meta name=\"twitter:label2\" content=\"Tiempo de lectura\" \/>\n\t<meta name=\"twitter:data2\" content=\"3 minutos\" \/>\n<script type=\"application\/ld+json\" class=\"yoast-schema-graph\">{\"@context\":\"https:\/\/schema.org\",\"@graph\":[{\"@type\":\"Article\",\"@id\":\"https:\/\/elregionalvm.com.ar\/noticias-villa-maria\/el-municipio-y-el-instituto-la-santisima-trinidad-organizan-la-feria-ambiental-triniterra\/#article\",\"isPartOf\":{\"@id\":\"https:\/\/elregionalvm.com.ar\/noticias-villa-maria\/el-municipio-y-el-instituto-la-santisima-trinidad-organizan-la-feria-ambiental-triniterra\/\"},\"author\":{\"name\":\"Contenidos El Regional\",\"@id\":\"http:\/\/elregionalvm.com.ar\/noticias-villa-maria\/#\/schema\/person\/a0fb9c422317faca23d50163151bc354\"},\"headline\":\"El Municipio y el Instituto La Sant\u00edsima Trinidad organizan la Feria Ambiental \u00abTriniterra\u00bb\",\"datePublished\":\"2024-10-07T23:21:28+00:00\",\"dateModified\":\"2024-10-07T23:21:31+00:00\",\"mainEntityOfPage\":{\"@id\":\"https:\/\/elregionalvm.com.ar\/noticias-villa-maria\/el-municipio-y-el-instituto-la-santisima-trinidad-organizan-la-feria-ambiental-triniterra\/\"},\"wordCount\":589,\"commentCount\":0,\"image\":{\"@id\":\"https:\/\/elregionalvm.com.ar\/noticias-villa-maria\/el-municipio-y-el-instituto-la-santisima-trinidad-organizan-la-feria-ambiental-triniterra\/#primaryimage\"},\"thumbnailUrl\":\"https:\/\/i0.wp.com\/elregionalvm.com.ar\/noticias-villa-maria\/wp-content\/uploads\/2024\/10\/WhatsApp-Image-2024-10-07-at-11.58.41.jpeg?fit=899%2C1600&ssl=1\",\"articleSection\":[\"Sociedad\",\"Villa Mar\u00eda\"],\"inLanguage\":\"es\",\"potentialAction\":[{\"@type\":\"CommentAction\",\"name\":\"Comment\",\"target\":[\"https:\/\/elregionalvm.com.ar\/noticias-villa-maria\/el-municipio-y-el-instituto-la-santisima-trinidad-organizan-la-feria-ambiental-triniterra\/#respond\"]}]},{\"@type\":\"WebPage\",\"@id\":\"https:\/\/elregionalvm.com.ar\/noticias-villa-maria\/el-municipio-y-el-instituto-la-santisima-trinidad-organizan-la-feria-ambiental-triniterra\/\",\"url\":\"https:\/\/elregionalvm.com.ar\/noticias-villa-maria\/el-municipio-y-el-instituto-la-santisima-trinidad-organizan-la-feria-ambiental-triniterra\/\",\"name\":\"El Municipio y el Instituto La Sant\u00edsima Trinidad organizan la Feria Ambiental \\\"Triniterra\\\" - El Regional\",\"isPartOf\":{\"@id\":\"http:\/\/elregionalvm.com.ar\/noticias-villa-maria\/#website\"},\"primaryImageOfPage\":{\"@id\":\"https:\/\/elregionalvm.com.ar\/noticias-villa-maria\/el-municipio-y-el-instituto-la-santisima-trinidad-organizan-la-feria-ambiental-triniterra\/#primaryimage\"},\"image\":{\"@id\":\"https:\/\/elregionalvm.com.ar\/noticias-villa-maria\/el-municipio-y-el-instituto-la-santisima-trinidad-organizan-la-feria-ambiental-triniterra\/#primaryimage\"},\"thumbnailUrl\":\"https:\/\/i0.wp.com\/elregionalvm.com.ar\/noticias-villa-maria\/wp-content\/uploads\/2024\/10\/WhatsApp-Image-2024-10-07-at-11.58.41.jpeg?fit=899%2C1600&ssl=1\",\"datePublished\":\"2024-10-07T23:21:28+00:00\",\"dateModified\":\"2024-10-07T23:21:31+00:00\",\"author\":{\"@id\":\"http:\/\/elregionalvm.com.ar\/noticias-villa-maria\/#\/schema\/person\/a0fb9c422317faca23d50163151bc354\"},\"breadcrumb\":{\"@id\":\"https:\/\/elregionalvm.com.ar\/noticias-villa-maria\/el-municipio-y-el-instituto-la-santisima-trinidad-organizan-la-feria-ambiental-triniterra\/#breadcrumb\"},\"inLanguage\":\"es\",\"potentialAction\":[{\"@type\":\"ReadAction\",\"target\":[\"https:\/\/elregionalvm.com.ar\/noticias-villa-maria\/el-municipio-y-el-instituto-la-santisima-trinidad-organizan-la-feria-ambiental-triniterra\/\"]}]},{\"@type\":\"ImageObject\",\"inLanguage\":\"es\",\"@id\":\"https:\/\/elregionalvm.com.ar\/noticias-villa-maria\/el-municipio-y-el-instituto-la-santisima-trinidad-organizan-la-feria-ambiental-triniterra\/#primaryimage\",\"url\":\"https:\/\/i0.wp.com\/elregionalvm.com.ar\/noticias-villa-maria\/wp-content\/uploads\/2024\/10\/WhatsApp-Image-2024-10-07-at-11.58.41.jpeg?fit=899%2C1600&ssl=1\",\"contentUrl\":\"https:\/\/i0.wp.com\/elregionalvm.com.ar\/noticias-villa-maria\/wp-content\/uploads\/2024\/10\/WhatsApp-Image-2024-10-07-at-11.58.41.jpeg?fit=899%2C1600&ssl=1\",\"width\":899,\"height\":1600},{\"@type\":\"BreadcrumbList\",\"@id\":\"https:\/\/elregionalvm.com.ar\/noticias-villa-maria\/el-municipio-y-el-instituto-la-santisima-trinidad-organizan-la-feria-ambiental-triniterra\/#breadcrumb\",\"itemListElement\":[{\"@type\":\"ListItem\",\"position\":1,\"name\":\"Portada\",\"item\":\"https:\/\/elregionalvm.com.ar\/noticias-villa-maria\/\"},{\"@type\":\"ListItem\",\"position\":2,\"name\":\"El Municipio y el Instituto La Sant\u00edsima Trinidad organizan la Feria Ambiental \u00abTriniterra\u00bb\"}]},{\"@type\":\"WebSite\",\"@id\":\"http:\/\/elregionalvm.com.ar\/noticias-villa-maria\/#website\",\"url\":\"http:\/\/elregionalvm.com.ar\/noticias-villa-maria\/\",\"name\":\"El Regional\",\"description\":\"Mucho m\u00e1s que informaci\u00f3n\",\"potentialAction\":[{\"@type\":\"SearchAction\",\"target\":{\"@type\":\"EntryPoint\",\"urlTemplate\":\"http:\/\/elregionalvm.com.ar\/noticias-villa-maria\/?s={search_term_string}\"},\"query-input\":{\"@type\":\"PropertyValueSpecification\",\"valueRequired\":true,\"valueName\":\"search_term_string\"}}],\"inLanguage\":\"es\"},{\"@type\":\"Person\",\"@id\":\"http:\/\/elregionalvm.com.ar\/noticias-villa-maria\/#\/schema\/person\/a0fb9c422317faca23d50163151bc354\",\"name\":\"Contenidos El Regional\",\"image\":{\"@type\":\"ImageObject\",\"inLanguage\":\"es\",\"@id\":\"http:\/\/elregionalvm.com.ar\/noticias-villa-maria\/#\/schema\/person\/image\/\",\"url\":\"https:\/\/secure.gravatar.com\/avatar\/265b27cb2209af7bb3a1318f03305787d7981a5cc6e6cd08fe5a4ecdf99d4b48?s=96&d=mm&r=g\",\"contentUrl\":\"https:\/\/secure.gravatar.com\/avatar\/265b27cb2209af7bb3a1318f03305787d7981a5cc6e6cd08fe5a4ecdf99d4b48?s=96&d=mm&r=g\",\"caption\":\"Contenidos El Regional\"},\"url\":\"https:\/\/elregionalvm.com.ar\/noticias-villa-maria\/author\/contenido\/\"}]}<\/script>\n<!-- \/ Yoast SEO plugin. -->","yoast_head_json":{"title":"El Municipio y el Instituto La Sant\u00edsima Trinidad organizan la Feria Ambiental \"Triniterra\" - El Regional","robots":{"index":"index","follow":"follow","max-snippet":"max-snippet:-1","max-image-preview":"max-image-preview:large","max-video-preview":"max-video-preview:-1"},"canonical":"https:\/\/elregionalvm.com.ar\/noticias-villa-maria\/el-municipio-y-el-instituto-la-santisima-trinidad-organizan-la-feria-ambiental-triniterra\/","og_locale":"es_ES","og_type":"article","og_title":"El Municipio y el Instituto La Sant\u00edsima Trinidad organizan la Feria Ambiental \"Triniterra\" - El Regional","og_description":"La propuesta es desarrollada por los estudiantes de la escuela en torno a diferentes ejes y apoyada por la Subsecretar\u00eda de Gesti\u00f3n Ambiental La Municipalidad de Villa Mar\u00eda informa que, el pr\u00f3ximo martes de 8:00 a 13:00 horas, en el Centro Cultural Comunitario Leonardo Favio, se llevar\u00e1 adelante la Feria Ambiental \u201cTriniterra\u201c, organizada por el [&hellip;]","og_url":"https:\/\/elregionalvm.com.ar\/noticias-villa-maria\/el-municipio-y-el-instituto-la-santisima-trinidad-organizan-la-feria-ambiental-triniterra\/","og_site_name":"El Regional","article_publisher":"https:\/\/www.facebook.com\/elregionalvm","article_published_time":"2024-10-07T23:21:28+00:00","article_modified_time":"2024-10-07T23:21:31+00:00","og_image":[{"width":899,"height":1600,"url":"https:\/\/elregionalvm.com.ar\/noticias-villa-maria\/wp-content\/uploads\/2024\/10\/WhatsApp-Image-2024-10-07-at-11.58.41.jpeg","type":"image\/jpeg"}],"author":"Contenidos El Regional","twitter_card":"summary_large_image","twitter_creator":"@elregionalvm1","twitter_site":"@elregionalvm1","twitter_misc":{"Escrito por":"Contenidos El Regional","Tiempo de lectura":"3 minutos"},"schema":{"@context":"https:\/\/schema.org","@graph":[{"@type":"Article","@id":"https:\/\/elregionalvm.com.ar\/noticias-villa-maria\/el-municipio-y-el-instituto-la-santisima-trinidad-organizan-la-feria-ambiental-triniterra\/#article","isPartOf":{"@id":"https:\/\/elregionalvm.com.ar\/noticias-villa-maria\/el-municipio-y-el-instituto-la-santisima-trinidad-organizan-la-feria-ambiental-triniterra\/"},"author":{"name":"Contenidos El Regional","@id":"http:\/\/elregionalvm.com.ar\/noticias-villa-maria\/#\/schema\/person\/a0fb9c422317faca23d50163151bc354"},"headline":"El Municipio y el Instituto La Sant\u00edsima Trinidad organizan la Feria Ambiental \u00abTriniterra\u00bb","datePublished":"2024-10-07T23:21:28+00:00","dateModified":"2024-10-07T23:21:31+00:00","mainEntityOfPage":{"@id":"https:\/\/elregionalvm.com.ar\/noticias-villa-maria\/el-municipio-y-el-instituto-la-santisima-trinidad-organizan-la-feria-ambiental-triniterra\/"},"wordCount":589,"commentCount":0,"image":{"@id":"https:\/\/elregionalvm.com.ar\/noticias-villa-maria\/el-municipio-y-el-instituto-la-santisima-trinidad-organizan-la-feria-ambiental-triniterra\/#primaryimage"},"thumbnailUrl":"https:\/\/i0.wp.com\/elregionalvm.com.ar\/noticias-villa-maria\/wp-content\/uploads\/2024\/10\/WhatsApp-Image-2024-10-07-at-11.58.41.jpeg?fit=899%2C1600&ssl=1","articleSection":["Sociedad","Villa Mar\u00eda"],"inLanguage":"es","potentialAction":[{"@type":"CommentAction","name":"Comment","target":["https:\/\/elregionalvm.com.ar\/noticias-villa-maria\/el-municipio-y-el-instituto-la-santisima-trinidad-organizan-la-feria-ambiental-triniterra\/#respond"]}]},{"@type":"WebPage","@id":"https:\/\/elregionalvm.com.ar\/noticias-villa-maria\/el-municipio-y-el-instituto-la-santisima-trinidad-organizan-la-feria-ambiental-triniterra\/","url":"https:\/\/elregionalvm.com.ar\/noticias-villa-maria\/el-municipio-y-el-instituto-la-santisima-trinidad-organizan-la-feria-ambiental-triniterra\/","name":"El Municipio y el Instituto La Sant\u00edsima Trinidad organizan la Feria Ambiental \"Triniterra\" - El Regional","isPartOf":{"@id":"http:\/\/elregionalvm.com.ar\/noticias-villa-maria\/#website"},"primaryImageOfPage":{"@id":"https:\/\/elregionalvm.com.ar\/noticias-villa-maria\/el-municipio-y-el-instituto-la-santisima-trinidad-organizan-la-feria-ambiental-triniterra\/#primaryimage"},"image":{"@id":"https:\/\/elregionalvm.com.ar\/noticias-villa-maria\/el-municipio-y-el-instituto-la-santisima-trinidad-organizan-la-feria-ambiental-triniterra\/#primaryimage"},"thumbnailUrl":"https:\/\/i0.wp.com\/elregionalvm.com.ar\/noticias-villa-maria\/wp-content\/uploads\/2024\/10\/WhatsApp-Image-2024-10-07-at-11.58.41.jpeg?fit=899%2C1600&ssl=1","datePublished":"2024-10-07T23:21:28+00:00","dateModified":"2024-10-07T23:21:31+00:00","author":{"@id":"http:\/\/elregionalvm.com.ar\/noticias-villa-maria\/#\/schema\/person\/a0fb9c422317faca23d50163151bc354"},"breadcrumb":{"@id":"https:\/\/elregionalvm.com.ar\/noticias-villa-maria\/el-municipio-y-el-instituto-la-santisima-trinidad-organizan-la-feria-ambiental-triniterra\/#breadcrumb"},"inLanguage":"es","potentialAction":[{"@type":"ReadAction","target":["https:\/\/elregionalvm.com.ar\/noticias-villa-maria\/el-municipio-y-el-instituto-la-santisima-trinidad-organizan-la-feria-ambiental-triniterra\/"]}]},{"@type":"ImageObject","inLanguage":"es","@id":"https:\/\/elregionalvm.com.ar\/noticias-villa-maria\/el-municipio-y-el-instituto-la-santisima-trinidad-organizan-la-feria-ambiental-triniterra\/#primaryimage","url":"https:\/\/i0.wp.com\/elregionalvm.com.ar\/noticias-villa-maria\/wp-content\/uploads\/2024\/10\/WhatsApp-Image-2024-10-07-at-11.58.41.jpeg?fit=899%2C1600&ssl=1","contentUrl":"https:\/\/i0.wp.com\/elregionalvm.com.ar\/noticias-villa-maria\/wp-content\/uploads\/2024\/10\/WhatsApp-Image-2024-10-07-at-11.58.41.jpeg?fit=899%2C1600&ssl=1","width":899,"height":1600},{"@type":"BreadcrumbList","@id":"https:\/\/elregionalvm.com.ar\/noticias-villa-maria\/el-municipio-y-el-instituto-la-santisima-trinidad-organizan-la-feria-ambiental-triniterra\/#breadcrumb","itemListElement":[{"@type":"ListItem","position":1,"name":"Portada","item":"https:\/\/elregionalvm.com.ar\/noticias-villa-maria\/"},{"@type":"ListItem","position":2,"name":"El Municipio y el Instituto La Sant\u00edsima Trinidad organizan la Feria Ambiental \u00abTriniterra\u00bb"}]},{"@type":"WebSite","@id":"http:\/\/elregionalvm.com.ar\/noticias-villa-maria\/#website","url":"http:\/\/elregionalvm.com.ar\/noticias-villa-maria\/","name":"El Regional","description":"Mucho m\u00e1s que informaci\u00f3n","potentialAction":[{"@type":"SearchAction","target":{"@type":"EntryPoint","urlTemplate":"http:\/\/elregionalvm.com.ar\/noticias-villa-maria\/?s={search_term_string}"},"query-input":{"@type":"PropertyValueSpecification","valueRequired":true,"valueName":"search_term_string"}}],"inLanguage":"es"},{"@type":"Person","@id":"http:\/\/elregionalvm.com.ar\/noticias-villa-maria\/#\/schema\/person\/a0fb9c422317faca23d50163151bc354","name":"Contenidos El Regional","image":{"@type":"ImageObject","inLanguage":"es","@id":"http:\/\/elregionalvm.com.ar\/noticias-villa-maria\/#\/schema\/person\/image\/","url":"https:\/\/secure.gravatar.com\/avatar\/265b27cb2209af7bb3a1318f03305787d7981a5cc6e6cd08fe5a4ecdf99d4b48?s=96&d=mm&r=g","contentUrl":"https:\/\/secure.gravatar.com\/avatar\/265b27cb2209af7bb3a1318f03305787d7981a5cc6e6cd08fe5a4ecdf99d4b48?s=96&d=mm&r=g","caption":"Contenidos El Regional"},"url":"https:\/\/elregionalvm.com.ar\/noticias-villa-maria\/author\/contenido\/"}]}},"jetpack_featured_media_url":"https:\/\/i0.wp.com\/elregionalvm.com.ar\/noticias-villa-maria\/wp-content\/uploads\/2024\/10\/WhatsApp-Image-2024-10-07-at-11.58.41.jpeg?fit=899%2C1600&ssl=1","jetpack_sharing_enabled":true,"_links":{"self":[{"href":"https:\/\/elregionalvm.com.ar\/noticias-villa-maria\/wp-json\/wp\/v2\/posts\/99434","targetHints":{"allow":["GET"]}}],"collection":[{"href":"https:\/\/elregionalvm.com.ar\/noticias-villa-maria\/wp-json\/wp\/v2\/posts"}],"about":[{"href":"https:\/\/elregionalvm.com.ar\/noticias-villa-maria\/wp-json\/wp\/v2\/types\/post"}],"author":[{"embeddable":true,"href":"https:\/\/elregionalvm.com.ar\/noticias-villa-maria\/wp-json\/wp\/v2\/users\/4"}],"replies":[{"embeddable":true,"href":"https:\/\/elregionalvm.com.ar\/noticias-villa-maria\/wp-json\/wp\/v2\/comments?post=99434"}],"version-history":[{"count":1,"href":"https:\/\/elregionalvm.com.ar\/noticias-villa-maria\/wp-json\/wp\/v2\/posts\/99434\/revisions"}],"predecessor-version":[{"id":99437,"href":"https:\/\/elregionalvm.com.ar\/noticias-villa-maria\/wp-json\/wp\/v2\/posts\/99434\/revisions\/99437"}],"wp:featuredmedia":[{"embeddable":true,"href":"https:\/\/elregionalvm.com.ar\/noticias-villa-maria\/wp-json\/wp\/v2\/media\/99436"}],"wp:attachment":[{"href":"https:\/\/elregionalvm.com.ar\/noticias-villa-maria\/wp-json\/wp\/v2\/media?parent=99434"}],"wp:term":[{"taxonomy":"category","embeddable":true,"href":"https:\/\/elregionalvm.com.ar\/noticias-villa-maria\/wp-json\/wp\/v2\/categories?post=99434"},{"taxonomy":"post_tag","embeddable":true,"href":"https:\/\/elregionalvm.com.ar\/noticias-villa-maria\/wp-json\/wp\/v2\/tags?post=99434"}],"curies":[{"name":"wp","href":"https:\/\/api.w.org\/{rel}","templated":true}]}}