{"id":99542,"date":"2024-10-10T23:27:38","date_gmt":"2024-10-10T23:27:38","guid":{"rendered":"https:\/\/elregionalvm.com.ar\/noticias-villa-maria\/?p=99542"},"modified":"2024-10-10T23:27:41","modified_gmt":"2024-10-10T23:27:41","slug":"el-pilt-ratifico-el-convenio-para-la-construccion-del-campus-de-la-universidad-siglo-21","status":"publish","type":"post","link":"https:\/\/elregionalvm.com.ar\/noticias-villa-maria\/el-pilt-ratifico-el-convenio-para-la-construccion-del-campus-de-la-universidad-siglo-21\/","title":{"rendered":"El PILT ratific\u00f3 el convenio para la construcci\u00f3n del campus de la Universidad Siglo 21"},"content":{"rendered":"\n<p>El Parque Industrial, Log\u00edstico y Tecnol\u00f3gico Villa Mar\u00eda ratific\u00f3, en Asamblea de Accionistas, un convenio fundamental que impulsar\u00e1 el desarrollo educativo y econ\u00f3mico de la ciudad.<\/p>\n\n\n\n<p>Este acuerdo, que involucra la cesi\u00f3n de un terreno para la construcci\u00f3n de un campus universitario de la Universidad Siglo 21, ahora pasar\u00e1 al Concejo Deliberante para su aprobaci\u00f3n definitiva mediante Ordenanza.<\/p>\n\n\n\n<p>El proyecto contempla la cesi\u00f3n de un terreno de 30 mil metros cuadrados sobre la Ruta Provincial 2, donde se construir\u00e1 el futuro campus.<\/p>\n\n\n\n<p>Cabe recordar que el intendente Eduardo Accastello y el presidente fundador de la Universidad Siglo 21, Juan Carlos Rabbat, suscribieron el pasado mes de septiembre, un acta acuerdo por el cu\u00e1l las partes asumieron el compromiso de aunar acciones para la construcci\u00f3n del Campus Universitario en la ciudad.<\/p>\n\n\n\n<p>Al respecto, Accastello dijo:<br>\u201c Tener la certeza de que la Universidad Siglo 21 construir\u00e1 un Campus en Villa Mar\u00eda, realmente nos fortalece, potencia y estimula para continuar trabajando hacia el objetivo de tener una ciudad cada vez m\u00e1s universitaria. Sabemos que la educaci\u00f3n es motor de desarrollo humano y de las comunidades y, de esta manera, Villa Mar\u00eda sigue ampliando su capacidad, infraestructura y oferta educativa para que las familias de la ciudad, la regi\u00f3n y otras provincias, nos sigan eligiendo\u201d.<\/p>\n\n\n\n<p>Esta iniciativa, resultado de la colaboraci\u00f3n entre el Municipio, el Parque Industrial y la Universidad Siglo 21, refleja un avance hist\u00f3rico para la ciudad.<\/p>\n\n\n\n<p>Las obras deber\u00e1n comenzar en un plazo de 30 meses desde la ratificaci\u00f3n de los convenios, lo que asegura que la transformaci\u00f3n urbana y educativa de la ciudad est\u00e9 en marcha.<\/p>\n\n\n\n<p>Con una proyecci\u00f3n de m\u00e1s de 30.000 estudiantes para nuestra ciudad en la pr\u00f3xima d\u00e9cada, el campus no solo ofrecer\u00e1 infraestructuras acad\u00e9micas, deportivas y residencias estudiantiles, sino tambi\u00e9n oportunidades de capacitaci\u00f3n y becas para los vecinos de la ciudad.<\/p>\n\n\n\n<p>Adem\u00e1s, la Universidad se compromete a realizar investigaciones ambientales para beneficio de las industrias locales.<\/p>\n\n\n\n<p>Fueron parte de la r\u00fabrica, el asesor letrado del municipio, Franco Valzacchi; el presidente del Directorio de PILT, Carlos Pizzorno y la presidenta de AERCA, Carolina Benito.<\/p>\n","protected":false},"excerpt":{"rendered":"<p>El Parque Industrial, Log\u00edstico y Tecnol\u00f3gico Villa Mar\u00eda ratific\u00f3, en Asamblea de Accionistas, un convenio fundamental que impulsar\u00e1 el desarrollo educativo y econ\u00f3mico de la ciudad. Este acuerdo, que involucra la cesi\u00f3n de un terreno para la construcci\u00f3n de un campus universitario de la Universidad Siglo 21, ahora pasar\u00e1 al Concejo Deliberante para su aprobaci\u00f3n [&hellip;]<\/p>\n","protected":false},"author":4,"featured_media":99543,"comment_status":"open","ping_status":"open","sticky":false,"template":"","format":"standard","meta":{"site-sidebar-layout":"default","site-content-layout":"","ast-site-content-layout":"default","site-content-style":"default","site-sidebar-style":"default","ast-global-header-display":"","ast-banner-title-visibility":"","ast-main-header-display":"","ast-hfb-above-header-display":"","ast-hfb-below-header-display":"","ast-hfb-mobile-header-display":"","site-post-title":"","ast-breadcrumbs-content":"","ast-featured-img":"","footer-sml-layout":"","ast-disable-related-posts":"","theme-transparent-header-meta":"","adv-header-id-meta":"","stick-header-meta":"","header-above-stick-meta":"","header-main-stick-meta":"","header-below-stick-meta":"","astra-migrate-meta-layouts":"set","ast-page-background-enabled":"default","ast-page-background-meta":{"desktop":{"background-color":"","background-image":"","background-repeat":"repeat","background-position":"center center","background-size":"auto","background-attachment":"scroll","background-type":"","background-media":"","overlay-type":"","overlay-color":"","overlay-opacity":"","overlay-gradient":""},"tablet":{"background-color":"","background-image":"","background-repeat":"repeat","background-position":"center center","background-size":"auto","background-attachment":"scroll","background-type":"","background-media":"","overlay-type":"","overlay-color":"","overlay-opacity":"","overlay-gradient":""},"mobile":{"background-color":"","background-image":"","background-repeat":"repeat","background-position":"center center","background-size":"auto","background-attachment":"scroll","background-type":"","background-media":"","overlay-type":"","overlay-color":"","overlay-opacity":"","overlay-gradient":""}},"ast-content-background-meta":{"desktop":{"background-color":"var(--ast-global-color-5)","background-image":"","background-repeat":"repeat","background-position":"center center","background-size":"auto","background-attachment":"scroll","background-type":"","background-media":"","overlay-type":"","overlay-color":"","overlay-opacity":"","overlay-gradient":""},"tablet":{"background-color":"var(--ast-global-color-5)","background-image":"","background-repeat":"repeat","background-position":"center center","background-size":"auto","background-attachment":"scroll","background-type":"","background-media":"","overlay-type":"","overlay-color":"","overlay-opacity":"","overlay-gradient":""},"mobile":{"background-color":"var(--ast-global-color-5)","background-image":"","background-repeat":"repeat","background-position":"center center","background-size":"auto","background-attachment":"scroll","background-type":"","background-media":"","overlay-type":"","overlay-color":"","overlay-opacity":"","overlay-gradient":""}},"_jetpack_memberships_contains_paid_content":false,"_joinchat":[],"footnotes":""},"categories":[15302,5,2],"tags":[],"class_list":["post-99542","post","type-post","status-publish","format-standard","has-post-thumbnail","hentry","category-destacado","category-sociedad","category-villa-maria"],"yoast_head":"<!-- This site is optimized with the Yoast SEO plugin v26.8 - https:\/\/yoast.com\/product\/yoast-seo-wordpress\/ -->\n<title>El PILT ratific\u00f3 el convenio para la construcci\u00f3n del campus de la Universidad Siglo 21 - El Regional<\/title>\n<meta name=\"robots\" content=\"index, follow, max-snippet:-1, max-image-preview:large, max-video-preview:-1\" \/>\n<link rel=\"canonical\" href=\"https:\/\/elregionalvm.com.ar\/noticias-villa-maria\/el-pilt-ratifico-el-convenio-para-la-construccion-del-campus-de-la-universidad-siglo-21\/\" \/>\n<meta property=\"og:locale\" content=\"es_ES\" \/>\n<meta property=\"og:type\" content=\"article\" \/>\n<meta property=\"og:title\" content=\"El PILT ratific\u00f3 el convenio para la construcci\u00f3n del campus de la Universidad Siglo 21 - El Regional\" \/>\n<meta property=\"og:description\" content=\"El Parque Industrial, Log\u00edstico y Tecnol\u00f3gico Villa Mar\u00eda ratific\u00f3, en Asamblea de Accionistas, un convenio fundamental que impulsar\u00e1 el desarrollo educativo y econ\u00f3mico de la ciudad. Este acuerdo, que involucra la cesi\u00f3n de un terreno para la construcci\u00f3n de un campus universitario de la Universidad Siglo 21, ahora pasar\u00e1 al Concejo Deliberante para su aprobaci\u00f3n [&hellip;]\" \/>\n<meta property=\"og:url\" content=\"https:\/\/elregionalvm.com.ar\/noticias-villa-maria\/el-pilt-ratifico-el-convenio-para-la-construccion-del-campus-de-la-universidad-siglo-21\/\" \/>\n<meta property=\"og:site_name\" content=\"El Regional\" \/>\n<meta property=\"article:publisher\" content=\"https:\/\/www.facebook.com\/elregionalvm\" \/>\n<meta property=\"article:published_time\" content=\"2024-10-10T23:27:38+00:00\" \/>\n<meta property=\"article:modified_time\" content=\"2024-10-10T23:27:41+00:00\" \/>\n<meta property=\"og:image\" content=\"https:\/\/elregionalvm.com.ar\/noticias-villa-maria\/wp-content\/uploads\/2024\/10\/WhatsApp-Image-2024-10-10-at-08.33.41.jpeg\" \/>\n\t<meta property=\"og:image:width\" content=\"1057\" \/>\n\t<meta property=\"og:image:height\" content=\"1316\" \/>\n\t<meta property=\"og:image:type\" content=\"image\/jpeg\" \/>\n<meta name=\"author\" content=\"Contenidos El Regional\" \/>\n<meta name=\"twitter:card\" content=\"summary_large_image\" \/>\n<meta name=\"twitter:creator\" content=\"@elregionalvm1\" \/>\n<meta name=\"twitter:site\" content=\"@elregionalvm1\" \/>\n<meta name=\"twitter:label1\" content=\"Escrito por\" \/>\n\t<meta name=\"twitter:data1\" content=\"Contenidos El Regional\" \/>\n\t<meta name=\"twitter:label2\" content=\"Tiempo de lectura\" \/>\n\t<meta name=\"twitter:data2\" content=\"2 minutos\" \/>\n<script type=\"application\/ld+json\" class=\"yoast-schema-graph\">{\"@context\":\"https:\/\/schema.org\",\"@graph\":[{\"@type\":\"Article\",\"@id\":\"https:\/\/elregionalvm.com.ar\/noticias-villa-maria\/el-pilt-ratifico-el-convenio-para-la-construccion-del-campus-de-la-universidad-siglo-21\/#article\",\"isPartOf\":{\"@id\":\"https:\/\/elregionalvm.com.ar\/noticias-villa-maria\/el-pilt-ratifico-el-convenio-para-la-construccion-del-campus-de-la-universidad-siglo-21\/\"},\"author\":{\"name\":\"Contenidos El Regional\",\"@id\":\"http:\/\/elregionalvm.com.ar\/noticias-villa-maria\/#\/schema\/person\/a0fb9c422317faca23d50163151bc354\"},\"headline\":\"El PILT ratific\u00f3 el convenio para la construcci\u00f3n del campus de la Universidad Siglo 21\",\"datePublished\":\"2024-10-10T23:27:38+00:00\",\"dateModified\":\"2024-10-10T23:27:41+00:00\",\"mainEntityOfPage\":{\"@id\":\"https:\/\/elregionalvm.com.ar\/noticias-villa-maria\/el-pilt-ratifico-el-convenio-para-la-construccion-del-campus-de-la-universidad-siglo-21\/\"},\"wordCount\":383,\"commentCount\":0,\"image\":{\"@id\":\"https:\/\/elregionalvm.com.ar\/noticias-villa-maria\/el-pilt-ratifico-el-convenio-para-la-construccion-del-campus-de-la-universidad-siglo-21\/#primaryimage\"},\"thumbnailUrl\":\"https:\/\/i0.wp.com\/elregionalvm.com.ar\/noticias-villa-maria\/wp-content\/uploads\/2024\/10\/WhatsApp-Image-2024-10-10-at-08.33.41.jpeg?fit=1057%2C1316&ssl=1\",\"articleSection\":[\"destacado\",\"Sociedad\",\"Villa Mar\u00eda\"],\"inLanguage\":\"es\",\"potentialAction\":[{\"@type\":\"CommentAction\",\"name\":\"Comment\",\"target\":[\"https:\/\/elregionalvm.com.ar\/noticias-villa-maria\/el-pilt-ratifico-el-convenio-para-la-construccion-del-campus-de-la-universidad-siglo-21\/#respond\"]}]},{\"@type\":\"WebPage\",\"@id\":\"https:\/\/elregionalvm.com.ar\/noticias-villa-maria\/el-pilt-ratifico-el-convenio-para-la-construccion-del-campus-de-la-universidad-siglo-21\/\",\"url\":\"https:\/\/elregionalvm.com.ar\/noticias-villa-maria\/el-pilt-ratifico-el-convenio-para-la-construccion-del-campus-de-la-universidad-siglo-21\/\",\"name\":\"El PILT ratific\u00f3 el convenio para la construcci\u00f3n del campus de la Universidad Siglo 21 - El Regional\",\"isPartOf\":{\"@id\":\"http:\/\/elregionalvm.com.ar\/noticias-villa-maria\/#website\"},\"primaryImageOfPage\":{\"@id\":\"https:\/\/elregionalvm.com.ar\/noticias-villa-maria\/el-pilt-ratifico-el-convenio-para-la-construccion-del-campus-de-la-universidad-siglo-21\/#primaryimage\"},\"image\":{\"@id\":\"https:\/\/elregionalvm.com.ar\/noticias-villa-maria\/el-pilt-ratifico-el-convenio-para-la-construccion-del-campus-de-la-universidad-siglo-21\/#primaryimage\"},\"thumbnailUrl\":\"https:\/\/i0.wp.com\/elregionalvm.com.ar\/noticias-villa-maria\/wp-content\/uploads\/2024\/10\/WhatsApp-Image-2024-10-10-at-08.33.41.jpeg?fit=1057%2C1316&ssl=1\",\"datePublished\":\"2024-10-10T23:27:38+00:00\",\"dateModified\":\"2024-10-10T23:27:41+00:00\",\"author\":{\"@id\":\"http:\/\/elregionalvm.com.ar\/noticias-villa-maria\/#\/schema\/person\/a0fb9c422317faca23d50163151bc354\"},\"breadcrumb\":{\"@id\":\"https:\/\/elregionalvm.com.ar\/noticias-villa-maria\/el-pilt-ratifico-el-convenio-para-la-construccion-del-campus-de-la-universidad-siglo-21\/#breadcrumb\"},\"inLanguage\":\"es\",\"potentialAction\":[{\"@type\":\"ReadAction\",\"target\":[\"https:\/\/elregionalvm.com.ar\/noticias-villa-maria\/el-pilt-ratifico-el-convenio-para-la-construccion-del-campus-de-la-universidad-siglo-21\/\"]}]},{\"@type\":\"ImageObject\",\"inLanguage\":\"es\",\"@id\":\"https:\/\/elregionalvm.com.ar\/noticias-villa-maria\/el-pilt-ratifico-el-convenio-para-la-construccion-del-campus-de-la-universidad-siglo-21\/#primaryimage\",\"url\":\"https:\/\/i0.wp.com\/elregionalvm.com.ar\/noticias-villa-maria\/wp-content\/uploads\/2024\/10\/WhatsApp-Image-2024-10-10-at-08.33.41.jpeg?fit=1057%2C1316&ssl=1\",\"contentUrl\":\"https:\/\/i0.wp.com\/elregionalvm.com.ar\/noticias-villa-maria\/wp-content\/uploads\/2024\/10\/WhatsApp-Image-2024-10-10-at-08.33.41.jpeg?fit=1057%2C1316&ssl=1\",\"width\":1057,\"height\":1316},{\"@type\":\"BreadcrumbList\",\"@id\":\"https:\/\/elregionalvm.com.ar\/noticias-villa-maria\/el-pilt-ratifico-el-convenio-para-la-construccion-del-campus-de-la-universidad-siglo-21\/#breadcrumb\",\"itemListElement\":[{\"@type\":\"ListItem\",\"position\":1,\"name\":\"Portada\",\"item\":\"https:\/\/elregionalvm.com.ar\/noticias-villa-maria\/\"},{\"@type\":\"ListItem\",\"position\":2,\"name\":\"El PILT ratific\u00f3 el convenio para la construcci\u00f3n del campus de la Universidad Siglo 21\"}]},{\"@type\":\"WebSite\",\"@id\":\"http:\/\/elregionalvm.com.ar\/noticias-villa-maria\/#website\",\"url\":\"http:\/\/elregionalvm.com.ar\/noticias-villa-maria\/\",\"name\":\"El Regional\",\"description\":\"Mucho m\u00e1s que informaci\u00f3n\",\"potentialAction\":[{\"@type\":\"SearchAction\",\"target\":{\"@type\":\"EntryPoint\",\"urlTemplate\":\"http:\/\/elregionalvm.com.ar\/noticias-villa-maria\/?s={search_term_string}\"},\"query-input\":{\"@type\":\"PropertyValueSpecification\",\"valueRequired\":true,\"valueName\":\"search_term_string\"}}],\"inLanguage\":\"es\"},{\"@type\":\"Person\",\"@id\":\"http:\/\/elregionalvm.com.ar\/noticias-villa-maria\/#\/schema\/person\/a0fb9c422317faca23d50163151bc354\",\"name\":\"Contenidos El Regional\",\"image\":{\"@type\":\"ImageObject\",\"inLanguage\":\"es\",\"@id\":\"http:\/\/elregionalvm.com.ar\/noticias-villa-maria\/#\/schema\/person\/image\/\",\"url\":\"https:\/\/secure.gravatar.com\/avatar\/265b27cb2209af7bb3a1318f03305787d7981a5cc6e6cd08fe5a4ecdf99d4b48?s=96&d=mm&r=g\",\"contentUrl\":\"https:\/\/secure.gravatar.com\/avatar\/265b27cb2209af7bb3a1318f03305787d7981a5cc6e6cd08fe5a4ecdf99d4b48?s=96&d=mm&r=g\",\"caption\":\"Contenidos El Regional\"},\"url\":\"https:\/\/elregionalvm.com.ar\/noticias-villa-maria\/author\/contenido\/\"}]}<\/script>\n<!-- \/ Yoast SEO plugin. -->","yoast_head_json":{"title":"El PILT ratific\u00f3 el convenio para la construcci\u00f3n del campus de la Universidad Siglo 21 - El Regional","robots":{"index":"index","follow":"follow","max-snippet":"max-snippet:-1","max-image-preview":"max-image-preview:large","max-video-preview":"max-video-preview:-1"},"canonical":"https:\/\/elregionalvm.com.ar\/noticias-villa-maria\/el-pilt-ratifico-el-convenio-para-la-construccion-del-campus-de-la-universidad-siglo-21\/","og_locale":"es_ES","og_type":"article","og_title":"El PILT ratific\u00f3 el convenio para la construcci\u00f3n del campus de la Universidad Siglo 21 - El Regional","og_description":"El Parque Industrial, Log\u00edstico y Tecnol\u00f3gico Villa Mar\u00eda ratific\u00f3, en Asamblea de Accionistas, un convenio fundamental que impulsar\u00e1 el desarrollo educativo y econ\u00f3mico de la ciudad. Este acuerdo, que involucra la cesi\u00f3n de un terreno para la construcci\u00f3n de un campus universitario de la Universidad Siglo 21, ahora pasar\u00e1 al Concejo Deliberante para su aprobaci\u00f3n [&hellip;]","og_url":"https:\/\/elregionalvm.com.ar\/noticias-villa-maria\/el-pilt-ratifico-el-convenio-para-la-construccion-del-campus-de-la-universidad-siglo-21\/","og_site_name":"El Regional","article_publisher":"https:\/\/www.facebook.com\/elregionalvm","article_published_time":"2024-10-10T23:27:38+00:00","article_modified_time":"2024-10-10T23:27:41+00:00","og_image":[{"width":1057,"height":1316,"url":"https:\/\/elregionalvm.com.ar\/noticias-villa-maria\/wp-content\/uploads\/2024\/10\/WhatsApp-Image-2024-10-10-at-08.33.41.jpeg","type":"image\/jpeg"}],"author":"Contenidos El Regional","twitter_card":"summary_large_image","twitter_creator":"@elregionalvm1","twitter_site":"@elregionalvm1","twitter_misc":{"Escrito por":"Contenidos El Regional","Tiempo de lectura":"2 minutos"},"schema":{"@context":"https:\/\/schema.org","@graph":[{"@type":"Article","@id":"https:\/\/elregionalvm.com.ar\/noticias-villa-maria\/el-pilt-ratifico-el-convenio-para-la-construccion-del-campus-de-la-universidad-siglo-21\/#article","isPartOf":{"@id":"https:\/\/elregionalvm.com.ar\/noticias-villa-maria\/el-pilt-ratifico-el-convenio-para-la-construccion-del-campus-de-la-universidad-siglo-21\/"},"author":{"name":"Contenidos El Regional","@id":"http:\/\/elregionalvm.com.ar\/noticias-villa-maria\/#\/schema\/person\/a0fb9c422317faca23d50163151bc354"},"headline":"El PILT ratific\u00f3 el convenio para la construcci\u00f3n del campus de la Universidad Siglo 21","datePublished":"2024-10-10T23:27:38+00:00","dateModified":"2024-10-10T23:27:41+00:00","mainEntityOfPage":{"@id":"https:\/\/elregionalvm.com.ar\/noticias-villa-maria\/el-pilt-ratifico-el-convenio-para-la-construccion-del-campus-de-la-universidad-siglo-21\/"},"wordCount":383,"commentCount":0,"image":{"@id":"https:\/\/elregionalvm.com.ar\/noticias-villa-maria\/el-pilt-ratifico-el-convenio-para-la-construccion-del-campus-de-la-universidad-siglo-21\/#primaryimage"},"thumbnailUrl":"https:\/\/i0.wp.com\/elregionalvm.com.ar\/noticias-villa-maria\/wp-content\/uploads\/2024\/10\/WhatsApp-Image-2024-10-10-at-08.33.41.jpeg?fit=1057%2C1316&ssl=1","articleSection":["destacado","Sociedad","Villa Mar\u00eda"],"inLanguage":"es","potentialAction":[{"@type":"CommentAction","name":"Comment","target":["https:\/\/elregionalvm.com.ar\/noticias-villa-maria\/el-pilt-ratifico-el-convenio-para-la-construccion-del-campus-de-la-universidad-siglo-21\/#respond"]}]},{"@type":"WebPage","@id":"https:\/\/elregionalvm.com.ar\/noticias-villa-maria\/el-pilt-ratifico-el-convenio-para-la-construccion-del-campus-de-la-universidad-siglo-21\/","url":"https:\/\/elregionalvm.com.ar\/noticias-villa-maria\/el-pilt-ratifico-el-convenio-para-la-construccion-del-campus-de-la-universidad-siglo-21\/","name":"El PILT ratific\u00f3 el convenio para la construcci\u00f3n del campus de la Universidad Siglo 21 - El Regional","isPartOf":{"@id":"http:\/\/elregionalvm.com.ar\/noticias-villa-maria\/#website"},"primaryImageOfPage":{"@id":"https:\/\/elregionalvm.com.ar\/noticias-villa-maria\/el-pilt-ratifico-el-convenio-para-la-construccion-del-campus-de-la-universidad-siglo-21\/#primaryimage"},"image":{"@id":"https:\/\/elregionalvm.com.ar\/noticias-villa-maria\/el-pilt-ratifico-el-convenio-para-la-construccion-del-campus-de-la-universidad-siglo-21\/#primaryimage"},"thumbnailUrl":"https:\/\/i0.wp.com\/elregionalvm.com.ar\/noticias-villa-maria\/wp-content\/uploads\/2024\/10\/WhatsApp-Image-2024-10-10-at-08.33.41.jpeg?fit=1057%2C1316&ssl=1","datePublished":"2024-10-10T23:27:38+00:00","dateModified":"2024-10-10T23:27:41+00:00","author":{"@id":"http:\/\/elregionalvm.com.ar\/noticias-villa-maria\/#\/schema\/person\/a0fb9c422317faca23d50163151bc354"},"breadcrumb":{"@id":"https:\/\/elregionalvm.com.ar\/noticias-villa-maria\/el-pilt-ratifico-el-convenio-para-la-construccion-del-campus-de-la-universidad-siglo-21\/#breadcrumb"},"inLanguage":"es","potentialAction":[{"@type":"ReadAction","target":["https:\/\/elregionalvm.com.ar\/noticias-villa-maria\/el-pilt-ratifico-el-convenio-para-la-construccion-del-campus-de-la-universidad-siglo-21\/"]}]},{"@type":"ImageObject","inLanguage":"es","@id":"https:\/\/elregionalvm.com.ar\/noticias-villa-maria\/el-pilt-ratifico-el-convenio-para-la-construccion-del-campus-de-la-universidad-siglo-21\/#primaryimage","url":"https:\/\/i0.wp.com\/elregionalvm.com.ar\/noticias-villa-maria\/wp-content\/uploads\/2024\/10\/WhatsApp-Image-2024-10-10-at-08.33.41.jpeg?fit=1057%2C1316&ssl=1","contentUrl":"https:\/\/i0.wp.com\/elregionalvm.com.ar\/noticias-villa-maria\/wp-content\/uploads\/2024\/10\/WhatsApp-Image-2024-10-10-at-08.33.41.jpeg?fit=1057%2C1316&ssl=1","width":1057,"height":1316},{"@type":"BreadcrumbList","@id":"https:\/\/elregionalvm.com.ar\/noticias-villa-maria\/el-pilt-ratifico-el-convenio-para-la-construccion-del-campus-de-la-universidad-siglo-21\/#breadcrumb","itemListElement":[{"@type":"ListItem","position":1,"name":"Portada","item":"https:\/\/elregionalvm.com.ar\/noticias-villa-maria\/"},{"@type":"ListItem","position":2,"name":"El PILT ratific\u00f3 el convenio para la construcci\u00f3n del campus de la Universidad Siglo 21"}]},{"@type":"WebSite","@id":"http:\/\/elregionalvm.com.ar\/noticias-villa-maria\/#website","url":"http:\/\/elregionalvm.com.ar\/noticias-villa-maria\/","name":"El Regional","description":"Mucho m\u00e1s que informaci\u00f3n","potentialAction":[{"@type":"SearchAction","target":{"@type":"EntryPoint","urlTemplate":"http:\/\/elregionalvm.com.ar\/noticias-villa-maria\/?s={search_term_string}"},"query-input":{"@type":"PropertyValueSpecification","valueRequired":true,"valueName":"search_term_string"}}],"inLanguage":"es"},{"@type":"Person","@id":"http:\/\/elregionalvm.com.ar\/noticias-villa-maria\/#\/schema\/person\/a0fb9c422317faca23d50163151bc354","name":"Contenidos El Regional","image":{"@type":"ImageObject","inLanguage":"es","@id":"http:\/\/elregionalvm.com.ar\/noticias-villa-maria\/#\/schema\/person\/image\/","url":"https:\/\/secure.gravatar.com\/avatar\/265b27cb2209af7bb3a1318f03305787d7981a5cc6e6cd08fe5a4ecdf99d4b48?s=96&d=mm&r=g","contentUrl":"https:\/\/secure.gravatar.com\/avatar\/265b27cb2209af7bb3a1318f03305787d7981a5cc6e6cd08fe5a4ecdf99d4b48?s=96&d=mm&r=g","caption":"Contenidos El Regional"},"url":"https:\/\/elregionalvm.com.ar\/noticias-villa-maria\/author\/contenido\/"}]}},"jetpack_featured_media_url":"https:\/\/i0.wp.com\/elregionalvm.com.ar\/noticias-villa-maria\/wp-content\/uploads\/2024\/10\/WhatsApp-Image-2024-10-10-at-08.33.41.jpeg?fit=1057%2C1316&ssl=1","jetpack_sharing_enabled":true,"_links":{"self":[{"href":"https:\/\/elregionalvm.com.ar\/noticias-villa-maria\/wp-json\/wp\/v2\/posts\/99542","targetHints":{"allow":["GET"]}}],"collection":[{"href":"https:\/\/elregionalvm.com.ar\/noticias-villa-maria\/wp-json\/wp\/v2\/posts"}],"about":[{"href":"https:\/\/elregionalvm.com.ar\/noticias-villa-maria\/wp-json\/wp\/v2\/types\/post"}],"author":[{"embeddable":true,"href":"https:\/\/elregionalvm.com.ar\/noticias-villa-maria\/wp-json\/wp\/v2\/users\/4"}],"replies":[{"embeddable":true,"href":"https:\/\/elregionalvm.com.ar\/noticias-villa-maria\/wp-json\/wp\/v2\/comments?post=99542"}],"version-history":[{"count":1,"href":"https:\/\/elregionalvm.com.ar\/noticias-villa-maria\/wp-json\/wp\/v2\/posts\/99542\/revisions"}],"predecessor-version":[{"id":99544,"href":"https:\/\/elregionalvm.com.ar\/noticias-villa-maria\/wp-json\/wp\/v2\/posts\/99542\/revisions\/99544"}],"wp:featuredmedia":[{"embeddable":true,"href":"https:\/\/elregionalvm.com.ar\/noticias-villa-maria\/wp-json\/wp\/v2\/media\/99543"}],"wp:attachment":[{"href":"https:\/\/elregionalvm.com.ar\/noticias-villa-maria\/wp-json\/wp\/v2\/media?parent=99542"}],"wp:term":[{"taxonomy":"category","embeddable":true,"href":"https:\/\/elregionalvm.com.ar\/noticias-villa-maria\/wp-json\/wp\/v2\/categories?post=99542"},{"taxonomy":"post_tag","embeddable":true,"href":"https:\/\/elregionalvm.com.ar\/noticias-villa-maria\/wp-json\/wp\/v2\/tags?post=99542"}],"curies":[{"name":"wp","href":"https:\/\/api.w.org\/{rel}","templated":true}]}}