{"id":99545,"date":"2024-10-10T23:30:58","date_gmt":"2024-10-10T23:30:58","guid":{"rendered":"https:\/\/elregionalvm.com.ar\/noticias-villa-maria\/?p=99545"},"modified":"2024-10-10T23:30:59","modified_gmt":"2024-10-10T23:30:59","slug":"choque-entre-un-auto-y-motocicleta-en-bv-sarmiento-en-la-moto-iba-una-bebe-de-8-meses-que-termino-con-lesiones-leves","status":"publish","type":"post","link":"https:\/\/elregionalvm.com.ar\/noticias-villa-maria\/choque-entre-un-auto-y-motocicleta-en-bv-sarmiento-en-la-moto-iba-una-bebe-de-8-meses-que-termino-con-lesiones-leves\/","title":{"rendered":"Choque entre un auto y motocicleta en Bv Sarmiento: en la moto iba una beb\u00e9 de 8 meses, que termin\u00f3 con lesiones leves"},"content":{"rendered":"\n<p>Siendo aproximadamente las 08:45 horas de la v\u00edspera, personal de la Patrulla Preventiva se constituy\u00f3 en la intersecci\u00f3n de las calles Bv. Sarmiento y Brandsen donde hab\u00eda ocurrido un accidente de tr\u00e1nsito en el que por causas a establecer colisionaron un autom\u00f3vil Chevrolet Meriva conducido por un hombre de 51 a\u00f1os de edad, y una motocicleta Motomel de 110 c.c. en la que circulaba una mujer de 33 a\u00f1os de edad, acompa\u00f1ada por un hombre de 30 a\u00f1os y una ni\u00f1a de 8 meses de vida.<\/p>\n\n\n\n<figure class=\"wp-block-image size-large\"><img data-recalc-dims=\"1\" fetchpriority=\"high\" decoding=\"async\" width=\"1024\" height=\"460\" src=\"https:\/\/i0.wp.com\/elregionalvm.com.ar\/noticias-villa-maria\/wp-content\/uploads\/2024\/10\/WhatsApp-Image-2024-10-09-at-20.28.20-1.jpeg?resize=1024%2C460&#038;ssl=1\" alt=\"\" class=\"wp-image-99546\" srcset=\"https:\/\/i0.wp.com\/elregionalvm.com.ar\/noticias-villa-maria\/wp-content\/uploads\/2024\/10\/WhatsApp-Image-2024-10-09-at-20.28.20-1.jpeg?resize=1024%2C460&amp;ssl=1 1024w, https:\/\/i0.wp.com\/elregionalvm.com.ar\/noticias-villa-maria\/wp-content\/uploads\/2024\/10\/WhatsApp-Image-2024-10-09-at-20.28.20-1.jpeg?resize=300%2C135&amp;ssl=1 300w, https:\/\/i0.wp.com\/elregionalvm.com.ar\/noticias-villa-maria\/wp-content\/uploads\/2024\/10\/WhatsApp-Image-2024-10-09-at-20.28.20-1.jpeg?resize=768%2C345&amp;ssl=1 768w, https:\/\/i0.wp.com\/elregionalvm.com.ar\/noticias-villa-maria\/wp-content\/uploads\/2024\/10\/WhatsApp-Image-2024-10-09-at-20.28.20-1.jpeg?resize=1536%2C690&amp;ssl=1 1536w, https:\/\/i0.wp.com\/elregionalvm.com.ar\/noticias-villa-maria\/wp-content\/uploads\/2024\/10\/WhatsApp-Image-2024-10-09-at-20.28.20-1.jpeg?w=1600&amp;ssl=1 1600w\" sizes=\"(max-width: 1000px) 100vw, 1000px\" \/><\/figure>\n\n\n\n<p>Como consecuencia del siniestro personal de Bomberos Voluntarios procedi\u00f3 al traslado hacia el Hospital Regional Pasteur de la conductora de la motocicleta (33), quien luego de ser valorada por personal m\u00e9dico de turno le diagnosticaron \u00ablesiones graves\u201d por fractura de tobillo izquierdo, mientras que la menor de 8 meses resulta con lesiones leves.<\/p>\n\n\n\n<p>Se labran actuaciones sumariales a disposici\u00f3n de la Fiscal\u00eda de Instrucci\u00f3n de Segundo Turno a cargo de la Dra. Juliana Companys, Sec. Dra. Florencia Bortolussi.<\/p>\n","protected":false},"excerpt":{"rendered":"<p>Siendo aproximadamente las 08:45 horas de la v\u00edspera, personal de la Patrulla Preventiva se constituy\u00f3 en la intersecci\u00f3n de las calles Bv. Sarmiento y Brandsen donde hab\u00eda ocurrido un accidente de tr\u00e1nsito en el que por causas a establecer colisionaron un autom\u00f3vil Chevrolet Meriva conducido por un hombre de 51 a\u00f1os de edad, y una [&hellip;]<\/p>\n","protected":false},"author":4,"featured_media":99547,"comment_status":"open","ping_status":"open","sticky":false,"template":"","format":"standard","meta":{"site-sidebar-layout":"default","site-content-layout":"","ast-site-content-layout":"default","site-content-style":"default","site-sidebar-style":"default","ast-global-header-display":"","ast-banner-title-visibility":"","ast-main-header-display":"","ast-hfb-above-header-display":"","ast-hfb-below-header-display":"","ast-hfb-mobile-header-display":"","site-post-title":"","ast-breadcrumbs-content":"","ast-featured-img":"","footer-sml-layout":"","ast-disable-related-posts":"","theme-transparent-header-meta":"","adv-header-id-meta":"","stick-header-meta":"","header-above-stick-meta":"","header-main-stick-meta":"","header-below-stick-meta":"","astra-migrate-meta-layouts":"set","ast-page-background-enabled":"default","ast-page-background-meta":{"desktop":{"background-color":"","background-image":"","background-repeat":"repeat","background-position":"center center","background-size":"auto","background-attachment":"scroll","background-type":"","background-media":"","overlay-type":"","overlay-color":"","overlay-opacity":"","overlay-gradient":""},"tablet":{"background-color":"","background-image":"","background-repeat":"repeat","background-position":"center center","background-size":"auto","background-attachment":"scroll","background-type":"","background-media":"","overlay-type":"","overlay-color":"","overlay-opacity":"","overlay-gradient":""},"mobile":{"background-color":"","background-image":"","background-repeat":"repeat","background-position":"center center","background-size":"auto","background-attachment":"scroll","background-type":"","background-media":"","overlay-type":"","overlay-color":"","overlay-opacity":"","overlay-gradient":""}},"ast-content-background-meta":{"desktop":{"background-color":"var(--ast-global-color-5)","background-image":"","background-repeat":"repeat","background-position":"center center","background-size":"auto","background-attachment":"scroll","background-type":"","background-media":"","overlay-type":"","overlay-color":"","overlay-opacity":"","overlay-gradient":""},"tablet":{"background-color":"var(--ast-global-color-5)","background-image":"","background-repeat":"repeat","background-position":"center center","background-size":"auto","background-attachment":"scroll","background-type":"","background-media":"","overlay-type":"","overlay-color":"","overlay-opacity":"","overlay-gradient":""},"mobile":{"background-color":"var(--ast-global-color-5)","background-image":"","background-repeat":"repeat","background-position":"center center","background-size":"auto","background-attachment":"scroll","background-type":"","background-media":"","overlay-type":"","overlay-color":"","overlay-opacity":"","overlay-gradient":""}},"_jetpack_memberships_contains_paid_content":false,"_joinchat":[],"footnotes":""},"categories":[1],"tags":[],"class_list":["post-99545","post","type-post","status-publish","format-standard","has-post-thumbnail","hentry","category-sin-categoria"],"yoast_head":"<!-- This site is optimized with the Yoast SEO plugin v26.8 - https:\/\/yoast.com\/product\/yoast-seo-wordpress\/ -->\n<title>Choque entre un auto y motocicleta en Bv Sarmiento: en la moto iba una beb\u00e9 de 8 meses, que termin\u00f3 con lesiones leves - El Regional<\/title>\n<meta name=\"robots\" content=\"index, follow, max-snippet:-1, max-image-preview:large, max-video-preview:-1\" \/>\n<link rel=\"canonical\" href=\"https:\/\/elregionalvm.com.ar\/noticias-villa-maria\/choque-entre-un-auto-y-motocicleta-en-bv-sarmiento-en-la-moto-iba-una-bebe-de-8-meses-que-termino-con-lesiones-leves\/\" \/>\n<meta property=\"og:locale\" content=\"es_ES\" \/>\n<meta property=\"og:type\" content=\"article\" \/>\n<meta property=\"og:title\" content=\"Choque entre un auto y motocicleta en Bv Sarmiento: en la moto iba una beb\u00e9 de 8 meses, que termin\u00f3 con lesiones leves - El Regional\" \/>\n<meta property=\"og:description\" content=\"Siendo aproximadamente las 08:45 horas de la v\u00edspera, personal de la Patrulla Preventiva se constituy\u00f3 en la intersecci\u00f3n de las calles Bv. Sarmiento y Brandsen donde hab\u00eda ocurrido un accidente de tr\u00e1nsito en el que por causas a establecer colisionaron un autom\u00f3vil Chevrolet Meriva conducido por un hombre de 51 a\u00f1os de edad, y una [&hellip;]\" \/>\n<meta property=\"og:url\" content=\"https:\/\/elregionalvm.com.ar\/noticias-villa-maria\/choque-entre-un-auto-y-motocicleta-en-bv-sarmiento-en-la-moto-iba-una-bebe-de-8-meses-que-termino-con-lesiones-leves\/\" \/>\n<meta property=\"og:site_name\" content=\"El Regional\" \/>\n<meta property=\"article:publisher\" content=\"https:\/\/www.facebook.com\/elregionalvm\" \/>\n<meta property=\"article:published_time\" content=\"2024-10-10T23:30:58+00:00\" \/>\n<meta property=\"article:modified_time\" content=\"2024-10-10T23:30:59+00:00\" \/>\n<meta property=\"og:image\" content=\"https:\/\/elregionalvm.com.ar\/noticias-villa-maria\/wp-content\/uploads\/2024\/10\/WhatsApp-Image-2024-10-09-at-20.28.20.jpeg\" \/>\n\t<meta property=\"og:image:width\" content=\"1600\" \/>\n\t<meta property=\"og:image:height\" content=\"719\" \/>\n\t<meta property=\"og:image:type\" content=\"image\/jpeg\" \/>\n<meta name=\"author\" content=\"Contenidos El Regional\" \/>\n<meta name=\"twitter:card\" content=\"summary_large_image\" \/>\n<meta name=\"twitter:creator\" content=\"@elregionalvm1\" \/>\n<meta name=\"twitter:site\" content=\"@elregionalvm1\" \/>\n<meta name=\"twitter:label1\" content=\"Escrito por\" \/>\n\t<meta name=\"twitter:data1\" content=\"Contenidos El Regional\" \/>\n\t<meta name=\"twitter:label2\" content=\"Tiempo de lectura\" \/>\n\t<meta name=\"twitter:data2\" content=\"2 minutos\" \/>\n<script type=\"application\/ld+json\" class=\"yoast-schema-graph\">{\"@context\":\"https:\/\/schema.org\",\"@graph\":[{\"@type\":\"Article\",\"@id\":\"https:\/\/elregionalvm.com.ar\/noticias-villa-maria\/choque-entre-un-auto-y-motocicleta-en-bv-sarmiento-en-la-moto-iba-una-bebe-de-8-meses-que-termino-con-lesiones-leves\/#article\",\"isPartOf\":{\"@id\":\"https:\/\/elregionalvm.com.ar\/noticias-villa-maria\/choque-entre-un-auto-y-motocicleta-en-bv-sarmiento-en-la-moto-iba-una-bebe-de-8-meses-que-termino-con-lesiones-leves\/\"},\"author\":{\"name\":\"Contenidos El Regional\",\"@id\":\"http:\/\/elregionalvm.com.ar\/noticias-villa-maria\/#\/schema\/person\/a0fb9c422317faca23d50163151bc354\"},\"headline\":\"Choque entre un auto y motocicleta en Bv Sarmiento: en la moto iba una beb\u00e9 de 8 meses, que termin\u00f3 con lesiones leves\",\"datePublished\":\"2024-10-10T23:30:58+00:00\",\"dateModified\":\"2024-10-10T23:30:59+00:00\",\"mainEntityOfPage\":{\"@id\":\"https:\/\/elregionalvm.com.ar\/noticias-villa-maria\/choque-entre-un-auto-y-motocicleta-en-bv-sarmiento-en-la-moto-iba-una-bebe-de-8-meses-que-termino-con-lesiones-leves\/\"},\"wordCount\":193,\"commentCount\":0,\"image\":{\"@id\":\"https:\/\/elregionalvm.com.ar\/noticias-villa-maria\/choque-entre-un-auto-y-motocicleta-en-bv-sarmiento-en-la-moto-iba-una-bebe-de-8-meses-que-termino-con-lesiones-leves\/#primaryimage\"},\"thumbnailUrl\":\"https:\/\/i0.wp.com\/elregionalvm.com.ar\/noticias-villa-maria\/wp-content\/uploads\/2024\/10\/WhatsApp-Image-2024-10-09-at-20.28.20.jpeg?fit=1600%2C719&ssl=1\",\"inLanguage\":\"es\",\"potentialAction\":[{\"@type\":\"CommentAction\",\"name\":\"Comment\",\"target\":[\"https:\/\/elregionalvm.com.ar\/noticias-villa-maria\/choque-entre-un-auto-y-motocicleta-en-bv-sarmiento-en-la-moto-iba-una-bebe-de-8-meses-que-termino-con-lesiones-leves\/#respond\"]}]},{\"@type\":\"WebPage\",\"@id\":\"https:\/\/elregionalvm.com.ar\/noticias-villa-maria\/choque-entre-un-auto-y-motocicleta-en-bv-sarmiento-en-la-moto-iba-una-bebe-de-8-meses-que-termino-con-lesiones-leves\/\",\"url\":\"https:\/\/elregionalvm.com.ar\/noticias-villa-maria\/choque-entre-un-auto-y-motocicleta-en-bv-sarmiento-en-la-moto-iba-una-bebe-de-8-meses-que-termino-con-lesiones-leves\/\",\"name\":\"Choque entre un auto y motocicleta en Bv Sarmiento: en la moto iba una beb\u00e9 de 8 meses, que termin\u00f3 con lesiones leves - El Regional\",\"isPartOf\":{\"@id\":\"http:\/\/elregionalvm.com.ar\/noticias-villa-maria\/#website\"},\"primaryImageOfPage\":{\"@id\":\"https:\/\/elregionalvm.com.ar\/noticias-villa-maria\/choque-entre-un-auto-y-motocicleta-en-bv-sarmiento-en-la-moto-iba-una-bebe-de-8-meses-que-termino-con-lesiones-leves\/#primaryimage\"},\"image\":{\"@id\":\"https:\/\/elregionalvm.com.ar\/noticias-villa-maria\/choque-entre-un-auto-y-motocicleta-en-bv-sarmiento-en-la-moto-iba-una-bebe-de-8-meses-que-termino-con-lesiones-leves\/#primaryimage\"},\"thumbnailUrl\":\"https:\/\/i0.wp.com\/elregionalvm.com.ar\/noticias-villa-maria\/wp-content\/uploads\/2024\/10\/WhatsApp-Image-2024-10-09-at-20.28.20.jpeg?fit=1600%2C719&ssl=1\",\"datePublished\":\"2024-10-10T23:30:58+00:00\",\"dateModified\":\"2024-10-10T23:30:59+00:00\",\"author\":{\"@id\":\"http:\/\/elregionalvm.com.ar\/noticias-villa-maria\/#\/schema\/person\/a0fb9c422317faca23d50163151bc354\"},\"breadcrumb\":{\"@id\":\"https:\/\/elregionalvm.com.ar\/noticias-villa-maria\/choque-entre-un-auto-y-motocicleta-en-bv-sarmiento-en-la-moto-iba-una-bebe-de-8-meses-que-termino-con-lesiones-leves\/#breadcrumb\"},\"inLanguage\":\"es\",\"potentialAction\":[{\"@type\":\"ReadAction\",\"target\":[\"https:\/\/elregionalvm.com.ar\/noticias-villa-maria\/choque-entre-un-auto-y-motocicleta-en-bv-sarmiento-en-la-moto-iba-una-bebe-de-8-meses-que-termino-con-lesiones-leves\/\"]}]},{\"@type\":\"ImageObject\",\"inLanguage\":\"es\",\"@id\":\"https:\/\/elregionalvm.com.ar\/noticias-villa-maria\/choque-entre-un-auto-y-motocicleta-en-bv-sarmiento-en-la-moto-iba-una-bebe-de-8-meses-que-termino-con-lesiones-leves\/#primaryimage\",\"url\":\"https:\/\/i0.wp.com\/elregionalvm.com.ar\/noticias-villa-maria\/wp-content\/uploads\/2024\/10\/WhatsApp-Image-2024-10-09-at-20.28.20.jpeg?fit=1600%2C719&ssl=1\",\"contentUrl\":\"https:\/\/i0.wp.com\/elregionalvm.com.ar\/noticias-villa-maria\/wp-content\/uploads\/2024\/10\/WhatsApp-Image-2024-10-09-at-20.28.20.jpeg?fit=1600%2C719&ssl=1\",\"width\":1600,\"height\":719},{\"@type\":\"BreadcrumbList\",\"@id\":\"https:\/\/elregionalvm.com.ar\/noticias-villa-maria\/choque-entre-un-auto-y-motocicleta-en-bv-sarmiento-en-la-moto-iba-una-bebe-de-8-meses-que-termino-con-lesiones-leves\/#breadcrumb\",\"itemListElement\":[{\"@type\":\"ListItem\",\"position\":1,\"name\":\"Portada\",\"item\":\"https:\/\/elregionalvm.com.ar\/noticias-villa-maria\/\"},{\"@type\":\"ListItem\",\"position\":2,\"name\":\"Choque entre un auto y motocicleta en Bv Sarmiento: en la moto iba una beb\u00e9 de 8 meses, que termin\u00f3 con lesiones leves\"}]},{\"@type\":\"WebSite\",\"@id\":\"http:\/\/elregionalvm.com.ar\/noticias-villa-maria\/#website\",\"url\":\"http:\/\/elregionalvm.com.ar\/noticias-villa-maria\/\",\"name\":\"El Regional\",\"description\":\"Mucho m\u00e1s que informaci\u00f3n\",\"potentialAction\":[{\"@type\":\"SearchAction\",\"target\":{\"@type\":\"EntryPoint\",\"urlTemplate\":\"http:\/\/elregionalvm.com.ar\/noticias-villa-maria\/?s={search_term_string}\"},\"query-input\":{\"@type\":\"PropertyValueSpecification\",\"valueRequired\":true,\"valueName\":\"search_term_string\"}}],\"inLanguage\":\"es\"},{\"@type\":\"Person\",\"@id\":\"http:\/\/elregionalvm.com.ar\/noticias-villa-maria\/#\/schema\/person\/a0fb9c422317faca23d50163151bc354\",\"name\":\"Contenidos El Regional\",\"image\":{\"@type\":\"ImageObject\",\"inLanguage\":\"es\",\"@id\":\"http:\/\/elregionalvm.com.ar\/noticias-villa-maria\/#\/schema\/person\/image\/\",\"url\":\"https:\/\/secure.gravatar.com\/avatar\/265b27cb2209af7bb3a1318f03305787d7981a5cc6e6cd08fe5a4ecdf99d4b48?s=96&d=mm&r=g\",\"contentUrl\":\"https:\/\/secure.gravatar.com\/avatar\/265b27cb2209af7bb3a1318f03305787d7981a5cc6e6cd08fe5a4ecdf99d4b48?s=96&d=mm&r=g\",\"caption\":\"Contenidos El Regional\"},\"url\":\"https:\/\/elregionalvm.com.ar\/noticias-villa-maria\/author\/contenido\/\"}]}<\/script>\n<!-- \/ Yoast SEO plugin. -->","yoast_head_json":{"title":"Choque entre un auto y motocicleta en Bv Sarmiento: en la moto iba una beb\u00e9 de 8 meses, que termin\u00f3 con lesiones leves - El Regional","robots":{"index":"index","follow":"follow","max-snippet":"max-snippet:-1","max-image-preview":"max-image-preview:large","max-video-preview":"max-video-preview:-1"},"canonical":"https:\/\/elregionalvm.com.ar\/noticias-villa-maria\/choque-entre-un-auto-y-motocicleta-en-bv-sarmiento-en-la-moto-iba-una-bebe-de-8-meses-que-termino-con-lesiones-leves\/","og_locale":"es_ES","og_type":"article","og_title":"Choque entre un auto y motocicleta en Bv Sarmiento: en la moto iba una beb\u00e9 de 8 meses, que termin\u00f3 con lesiones leves - El Regional","og_description":"Siendo aproximadamente las 08:45 horas de la v\u00edspera, personal de la Patrulla Preventiva se constituy\u00f3 en la intersecci\u00f3n de las calles Bv. Sarmiento y Brandsen donde hab\u00eda ocurrido un accidente de tr\u00e1nsito en el que por causas a establecer colisionaron un autom\u00f3vil Chevrolet Meriva conducido por un hombre de 51 a\u00f1os de edad, y una [&hellip;]","og_url":"https:\/\/elregionalvm.com.ar\/noticias-villa-maria\/choque-entre-un-auto-y-motocicleta-en-bv-sarmiento-en-la-moto-iba-una-bebe-de-8-meses-que-termino-con-lesiones-leves\/","og_site_name":"El Regional","article_publisher":"https:\/\/www.facebook.com\/elregionalvm","article_published_time":"2024-10-10T23:30:58+00:00","article_modified_time":"2024-10-10T23:30:59+00:00","og_image":[{"width":1600,"height":719,"url":"https:\/\/elregionalvm.com.ar\/noticias-villa-maria\/wp-content\/uploads\/2024\/10\/WhatsApp-Image-2024-10-09-at-20.28.20.jpeg","type":"image\/jpeg"}],"author":"Contenidos El Regional","twitter_card":"summary_large_image","twitter_creator":"@elregionalvm1","twitter_site":"@elregionalvm1","twitter_misc":{"Escrito por":"Contenidos El Regional","Tiempo de lectura":"2 minutos"},"schema":{"@context":"https:\/\/schema.org","@graph":[{"@type":"Article","@id":"https:\/\/elregionalvm.com.ar\/noticias-villa-maria\/choque-entre-un-auto-y-motocicleta-en-bv-sarmiento-en-la-moto-iba-una-bebe-de-8-meses-que-termino-con-lesiones-leves\/#article","isPartOf":{"@id":"https:\/\/elregionalvm.com.ar\/noticias-villa-maria\/choque-entre-un-auto-y-motocicleta-en-bv-sarmiento-en-la-moto-iba-una-bebe-de-8-meses-que-termino-con-lesiones-leves\/"},"author":{"name":"Contenidos El Regional","@id":"http:\/\/elregionalvm.com.ar\/noticias-villa-maria\/#\/schema\/person\/a0fb9c422317faca23d50163151bc354"},"headline":"Choque entre un auto y motocicleta en Bv Sarmiento: en la moto iba una beb\u00e9 de 8 meses, que termin\u00f3 con lesiones leves","datePublished":"2024-10-10T23:30:58+00:00","dateModified":"2024-10-10T23:30:59+00:00","mainEntityOfPage":{"@id":"https:\/\/elregionalvm.com.ar\/noticias-villa-maria\/choque-entre-un-auto-y-motocicleta-en-bv-sarmiento-en-la-moto-iba-una-bebe-de-8-meses-que-termino-con-lesiones-leves\/"},"wordCount":193,"commentCount":0,"image":{"@id":"https:\/\/elregionalvm.com.ar\/noticias-villa-maria\/choque-entre-un-auto-y-motocicleta-en-bv-sarmiento-en-la-moto-iba-una-bebe-de-8-meses-que-termino-con-lesiones-leves\/#primaryimage"},"thumbnailUrl":"https:\/\/i0.wp.com\/elregionalvm.com.ar\/noticias-villa-maria\/wp-content\/uploads\/2024\/10\/WhatsApp-Image-2024-10-09-at-20.28.20.jpeg?fit=1600%2C719&ssl=1","inLanguage":"es","potentialAction":[{"@type":"CommentAction","name":"Comment","target":["https:\/\/elregionalvm.com.ar\/noticias-villa-maria\/choque-entre-un-auto-y-motocicleta-en-bv-sarmiento-en-la-moto-iba-una-bebe-de-8-meses-que-termino-con-lesiones-leves\/#respond"]}]},{"@type":"WebPage","@id":"https:\/\/elregionalvm.com.ar\/noticias-villa-maria\/choque-entre-un-auto-y-motocicleta-en-bv-sarmiento-en-la-moto-iba-una-bebe-de-8-meses-que-termino-con-lesiones-leves\/","url":"https:\/\/elregionalvm.com.ar\/noticias-villa-maria\/choque-entre-un-auto-y-motocicleta-en-bv-sarmiento-en-la-moto-iba-una-bebe-de-8-meses-que-termino-con-lesiones-leves\/","name":"Choque entre un auto y motocicleta en Bv Sarmiento: en la moto iba una beb\u00e9 de 8 meses, que termin\u00f3 con lesiones leves - El Regional","isPartOf":{"@id":"http:\/\/elregionalvm.com.ar\/noticias-villa-maria\/#website"},"primaryImageOfPage":{"@id":"https:\/\/elregionalvm.com.ar\/noticias-villa-maria\/choque-entre-un-auto-y-motocicleta-en-bv-sarmiento-en-la-moto-iba-una-bebe-de-8-meses-que-termino-con-lesiones-leves\/#primaryimage"},"image":{"@id":"https:\/\/elregionalvm.com.ar\/noticias-villa-maria\/choque-entre-un-auto-y-motocicleta-en-bv-sarmiento-en-la-moto-iba-una-bebe-de-8-meses-que-termino-con-lesiones-leves\/#primaryimage"},"thumbnailUrl":"https:\/\/i0.wp.com\/elregionalvm.com.ar\/noticias-villa-maria\/wp-content\/uploads\/2024\/10\/WhatsApp-Image-2024-10-09-at-20.28.20.jpeg?fit=1600%2C719&ssl=1","datePublished":"2024-10-10T23:30:58+00:00","dateModified":"2024-10-10T23:30:59+00:00","author":{"@id":"http:\/\/elregionalvm.com.ar\/noticias-villa-maria\/#\/schema\/person\/a0fb9c422317faca23d50163151bc354"},"breadcrumb":{"@id":"https:\/\/elregionalvm.com.ar\/noticias-villa-maria\/choque-entre-un-auto-y-motocicleta-en-bv-sarmiento-en-la-moto-iba-una-bebe-de-8-meses-que-termino-con-lesiones-leves\/#breadcrumb"},"inLanguage":"es","potentialAction":[{"@type":"ReadAction","target":["https:\/\/elregionalvm.com.ar\/noticias-villa-maria\/choque-entre-un-auto-y-motocicleta-en-bv-sarmiento-en-la-moto-iba-una-bebe-de-8-meses-que-termino-con-lesiones-leves\/"]}]},{"@type":"ImageObject","inLanguage":"es","@id":"https:\/\/elregionalvm.com.ar\/noticias-villa-maria\/choque-entre-un-auto-y-motocicleta-en-bv-sarmiento-en-la-moto-iba-una-bebe-de-8-meses-que-termino-con-lesiones-leves\/#primaryimage","url":"https:\/\/i0.wp.com\/elregionalvm.com.ar\/noticias-villa-maria\/wp-content\/uploads\/2024\/10\/WhatsApp-Image-2024-10-09-at-20.28.20.jpeg?fit=1600%2C719&ssl=1","contentUrl":"https:\/\/i0.wp.com\/elregionalvm.com.ar\/noticias-villa-maria\/wp-content\/uploads\/2024\/10\/WhatsApp-Image-2024-10-09-at-20.28.20.jpeg?fit=1600%2C719&ssl=1","width":1600,"height":719},{"@type":"BreadcrumbList","@id":"https:\/\/elregionalvm.com.ar\/noticias-villa-maria\/choque-entre-un-auto-y-motocicleta-en-bv-sarmiento-en-la-moto-iba-una-bebe-de-8-meses-que-termino-con-lesiones-leves\/#breadcrumb","itemListElement":[{"@type":"ListItem","position":1,"name":"Portada","item":"https:\/\/elregionalvm.com.ar\/noticias-villa-maria\/"},{"@type":"ListItem","position":2,"name":"Choque entre un auto y motocicleta en Bv Sarmiento: en la moto iba una beb\u00e9 de 8 meses, que termin\u00f3 con lesiones leves"}]},{"@type":"WebSite","@id":"http:\/\/elregionalvm.com.ar\/noticias-villa-maria\/#website","url":"http:\/\/elregionalvm.com.ar\/noticias-villa-maria\/","name":"El Regional","description":"Mucho m\u00e1s que informaci\u00f3n","potentialAction":[{"@type":"SearchAction","target":{"@type":"EntryPoint","urlTemplate":"http:\/\/elregionalvm.com.ar\/noticias-villa-maria\/?s={search_term_string}"},"query-input":{"@type":"PropertyValueSpecification","valueRequired":true,"valueName":"search_term_string"}}],"inLanguage":"es"},{"@type":"Person","@id":"http:\/\/elregionalvm.com.ar\/noticias-villa-maria\/#\/schema\/person\/a0fb9c422317faca23d50163151bc354","name":"Contenidos El Regional","image":{"@type":"ImageObject","inLanguage":"es","@id":"http:\/\/elregionalvm.com.ar\/noticias-villa-maria\/#\/schema\/person\/image\/","url":"https:\/\/secure.gravatar.com\/avatar\/265b27cb2209af7bb3a1318f03305787d7981a5cc6e6cd08fe5a4ecdf99d4b48?s=96&d=mm&r=g","contentUrl":"https:\/\/secure.gravatar.com\/avatar\/265b27cb2209af7bb3a1318f03305787d7981a5cc6e6cd08fe5a4ecdf99d4b48?s=96&d=mm&r=g","caption":"Contenidos El Regional"},"url":"https:\/\/elregionalvm.com.ar\/noticias-villa-maria\/author\/contenido\/"}]}},"jetpack_featured_media_url":"https:\/\/i0.wp.com\/elregionalvm.com.ar\/noticias-villa-maria\/wp-content\/uploads\/2024\/10\/WhatsApp-Image-2024-10-09-at-20.28.20.jpeg?fit=1600%2C719&ssl=1","jetpack_sharing_enabled":true,"_links":{"self":[{"href":"https:\/\/elregionalvm.com.ar\/noticias-villa-maria\/wp-json\/wp\/v2\/posts\/99545","targetHints":{"allow":["GET"]}}],"collection":[{"href":"https:\/\/elregionalvm.com.ar\/noticias-villa-maria\/wp-json\/wp\/v2\/posts"}],"about":[{"href":"https:\/\/elregionalvm.com.ar\/noticias-villa-maria\/wp-json\/wp\/v2\/types\/post"}],"author":[{"embeddable":true,"href":"https:\/\/elregionalvm.com.ar\/noticias-villa-maria\/wp-json\/wp\/v2\/users\/4"}],"replies":[{"embeddable":true,"href":"https:\/\/elregionalvm.com.ar\/noticias-villa-maria\/wp-json\/wp\/v2\/comments?post=99545"}],"version-history":[{"count":1,"href":"https:\/\/elregionalvm.com.ar\/noticias-villa-maria\/wp-json\/wp\/v2\/posts\/99545\/revisions"}],"predecessor-version":[{"id":99548,"href":"https:\/\/elregionalvm.com.ar\/noticias-villa-maria\/wp-json\/wp\/v2\/posts\/99545\/revisions\/99548"}],"wp:featuredmedia":[{"embeddable":true,"href":"https:\/\/elregionalvm.com.ar\/noticias-villa-maria\/wp-json\/wp\/v2\/media\/99547"}],"wp:attachment":[{"href":"https:\/\/elregionalvm.com.ar\/noticias-villa-maria\/wp-json\/wp\/v2\/media?parent=99545"}],"wp:term":[{"taxonomy":"category","embeddable":true,"href":"https:\/\/elregionalvm.com.ar\/noticias-villa-maria\/wp-json\/wp\/v2\/categories?post=99545"},{"taxonomy":"post_tag","embeddable":true,"href":"https:\/\/elregionalvm.com.ar\/noticias-villa-maria\/wp-json\/wp\/v2\/tags?post=99545"}],"curies":[{"name":"wp","href":"https:\/\/api.w.org\/{rel}","templated":true}]}}