{"id":99549,"date":"2024-10-10T23:33:10","date_gmt":"2024-10-10T23:33:10","guid":{"rendered":"https:\/\/elregionalvm.com.ar\/noticias-villa-maria\/?p=99549"},"modified":"2024-10-10T23:33:12","modified_gmt":"2024-10-10T23:33:12","slug":"el-municipio-presento-los-proyectos-de-presupuesto-y-tarifaria-para-el-ejercicio-2025","status":"publish","type":"post","link":"https:\/\/elregionalvm.com.ar\/noticias-villa-maria\/el-municipio-presento-los-proyectos-de-presupuesto-y-tarifaria-para-el-ejercicio-2025\/","title":{"rendered":"El Municipio present\u00f3 los proyectos de Presupuesto y Tarifaria para el ejercicio 2025"},"content":{"rendered":"\n<p>El intendente Eduardo Accastello present\u00f3 en el Concejo Deliberante los proyectos de Presupuesto y Tarifaria para el a\u00f1o 2025.<\/p>\n\n\n\n<p>La misma tuvo lugar en el recinto legislativo donde Accastello estuvo acompa\u00f1ado en esa instancia por el secretario de Econom\u00eda, Transformaci\u00f3n Digital y Desarrollo Productivo, Guillermo Pieckenstainer; su par de de Gobierno, Cultura y Relaciones Institucionales, Marcos Bovo y la Subsecretaria de Ingresos P\u00fablicos, Victoria Poncio.<\/p>\n\n\n\n<p>Presupuesto 2025<\/p>\n\n\n\n<p>Cabe se\u00f1alar que el Presupuesto para el ejercicio 2025 asciende a 74.908.214.520,00 de pesos y propone un equilibrio fiscal en las cuentas p\u00fablicas, con un marcado acento en las prioridades que necesita la comunidad y los sectores m\u00e1s vulnerables.<\/p>\n\n\n\n<figure class=\"wp-block-image size-large\"><img data-recalc-dims=\"1\" fetchpriority=\"high\" decoding=\"async\" width=\"1024\" height=\"576\" src=\"https:\/\/i0.wp.com\/elregionalvm.com.ar\/noticias-villa-maria\/wp-content\/uploads\/2024\/10\/WhatsApp-Image-2024-10-10-at-15.13.20.jpeg?resize=1024%2C576&#038;ssl=1\" alt=\"\" class=\"wp-image-99550\" srcset=\"https:\/\/i0.wp.com\/elregionalvm.com.ar\/noticias-villa-maria\/wp-content\/uploads\/2024\/10\/WhatsApp-Image-2024-10-10-at-15.13.20.jpeg?resize=1024%2C576&amp;ssl=1 1024w, https:\/\/i0.wp.com\/elregionalvm.com.ar\/noticias-villa-maria\/wp-content\/uploads\/2024\/10\/WhatsApp-Image-2024-10-10-at-15.13.20.jpeg?resize=300%2C169&amp;ssl=1 300w, https:\/\/i0.wp.com\/elregionalvm.com.ar\/noticias-villa-maria\/wp-content\/uploads\/2024\/10\/WhatsApp-Image-2024-10-10-at-15.13.20.jpeg?resize=768%2C432&amp;ssl=1 768w, https:\/\/i0.wp.com\/elregionalvm.com.ar\/noticias-villa-maria\/wp-content\/uploads\/2024\/10\/WhatsApp-Image-2024-10-10-at-15.13.20.jpeg?w=1280&amp;ssl=1 1280w\" sizes=\"(max-width: 1000px) 100vw, 1000px\" \/><\/figure>\n\n\n\n<p>En cuanto a las fuentes de ingresos de los recursos, un 57% de los mismos ser\u00e1n de car\u00e1cter propio y un 30% ser\u00e1n provenientes de otras jurisdicciones (Coparticipaci\u00f3n), mientras que un 4,7% ser\u00e1n ingresos de capital y un 8,3% de otras fuentes financieras.<\/p>\n\n\n\n<p>Al respecto, Eduardo Accastello se\u00f1al\u00f3: \u201cel presupuesto es un 53% superior al del a\u00f1o en curso. Es un presupuesto que expresa lo que generamos y producimos los villamarienes, con un Estado Municipal eficiente que nos permite crecer como ciudad m\u00e1s all\u00e1 de las crisis\u201d.<\/p>\n\n\n\n<p>\u201cAumentamos las partidas en las \u00e1reas de Educaci\u00f3n, Igualdad, Salud, Infraestructura y Desarrollo Productivo para la generaci\u00f3n de empleo y, de esta forma, atender las demandas de los vecinos como corresponde a los gobiernos locales\u201d, destac\u00f3 el intendente.<\/p>\n\n\n\n<p>Tarifaria 2025<\/p>\n\n\n\n<p>La propuesta fue el resultado de la Ordenanza Tributaria actual, la situaci\u00f3n econ\u00f3mica del pa\u00eds y la estructura vigente de cada una de las tasas y contribuciones que percibe el Estado Municipal, procurando equidad tributaria y calidad en la prestaci\u00f3n de los servicios, por los que cada vecino paga sus tributos.<\/p>\n\n\n\n<p>Desde el municipio se llevar\u00e1 adelante una simplificaci\u00f3n de tasas y contribuciones, restructur\u00e1ndolas de acuerdo a los servicios prestados. En esta l\u00ednea se derogan m\u00e1s de 80 tasas y\/o derechos regulados en la ordenanza actualmente vigente, entre las que se encuentra: Tasa de ocupaci\u00f3n de espacios p\u00fablicos para mesas y sillas en bares y restaurantes; Tasa a la publicidad; Eximici\u00f3n para el pago de espect\u00e1culos p\u00fablicos para artistas locales en Caf\u00e9 Concert y Resto Bares; entre otras.<\/p>\n\n\n\n<p>\u201cEs un proyecto novedoso que permitir\u00e1 generar nuevos puestos de trabajo, mediante la reducci\u00f3n de tributos, pero manteniendo el equilibrio fiscal de las cuentas municipales\u201d, puntualiz\u00f3 Eduardo Accastello.<\/p>\n\n\n\n<p>Cabe resaltar que el citado proyecto de Tarifaria fue elaborado atendiendo el contexto que atraviesa el pa\u00eds, pero tambi\u00e9n promoviendo un Estado \u00e1gil, din\u00e1mico, transparente, innovador y m\u00e1s humano, que pueda dar respuesta a los tiempos actuales.<\/p>\n","protected":false},"excerpt":{"rendered":"<p>El intendente Eduardo Accastello present\u00f3 en el Concejo Deliberante los proyectos de Presupuesto y Tarifaria para el a\u00f1o 2025. La misma tuvo lugar en el recinto legislativo donde Accastello estuvo acompa\u00f1ado en esa instancia por el secretario de Econom\u00eda, Transformaci\u00f3n Digital y Desarrollo Productivo, Guillermo Pieckenstainer; su par de de Gobierno, Cultura y Relaciones Institucionales, [&hellip;]<\/p>\n","protected":false},"author":4,"featured_media":99551,"comment_status":"open","ping_status":"open","sticky":false,"template":"","format":"standard","meta":{"site-sidebar-layout":"default","site-content-layout":"","ast-site-content-layout":"default","site-content-style":"default","site-sidebar-style":"default","ast-global-header-display":"","ast-banner-title-visibility":"","ast-main-header-display":"","ast-hfb-above-header-display":"","ast-hfb-below-header-display":"","ast-hfb-mobile-header-display":"","site-post-title":"","ast-breadcrumbs-content":"","ast-featured-img":"","footer-sml-layout":"","ast-disable-related-posts":"","theme-transparent-header-meta":"","adv-header-id-meta":"","stick-header-meta":"","header-above-stick-meta":"","header-main-stick-meta":"","header-below-stick-meta":"","astra-migrate-meta-layouts":"set","ast-page-background-enabled":"default","ast-page-background-meta":{"desktop":{"background-color":"","background-image":"","background-repeat":"repeat","background-position":"center center","background-size":"auto","background-attachment":"scroll","background-type":"","background-media":"","overlay-type":"","overlay-color":"","overlay-opacity":"","overlay-gradient":""},"tablet":{"background-color":"","background-image":"","background-repeat":"repeat","background-position":"center center","background-size":"auto","background-attachment":"scroll","background-type":"","background-media":"","overlay-type":"","overlay-color":"","overlay-opacity":"","overlay-gradient":""},"mobile":{"background-color":"","background-image":"","background-repeat":"repeat","background-position":"center center","background-size":"auto","background-attachment":"scroll","background-type":"","background-media":"","overlay-type":"","overlay-color":"","overlay-opacity":"","overlay-gradient":""}},"ast-content-background-meta":{"desktop":{"background-color":"var(--ast-global-color-5)","background-image":"","background-repeat":"repeat","background-position":"center center","background-size":"auto","background-attachment":"scroll","background-type":"","background-media":"","overlay-type":"","overlay-color":"","overlay-opacity":"","overlay-gradient":""},"tablet":{"background-color":"var(--ast-global-color-5)","background-image":"","background-repeat":"repeat","background-position":"center center","background-size":"auto","background-attachment":"scroll","background-type":"","background-media":"","overlay-type":"","overlay-color":"","overlay-opacity":"","overlay-gradient":""},"mobile":{"background-color":"var(--ast-global-color-5)","background-image":"","background-repeat":"repeat","background-position":"center center","background-size":"auto","background-attachment":"scroll","background-type":"","background-media":"","overlay-type":"","overlay-color":"","overlay-opacity":"","overlay-gradient":""}},"_jetpack_memberships_contains_paid_content":false,"_joinchat":[],"footnotes":""},"categories":[15302,5,2],"tags":[],"class_list":["post-99549","post","type-post","status-publish","format-standard","has-post-thumbnail","hentry","category-destacado","category-sociedad","category-villa-maria"],"yoast_head":"<!-- This site is optimized with the Yoast SEO plugin v26.8 - https:\/\/yoast.com\/product\/yoast-seo-wordpress\/ -->\n<title>El Municipio present\u00f3 los proyectos de Presupuesto y Tarifaria para el ejercicio 2025 - El Regional<\/title>\n<meta name=\"robots\" content=\"index, follow, max-snippet:-1, max-image-preview:large, max-video-preview:-1\" \/>\n<link rel=\"canonical\" href=\"https:\/\/elregionalvm.com.ar\/noticias-villa-maria\/el-municipio-presento-los-proyectos-de-presupuesto-y-tarifaria-para-el-ejercicio-2025\/\" \/>\n<meta property=\"og:locale\" content=\"es_ES\" \/>\n<meta property=\"og:type\" content=\"article\" \/>\n<meta property=\"og:title\" content=\"El Municipio present\u00f3 los proyectos de Presupuesto y Tarifaria para el ejercicio 2025 - El Regional\" \/>\n<meta property=\"og:description\" content=\"El intendente Eduardo Accastello present\u00f3 en el Concejo Deliberante los proyectos de Presupuesto y Tarifaria para el a\u00f1o 2025. La misma tuvo lugar en el recinto legislativo donde Accastello estuvo acompa\u00f1ado en esa instancia por el secretario de Econom\u00eda, Transformaci\u00f3n Digital y Desarrollo Productivo, Guillermo Pieckenstainer; su par de de Gobierno, Cultura y Relaciones Institucionales, [&hellip;]\" \/>\n<meta property=\"og:url\" content=\"https:\/\/elregionalvm.com.ar\/noticias-villa-maria\/el-municipio-presento-los-proyectos-de-presupuesto-y-tarifaria-para-el-ejercicio-2025\/\" \/>\n<meta property=\"og:site_name\" content=\"El Regional\" \/>\n<meta property=\"article:publisher\" content=\"https:\/\/www.facebook.com\/elregionalvm\" \/>\n<meta property=\"article:published_time\" content=\"2024-10-10T23:33:10+00:00\" \/>\n<meta property=\"article:modified_time\" content=\"2024-10-10T23:33:12+00:00\" \/>\n<meta property=\"og:image\" content=\"https:\/\/elregionalvm.com.ar\/noticias-villa-maria\/wp-content\/uploads\/2024\/10\/WhatsApp-Image-2024-10-10-at-15.13.19.jpeg\" \/>\n\t<meta property=\"og:image:width\" content=\"1200\" \/>\n\t<meta property=\"og:image:height\" content=\"720\" \/>\n\t<meta property=\"og:image:type\" content=\"image\/jpeg\" \/>\n<meta name=\"author\" content=\"Contenidos El Regional\" \/>\n<meta name=\"twitter:card\" content=\"summary_large_image\" \/>\n<meta name=\"twitter:creator\" content=\"@elregionalvm1\" \/>\n<meta name=\"twitter:site\" content=\"@elregionalvm1\" \/>\n<meta name=\"twitter:label1\" content=\"Escrito por\" \/>\n\t<meta name=\"twitter:data1\" content=\"Contenidos El Regional\" \/>\n\t<meta name=\"twitter:label2\" content=\"Tiempo de lectura\" \/>\n\t<meta name=\"twitter:data2\" content=\"3 minutos\" \/>\n<script type=\"application\/ld+json\" class=\"yoast-schema-graph\">{\"@context\":\"https:\/\/schema.org\",\"@graph\":[{\"@type\":\"Article\",\"@id\":\"https:\/\/elregionalvm.com.ar\/noticias-villa-maria\/el-municipio-presento-los-proyectos-de-presupuesto-y-tarifaria-para-el-ejercicio-2025\/#article\",\"isPartOf\":{\"@id\":\"https:\/\/elregionalvm.com.ar\/noticias-villa-maria\/el-municipio-presento-los-proyectos-de-presupuesto-y-tarifaria-para-el-ejercicio-2025\/\"},\"author\":{\"name\":\"Contenidos El Regional\",\"@id\":\"http:\/\/elregionalvm.com.ar\/noticias-villa-maria\/#\/schema\/person\/a0fb9c422317faca23d50163151bc354\"},\"headline\":\"El Municipio present\u00f3 los proyectos de Presupuesto y Tarifaria para el ejercicio 2025\",\"datePublished\":\"2024-10-10T23:33:10+00:00\",\"dateModified\":\"2024-10-10T23:33:12+00:00\",\"mainEntityOfPage\":{\"@id\":\"https:\/\/elregionalvm.com.ar\/noticias-villa-maria\/el-municipio-presento-los-proyectos-de-presupuesto-y-tarifaria-para-el-ejercicio-2025\/\"},\"wordCount\":464,\"commentCount\":0,\"image\":{\"@id\":\"https:\/\/elregionalvm.com.ar\/noticias-villa-maria\/el-municipio-presento-los-proyectos-de-presupuesto-y-tarifaria-para-el-ejercicio-2025\/#primaryimage\"},\"thumbnailUrl\":\"https:\/\/i0.wp.com\/elregionalvm.com.ar\/noticias-villa-maria\/wp-content\/uploads\/2024\/10\/WhatsApp-Image-2024-10-10-at-15.13.19.jpeg?fit=1200%2C720&ssl=1\",\"articleSection\":[\"destacado\",\"Sociedad\",\"Villa Mar\u00eda\"],\"inLanguage\":\"es\",\"potentialAction\":[{\"@type\":\"CommentAction\",\"name\":\"Comment\",\"target\":[\"https:\/\/elregionalvm.com.ar\/noticias-villa-maria\/el-municipio-presento-los-proyectos-de-presupuesto-y-tarifaria-para-el-ejercicio-2025\/#respond\"]}]},{\"@type\":\"WebPage\",\"@id\":\"https:\/\/elregionalvm.com.ar\/noticias-villa-maria\/el-municipio-presento-los-proyectos-de-presupuesto-y-tarifaria-para-el-ejercicio-2025\/\",\"url\":\"https:\/\/elregionalvm.com.ar\/noticias-villa-maria\/el-municipio-presento-los-proyectos-de-presupuesto-y-tarifaria-para-el-ejercicio-2025\/\",\"name\":\"El Municipio present\u00f3 los proyectos de Presupuesto y Tarifaria para el ejercicio 2025 - El Regional\",\"isPartOf\":{\"@id\":\"http:\/\/elregionalvm.com.ar\/noticias-villa-maria\/#website\"},\"primaryImageOfPage\":{\"@id\":\"https:\/\/elregionalvm.com.ar\/noticias-villa-maria\/el-municipio-presento-los-proyectos-de-presupuesto-y-tarifaria-para-el-ejercicio-2025\/#primaryimage\"},\"image\":{\"@id\":\"https:\/\/elregionalvm.com.ar\/noticias-villa-maria\/el-municipio-presento-los-proyectos-de-presupuesto-y-tarifaria-para-el-ejercicio-2025\/#primaryimage\"},\"thumbnailUrl\":\"https:\/\/i0.wp.com\/elregionalvm.com.ar\/noticias-villa-maria\/wp-content\/uploads\/2024\/10\/WhatsApp-Image-2024-10-10-at-15.13.19.jpeg?fit=1200%2C720&ssl=1\",\"datePublished\":\"2024-10-10T23:33:10+00:00\",\"dateModified\":\"2024-10-10T23:33:12+00:00\",\"author\":{\"@id\":\"http:\/\/elregionalvm.com.ar\/noticias-villa-maria\/#\/schema\/person\/a0fb9c422317faca23d50163151bc354\"},\"breadcrumb\":{\"@id\":\"https:\/\/elregionalvm.com.ar\/noticias-villa-maria\/el-municipio-presento-los-proyectos-de-presupuesto-y-tarifaria-para-el-ejercicio-2025\/#breadcrumb\"},\"inLanguage\":\"es\",\"potentialAction\":[{\"@type\":\"ReadAction\",\"target\":[\"https:\/\/elregionalvm.com.ar\/noticias-villa-maria\/el-municipio-presento-los-proyectos-de-presupuesto-y-tarifaria-para-el-ejercicio-2025\/\"]}]},{\"@type\":\"ImageObject\",\"inLanguage\":\"es\",\"@id\":\"https:\/\/elregionalvm.com.ar\/noticias-villa-maria\/el-municipio-presento-los-proyectos-de-presupuesto-y-tarifaria-para-el-ejercicio-2025\/#primaryimage\",\"url\":\"https:\/\/i0.wp.com\/elregionalvm.com.ar\/noticias-villa-maria\/wp-content\/uploads\/2024\/10\/WhatsApp-Image-2024-10-10-at-15.13.19.jpeg?fit=1200%2C720&ssl=1\",\"contentUrl\":\"https:\/\/i0.wp.com\/elregionalvm.com.ar\/noticias-villa-maria\/wp-content\/uploads\/2024\/10\/WhatsApp-Image-2024-10-10-at-15.13.19.jpeg?fit=1200%2C720&ssl=1\",\"width\":1200,\"height\":720},{\"@type\":\"BreadcrumbList\",\"@id\":\"https:\/\/elregionalvm.com.ar\/noticias-villa-maria\/el-municipio-presento-los-proyectos-de-presupuesto-y-tarifaria-para-el-ejercicio-2025\/#breadcrumb\",\"itemListElement\":[{\"@type\":\"ListItem\",\"position\":1,\"name\":\"Portada\",\"item\":\"https:\/\/elregionalvm.com.ar\/noticias-villa-maria\/\"},{\"@type\":\"ListItem\",\"position\":2,\"name\":\"El Municipio present\u00f3 los proyectos de Presupuesto y Tarifaria para el ejercicio 2025\"}]},{\"@type\":\"WebSite\",\"@id\":\"http:\/\/elregionalvm.com.ar\/noticias-villa-maria\/#website\",\"url\":\"http:\/\/elregionalvm.com.ar\/noticias-villa-maria\/\",\"name\":\"El Regional\",\"description\":\"Mucho m\u00e1s que informaci\u00f3n\",\"potentialAction\":[{\"@type\":\"SearchAction\",\"target\":{\"@type\":\"EntryPoint\",\"urlTemplate\":\"http:\/\/elregionalvm.com.ar\/noticias-villa-maria\/?s={search_term_string}\"},\"query-input\":{\"@type\":\"PropertyValueSpecification\",\"valueRequired\":true,\"valueName\":\"search_term_string\"}}],\"inLanguage\":\"es\"},{\"@type\":\"Person\",\"@id\":\"http:\/\/elregionalvm.com.ar\/noticias-villa-maria\/#\/schema\/person\/a0fb9c422317faca23d50163151bc354\",\"name\":\"Contenidos El Regional\",\"image\":{\"@type\":\"ImageObject\",\"inLanguage\":\"es\",\"@id\":\"http:\/\/elregionalvm.com.ar\/noticias-villa-maria\/#\/schema\/person\/image\/\",\"url\":\"https:\/\/secure.gravatar.com\/avatar\/265b27cb2209af7bb3a1318f03305787d7981a5cc6e6cd08fe5a4ecdf99d4b48?s=96&d=mm&r=g\",\"contentUrl\":\"https:\/\/secure.gravatar.com\/avatar\/265b27cb2209af7bb3a1318f03305787d7981a5cc6e6cd08fe5a4ecdf99d4b48?s=96&d=mm&r=g\",\"caption\":\"Contenidos El Regional\"},\"url\":\"https:\/\/elregionalvm.com.ar\/noticias-villa-maria\/author\/contenido\/\"}]}<\/script>\n<!-- \/ Yoast SEO plugin. -->","yoast_head_json":{"title":"El Municipio present\u00f3 los proyectos de Presupuesto y Tarifaria para el ejercicio 2025 - El Regional","robots":{"index":"index","follow":"follow","max-snippet":"max-snippet:-1","max-image-preview":"max-image-preview:large","max-video-preview":"max-video-preview:-1"},"canonical":"https:\/\/elregionalvm.com.ar\/noticias-villa-maria\/el-municipio-presento-los-proyectos-de-presupuesto-y-tarifaria-para-el-ejercicio-2025\/","og_locale":"es_ES","og_type":"article","og_title":"El Municipio present\u00f3 los proyectos de Presupuesto y Tarifaria para el ejercicio 2025 - El Regional","og_description":"El intendente Eduardo Accastello present\u00f3 en el Concejo Deliberante los proyectos de Presupuesto y Tarifaria para el a\u00f1o 2025. La misma tuvo lugar en el recinto legislativo donde Accastello estuvo acompa\u00f1ado en esa instancia por el secretario de Econom\u00eda, Transformaci\u00f3n Digital y Desarrollo Productivo, Guillermo Pieckenstainer; su par de de Gobierno, Cultura y Relaciones Institucionales, [&hellip;]","og_url":"https:\/\/elregionalvm.com.ar\/noticias-villa-maria\/el-municipio-presento-los-proyectos-de-presupuesto-y-tarifaria-para-el-ejercicio-2025\/","og_site_name":"El Regional","article_publisher":"https:\/\/www.facebook.com\/elregionalvm","article_published_time":"2024-10-10T23:33:10+00:00","article_modified_time":"2024-10-10T23:33:12+00:00","og_image":[{"width":1200,"height":720,"url":"https:\/\/elregionalvm.com.ar\/noticias-villa-maria\/wp-content\/uploads\/2024\/10\/WhatsApp-Image-2024-10-10-at-15.13.19.jpeg","type":"image\/jpeg"}],"author":"Contenidos El Regional","twitter_card":"summary_large_image","twitter_creator":"@elregionalvm1","twitter_site":"@elregionalvm1","twitter_misc":{"Escrito por":"Contenidos El Regional","Tiempo de lectura":"3 minutos"},"schema":{"@context":"https:\/\/schema.org","@graph":[{"@type":"Article","@id":"https:\/\/elregionalvm.com.ar\/noticias-villa-maria\/el-municipio-presento-los-proyectos-de-presupuesto-y-tarifaria-para-el-ejercicio-2025\/#article","isPartOf":{"@id":"https:\/\/elregionalvm.com.ar\/noticias-villa-maria\/el-municipio-presento-los-proyectos-de-presupuesto-y-tarifaria-para-el-ejercicio-2025\/"},"author":{"name":"Contenidos El Regional","@id":"http:\/\/elregionalvm.com.ar\/noticias-villa-maria\/#\/schema\/person\/a0fb9c422317faca23d50163151bc354"},"headline":"El Municipio present\u00f3 los proyectos de Presupuesto y Tarifaria para el ejercicio 2025","datePublished":"2024-10-10T23:33:10+00:00","dateModified":"2024-10-10T23:33:12+00:00","mainEntityOfPage":{"@id":"https:\/\/elregionalvm.com.ar\/noticias-villa-maria\/el-municipio-presento-los-proyectos-de-presupuesto-y-tarifaria-para-el-ejercicio-2025\/"},"wordCount":464,"commentCount":0,"image":{"@id":"https:\/\/elregionalvm.com.ar\/noticias-villa-maria\/el-municipio-presento-los-proyectos-de-presupuesto-y-tarifaria-para-el-ejercicio-2025\/#primaryimage"},"thumbnailUrl":"https:\/\/i0.wp.com\/elregionalvm.com.ar\/noticias-villa-maria\/wp-content\/uploads\/2024\/10\/WhatsApp-Image-2024-10-10-at-15.13.19.jpeg?fit=1200%2C720&ssl=1","articleSection":["destacado","Sociedad","Villa Mar\u00eda"],"inLanguage":"es","potentialAction":[{"@type":"CommentAction","name":"Comment","target":["https:\/\/elregionalvm.com.ar\/noticias-villa-maria\/el-municipio-presento-los-proyectos-de-presupuesto-y-tarifaria-para-el-ejercicio-2025\/#respond"]}]},{"@type":"WebPage","@id":"https:\/\/elregionalvm.com.ar\/noticias-villa-maria\/el-municipio-presento-los-proyectos-de-presupuesto-y-tarifaria-para-el-ejercicio-2025\/","url":"https:\/\/elregionalvm.com.ar\/noticias-villa-maria\/el-municipio-presento-los-proyectos-de-presupuesto-y-tarifaria-para-el-ejercicio-2025\/","name":"El Municipio present\u00f3 los proyectos de Presupuesto y Tarifaria para el ejercicio 2025 - El Regional","isPartOf":{"@id":"http:\/\/elregionalvm.com.ar\/noticias-villa-maria\/#website"},"primaryImageOfPage":{"@id":"https:\/\/elregionalvm.com.ar\/noticias-villa-maria\/el-municipio-presento-los-proyectos-de-presupuesto-y-tarifaria-para-el-ejercicio-2025\/#primaryimage"},"image":{"@id":"https:\/\/elregionalvm.com.ar\/noticias-villa-maria\/el-municipio-presento-los-proyectos-de-presupuesto-y-tarifaria-para-el-ejercicio-2025\/#primaryimage"},"thumbnailUrl":"https:\/\/i0.wp.com\/elregionalvm.com.ar\/noticias-villa-maria\/wp-content\/uploads\/2024\/10\/WhatsApp-Image-2024-10-10-at-15.13.19.jpeg?fit=1200%2C720&ssl=1","datePublished":"2024-10-10T23:33:10+00:00","dateModified":"2024-10-10T23:33:12+00:00","author":{"@id":"http:\/\/elregionalvm.com.ar\/noticias-villa-maria\/#\/schema\/person\/a0fb9c422317faca23d50163151bc354"},"breadcrumb":{"@id":"https:\/\/elregionalvm.com.ar\/noticias-villa-maria\/el-municipio-presento-los-proyectos-de-presupuesto-y-tarifaria-para-el-ejercicio-2025\/#breadcrumb"},"inLanguage":"es","potentialAction":[{"@type":"ReadAction","target":["https:\/\/elregionalvm.com.ar\/noticias-villa-maria\/el-municipio-presento-los-proyectos-de-presupuesto-y-tarifaria-para-el-ejercicio-2025\/"]}]},{"@type":"ImageObject","inLanguage":"es","@id":"https:\/\/elregionalvm.com.ar\/noticias-villa-maria\/el-municipio-presento-los-proyectos-de-presupuesto-y-tarifaria-para-el-ejercicio-2025\/#primaryimage","url":"https:\/\/i0.wp.com\/elregionalvm.com.ar\/noticias-villa-maria\/wp-content\/uploads\/2024\/10\/WhatsApp-Image-2024-10-10-at-15.13.19.jpeg?fit=1200%2C720&ssl=1","contentUrl":"https:\/\/i0.wp.com\/elregionalvm.com.ar\/noticias-villa-maria\/wp-content\/uploads\/2024\/10\/WhatsApp-Image-2024-10-10-at-15.13.19.jpeg?fit=1200%2C720&ssl=1","width":1200,"height":720},{"@type":"BreadcrumbList","@id":"https:\/\/elregionalvm.com.ar\/noticias-villa-maria\/el-municipio-presento-los-proyectos-de-presupuesto-y-tarifaria-para-el-ejercicio-2025\/#breadcrumb","itemListElement":[{"@type":"ListItem","position":1,"name":"Portada","item":"https:\/\/elregionalvm.com.ar\/noticias-villa-maria\/"},{"@type":"ListItem","position":2,"name":"El Municipio present\u00f3 los proyectos de Presupuesto y Tarifaria para el ejercicio 2025"}]},{"@type":"WebSite","@id":"http:\/\/elregionalvm.com.ar\/noticias-villa-maria\/#website","url":"http:\/\/elregionalvm.com.ar\/noticias-villa-maria\/","name":"El Regional","description":"Mucho m\u00e1s que informaci\u00f3n","potentialAction":[{"@type":"SearchAction","target":{"@type":"EntryPoint","urlTemplate":"http:\/\/elregionalvm.com.ar\/noticias-villa-maria\/?s={search_term_string}"},"query-input":{"@type":"PropertyValueSpecification","valueRequired":true,"valueName":"search_term_string"}}],"inLanguage":"es"},{"@type":"Person","@id":"http:\/\/elregionalvm.com.ar\/noticias-villa-maria\/#\/schema\/person\/a0fb9c422317faca23d50163151bc354","name":"Contenidos El Regional","image":{"@type":"ImageObject","inLanguage":"es","@id":"http:\/\/elregionalvm.com.ar\/noticias-villa-maria\/#\/schema\/person\/image\/","url":"https:\/\/secure.gravatar.com\/avatar\/265b27cb2209af7bb3a1318f03305787d7981a5cc6e6cd08fe5a4ecdf99d4b48?s=96&d=mm&r=g","contentUrl":"https:\/\/secure.gravatar.com\/avatar\/265b27cb2209af7bb3a1318f03305787d7981a5cc6e6cd08fe5a4ecdf99d4b48?s=96&d=mm&r=g","caption":"Contenidos El Regional"},"url":"https:\/\/elregionalvm.com.ar\/noticias-villa-maria\/author\/contenido\/"}]}},"jetpack_featured_media_url":"https:\/\/i0.wp.com\/elregionalvm.com.ar\/noticias-villa-maria\/wp-content\/uploads\/2024\/10\/WhatsApp-Image-2024-10-10-at-15.13.19.jpeg?fit=1200%2C720&ssl=1","jetpack_sharing_enabled":true,"_links":{"self":[{"href":"https:\/\/elregionalvm.com.ar\/noticias-villa-maria\/wp-json\/wp\/v2\/posts\/99549","targetHints":{"allow":["GET"]}}],"collection":[{"href":"https:\/\/elregionalvm.com.ar\/noticias-villa-maria\/wp-json\/wp\/v2\/posts"}],"about":[{"href":"https:\/\/elregionalvm.com.ar\/noticias-villa-maria\/wp-json\/wp\/v2\/types\/post"}],"author":[{"embeddable":true,"href":"https:\/\/elregionalvm.com.ar\/noticias-villa-maria\/wp-json\/wp\/v2\/users\/4"}],"replies":[{"embeddable":true,"href":"https:\/\/elregionalvm.com.ar\/noticias-villa-maria\/wp-json\/wp\/v2\/comments?post=99549"}],"version-history":[{"count":1,"href":"https:\/\/elregionalvm.com.ar\/noticias-villa-maria\/wp-json\/wp\/v2\/posts\/99549\/revisions"}],"predecessor-version":[{"id":99552,"href":"https:\/\/elregionalvm.com.ar\/noticias-villa-maria\/wp-json\/wp\/v2\/posts\/99549\/revisions\/99552"}],"wp:featuredmedia":[{"embeddable":true,"href":"https:\/\/elregionalvm.com.ar\/noticias-villa-maria\/wp-json\/wp\/v2\/media\/99551"}],"wp:attachment":[{"href":"https:\/\/elregionalvm.com.ar\/noticias-villa-maria\/wp-json\/wp\/v2\/media?parent=99549"}],"wp:term":[{"taxonomy":"category","embeddable":true,"href":"https:\/\/elregionalvm.com.ar\/noticias-villa-maria\/wp-json\/wp\/v2\/categories?post=99549"},{"taxonomy":"post_tag","embeddable":true,"href":"https:\/\/elregionalvm.com.ar\/noticias-villa-maria\/wp-json\/wp\/v2\/tags?post=99549"}],"curies":[{"name":"wp","href":"https:\/\/api.w.org\/{rel}","templated":true}]}}