{"id":99594,"date":"2024-10-14T00:41:08","date_gmt":"2024-10-14T00:41:08","guid":{"rendered":"https:\/\/elregionalvm.com.ar\/noticias-villa-maria\/?p=99594"},"modified":"2024-10-14T00:41:09","modified_gmt":"2024-10-14T00:41:09","slug":"quieren-construir-una-nueva-colectora-en-la-autopista-entre-calle-buenos-aires-y-ruta-2","status":"publish","type":"post","link":"https:\/\/elregionalvm.com.ar\/noticias-villa-maria\/quieren-construir-una-nueva-colectora-en-la-autopista-entre-calle-buenos-aires-y-ruta-2\/","title":{"rendered":"Quieren construir una nueva colectora en la autopista, entre calle Buenos Aires y ruta 2"},"content":{"rendered":"\n<p><\/p>\n\n\n\n<p>Con el objetivo de planificar y aunar esfuerzos para la construcci\u00f3n de una nueva colectora en la Autopista n\u00famero 9, entre las calles Buenos Aires y Ruta 2, se desarroll\u00f3 una reuni\u00f3n entre el municipio, la Provincia y comerciantes de la ciudad.<\/p>\n\n\n\n<p>En el encuentro participaron el intendente Eduardo Accastello, el director general de Infraestructura Agropecuaria de la Provincia de C\u00f3rdoba, Franco Mugnaini, y referentes del sector agro-industrial.<\/p>\n\n\n\n<p>En este marco, se prev\u00e9 un trabajo mancomunado entre los Gobiernos local y provincial, junto a los actores beneficiarios de la obra.<\/p>\n\n\n\n<p><\/p>\n\n\n\n<figure class=\"wp-block-image size-large\"><img data-recalc-dims=\"1\" fetchpriority=\"high\" decoding=\"async\" width=\"1024\" height=\"576\" src=\"https:\/\/i0.wp.com\/elregionalvm.com.ar\/noticias-villa-maria\/wp-content\/uploads\/2024\/10\/Accastello-reunion-ruta-9-colectora.jpeg?resize=1024%2C576&#038;ssl=1\" alt=\"\" class=\"wp-image-99595\" srcset=\"https:\/\/i0.wp.com\/elregionalvm.com.ar\/noticias-villa-maria\/wp-content\/uploads\/2024\/10\/Accastello-reunion-ruta-9-colectora.jpeg?resize=1024%2C576&amp;ssl=1 1024w, https:\/\/i0.wp.com\/elregionalvm.com.ar\/noticias-villa-maria\/wp-content\/uploads\/2024\/10\/Accastello-reunion-ruta-9-colectora.jpeg?resize=300%2C169&amp;ssl=1 300w, https:\/\/i0.wp.com\/elregionalvm.com.ar\/noticias-villa-maria\/wp-content\/uploads\/2024\/10\/Accastello-reunion-ruta-9-colectora.jpeg?resize=768%2C432&amp;ssl=1 768w, https:\/\/i0.wp.com\/elregionalvm.com.ar\/noticias-villa-maria\/wp-content\/uploads\/2024\/10\/Accastello-reunion-ruta-9-colectora.jpeg?resize=1536%2C864&amp;ssl=1 1536w, https:\/\/i0.wp.com\/elregionalvm.com.ar\/noticias-villa-maria\/wp-content\/uploads\/2024\/10\/Accastello-reunion-ruta-9-colectora.jpeg?w=1599&amp;ssl=1 1599w\" sizes=\"(max-width: 1000px) 100vw, 1000px\" \/><\/figure>\n\n\n\n<p><\/p>\n\n\n\n<p>\u201cHoy trabajamos junto con productores y empresarios de Villa Mar\u00eda, en un proyecto que venimos desarrollando como es la colectora de 9 kil\u00f3metros sobre la Ruta 9\u201d, expres\u00f3 Mugnaini.<\/p>\n\n\n\n<p>\u201cNos encontramos en los \u00faltimos procesos de elaboraci\u00f3n del proyecto, que es lo que hoy estuvimos consultando con los involucrados, y luego vendr\u00e1 la etapa donde tanto los Gobiernos como los interesados tendr\u00e1n que analizar la posibilidad de llevar a cabo esta obra\u201d, complet\u00f3.<\/p>\n","protected":false},"excerpt":{"rendered":"<p>Con el objetivo de planificar y aunar esfuerzos para la construcci\u00f3n de una nueva colectora en la Autopista n\u00famero 9, entre las calles Buenos Aires y Ruta 2, se desarroll\u00f3 una reuni\u00f3n entre el municipio, la Provincia y comerciantes de la ciudad. En el encuentro participaron el intendente Eduardo Accastello, el director general de Infraestructura [&hellip;]<\/p>\n","protected":false},"author":4,"featured_media":99596,"comment_status":"open","ping_status":"open","sticky":false,"template":"","format":"standard","meta":{"site-sidebar-layout":"default","site-content-layout":"","ast-site-content-layout":"default","site-content-style":"default","site-sidebar-style":"default","ast-global-header-display":"","ast-banner-title-visibility":"","ast-main-header-display":"","ast-hfb-above-header-display":"","ast-hfb-below-header-display":"","ast-hfb-mobile-header-display":"","site-post-title":"","ast-breadcrumbs-content":"","ast-featured-img":"","footer-sml-layout":"","ast-disable-related-posts":"","theme-transparent-header-meta":"","adv-header-id-meta":"","stick-header-meta":"","header-above-stick-meta":"","header-main-stick-meta":"","header-below-stick-meta":"","astra-migrate-meta-layouts":"set","ast-page-background-enabled":"default","ast-page-background-meta":{"desktop":{"background-color":"","background-image":"","background-repeat":"repeat","background-position":"center center","background-size":"auto","background-attachment":"scroll","background-type":"","background-media":"","overlay-type":"","overlay-color":"","overlay-opacity":"","overlay-gradient":""},"tablet":{"background-color":"","background-image":"","background-repeat":"repeat","background-position":"center center","background-size":"auto","background-attachment":"scroll","background-type":"","background-media":"","overlay-type":"","overlay-color":"","overlay-opacity":"","overlay-gradient":""},"mobile":{"background-color":"","background-image":"","background-repeat":"repeat","background-position":"center center","background-size":"auto","background-attachment":"scroll","background-type":"","background-media":"","overlay-type":"","overlay-color":"","overlay-opacity":"","overlay-gradient":""}},"ast-content-background-meta":{"desktop":{"background-color":"var(--ast-global-color-5)","background-image":"","background-repeat":"repeat","background-position":"center center","background-size":"auto","background-attachment":"scroll","background-type":"","background-media":"","overlay-type":"","overlay-color":"","overlay-opacity":"","overlay-gradient":""},"tablet":{"background-color":"var(--ast-global-color-5)","background-image":"","background-repeat":"repeat","background-position":"center center","background-size":"auto","background-attachment":"scroll","background-type":"","background-media":"","overlay-type":"","overlay-color":"","overlay-opacity":"","overlay-gradient":""},"mobile":{"background-color":"var(--ast-global-color-5)","background-image":"","background-repeat":"repeat","background-position":"center center","background-size":"auto","background-attachment":"scroll","background-type":"","background-media":"","overlay-type":"","overlay-color":"","overlay-opacity":"","overlay-gradient":""}},"_jetpack_memberships_contains_paid_content":false,"_joinchat":[],"footnotes":""},"categories":[15302,2],"tags":[2269,24434,2793,2038,534],"class_list":["post-99594","post","type-post","status-publish","format-standard","has-post-thumbnail","hentry","category-destacado","category-villa-maria","tag-autopista","tag-colectora","tag-comerciantes","tag-eduardo-accastello","tag-villa-maria"],"yoast_head":"<!-- This site is optimized with the Yoast SEO plugin v26.8 - https:\/\/yoast.com\/product\/yoast-seo-wordpress\/ -->\n<title>Quieren construir una nueva colectora en la autopista, entre calle Buenos Aires y ruta 2 - El Regional<\/title>\n<meta name=\"robots\" content=\"index, follow, max-snippet:-1, max-image-preview:large, max-video-preview:-1\" \/>\n<link rel=\"canonical\" href=\"https:\/\/elregionalvm.com.ar\/noticias-villa-maria\/quieren-construir-una-nueva-colectora-en-la-autopista-entre-calle-buenos-aires-y-ruta-2\/\" \/>\n<meta property=\"og:locale\" content=\"es_ES\" \/>\n<meta property=\"og:type\" content=\"article\" \/>\n<meta property=\"og:title\" content=\"Quieren construir una nueva colectora en la autopista, entre calle Buenos Aires y ruta 2 - El Regional\" \/>\n<meta property=\"og:description\" content=\"Con el objetivo de planificar y aunar esfuerzos para la construcci\u00f3n de una nueva colectora en la Autopista n\u00famero 9, entre las calles Buenos Aires y Ruta 2, se desarroll\u00f3 una reuni\u00f3n entre el municipio, la Provincia y comerciantes de la ciudad. En el encuentro participaron el intendente Eduardo Accastello, el director general de Infraestructura [&hellip;]\" \/>\n<meta property=\"og:url\" content=\"https:\/\/elregionalvm.com.ar\/noticias-villa-maria\/quieren-construir-una-nueva-colectora-en-la-autopista-entre-calle-buenos-aires-y-ruta-2\/\" \/>\n<meta property=\"og:site_name\" content=\"El Regional\" \/>\n<meta property=\"article:publisher\" content=\"https:\/\/www.facebook.com\/elregionalvm\" \/>\n<meta property=\"article:published_time\" content=\"2024-10-14T00:41:08+00:00\" \/>\n<meta property=\"article:modified_time\" content=\"2024-10-14T00:41:09+00:00\" \/>\n<meta property=\"og:image\" content=\"https:\/\/elregionalvm.com.ar\/noticias-villa-maria\/wp-content\/uploads\/2024\/10\/colectora-villa-maria-autopista.jpg\" \/>\n\t<meta property=\"og:image:width\" content=\"1100\" \/>\n\t<meta property=\"og:image:height\" content=\"735\" \/>\n\t<meta property=\"og:image:type\" content=\"image\/jpeg\" \/>\n<meta name=\"author\" content=\"Contenidos El Regional\" \/>\n<meta name=\"twitter:card\" content=\"summary_large_image\" \/>\n<meta name=\"twitter:creator\" content=\"@elregionalvm1\" \/>\n<meta name=\"twitter:site\" content=\"@elregionalvm1\" \/>\n<meta name=\"twitter:label1\" content=\"Escrito por\" \/>\n\t<meta name=\"twitter:data1\" content=\"Contenidos El Regional\" \/>\n\t<meta name=\"twitter:label2\" content=\"Tiempo de lectura\" \/>\n\t<meta name=\"twitter:data2\" content=\"2 minutos\" \/>\n<script type=\"application\/ld+json\" class=\"yoast-schema-graph\">{\"@context\":\"https:\/\/schema.org\",\"@graph\":[{\"@type\":\"Article\",\"@id\":\"https:\/\/elregionalvm.com.ar\/noticias-villa-maria\/quieren-construir-una-nueva-colectora-en-la-autopista-entre-calle-buenos-aires-y-ruta-2\/#article\",\"isPartOf\":{\"@id\":\"https:\/\/elregionalvm.com.ar\/noticias-villa-maria\/quieren-construir-una-nueva-colectora-en-la-autopista-entre-calle-buenos-aires-y-ruta-2\/\"},\"author\":{\"name\":\"Contenidos El Regional\",\"@id\":\"http:\/\/elregionalvm.com.ar\/noticias-villa-maria\/#\/schema\/person\/a0fb9c422317faca23d50163151bc354\"},\"headline\":\"Quieren construir una nueva colectora en la autopista, entre calle Buenos Aires y ruta 2\",\"datePublished\":\"2024-10-14T00:41:08+00:00\",\"dateModified\":\"2024-10-14T00:41:09+00:00\",\"mainEntityOfPage\":{\"@id\":\"https:\/\/elregionalvm.com.ar\/noticias-villa-maria\/quieren-construir-una-nueva-colectora-en-la-autopista-entre-calle-buenos-aires-y-ruta-2\/\"},\"wordCount\":181,\"commentCount\":0,\"image\":{\"@id\":\"https:\/\/elregionalvm.com.ar\/noticias-villa-maria\/quieren-construir-una-nueva-colectora-en-la-autopista-entre-calle-buenos-aires-y-ruta-2\/#primaryimage\"},\"thumbnailUrl\":\"https:\/\/i0.wp.com\/elregionalvm.com.ar\/noticias-villa-maria\/wp-content\/uploads\/2024\/10\/colectora-villa-maria-autopista.jpg?fit=1100%2C735&ssl=1\",\"keywords\":[\"autopista\",\"colectora\",\"Comerciantes\",\"Eduardo Accastello\",\"villa maria\"],\"articleSection\":[\"destacado\",\"Villa Mar\u00eda\"],\"inLanguage\":\"es\",\"potentialAction\":[{\"@type\":\"CommentAction\",\"name\":\"Comment\",\"target\":[\"https:\/\/elregionalvm.com.ar\/noticias-villa-maria\/quieren-construir-una-nueva-colectora-en-la-autopista-entre-calle-buenos-aires-y-ruta-2\/#respond\"]}]},{\"@type\":\"WebPage\",\"@id\":\"https:\/\/elregionalvm.com.ar\/noticias-villa-maria\/quieren-construir-una-nueva-colectora-en-la-autopista-entre-calle-buenos-aires-y-ruta-2\/\",\"url\":\"https:\/\/elregionalvm.com.ar\/noticias-villa-maria\/quieren-construir-una-nueva-colectora-en-la-autopista-entre-calle-buenos-aires-y-ruta-2\/\",\"name\":\"Quieren construir una nueva colectora en la autopista, entre calle Buenos Aires y ruta 2 - El Regional\",\"isPartOf\":{\"@id\":\"http:\/\/elregionalvm.com.ar\/noticias-villa-maria\/#website\"},\"primaryImageOfPage\":{\"@id\":\"https:\/\/elregionalvm.com.ar\/noticias-villa-maria\/quieren-construir-una-nueva-colectora-en-la-autopista-entre-calle-buenos-aires-y-ruta-2\/#primaryimage\"},\"image\":{\"@id\":\"https:\/\/elregionalvm.com.ar\/noticias-villa-maria\/quieren-construir-una-nueva-colectora-en-la-autopista-entre-calle-buenos-aires-y-ruta-2\/#primaryimage\"},\"thumbnailUrl\":\"https:\/\/i0.wp.com\/elregionalvm.com.ar\/noticias-villa-maria\/wp-content\/uploads\/2024\/10\/colectora-villa-maria-autopista.jpg?fit=1100%2C735&ssl=1\",\"datePublished\":\"2024-10-14T00:41:08+00:00\",\"dateModified\":\"2024-10-14T00:41:09+00:00\",\"author\":{\"@id\":\"http:\/\/elregionalvm.com.ar\/noticias-villa-maria\/#\/schema\/person\/a0fb9c422317faca23d50163151bc354\"},\"breadcrumb\":{\"@id\":\"https:\/\/elregionalvm.com.ar\/noticias-villa-maria\/quieren-construir-una-nueva-colectora-en-la-autopista-entre-calle-buenos-aires-y-ruta-2\/#breadcrumb\"},\"inLanguage\":\"es\",\"potentialAction\":[{\"@type\":\"ReadAction\",\"target\":[\"https:\/\/elregionalvm.com.ar\/noticias-villa-maria\/quieren-construir-una-nueva-colectora-en-la-autopista-entre-calle-buenos-aires-y-ruta-2\/\"]}]},{\"@type\":\"ImageObject\",\"inLanguage\":\"es\",\"@id\":\"https:\/\/elregionalvm.com.ar\/noticias-villa-maria\/quieren-construir-una-nueva-colectora-en-la-autopista-entre-calle-buenos-aires-y-ruta-2\/#primaryimage\",\"url\":\"https:\/\/i0.wp.com\/elregionalvm.com.ar\/noticias-villa-maria\/wp-content\/uploads\/2024\/10\/colectora-villa-maria-autopista.jpg?fit=1100%2C735&ssl=1\",\"contentUrl\":\"https:\/\/i0.wp.com\/elregionalvm.com.ar\/noticias-villa-maria\/wp-content\/uploads\/2024\/10\/colectora-villa-maria-autopista.jpg?fit=1100%2C735&ssl=1\",\"width\":1100,\"height\":735},{\"@type\":\"BreadcrumbList\",\"@id\":\"https:\/\/elregionalvm.com.ar\/noticias-villa-maria\/quieren-construir-una-nueva-colectora-en-la-autopista-entre-calle-buenos-aires-y-ruta-2\/#breadcrumb\",\"itemListElement\":[{\"@type\":\"ListItem\",\"position\":1,\"name\":\"Portada\",\"item\":\"https:\/\/elregionalvm.com.ar\/noticias-villa-maria\/\"},{\"@type\":\"ListItem\",\"position\":2,\"name\":\"Quieren construir una nueva colectora en la autopista, entre calle Buenos Aires y ruta 2\"}]},{\"@type\":\"WebSite\",\"@id\":\"http:\/\/elregionalvm.com.ar\/noticias-villa-maria\/#website\",\"url\":\"http:\/\/elregionalvm.com.ar\/noticias-villa-maria\/\",\"name\":\"El Regional\",\"description\":\"Mucho m\u00e1s que informaci\u00f3n\",\"potentialAction\":[{\"@type\":\"SearchAction\",\"target\":{\"@type\":\"EntryPoint\",\"urlTemplate\":\"http:\/\/elregionalvm.com.ar\/noticias-villa-maria\/?s={search_term_string}\"},\"query-input\":{\"@type\":\"PropertyValueSpecification\",\"valueRequired\":true,\"valueName\":\"search_term_string\"}}],\"inLanguage\":\"es\"},{\"@type\":\"Person\",\"@id\":\"http:\/\/elregionalvm.com.ar\/noticias-villa-maria\/#\/schema\/person\/a0fb9c422317faca23d50163151bc354\",\"name\":\"Contenidos El Regional\",\"image\":{\"@type\":\"ImageObject\",\"inLanguage\":\"es\",\"@id\":\"http:\/\/elregionalvm.com.ar\/noticias-villa-maria\/#\/schema\/person\/image\/\",\"url\":\"https:\/\/secure.gravatar.com\/avatar\/265b27cb2209af7bb3a1318f03305787d7981a5cc6e6cd08fe5a4ecdf99d4b48?s=96&d=mm&r=g\",\"contentUrl\":\"https:\/\/secure.gravatar.com\/avatar\/265b27cb2209af7bb3a1318f03305787d7981a5cc6e6cd08fe5a4ecdf99d4b48?s=96&d=mm&r=g\",\"caption\":\"Contenidos El Regional\"},\"url\":\"https:\/\/elregionalvm.com.ar\/noticias-villa-maria\/author\/contenido\/\"}]}<\/script>\n<!-- \/ Yoast SEO plugin. -->","yoast_head_json":{"title":"Quieren construir una nueva colectora en la autopista, entre calle Buenos Aires y ruta 2 - El Regional","robots":{"index":"index","follow":"follow","max-snippet":"max-snippet:-1","max-image-preview":"max-image-preview:large","max-video-preview":"max-video-preview:-1"},"canonical":"https:\/\/elregionalvm.com.ar\/noticias-villa-maria\/quieren-construir-una-nueva-colectora-en-la-autopista-entre-calle-buenos-aires-y-ruta-2\/","og_locale":"es_ES","og_type":"article","og_title":"Quieren construir una nueva colectora en la autopista, entre calle Buenos Aires y ruta 2 - El Regional","og_description":"Con el objetivo de planificar y aunar esfuerzos para la construcci\u00f3n de una nueva colectora en la Autopista n\u00famero 9, entre las calles Buenos Aires y Ruta 2, se desarroll\u00f3 una reuni\u00f3n entre el municipio, la Provincia y comerciantes de la ciudad. En el encuentro participaron el intendente Eduardo Accastello, el director general de Infraestructura [&hellip;]","og_url":"https:\/\/elregionalvm.com.ar\/noticias-villa-maria\/quieren-construir-una-nueva-colectora-en-la-autopista-entre-calle-buenos-aires-y-ruta-2\/","og_site_name":"El Regional","article_publisher":"https:\/\/www.facebook.com\/elregionalvm","article_published_time":"2024-10-14T00:41:08+00:00","article_modified_time":"2024-10-14T00:41:09+00:00","og_image":[{"width":1100,"height":735,"url":"https:\/\/elregionalvm.com.ar\/noticias-villa-maria\/wp-content\/uploads\/2024\/10\/colectora-villa-maria-autopista.jpg","type":"image\/jpeg"}],"author":"Contenidos El Regional","twitter_card":"summary_large_image","twitter_creator":"@elregionalvm1","twitter_site":"@elregionalvm1","twitter_misc":{"Escrito por":"Contenidos El Regional","Tiempo de lectura":"2 minutos"},"schema":{"@context":"https:\/\/schema.org","@graph":[{"@type":"Article","@id":"https:\/\/elregionalvm.com.ar\/noticias-villa-maria\/quieren-construir-una-nueva-colectora-en-la-autopista-entre-calle-buenos-aires-y-ruta-2\/#article","isPartOf":{"@id":"https:\/\/elregionalvm.com.ar\/noticias-villa-maria\/quieren-construir-una-nueva-colectora-en-la-autopista-entre-calle-buenos-aires-y-ruta-2\/"},"author":{"name":"Contenidos El Regional","@id":"http:\/\/elregionalvm.com.ar\/noticias-villa-maria\/#\/schema\/person\/a0fb9c422317faca23d50163151bc354"},"headline":"Quieren construir una nueva colectora en la autopista, entre calle Buenos Aires y ruta 2","datePublished":"2024-10-14T00:41:08+00:00","dateModified":"2024-10-14T00:41:09+00:00","mainEntityOfPage":{"@id":"https:\/\/elregionalvm.com.ar\/noticias-villa-maria\/quieren-construir-una-nueva-colectora-en-la-autopista-entre-calle-buenos-aires-y-ruta-2\/"},"wordCount":181,"commentCount":0,"image":{"@id":"https:\/\/elregionalvm.com.ar\/noticias-villa-maria\/quieren-construir-una-nueva-colectora-en-la-autopista-entre-calle-buenos-aires-y-ruta-2\/#primaryimage"},"thumbnailUrl":"https:\/\/i0.wp.com\/elregionalvm.com.ar\/noticias-villa-maria\/wp-content\/uploads\/2024\/10\/colectora-villa-maria-autopista.jpg?fit=1100%2C735&ssl=1","keywords":["autopista","colectora","Comerciantes","Eduardo Accastello","villa maria"],"articleSection":["destacado","Villa Mar\u00eda"],"inLanguage":"es","potentialAction":[{"@type":"CommentAction","name":"Comment","target":["https:\/\/elregionalvm.com.ar\/noticias-villa-maria\/quieren-construir-una-nueva-colectora-en-la-autopista-entre-calle-buenos-aires-y-ruta-2\/#respond"]}]},{"@type":"WebPage","@id":"https:\/\/elregionalvm.com.ar\/noticias-villa-maria\/quieren-construir-una-nueva-colectora-en-la-autopista-entre-calle-buenos-aires-y-ruta-2\/","url":"https:\/\/elregionalvm.com.ar\/noticias-villa-maria\/quieren-construir-una-nueva-colectora-en-la-autopista-entre-calle-buenos-aires-y-ruta-2\/","name":"Quieren construir una nueva colectora en la autopista, entre calle Buenos Aires y ruta 2 - El Regional","isPartOf":{"@id":"http:\/\/elregionalvm.com.ar\/noticias-villa-maria\/#website"},"primaryImageOfPage":{"@id":"https:\/\/elregionalvm.com.ar\/noticias-villa-maria\/quieren-construir-una-nueva-colectora-en-la-autopista-entre-calle-buenos-aires-y-ruta-2\/#primaryimage"},"image":{"@id":"https:\/\/elregionalvm.com.ar\/noticias-villa-maria\/quieren-construir-una-nueva-colectora-en-la-autopista-entre-calle-buenos-aires-y-ruta-2\/#primaryimage"},"thumbnailUrl":"https:\/\/i0.wp.com\/elregionalvm.com.ar\/noticias-villa-maria\/wp-content\/uploads\/2024\/10\/colectora-villa-maria-autopista.jpg?fit=1100%2C735&ssl=1","datePublished":"2024-10-14T00:41:08+00:00","dateModified":"2024-10-14T00:41:09+00:00","author":{"@id":"http:\/\/elregionalvm.com.ar\/noticias-villa-maria\/#\/schema\/person\/a0fb9c422317faca23d50163151bc354"},"breadcrumb":{"@id":"https:\/\/elregionalvm.com.ar\/noticias-villa-maria\/quieren-construir-una-nueva-colectora-en-la-autopista-entre-calle-buenos-aires-y-ruta-2\/#breadcrumb"},"inLanguage":"es","potentialAction":[{"@type":"ReadAction","target":["https:\/\/elregionalvm.com.ar\/noticias-villa-maria\/quieren-construir-una-nueva-colectora-en-la-autopista-entre-calle-buenos-aires-y-ruta-2\/"]}]},{"@type":"ImageObject","inLanguage":"es","@id":"https:\/\/elregionalvm.com.ar\/noticias-villa-maria\/quieren-construir-una-nueva-colectora-en-la-autopista-entre-calle-buenos-aires-y-ruta-2\/#primaryimage","url":"https:\/\/i0.wp.com\/elregionalvm.com.ar\/noticias-villa-maria\/wp-content\/uploads\/2024\/10\/colectora-villa-maria-autopista.jpg?fit=1100%2C735&ssl=1","contentUrl":"https:\/\/i0.wp.com\/elregionalvm.com.ar\/noticias-villa-maria\/wp-content\/uploads\/2024\/10\/colectora-villa-maria-autopista.jpg?fit=1100%2C735&ssl=1","width":1100,"height":735},{"@type":"BreadcrumbList","@id":"https:\/\/elregionalvm.com.ar\/noticias-villa-maria\/quieren-construir-una-nueva-colectora-en-la-autopista-entre-calle-buenos-aires-y-ruta-2\/#breadcrumb","itemListElement":[{"@type":"ListItem","position":1,"name":"Portada","item":"https:\/\/elregionalvm.com.ar\/noticias-villa-maria\/"},{"@type":"ListItem","position":2,"name":"Quieren construir una nueva colectora en la autopista, entre calle Buenos Aires y ruta 2"}]},{"@type":"WebSite","@id":"http:\/\/elregionalvm.com.ar\/noticias-villa-maria\/#website","url":"http:\/\/elregionalvm.com.ar\/noticias-villa-maria\/","name":"El Regional","description":"Mucho m\u00e1s que informaci\u00f3n","potentialAction":[{"@type":"SearchAction","target":{"@type":"EntryPoint","urlTemplate":"http:\/\/elregionalvm.com.ar\/noticias-villa-maria\/?s={search_term_string}"},"query-input":{"@type":"PropertyValueSpecification","valueRequired":true,"valueName":"search_term_string"}}],"inLanguage":"es"},{"@type":"Person","@id":"http:\/\/elregionalvm.com.ar\/noticias-villa-maria\/#\/schema\/person\/a0fb9c422317faca23d50163151bc354","name":"Contenidos El Regional","image":{"@type":"ImageObject","inLanguage":"es","@id":"http:\/\/elregionalvm.com.ar\/noticias-villa-maria\/#\/schema\/person\/image\/","url":"https:\/\/secure.gravatar.com\/avatar\/265b27cb2209af7bb3a1318f03305787d7981a5cc6e6cd08fe5a4ecdf99d4b48?s=96&d=mm&r=g","contentUrl":"https:\/\/secure.gravatar.com\/avatar\/265b27cb2209af7bb3a1318f03305787d7981a5cc6e6cd08fe5a4ecdf99d4b48?s=96&d=mm&r=g","caption":"Contenidos El Regional"},"url":"https:\/\/elregionalvm.com.ar\/noticias-villa-maria\/author\/contenido\/"}]}},"jetpack_featured_media_url":"https:\/\/i0.wp.com\/elregionalvm.com.ar\/noticias-villa-maria\/wp-content\/uploads\/2024\/10\/colectora-villa-maria-autopista.jpg?fit=1100%2C735&ssl=1","jetpack_sharing_enabled":true,"_links":{"self":[{"href":"https:\/\/elregionalvm.com.ar\/noticias-villa-maria\/wp-json\/wp\/v2\/posts\/99594","targetHints":{"allow":["GET"]}}],"collection":[{"href":"https:\/\/elregionalvm.com.ar\/noticias-villa-maria\/wp-json\/wp\/v2\/posts"}],"about":[{"href":"https:\/\/elregionalvm.com.ar\/noticias-villa-maria\/wp-json\/wp\/v2\/types\/post"}],"author":[{"embeddable":true,"href":"https:\/\/elregionalvm.com.ar\/noticias-villa-maria\/wp-json\/wp\/v2\/users\/4"}],"replies":[{"embeddable":true,"href":"https:\/\/elregionalvm.com.ar\/noticias-villa-maria\/wp-json\/wp\/v2\/comments?post=99594"}],"version-history":[{"count":1,"href":"https:\/\/elregionalvm.com.ar\/noticias-villa-maria\/wp-json\/wp\/v2\/posts\/99594\/revisions"}],"predecessor-version":[{"id":99597,"href":"https:\/\/elregionalvm.com.ar\/noticias-villa-maria\/wp-json\/wp\/v2\/posts\/99594\/revisions\/99597"}],"wp:featuredmedia":[{"embeddable":true,"href":"https:\/\/elregionalvm.com.ar\/noticias-villa-maria\/wp-json\/wp\/v2\/media\/99596"}],"wp:attachment":[{"href":"https:\/\/elregionalvm.com.ar\/noticias-villa-maria\/wp-json\/wp\/v2\/media?parent=99594"}],"wp:term":[{"taxonomy":"category","embeddable":true,"href":"https:\/\/elregionalvm.com.ar\/noticias-villa-maria\/wp-json\/wp\/v2\/categories?post=99594"},{"taxonomy":"post_tag","embeddable":true,"href":"https:\/\/elregionalvm.com.ar\/noticias-villa-maria\/wp-json\/wp\/v2\/tags?post=99594"}],"curies":[{"name":"wp","href":"https:\/\/api.w.org\/{rel}","templated":true}]}}