{"id":99602,"date":"2024-10-14T01:07:59","date_gmt":"2024-10-14T01:07:59","guid":{"rendered":"https:\/\/elregionalvm.com.ar\/noticias-villa-maria\/?p=99602"},"modified":"2024-10-14T01:08:03","modified_gmt":"2024-10-14T01:08:03","slug":"cordoba-reitero-su-reclamo-para-bajar-las-retenciones-y-pide-elevar-el-corte-de-los-biocombustibles","status":"publish","type":"post","link":"https:\/\/elregionalvm.com.ar\/noticias-villa-maria\/cordoba-reitero-su-reclamo-para-bajar-las-retenciones-y-pide-elevar-el-corte-de-los-biocombustibles\/","title":{"rendered":"C\u00f3rdoba reiter\u00f3 su reclamo para bajar las retenciones y pide elevar el corte de los biocombustibles"},"content":{"rendered":"\n<h3 class=\"wp-block-heading\"><strong>En la apertura de la nueva casa SEMTRACO-Casa IH, en Monte Ma\u00edz, la m\u00e1s grande de Latinoam\u00e9rica, los ministros Dellarossa y Busso destacaron la necesidad de reducir las retenciones a la exportaci\u00f3n y promover el corte de biocombustibles para fortalecer la producci\u00f3n local.<\/strong><\/h3>\n\n\n\n<p><\/p>\n\n\n\n<p>El Gobierno de la Provincia de C\u00f3rdoba acompa\u00f1\u00f3 la apertura oficial de la nueva Casa Central de SEMTRACO-Case IH en la localidad de Monte Ma\u00edz, convirti\u00e9ndose en la concesionaria m\u00e1s grande de Latinoam\u00e9rica en el sector agroindustrial.<\/p>\n\n\n\n<p>El ministro de Producci\u00f3n, Pedro Dellarossa, y su par de Bioagroindustria, Sergio Busso, encabezaron la comitiva del Gobierno de C\u00f3rdoba.<\/p>\n\n\n\n<p>En sus intervenciones, ambos funcionarios destacaron la importancia de esta nueva inversi\u00f3n para fortalecer el desarrollo econ\u00f3mico y productivo de la regi\u00f3n.<\/p>\n\n\n\n<p>En su discurso, Dellarossa subray\u00f3 el compromiso del gobierno provincial de continuar promoviendo medidas que beneficien a los productores locales, destacando especialmente la necesidad de reducir las retenciones a la exportaci\u00f3n y de impulsar el valor agregado en los productos agroindustriales.<\/p>\n\n\n\n<p>\u201cNuestro objetivo es seguir trabajando para reducir las retenciones a la exportaci\u00f3n y promover el agregado de valor a productos como granos, harinas y aceites, consolidando el rol de C\u00f3rdoba como l\u00edder agroindustrial\u201d, afirm\u00f3 el ministro.<\/p>\n\n\n\n<p>Por su parte, Sergio Busso afirm\u00f3: \u201cCuando levantamos la voz para pedir que se quiten las retenciones, lo hacemos por nuestros productores, por nuestra C\u00f3rdoba productiva. No hay que naturalizarlas, y hay que seguir exigiendo, aunque a algunos les moleste. A principio de a\u00f1o aparecieron nuevas retenciones y penalidades a la producci\u00f3n y a las econom\u00edas regionales. Tuvimos que pelear, y vali\u00f3 la pena hacerlo\u201d.<\/p>\n\n\n\n<p>En el marco de la pol\u00edtica provincial para fomentar la producci\u00f3n sustentable, los ministros Dellarossa y Busso mencionaron el enfoque estrat\u00e9gico del gobernador Mart\u00edn Llaryora para incrementar progresivamente el corte de biocombustibles, una medida clave para impulsar la producci\u00f3n local y promover el desarrollo sustentable.<\/p>\n\n\n\n<p>\u201cEstamos comprometidos con pol\u00edticas que no solo potencien el crecimiento econ\u00f3mico, sino que tambi\u00e9n cuiden nuestro ambiente y promuevan la sostenibilidad. El aumento del corte de biocombustibles permitir\u00e1 aprovechar los recursos locales y seguir construyendo una C\u00f3rdoba m\u00e1s verde y competitiva\u201d, asegur\u00f3 Dellarossa.<\/p>\n","protected":false},"excerpt":{"rendered":"<p>En la apertura de la nueva casa SEMTRACO-Casa IH, en Monte Ma\u00edz, la m\u00e1s grande de Latinoam\u00e9rica, los ministros Dellarossa y Busso destacaron la necesidad de reducir las retenciones a la exportaci\u00f3n y promover el corte de biocombustibles para fortalecer la producci\u00f3n local. El Gobierno de la Provincia de C\u00f3rdoba acompa\u00f1\u00f3 la apertura oficial de [&hellip;]<\/p>\n","protected":false},"author":4,"featured_media":99603,"comment_status":"open","ping_status":"open","sticky":false,"template":"","format":"standard","meta":{"site-sidebar-layout":"default","site-content-layout":"","ast-site-content-layout":"default","site-content-style":"default","site-sidebar-style":"default","ast-global-header-display":"","ast-banner-title-visibility":"","ast-main-header-display":"","ast-hfb-above-header-display":"","ast-hfb-below-header-display":"","ast-hfb-mobile-header-display":"","site-post-title":"","ast-breadcrumbs-content":"","ast-featured-img":"","footer-sml-layout":"","ast-disable-related-posts":"","theme-transparent-header-meta":"","adv-header-id-meta":"","stick-header-meta":"","header-above-stick-meta":"","header-main-stick-meta":"","header-below-stick-meta":"","astra-migrate-meta-layouts":"set","ast-page-background-enabled":"default","ast-page-background-meta":{"desktop":{"background-color":"","background-image":"","background-repeat":"repeat","background-position":"center center","background-size":"auto","background-attachment":"scroll","background-type":"","background-media":"","overlay-type":"","overlay-color":"","overlay-opacity":"","overlay-gradient":""},"tablet":{"background-color":"","background-image":"","background-repeat":"repeat","background-position":"center center","background-size":"auto","background-attachment":"scroll","background-type":"","background-media":"","overlay-type":"","overlay-color":"","overlay-opacity":"","overlay-gradient":""},"mobile":{"background-color":"","background-image":"","background-repeat":"repeat","background-position":"center center","background-size":"auto","background-attachment":"scroll","background-type":"","background-media":"","overlay-type":"","overlay-color":"","overlay-opacity":"","overlay-gradient":""}},"ast-content-background-meta":{"desktop":{"background-color":"var(--ast-global-color-5)","background-image":"","background-repeat":"repeat","background-position":"center center","background-size":"auto","background-attachment":"scroll","background-type":"","background-media":"","overlay-type":"","overlay-color":"","overlay-opacity":"","overlay-gradient":""},"tablet":{"background-color":"var(--ast-global-color-5)","background-image":"","background-repeat":"repeat","background-position":"center center","background-size":"auto","background-attachment":"scroll","background-type":"","background-media":"","overlay-type":"","overlay-color":"","overlay-opacity":"","overlay-gradient":""},"mobile":{"background-color":"var(--ast-global-color-5)","background-image":"","background-repeat":"repeat","background-position":"center center","background-size":"auto","background-attachment":"scroll","background-type":"","background-media":"","overlay-type":"","overlay-color":"","overlay-opacity":"","overlay-gradient":""}},"_jetpack_memberships_contains_paid_content":false,"_joinchat":[],"footnotes":""},"categories":[15302,16095],"tags":[7912,322,24435,5223,3109,4512,13774],"class_list":["post-99602","post","type-post","status-publish","format-standard","has-post-thumbnail","hentry","category-destacado","category-provinciales","tag-biocombustibles","tag-cordoba","tag-corte","tag-monte-maiz","tag-pedro-dellarossa","tag-retenciones","tag-sergio-busso"],"yoast_head":"<!-- This site is optimized with the Yoast SEO plugin v26.8 - https:\/\/yoast.com\/product\/yoast-seo-wordpress\/ -->\n<title>C\u00f3rdoba reiter\u00f3 su reclamo para bajar las retenciones y pide elevar el corte de los biocombustibles - El Regional<\/title>\n<meta name=\"robots\" content=\"index, follow, max-snippet:-1, max-image-preview:large, max-video-preview:-1\" \/>\n<link rel=\"canonical\" href=\"https:\/\/elregionalvm.com.ar\/noticias-villa-maria\/cordoba-reitero-su-reclamo-para-bajar-las-retenciones-y-pide-elevar-el-corte-de-los-biocombustibles\/\" \/>\n<meta property=\"og:locale\" content=\"es_ES\" \/>\n<meta property=\"og:type\" content=\"article\" \/>\n<meta property=\"og:title\" content=\"C\u00f3rdoba reiter\u00f3 su reclamo para bajar las retenciones y pide elevar el corte de los biocombustibles - El Regional\" \/>\n<meta property=\"og:description\" content=\"En la apertura de la nueva casa SEMTRACO-Casa IH, en Monte Ma\u00edz, la m\u00e1s grande de Latinoam\u00e9rica, los ministros Dellarossa y Busso destacaron la necesidad de reducir las retenciones a la exportaci\u00f3n y promover el corte de biocombustibles para fortalecer la producci\u00f3n local. El Gobierno de la Provincia de C\u00f3rdoba acompa\u00f1\u00f3 la apertura oficial de [&hellip;]\" \/>\n<meta property=\"og:url\" content=\"https:\/\/elregionalvm.com.ar\/noticias-villa-maria\/cordoba-reitero-su-reclamo-para-bajar-las-retenciones-y-pide-elevar-el-corte-de-los-biocombustibles\/\" \/>\n<meta property=\"og:site_name\" content=\"El Regional\" \/>\n<meta property=\"article:publisher\" content=\"https:\/\/www.facebook.com\/elregionalvm\" \/>\n<meta property=\"article:published_time\" content=\"2024-10-14T01:07:59+00:00\" \/>\n<meta property=\"article:modified_time\" content=\"2024-10-14T01:08:03+00:00\" \/>\n<meta property=\"og:image\" content=\"https:\/\/elregionalvm.com.ar\/noticias-villa-maria\/wp-content\/uploads\/2024\/10\/Busso-Dellarossa-en-Monte-Maiz.jpeg\" \/>\n\t<meta property=\"og:image:width\" content=\"990\" \/>\n\t<meta property=\"og:image:height\" content=\"663\" \/>\n\t<meta property=\"og:image:type\" content=\"image\/jpeg\" \/>\n<meta name=\"author\" content=\"Contenidos El Regional\" \/>\n<meta name=\"twitter:card\" content=\"summary_large_image\" \/>\n<meta name=\"twitter:creator\" content=\"@elregionalvm1\" \/>\n<meta name=\"twitter:site\" content=\"@elregionalvm1\" \/>\n<meta name=\"twitter:label1\" content=\"Escrito por\" \/>\n\t<meta name=\"twitter:data1\" content=\"Contenidos El Regional\" \/>\n\t<meta name=\"twitter:label2\" content=\"Tiempo de lectura\" \/>\n\t<meta name=\"twitter:data2\" content=\"2 minutos\" \/>\n<script type=\"application\/ld+json\" class=\"yoast-schema-graph\">{\"@context\":\"https:\/\/schema.org\",\"@graph\":[{\"@type\":\"Article\",\"@id\":\"https:\/\/elregionalvm.com.ar\/noticias-villa-maria\/cordoba-reitero-su-reclamo-para-bajar-las-retenciones-y-pide-elevar-el-corte-de-los-biocombustibles\/#article\",\"isPartOf\":{\"@id\":\"https:\/\/elregionalvm.com.ar\/noticias-villa-maria\/cordoba-reitero-su-reclamo-para-bajar-las-retenciones-y-pide-elevar-el-corte-de-los-biocombustibles\/\"},\"author\":{\"name\":\"Contenidos El Regional\",\"@id\":\"http:\/\/elregionalvm.com.ar\/noticias-villa-maria\/#\/schema\/person\/a0fb9c422317faca23d50163151bc354\"},\"headline\":\"C\u00f3rdoba reiter\u00f3 su reclamo para bajar las retenciones y pide elevar el corte de los biocombustibles\",\"datePublished\":\"2024-10-14T01:07:59+00:00\",\"dateModified\":\"2024-10-14T01:08:03+00:00\",\"mainEntityOfPage\":{\"@id\":\"https:\/\/elregionalvm.com.ar\/noticias-villa-maria\/cordoba-reitero-su-reclamo-para-bajar-las-retenciones-y-pide-elevar-el-corte-de-los-biocombustibles\/\"},\"wordCount\":402,\"commentCount\":0,\"image\":{\"@id\":\"https:\/\/elregionalvm.com.ar\/noticias-villa-maria\/cordoba-reitero-su-reclamo-para-bajar-las-retenciones-y-pide-elevar-el-corte-de-los-biocombustibles\/#primaryimage\"},\"thumbnailUrl\":\"https:\/\/i0.wp.com\/elregionalvm.com.ar\/noticias-villa-maria\/wp-content\/uploads\/2024\/10\/Busso-Dellarossa-en-Monte-Maiz.jpeg?fit=990%2C663&ssl=1\",\"keywords\":[\"Biocombustibles\",\"c\u00f3rdoba\",\"corte\",\"Monte Ma\u00edz\",\"Pedro Dellarossa\",\"Retenciones\",\"Sergio Busso\"],\"articleSection\":[\"destacado\",\"Provinciales\"],\"inLanguage\":\"es\",\"potentialAction\":[{\"@type\":\"CommentAction\",\"name\":\"Comment\",\"target\":[\"https:\/\/elregionalvm.com.ar\/noticias-villa-maria\/cordoba-reitero-su-reclamo-para-bajar-las-retenciones-y-pide-elevar-el-corte-de-los-biocombustibles\/#respond\"]}]},{\"@type\":\"WebPage\",\"@id\":\"https:\/\/elregionalvm.com.ar\/noticias-villa-maria\/cordoba-reitero-su-reclamo-para-bajar-las-retenciones-y-pide-elevar-el-corte-de-los-biocombustibles\/\",\"url\":\"https:\/\/elregionalvm.com.ar\/noticias-villa-maria\/cordoba-reitero-su-reclamo-para-bajar-las-retenciones-y-pide-elevar-el-corte-de-los-biocombustibles\/\",\"name\":\"C\u00f3rdoba reiter\u00f3 su reclamo para bajar las retenciones y pide elevar el corte de los biocombustibles - El Regional\",\"isPartOf\":{\"@id\":\"http:\/\/elregionalvm.com.ar\/noticias-villa-maria\/#website\"},\"primaryImageOfPage\":{\"@id\":\"https:\/\/elregionalvm.com.ar\/noticias-villa-maria\/cordoba-reitero-su-reclamo-para-bajar-las-retenciones-y-pide-elevar-el-corte-de-los-biocombustibles\/#primaryimage\"},\"image\":{\"@id\":\"https:\/\/elregionalvm.com.ar\/noticias-villa-maria\/cordoba-reitero-su-reclamo-para-bajar-las-retenciones-y-pide-elevar-el-corte-de-los-biocombustibles\/#primaryimage\"},\"thumbnailUrl\":\"https:\/\/i0.wp.com\/elregionalvm.com.ar\/noticias-villa-maria\/wp-content\/uploads\/2024\/10\/Busso-Dellarossa-en-Monte-Maiz.jpeg?fit=990%2C663&ssl=1\",\"datePublished\":\"2024-10-14T01:07:59+00:00\",\"dateModified\":\"2024-10-14T01:08:03+00:00\",\"author\":{\"@id\":\"http:\/\/elregionalvm.com.ar\/noticias-villa-maria\/#\/schema\/person\/a0fb9c422317faca23d50163151bc354\"},\"breadcrumb\":{\"@id\":\"https:\/\/elregionalvm.com.ar\/noticias-villa-maria\/cordoba-reitero-su-reclamo-para-bajar-las-retenciones-y-pide-elevar-el-corte-de-los-biocombustibles\/#breadcrumb\"},\"inLanguage\":\"es\",\"potentialAction\":[{\"@type\":\"ReadAction\",\"target\":[\"https:\/\/elregionalvm.com.ar\/noticias-villa-maria\/cordoba-reitero-su-reclamo-para-bajar-las-retenciones-y-pide-elevar-el-corte-de-los-biocombustibles\/\"]}]},{\"@type\":\"ImageObject\",\"inLanguage\":\"es\",\"@id\":\"https:\/\/elregionalvm.com.ar\/noticias-villa-maria\/cordoba-reitero-su-reclamo-para-bajar-las-retenciones-y-pide-elevar-el-corte-de-los-biocombustibles\/#primaryimage\",\"url\":\"https:\/\/i0.wp.com\/elregionalvm.com.ar\/noticias-villa-maria\/wp-content\/uploads\/2024\/10\/Busso-Dellarossa-en-Monte-Maiz.jpeg?fit=990%2C663&ssl=1\",\"contentUrl\":\"https:\/\/i0.wp.com\/elregionalvm.com.ar\/noticias-villa-maria\/wp-content\/uploads\/2024\/10\/Busso-Dellarossa-en-Monte-Maiz.jpeg?fit=990%2C663&ssl=1\",\"width\":990,\"height\":663},{\"@type\":\"BreadcrumbList\",\"@id\":\"https:\/\/elregionalvm.com.ar\/noticias-villa-maria\/cordoba-reitero-su-reclamo-para-bajar-las-retenciones-y-pide-elevar-el-corte-de-los-biocombustibles\/#breadcrumb\",\"itemListElement\":[{\"@type\":\"ListItem\",\"position\":1,\"name\":\"Portada\",\"item\":\"https:\/\/elregionalvm.com.ar\/noticias-villa-maria\/\"},{\"@type\":\"ListItem\",\"position\":2,\"name\":\"C\u00f3rdoba reiter\u00f3 su reclamo para bajar las retenciones y pide elevar el corte de los biocombustibles\"}]},{\"@type\":\"WebSite\",\"@id\":\"http:\/\/elregionalvm.com.ar\/noticias-villa-maria\/#website\",\"url\":\"http:\/\/elregionalvm.com.ar\/noticias-villa-maria\/\",\"name\":\"El Regional\",\"description\":\"Mucho m\u00e1s que informaci\u00f3n\",\"potentialAction\":[{\"@type\":\"SearchAction\",\"target\":{\"@type\":\"EntryPoint\",\"urlTemplate\":\"http:\/\/elregionalvm.com.ar\/noticias-villa-maria\/?s={search_term_string}\"},\"query-input\":{\"@type\":\"PropertyValueSpecification\",\"valueRequired\":true,\"valueName\":\"search_term_string\"}}],\"inLanguage\":\"es\"},{\"@type\":\"Person\",\"@id\":\"http:\/\/elregionalvm.com.ar\/noticias-villa-maria\/#\/schema\/person\/a0fb9c422317faca23d50163151bc354\",\"name\":\"Contenidos El Regional\",\"image\":{\"@type\":\"ImageObject\",\"inLanguage\":\"es\",\"@id\":\"http:\/\/elregionalvm.com.ar\/noticias-villa-maria\/#\/schema\/person\/image\/\",\"url\":\"https:\/\/secure.gravatar.com\/avatar\/265b27cb2209af7bb3a1318f03305787d7981a5cc6e6cd08fe5a4ecdf99d4b48?s=96&d=mm&r=g\",\"contentUrl\":\"https:\/\/secure.gravatar.com\/avatar\/265b27cb2209af7bb3a1318f03305787d7981a5cc6e6cd08fe5a4ecdf99d4b48?s=96&d=mm&r=g\",\"caption\":\"Contenidos El Regional\"},\"url\":\"https:\/\/elregionalvm.com.ar\/noticias-villa-maria\/author\/contenido\/\"}]}<\/script>\n<!-- \/ Yoast SEO plugin. -->","yoast_head_json":{"title":"C\u00f3rdoba reiter\u00f3 su reclamo para bajar las retenciones y pide elevar el corte de los biocombustibles - El Regional","robots":{"index":"index","follow":"follow","max-snippet":"max-snippet:-1","max-image-preview":"max-image-preview:large","max-video-preview":"max-video-preview:-1"},"canonical":"https:\/\/elregionalvm.com.ar\/noticias-villa-maria\/cordoba-reitero-su-reclamo-para-bajar-las-retenciones-y-pide-elevar-el-corte-de-los-biocombustibles\/","og_locale":"es_ES","og_type":"article","og_title":"C\u00f3rdoba reiter\u00f3 su reclamo para bajar las retenciones y pide elevar el corte de los biocombustibles - El Regional","og_description":"En la apertura de la nueva casa SEMTRACO-Casa IH, en Monte Ma\u00edz, la m\u00e1s grande de Latinoam\u00e9rica, los ministros Dellarossa y Busso destacaron la necesidad de reducir las retenciones a la exportaci\u00f3n y promover el corte de biocombustibles para fortalecer la producci\u00f3n local. El Gobierno de la Provincia de C\u00f3rdoba acompa\u00f1\u00f3 la apertura oficial de [&hellip;]","og_url":"https:\/\/elregionalvm.com.ar\/noticias-villa-maria\/cordoba-reitero-su-reclamo-para-bajar-las-retenciones-y-pide-elevar-el-corte-de-los-biocombustibles\/","og_site_name":"El Regional","article_publisher":"https:\/\/www.facebook.com\/elregionalvm","article_published_time":"2024-10-14T01:07:59+00:00","article_modified_time":"2024-10-14T01:08:03+00:00","og_image":[{"width":990,"height":663,"url":"https:\/\/elregionalvm.com.ar\/noticias-villa-maria\/wp-content\/uploads\/2024\/10\/Busso-Dellarossa-en-Monte-Maiz.jpeg","type":"image\/jpeg"}],"author":"Contenidos El Regional","twitter_card":"summary_large_image","twitter_creator":"@elregionalvm1","twitter_site":"@elregionalvm1","twitter_misc":{"Escrito por":"Contenidos El Regional","Tiempo de lectura":"2 minutos"},"schema":{"@context":"https:\/\/schema.org","@graph":[{"@type":"Article","@id":"https:\/\/elregionalvm.com.ar\/noticias-villa-maria\/cordoba-reitero-su-reclamo-para-bajar-las-retenciones-y-pide-elevar-el-corte-de-los-biocombustibles\/#article","isPartOf":{"@id":"https:\/\/elregionalvm.com.ar\/noticias-villa-maria\/cordoba-reitero-su-reclamo-para-bajar-las-retenciones-y-pide-elevar-el-corte-de-los-biocombustibles\/"},"author":{"name":"Contenidos El Regional","@id":"http:\/\/elregionalvm.com.ar\/noticias-villa-maria\/#\/schema\/person\/a0fb9c422317faca23d50163151bc354"},"headline":"C\u00f3rdoba reiter\u00f3 su reclamo para bajar las retenciones y pide elevar el corte de los biocombustibles","datePublished":"2024-10-14T01:07:59+00:00","dateModified":"2024-10-14T01:08:03+00:00","mainEntityOfPage":{"@id":"https:\/\/elregionalvm.com.ar\/noticias-villa-maria\/cordoba-reitero-su-reclamo-para-bajar-las-retenciones-y-pide-elevar-el-corte-de-los-biocombustibles\/"},"wordCount":402,"commentCount":0,"image":{"@id":"https:\/\/elregionalvm.com.ar\/noticias-villa-maria\/cordoba-reitero-su-reclamo-para-bajar-las-retenciones-y-pide-elevar-el-corte-de-los-biocombustibles\/#primaryimage"},"thumbnailUrl":"https:\/\/i0.wp.com\/elregionalvm.com.ar\/noticias-villa-maria\/wp-content\/uploads\/2024\/10\/Busso-Dellarossa-en-Monte-Maiz.jpeg?fit=990%2C663&ssl=1","keywords":["Biocombustibles","c\u00f3rdoba","corte","Monte Ma\u00edz","Pedro Dellarossa","Retenciones","Sergio Busso"],"articleSection":["destacado","Provinciales"],"inLanguage":"es","potentialAction":[{"@type":"CommentAction","name":"Comment","target":["https:\/\/elregionalvm.com.ar\/noticias-villa-maria\/cordoba-reitero-su-reclamo-para-bajar-las-retenciones-y-pide-elevar-el-corte-de-los-biocombustibles\/#respond"]}]},{"@type":"WebPage","@id":"https:\/\/elregionalvm.com.ar\/noticias-villa-maria\/cordoba-reitero-su-reclamo-para-bajar-las-retenciones-y-pide-elevar-el-corte-de-los-biocombustibles\/","url":"https:\/\/elregionalvm.com.ar\/noticias-villa-maria\/cordoba-reitero-su-reclamo-para-bajar-las-retenciones-y-pide-elevar-el-corte-de-los-biocombustibles\/","name":"C\u00f3rdoba reiter\u00f3 su reclamo para bajar las retenciones y pide elevar el corte de los biocombustibles - El Regional","isPartOf":{"@id":"http:\/\/elregionalvm.com.ar\/noticias-villa-maria\/#website"},"primaryImageOfPage":{"@id":"https:\/\/elregionalvm.com.ar\/noticias-villa-maria\/cordoba-reitero-su-reclamo-para-bajar-las-retenciones-y-pide-elevar-el-corte-de-los-biocombustibles\/#primaryimage"},"image":{"@id":"https:\/\/elregionalvm.com.ar\/noticias-villa-maria\/cordoba-reitero-su-reclamo-para-bajar-las-retenciones-y-pide-elevar-el-corte-de-los-biocombustibles\/#primaryimage"},"thumbnailUrl":"https:\/\/i0.wp.com\/elregionalvm.com.ar\/noticias-villa-maria\/wp-content\/uploads\/2024\/10\/Busso-Dellarossa-en-Monte-Maiz.jpeg?fit=990%2C663&ssl=1","datePublished":"2024-10-14T01:07:59+00:00","dateModified":"2024-10-14T01:08:03+00:00","author":{"@id":"http:\/\/elregionalvm.com.ar\/noticias-villa-maria\/#\/schema\/person\/a0fb9c422317faca23d50163151bc354"},"breadcrumb":{"@id":"https:\/\/elregionalvm.com.ar\/noticias-villa-maria\/cordoba-reitero-su-reclamo-para-bajar-las-retenciones-y-pide-elevar-el-corte-de-los-biocombustibles\/#breadcrumb"},"inLanguage":"es","potentialAction":[{"@type":"ReadAction","target":["https:\/\/elregionalvm.com.ar\/noticias-villa-maria\/cordoba-reitero-su-reclamo-para-bajar-las-retenciones-y-pide-elevar-el-corte-de-los-biocombustibles\/"]}]},{"@type":"ImageObject","inLanguage":"es","@id":"https:\/\/elregionalvm.com.ar\/noticias-villa-maria\/cordoba-reitero-su-reclamo-para-bajar-las-retenciones-y-pide-elevar-el-corte-de-los-biocombustibles\/#primaryimage","url":"https:\/\/i0.wp.com\/elregionalvm.com.ar\/noticias-villa-maria\/wp-content\/uploads\/2024\/10\/Busso-Dellarossa-en-Monte-Maiz.jpeg?fit=990%2C663&ssl=1","contentUrl":"https:\/\/i0.wp.com\/elregionalvm.com.ar\/noticias-villa-maria\/wp-content\/uploads\/2024\/10\/Busso-Dellarossa-en-Monte-Maiz.jpeg?fit=990%2C663&ssl=1","width":990,"height":663},{"@type":"BreadcrumbList","@id":"https:\/\/elregionalvm.com.ar\/noticias-villa-maria\/cordoba-reitero-su-reclamo-para-bajar-las-retenciones-y-pide-elevar-el-corte-de-los-biocombustibles\/#breadcrumb","itemListElement":[{"@type":"ListItem","position":1,"name":"Portada","item":"https:\/\/elregionalvm.com.ar\/noticias-villa-maria\/"},{"@type":"ListItem","position":2,"name":"C\u00f3rdoba reiter\u00f3 su reclamo para bajar las retenciones y pide elevar el corte de los biocombustibles"}]},{"@type":"WebSite","@id":"http:\/\/elregionalvm.com.ar\/noticias-villa-maria\/#website","url":"http:\/\/elregionalvm.com.ar\/noticias-villa-maria\/","name":"El Regional","description":"Mucho m\u00e1s que informaci\u00f3n","potentialAction":[{"@type":"SearchAction","target":{"@type":"EntryPoint","urlTemplate":"http:\/\/elregionalvm.com.ar\/noticias-villa-maria\/?s={search_term_string}"},"query-input":{"@type":"PropertyValueSpecification","valueRequired":true,"valueName":"search_term_string"}}],"inLanguage":"es"},{"@type":"Person","@id":"http:\/\/elregionalvm.com.ar\/noticias-villa-maria\/#\/schema\/person\/a0fb9c422317faca23d50163151bc354","name":"Contenidos El Regional","image":{"@type":"ImageObject","inLanguage":"es","@id":"http:\/\/elregionalvm.com.ar\/noticias-villa-maria\/#\/schema\/person\/image\/","url":"https:\/\/secure.gravatar.com\/avatar\/265b27cb2209af7bb3a1318f03305787d7981a5cc6e6cd08fe5a4ecdf99d4b48?s=96&d=mm&r=g","contentUrl":"https:\/\/secure.gravatar.com\/avatar\/265b27cb2209af7bb3a1318f03305787d7981a5cc6e6cd08fe5a4ecdf99d4b48?s=96&d=mm&r=g","caption":"Contenidos El Regional"},"url":"https:\/\/elregionalvm.com.ar\/noticias-villa-maria\/author\/contenido\/"}]}},"jetpack_featured_media_url":"https:\/\/i0.wp.com\/elregionalvm.com.ar\/noticias-villa-maria\/wp-content\/uploads\/2024\/10\/Busso-Dellarossa-en-Monte-Maiz.jpeg?fit=990%2C663&ssl=1","jetpack_sharing_enabled":true,"_links":{"self":[{"href":"https:\/\/elregionalvm.com.ar\/noticias-villa-maria\/wp-json\/wp\/v2\/posts\/99602","targetHints":{"allow":["GET"]}}],"collection":[{"href":"https:\/\/elregionalvm.com.ar\/noticias-villa-maria\/wp-json\/wp\/v2\/posts"}],"about":[{"href":"https:\/\/elregionalvm.com.ar\/noticias-villa-maria\/wp-json\/wp\/v2\/types\/post"}],"author":[{"embeddable":true,"href":"https:\/\/elregionalvm.com.ar\/noticias-villa-maria\/wp-json\/wp\/v2\/users\/4"}],"replies":[{"embeddable":true,"href":"https:\/\/elregionalvm.com.ar\/noticias-villa-maria\/wp-json\/wp\/v2\/comments?post=99602"}],"version-history":[{"count":1,"href":"https:\/\/elregionalvm.com.ar\/noticias-villa-maria\/wp-json\/wp\/v2\/posts\/99602\/revisions"}],"predecessor-version":[{"id":99604,"href":"https:\/\/elregionalvm.com.ar\/noticias-villa-maria\/wp-json\/wp\/v2\/posts\/99602\/revisions\/99604"}],"wp:featuredmedia":[{"embeddable":true,"href":"https:\/\/elregionalvm.com.ar\/noticias-villa-maria\/wp-json\/wp\/v2\/media\/99603"}],"wp:attachment":[{"href":"https:\/\/elregionalvm.com.ar\/noticias-villa-maria\/wp-json\/wp\/v2\/media?parent=99602"}],"wp:term":[{"taxonomy":"category","embeddable":true,"href":"https:\/\/elregionalvm.com.ar\/noticias-villa-maria\/wp-json\/wp\/v2\/categories?post=99602"},{"taxonomy":"post_tag","embeddable":true,"href":"https:\/\/elregionalvm.com.ar\/noticias-villa-maria\/wp-json\/wp\/v2\/tags?post=99602"}],"curies":[{"name":"wp","href":"https:\/\/api.w.org\/{rel}","templated":true}]}}