{"id":99607,"date":"2024-10-14T01:32:11","date_gmt":"2024-10-14T01:32:11","guid":{"rendered":"https:\/\/elregionalvm.com.ar\/noticias-villa-maria\/?p=99607"},"modified":"2024-10-15T03:01:44","modified_gmt":"2024-10-15T03:01:44","slug":"accastello-de-luna-de-miel-el-intendente-estara-ausente-hasta-el-miercoles-23","status":"publish","type":"post","link":"https:\/\/elregionalvm.com.ar\/noticias-villa-maria\/accastello-de-luna-de-miel-el-intendente-estara-ausente-hasta-el-miercoles-23\/","title":{"rendered":"\u00bfAccastello de luna de miel? El intendente estar\u00e1 ausente hasta el mi\u00e9rcoles 23"},"content":{"rendered":"\n<p>Desde este lunes 14 de octubre el intendente Eduardo Accastello estar\u00e1 ausente de su funci\u00f3n habitual en el municipio.<\/p>\n\n\n\n<p>\u201cLa Municipalidad de Villa Mar\u00eda informa que el intendente Eduardo Accastello tomar\u00e1 un receso de sus actividades desde ma\u00f1ana, lunes, hasta el pr\u00f3ximo mi\u00e9rcoles 23 del corriente\u201d, indic\u00f3 el gobierno local este domingo en un escueto comunicado.<\/p>\n\n\n\n<p>En su ausencia, su lugar no ser\u00e1 cubierto por ning\u00fan otro funcionario. La actividad de la gesti\u00f3n de gobierno estar\u00e1 a cargo de los secretarios y el resto de las autoridades, informaron a este medio fuentes del municipio.<\/p>\n\n\n\n<p>Como Accastello se toma menos d\u00edas h\u00e1biles que lo indicado por la Carta Org\u00e1nica para que sea reemplazado temporalmente por el presidente el Concejo Deliberante, Juan Pablo Inglese no ocupar\u00e1 la Intendencia de manera interina, explicaron desde el palacio municipal ante una consulta de EL REGIONAL.<\/p>\n\n\n\n<p>Cabe recordar que Accastello se cas\u00f3 con la legisladora Ver\u00f3nica Navarro Alegre el fin de semana anterior y este viaje podr\u00eda estar relacionado con su \u201cluna de miel\u201d.<\/p>\n","protected":false},"excerpt":{"rendered":"<p>Desde este lunes 14 de octubre el intendente Eduardo Accastello estar\u00e1 ausente de su funci\u00f3n habitual en el municipio. \u201cLa Municipalidad de Villa Mar\u00eda informa que el intendente Eduardo Accastello tomar\u00e1 un receso de sus actividades desde ma\u00f1ana, lunes, hasta el pr\u00f3ximo mi\u00e9rcoles 23 del corriente\u201d, indic\u00f3 el gobierno local este domingo en un escueto [&hellip;]<\/p>\n","protected":false},"author":4,"featured_media":90734,"comment_status":"open","ping_status":"open","sticky":false,"template":"","format":"standard","meta":{"site-sidebar-layout":"default","site-content-layout":"","ast-site-content-layout":"default","site-content-style":"default","site-sidebar-style":"default","ast-global-header-display":"","ast-banner-title-visibility":"","ast-main-header-display":"","ast-hfb-above-header-display":"","ast-hfb-below-header-display":"","ast-hfb-mobile-header-display":"","site-post-title":"","ast-breadcrumbs-content":"","ast-featured-img":"","footer-sml-layout":"","ast-disable-related-posts":"","theme-transparent-header-meta":"","adv-header-id-meta":"","stick-header-meta":"","header-above-stick-meta":"","header-main-stick-meta":"","header-below-stick-meta":"","astra-migrate-meta-layouts":"set","ast-page-background-enabled":"default","ast-page-background-meta":{"desktop":{"background-color":"","background-image":"","background-repeat":"repeat","background-position":"center center","background-size":"auto","background-attachment":"scroll","background-type":"","background-media":"","overlay-type":"","overlay-color":"","overlay-opacity":"","overlay-gradient":""},"tablet":{"background-color":"","background-image":"","background-repeat":"repeat","background-position":"center center","background-size":"auto","background-attachment":"scroll","background-type":"","background-media":"","overlay-type":"","overlay-color":"","overlay-opacity":"","overlay-gradient":""},"mobile":{"background-color":"","background-image":"","background-repeat":"repeat","background-position":"center center","background-size":"auto","background-attachment":"scroll","background-type":"","background-media":"","overlay-type":"","overlay-color":"","overlay-opacity":"","overlay-gradient":""}},"ast-content-background-meta":{"desktop":{"background-color":"var(--ast-global-color-5)","background-image":"","background-repeat":"repeat","background-position":"center center","background-size":"auto","background-attachment":"scroll","background-type":"","background-media":"","overlay-type":"","overlay-color":"","overlay-opacity":"","overlay-gradient":""},"tablet":{"background-color":"var(--ast-global-color-5)","background-image":"","background-repeat":"repeat","background-position":"center center","background-size":"auto","background-attachment":"scroll","background-type":"","background-media":"","overlay-type":"","overlay-color":"","overlay-opacity":"","overlay-gradient":""},"mobile":{"background-color":"var(--ast-global-color-5)","background-image":"","background-repeat":"repeat","background-position":"center center","background-size":"auto","background-attachment":"scroll","background-type":"","background-media":"","overlay-type":"","overlay-color":"","overlay-opacity":"","overlay-gradient":""}},"_jetpack_memberships_contains_paid_content":false,"_joinchat":[],"footnotes":""},"categories":[15302,2],"tags":[21,2038,2265,19234,8326,4658],"class_list":["post-99607","post","type-post","status-publish","format-standard","has-post-thumbnail","hentry","category-destacado","category-villa-maria","tag-casamiento","tag-eduardo-accastello","tag-licencia","tag-receso","tag-veronica-navarro-alegre","tag-viaje"],"yoast_head":"<!-- This site is optimized with the Yoast SEO plugin v26.8 - https:\/\/yoast.com\/product\/yoast-seo-wordpress\/ -->\n<title>\u00bfAccastello de luna de miel? El intendente estar\u00e1 ausente hasta el mi\u00e9rcoles 23 - El Regional<\/title>\n<meta name=\"robots\" content=\"index, follow, max-snippet:-1, max-image-preview:large, max-video-preview:-1\" \/>\n<link rel=\"canonical\" href=\"https:\/\/elregionalvm.com.ar\/noticias-villa-maria\/accastello-de-luna-de-miel-el-intendente-estara-ausente-hasta-el-miercoles-23\/\" \/>\n<meta property=\"og:locale\" content=\"es_ES\" \/>\n<meta property=\"og:type\" content=\"article\" \/>\n<meta property=\"og:title\" content=\"\u00bfAccastello de luna de miel? El intendente estar\u00e1 ausente hasta el mi\u00e9rcoles 23 - El Regional\" \/>\n<meta property=\"og:description\" content=\"Desde este lunes 14 de octubre el intendente Eduardo Accastello estar\u00e1 ausente de su funci\u00f3n habitual en el municipio. \u201cLa Municipalidad de Villa Mar\u00eda informa que el intendente Eduardo Accastello tomar\u00e1 un receso de sus actividades desde ma\u00f1ana, lunes, hasta el pr\u00f3ximo mi\u00e9rcoles 23 del corriente\u201d, indic\u00f3 el gobierno local este domingo en un escueto [&hellip;]\" \/>\n<meta property=\"og:url\" content=\"https:\/\/elregionalvm.com.ar\/noticias-villa-maria\/accastello-de-luna-de-miel-el-intendente-estara-ausente-hasta-el-miercoles-23\/\" \/>\n<meta property=\"og:site_name\" content=\"El Regional\" \/>\n<meta property=\"article:publisher\" content=\"https:\/\/www.facebook.com\/elregionalvm\" \/>\n<meta property=\"article:published_time\" content=\"2024-10-14T01:32:11+00:00\" \/>\n<meta property=\"article:modified_time\" content=\"2024-10-15T03:01:44+00:00\" \/>\n<meta property=\"og:image\" content=\"https:\/\/elregionalvm.com.ar\/noticias-villa-maria\/wp-content\/uploads\/2024\/03\/Accastello-en-Concejo-2024-4.jpeg\" \/>\n\t<meta property=\"og:image:width\" content=\"1599\" \/>\n\t<meta property=\"og:image:height\" content=\"1066\" \/>\n\t<meta property=\"og:image:type\" content=\"image\/jpeg\" \/>\n<meta name=\"author\" content=\"Contenidos El Regional\" \/>\n<meta name=\"twitter:card\" content=\"summary_large_image\" \/>\n<meta name=\"twitter:creator\" content=\"@elregionalvm1\" \/>\n<meta name=\"twitter:site\" content=\"@elregionalvm1\" \/>\n<meta name=\"twitter:label1\" content=\"Escrito por\" \/>\n\t<meta name=\"twitter:data1\" content=\"Contenidos El Regional\" \/>\n\t<meta name=\"twitter:label2\" content=\"Tiempo de lectura\" \/>\n\t<meta name=\"twitter:data2\" content=\"1 minuto\" \/>\n<script type=\"application\/ld+json\" class=\"yoast-schema-graph\">{\"@context\":\"https:\/\/schema.org\",\"@graph\":[{\"@type\":\"Article\",\"@id\":\"https:\/\/elregionalvm.com.ar\/noticias-villa-maria\/accastello-de-luna-de-miel-el-intendente-estara-ausente-hasta-el-miercoles-23\/#article\",\"isPartOf\":{\"@id\":\"https:\/\/elregionalvm.com.ar\/noticias-villa-maria\/accastello-de-luna-de-miel-el-intendente-estara-ausente-hasta-el-miercoles-23\/\"},\"author\":{\"name\":\"Contenidos El Regional\",\"@id\":\"http:\/\/elregionalvm.com.ar\/noticias-villa-maria\/#\/schema\/person\/a0fb9c422317faca23d50163151bc354\"},\"headline\":\"\u00bfAccastello de luna de miel? El intendente estar\u00e1 ausente hasta el mi\u00e9rcoles 23\",\"datePublished\":\"2024-10-14T01:32:11+00:00\",\"dateModified\":\"2024-10-15T03:01:44+00:00\",\"mainEntityOfPage\":{\"@id\":\"https:\/\/elregionalvm.com.ar\/noticias-villa-maria\/accastello-de-luna-de-miel-el-intendente-estara-ausente-hasta-el-miercoles-23\/\"},\"wordCount\":191,\"commentCount\":0,\"image\":{\"@id\":\"https:\/\/elregionalvm.com.ar\/noticias-villa-maria\/accastello-de-luna-de-miel-el-intendente-estara-ausente-hasta-el-miercoles-23\/#primaryimage\"},\"thumbnailUrl\":\"https:\/\/i0.wp.com\/elregionalvm.com.ar\/noticias-villa-maria\/wp-content\/uploads\/2024\/03\/Accastello-en-Concejo-2024-4.jpeg?fit=1599%2C1066&ssl=1\",\"keywords\":[\"casamiento\",\"Eduardo Accastello\",\"licencia\",\"receso\",\"Ver\u00f3nica Navarro Alegre\",\"Viaje\"],\"articleSection\":[\"destacado\",\"Villa Mar\u00eda\"],\"inLanguage\":\"es\",\"potentialAction\":[{\"@type\":\"CommentAction\",\"name\":\"Comment\",\"target\":[\"https:\/\/elregionalvm.com.ar\/noticias-villa-maria\/accastello-de-luna-de-miel-el-intendente-estara-ausente-hasta-el-miercoles-23\/#respond\"]}]},{\"@type\":\"WebPage\",\"@id\":\"https:\/\/elregionalvm.com.ar\/noticias-villa-maria\/accastello-de-luna-de-miel-el-intendente-estara-ausente-hasta-el-miercoles-23\/\",\"url\":\"https:\/\/elregionalvm.com.ar\/noticias-villa-maria\/accastello-de-luna-de-miel-el-intendente-estara-ausente-hasta-el-miercoles-23\/\",\"name\":\"\u00bfAccastello de luna de miel? El intendente estar\u00e1 ausente hasta el mi\u00e9rcoles 23 - El Regional\",\"isPartOf\":{\"@id\":\"http:\/\/elregionalvm.com.ar\/noticias-villa-maria\/#website\"},\"primaryImageOfPage\":{\"@id\":\"https:\/\/elregionalvm.com.ar\/noticias-villa-maria\/accastello-de-luna-de-miel-el-intendente-estara-ausente-hasta-el-miercoles-23\/#primaryimage\"},\"image\":{\"@id\":\"https:\/\/elregionalvm.com.ar\/noticias-villa-maria\/accastello-de-luna-de-miel-el-intendente-estara-ausente-hasta-el-miercoles-23\/#primaryimage\"},\"thumbnailUrl\":\"https:\/\/i0.wp.com\/elregionalvm.com.ar\/noticias-villa-maria\/wp-content\/uploads\/2024\/03\/Accastello-en-Concejo-2024-4.jpeg?fit=1599%2C1066&ssl=1\",\"datePublished\":\"2024-10-14T01:32:11+00:00\",\"dateModified\":\"2024-10-15T03:01:44+00:00\",\"author\":{\"@id\":\"http:\/\/elregionalvm.com.ar\/noticias-villa-maria\/#\/schema\/person\/a0fb9c422317faca23d50163151bc354\"},\"breadcrumb\":{\"@id\":\"https:\/\/elregionalvm.com.ar\/noticias-villa-maria\/accastello-de-luna-de-miel-el-intendente-estara-ausente-hasta-el-miercoles-23\/#breadcrumb\"},\"inLanguage\":\"es\",\"potentialAction\":[{\"@type\":\"ReadAction\",\"target\":[\"https:\/\/elregionalvm.com.ar\/noticias-villa-maria\/accastello-de-luna-de-miel-el-intendente-estara-ausente-hasta-el-miercoles-23\/\"]}]},{\"@type\":\"ImageObject\",\"inLanguage\":\"es\",\"@id\":\"https:\/\/elregionalvm.com.ar\/noticias-villa-maria\/accastello-de-luna-de-miel-el-intendente-estara-ausente-hasta-el-miercoles-23\/#primaryimage\",\"url\":\"https:\/\/i0.wp.com\/elregionalvm.com.ar\/noticias-villa-maria\/wp-content\/uploads\/2024\/03\/Accastello-en-Concejo-2024-4.jpeg?fit=1599%2C1066&ssl=1\",\"contentUrl\":\"https:\/\/i0.wp.com\/elregionalvm.com.ar\/noticias-villa-maria\/wp-content\/uploads\/2024\/03\/Accastello-en-Concejo-2024-4.jpeg?fit=1599%2C1066&ssl=1\",\"width\":1599,\"height\":1066},{\"@type\":\"BreadcrumbList\",\"@id\":\"https:\/\/elregionalvm.com.ar\/noticias-villa-maria\/accastello-de-luna-de-miel-el-intendente-estara-ausente-hasta-el-miercoles-23\/#breadcrumb\",\"itemListElement\":[{\"@type\":\"ListItem\",\"position\":1,\"name\":\"Portada\",\"item\":\"https:\/\/elregionalvm.com.ar\/noticias-villa-maria\/\"},{\"@type\":\"ListItem\",\"position\":2,\"name\":\"\u00bfAccastello de luna de miel? El intendente estar\u00e1 ausente hasta el mi\u00e9rcoles 23\"}]},{\"@type\":\"WebSite\",\"@id\":\"http:\/\/elregionalvm.com.ar\/noticias-villa-maria\/#website\",\"url\":\"http:\/\/elregionalvm.com.ar\/noticias-villa-maria\/\",\"name\":\"El Regional\",\"description\":\"Mucho m\u00e1s que informaci\u00f3n\",\"potentialAction\":[{\"@type\":\"SearchAction\",\"target\":{\"@type\":\"EntryPoint\",\"urlTemplate\":\"http:\/\/elregionalvm.com.ar\/noticias-villa-maria\/?s={search_term_string}\"},\"query-input\":{\"@type\":\"PropertyValueSpecification\",\"valueRequired\":true,\"valueName\":\"search_term_string\"}}],\"inLanguage\":\"es\"},{\"@type\":\"Person\",\"@id\":\"http:\/\/elregionalvm.com.ar\/noticias-villa-maria\/#\/schema\/person\/a0fb9c422317faca23d50163151bc354\",\"name\":\"Contenidos El Regional\",\"image\":{\"@type\":\"ImageObject\",\"inLanguage\":\"es\",\"@id\":\"http:\/\/elregionalvm.com.ar\/noticias-villa-maria\/#\/schema\/person\/image\/\",\"url\":\"https:\/\/secure.gravatar.com\/avatar\/265b27cb2209af7bb3a1318f03305787d7981a5cc6e6cd08fe5a4ecdf99d4b48?s=96&d=mm&r=g\",\"contentUrl\":\"https:\/\/secure.gravatar.com\/avatar\/265b27cb2209af7bb3a1318f03305787d7981a5cc6e6cd08fe5a4ecdf99d4b48?s=96&d=mm&r=g\",\"caption\":\"Contenidos El Regional\"},\"url\":\"https:\/\/elregionalvm.com.ar\/noticias-villa-maria\/author\/contenido\/\"}]}<\/script>\n<!-- \/ Yoast SEO plugin. -->","yoast_head_json":{"title":"\u00bfAccastello de luna de miel? El intendente estar\u00e1 ausente hasta el mi\u00e9rcoles 23 - El Regional","robots":{"index":"index","follow":"follow","max-snippet":"max-snippet:-1","max-image-preview":"max-image-preview:large","max-video-preview":"max-video-preview:-1"},"canonical":"https:\/\/elregionalvm.com.ar\/noticias-villa-maria\/accastello-de-luna-de-miel-el-intendente-estara-ausente-hasta-el-miercoles-23\/","og_locale":"es_ES","og_type":"article","og_title":"\u00bfAccastello de luna de miel? El intendente estar\u00e1 ausente hasta el mi\u00e9rcoles 23 - El Regional","og_description":"Desde este lunes 14 de octubre el intendente Eduardo Accastello estar\u00e1 ausente de su funci\u00f3n habitual en el municipio. \u201cLa Municipalidad de Villa Mar\u00eda informa que el intendente Eduardo Accastello tomar\u00e1 un receso de sus actividades desde ma\u00f1ana, lunes, hasta el pr\u00f3ximo mi\u00e9rcoles 23 del corriente\u201d, indic\u00f3 el gobierno local este domingo en un escueto [&hellip;]","og_url":"https:\/\/elregionalvm.com.ar\/noticias-villa-maria\/accastello-de-luna-de-miel-el-intendente-estara-ausente-hasta-el-miercoles-23\/","og_site_name":"El Regional","article_publisher":"https:\/\/www.facebook.com\/elregionalvm","article_published_time":"2024-10-14T01:32:11+00:00","article_modified_time":"2024-10-15T03:01:44+00:00","og_image":[{"width":1599,"height":1066,"url":"https:\/\/elregionalvm.com.ar\/noticias-villa-maria\/wp-content\/uploads\/2024\/03\/Accastello-en-Concejo-2024-4.jpeg","type":"image\/jpeg"}],"author":"Contenidos El Regional","twitter_card":"summary_large_image","twitter_creator":"@elregionalvm1","twitter_site":"@elregionalvm1","twitter_misc":{"Escrito por":"Contenidos El Regional","Tiempo de lectura":"1 minuto"},"schema":{"@context":"https:\/\/schema.org","@graph":[{"@type":"Article","@id":"https:\/\/elregionalvm.com.ar\/noticias-villa-maria\/accastello-de-luna-de-miel-el-intendente-estara-ausente-hasta-el-miercoles-23\/#article","isPartOf":{"@id":"https:\/\/elregionalvm.com.ar\/noticias-villa-maria\/accastello-de-luna-de-miel-el-intendente-estara-ausente-hasta-el-miercoles-23\/"},"author":{"name":"Contenidos El Regional","@id":"http:\/\/elregionalvm.com.ar\/noticias-villa-maria\/#\/schema\/person\/a0fb9c422317faca23d50163151bc354"},"headline":"\u00bfAccastello de luna de miel? El intendente estar\u00e1 ausente hasta el mi\u00e9rcoles 23","datePublished":"2024-10-14T01:32:11+00:00","dateModified":"2024-10-15T03:01:44+00:00","mainEntityOfPage":{"@id":"https:\/\/elregionalvm.com.ar\/noticias-villa-maria\/accastello-de-luna-de-miel-el-intendente-estara-ausente-hasta-el-miercoles-23\/"},"wordCount":191,"commentCount":0,"image":{"@id":"https:\/\/elregionalvm.com.ar\/noticias-villa-maria\/accastello-de-luna-de-miel-el-intendente-estara-ausente-hasta-el-miercoles-23\/#primaryimage"},"thumbnailUrl":"https:\/\/i0.wp.com\/elregionalvm.com.ar\/noticias-villa-maria\/wp-content\/uploads\/2024\/03\/Accastello-en-Concejo-2024-4.jpeg?fit=1599%2C1066&ssl=1","keywords":["casamiento","Eduardo Accastello","licencia","receso","Ver\u00f3nica Navarro Alegre","Viaje"],"articleSection":["destacado","Villa Mar\u00eda"],"inLanguage":"es","potentialAction":[{"@type":"CommentAction","name":"Comment","target":["https:\/\/elregionalvm.com.ar\/noticias-villa-maria\/accastello-de-luna-de-miel-el-intendente-estara-ausente-hasta-el-miercoles-23\/#respond"]}]},{"@type":"WebPage","@id":"https:\/\/elregionalvm.com.ar\/noticias-villa-maria\/accastello-de-luna-de-miel-el-intendente-estara-ausente-hasta-el-miercoles-23\/","url":"https:\/\/elregionalvm.com.ar\/noticias-villa-maria\/accastello-de-luna-de-miel-el-intendente-estara-ausente-hasta-el-miercoles-23\/","name":"\u00bfAccastello de luna de miel? El intendente estar\u00e1 ausente hasta el mi\u00e9rcoles 23 - El Regional","isPartOf":{"@id":"http:\/\/elregionalvm.com.ar\/noticias-villa-maria\/#website"},"primaryImageOfPage":{"@id":"https:\/\/elregionalvm.com.ar\/noticias-villa-maria\/accastello-de-luna-de-miel-el-intendente-estara-ausente-hasta-el-miercoles-23\/#primaryimage"},"image":{"@id":"https:\/\/elregionalvm.com.ar\/noticias-villa-maria\/accastello-de-luna-de-miel-el-intendente-estara-ausente-hasta-el-miercoles-23\/#primaryimage"},"thumbnailUrl":"https:\/\/i0.wp.com\/elregionalvm.com.ar\/noticias-villa-maria\/wp-content\/uploads\/2024\/03\/Accastello-en-Concejo-2024-4.jpeg?fit=1599%2C1066&ssl=1","datePublished":"2024-10-14T01:32:11+00:00","dateModified":"2024-10-15T03:01:44+00:00","author":{"@id":"http:\/\/elregionalvm.com.ar\/noticias-villa-maria\/#\/schema\/person\/a0fb9c422317faca23d50163151bc354"},"breadcrumb":{"@id":"https:\/\/elregionalvm.com.ar\/noticias-villa-maria\/accastello-de-luna-de-miel-el-intendente-estara-ausente-hasta-el-miercoles-23\/#breadcrumb"},"inLanguage":"es","potentialAction":[{"@type":"ReadAction","target":["https:\/\/elregionalvm.com.ar\/noticias-villa-maria\/accastello-de-luna-de-miel-el-intendente-estara-ausente-hasta-el-miercoles-23\/"]}]},{"@type":"ImageObject","inLanguage":"es","@id":"https:\/\/elregionalvm.com.ar\/noticias-villa-maria\/accastello-de-luna-de-miel-el-intendente-estara-ausente-hasta-el-miercoles-23\/#primaryimage","url":"https:\/\/i0.wp.com\/elregionalvm.com.ar\/noticias-villa-maria\/wp-content\/uploads\/2024\/03\/Accastello-en-Concejo-2024-4.jpeg?fit=1599%2C1066&ssl=1","contentUrl":"https:\/\/i0.wp.com\/elregionalvm.com.ar\/noticias-villa-maria\/wp-content\/uploads\/2024\/03\/Accastello-en-Concejo-2024-4.jpeg?fit=1599%2C1066&ssl=1","width":1599,"height":1066},{"@type":"BreadcrumbList","@id":"https:\/\/elregionalvm.com.ar\/noticias-villa-maria\/accastello-de-luna-de-miel-el-intendente-estara-ausente-hasta-el-miercoles-23\/#breadcrumb","itemListElement":[{"@type":"ListItem","position":1,"name":"Portada","item":"https:\/\/elregionalvm.com.ar\/noticias-villa-maria\/"},{"@type":"ListItem","position":2,"name":"\u00bfAccastello de luna de miel? El intendente estar\u00e1 ausente hasta el mi\u00e9rcoles 23"}]},{"@type":"WebSite","@id":"http:\/\/elregionalvm.com.ar\/noticias-villa-maria\/#website","url":"http:\/\/elregionalvm.com.ar\/noticias-villa-maria\/","name":"El Regional","description":"Mucho m\u00e1s que informaci\u00f3n","potentialAction":[{"@type":"SearchAction","target":{"@type":"EntryPoint","urlTemplate":"http:\/\/elregionalvm.com.ar\/noticias-villa-maria\/?s={search_term_string}"},"query-input":{"@type":"PropertyValueSpecification","valueRequired":true,"valueName":"search_term_string"}}],"inLanguage":"es"},{"@type":"Person","@id":"http:\/\/elregionalvm.com.ar\/noticias-villa-maria\/#\/schema\/person\/a0fb9c422317faca23d50163151bc354","name":"Contenidos El Regional","image":{"@type":"ImageObject","inLanguage":"es","@id":"http:\/\/elregionalvm.com.ar\/noticias-villa-maria\/#\/schema\/person\/image\/","url":"https:\/\/secure.gravatar.com\/avatar\/265b27cb2209af7bb3a1318f03305787d7981a5cc6e6cd08fe5a4ecdf99d4b48?s=96&d=mm&r=g","contentUrl":"https:\/\/secure.gravatar.com\/avatar\/265b27cb2209af7bb3a1318f03305787d7981a5cc6e6cd08fe5a4ecdf99d4b48?s=96&d=mm&r=g","caption":"Contenidos El Regional"},"url":"https:\/\/elregionalvm.com.ar\/noticias-villa-maria\/author\/contenido\/"}]}},"jetpack_featured_media_url":"https:\/\/i0.wp.com\/elregionalvm.com.ar\/noticias-villa-maria\/wp-content\/uploads\/2024\/03\/Accastello-en-Concejo-2024-4.jpeg?fit=1599%2C1066&ssl=1","jetpack_sharing_enabled":true,"_links":{"self":[{"href":"https:\/\/elregionalvm.com.ar\/noticias-villa-maria\/wp-json\/wp\/v2\/posts\/99607","targetHints":{"allow":["GET"]}}],"collection":[{"href":"https:\/\/elregionalvm.com.ar\/noticias-villa-maria\/wp-json\/wp\/v2\/posts"}],"about":[{"href":"https:\/\/elregionalvm.com.ar\/noticias-villa-maria\/wp-json\/wp\/v2\/types\/post"}],"author":[{"embeddable":true,"href":"https:\/\/elregionalvm.com.ar\/noticias-villa-maria\/wp-json\/wp\/v2\/users\/4"}],"replies":[{"embeddable":true,"href":"https:\/\/elregionalvm.com.ar\/noticias-villa-maria\/wp-json\/wp\/v2\/comments?post=99607"}],"version-history":[{"count":1,"href":"https:\/\/elregionalvm.com.ar\/noticias-villa-maria\/wp-json\/wp\/v2\/posts\/99607\/revisions"}],"predecessor-version":[{"id":99608,"href":"https:\/\/elregionalvm.com.ar\/noticias-villa-maria\/wp-json\/wp\/v2\/posts\/99607\/revisions\/99608"}],"wp:featuredmedia":[{"embeddable":true,"href":"https:\/\/elregionalvm.com.ar\/noticias-villa-maria\/wp-json\/wp\/v2\/media\/90734"}],"wp:attachment":[{"href":"https:\/\/elregionalvm.com.ar\/noticias-villa-maria\/wp-json\/wp\/v2\/media?parent=99607"}],"wp:term":[{"taxonomy":"category","embeddable":true,"href":"https:\/\/elregionalvm.com.ar\/noticias-villa-maria\/wp-json\/wp\/v2\/categories?post=99607"},{"taxonomy":"post_tag","embeddable":true,"href":"https:\/\/elregionalvm.com.ar\/noticias-villa-maria\/wp-json\/wp\/v2\/tags?post=99607"}],"curies":[{"name":"wp","href":"https:\/\/api.w.org\/{rel}","templated":true}]}}