{"id":99648,"date":"2024-10-14T23:38:56","date_gmt":"2024-10-14T23:38:56","guid":{"rendered":"https:\/\/elregionalvm.com.ar\/noticias-villa-maria\/?p=99648"},"modified":"2024-10-14T23:38:58","modified_gmt":"2024-10-14T23:38:58","slug":"estimulo-para-el-comercio-local-del-al-16-de-noviembre-se-realizara-la-segunda-edicion-del-villa-maria-sale","status":"publish","type":"post","link":"https:\/\/elregionalvm.com.ar\/noticias-villa-maria\/estimulo-para-el-comercio-local-del-al-16-de-noviembre-se-realizara-la-segunda-edicion-del-villa-maria-sale\/","title":{"rendered":"Est\u00edmulo para el comercio local: del  al 16 de noviembre se realizar\u00e1 la segunda edici\u00f3n del \u00abVilla Mar\u00eda Sale\u00bb"},"content":{"rendered":"\n<p>La municipalidad de Villa Mar\u00eda informa que se llevar\u00e1 adelante la segunda edici\u00f3n de la propuesta comercial \u201cVilla Mar\u00eda Sale\u201d, impulsada por la secretar\u00eda de Econom\u00eda, Transformaci\u00f3n Digital y Desarrollo Productivo.<\/p>\n\n\n\n<figure class=\"wp-block-image size-large\"><img data-recalc-dims=\"1\" fetchpriority=\"high\" decoding=\"async\" width=\"1024\" height=\"576\" src=\"https:\/\/i0.wp.com\/elregionalvm.com.ar\/noticias-villa-maria\/wp-content\/uploads\/2024\/10\/WhatsApp-Image-2024-10-14-at-11.07.46.jpeg?resize=1024%2C576&#038;ssl=1\" alt=\"\" class=\"wp-image-99651\" srcset=\"https:\/\/i0.wp.com\/elregionalvm.com.ar\/noticias-villa-maria\/wp-content\/uploads\/2024\/10\/WhatsApp-Image-2024-10-14-at-11.07.46.jpeg?resize=1024%2C576&amp;ssl=1 1024w, https:\/\/i0.wp.com\/elregionalvm.com.ar\/noticias-villa-maria\/wp-content\/uploads\/2024\/10\/WhatsApp-Image-2024-10-14-at-11.07.46.jpeg?resize=300%2C169&amp;ssl=1 300w, https:\/\/i0.wp.com\/elregionalvm.com.ar\/noticias-villa-maria\/wp-content\/uploads\/2024\/10\/WhatsApp-Image-2024-10-14-at-11.07.46.jpeg?resize=768%2C432&amp;ssl=1 768w, https:\/\/i0.wp.com\/elregionalvm.com.ar\/noticias-villa-maria\/wp-content\/uploads\/2024\/10\/WhatsApp-Image-2024-10-14-at-11.07.46.jpeg?w=1280&amp;ssl=1 1280w\" sizes=\"(max-width: 1000px) 100vw, 1000px\" \/><\/figure>\n\n\n\n<p>En tal sentido, entre el 9 y el 16 de noviembre se llevar\u00e1 a cabo de manera conjunta entre el municipio, AERCA y ACOVIM, y tiene como objetivo que los comercios y sectores de servicios de la ciudad realicen ofertas, promociones y liquidaciones importantes de manera simult\u00e1nea.<\/p>\n\n\n\n<p>En este sentido, hasta el momento, m\u00e1s de 27% de los comercios inscriptos pertenecen al rubro Indumentaria y los interesados en participar debe ingresar en el siguiente link: https:\/\/docs.google.com\/forms\/d\/e\/1FAIpQLSfL6V9gs8qK3TtB8726_AZQrzsdVxcZ9iJuCVYbNhEmmldEeQ\/viewform.<\/p>\n\n\n\n<p>Hasta el momento, entre los rubros que ya forman parte de esta segunda edici\u00f3n se encuentran: servicios digitales, autopartistas, indumentaria, art\u00edculos del hogar, pinturer\u00edas, gastronom\u00eda, muebles, equipamientos comerciales, aberturas, agencia de motocicletas, venta de repuestos, materiales el\u00e9ctricos e iluminaci\u00f3n, ferreter\u00edas y tecnolog\u00eda e inform\u00e1tica, entre otros.<\/p>\n\n\n\n<figure class=\"wp-block-image size-large\"><img data-recalc-dims=\"1\" decoding=\"async\" width=\"1024\" height=\"576\" src=\"https:\/\/i0.wp.com\/elregionalvm.com.ar\/noticias-villa-maria\/wp-content\/uploads\/2024\/10\/WhatsApp-Image-2024-10-14-at-11.07.47.jpeg?resize=1024%2C576&#038;ssl=1\" alt=\"\" class=\"wp-image-99650\" srcset=\"https:\/\/i0.wp.com\/elregionalvm.com.ar\/noticias-villa-maria\/wp-content\/uploads\/2024\/10\/WhatsApp-Image-2024-10-14-at-11.07.47.jpeg?resize=1024%2C576&amp;ssl=1 1024w, https:\/\/i0.wp.com\/elregionalvm.com.ar\/noticias-villa-maria\/wp-content\/uploads\/2024\/10\/WhatsApp-Image-2024-10-14-at-11.07.47.jpeg?resize=300%2C169&amp;ssl=1 300w, https:\/\/i0.wp.com\/elregionalvm.com.ar\/noticias-villa-maria\/wp-content\/uploads\/2024\/10\/WhatsApp-Image-2024-10-14-at-11.07.47.jpeg?resize=768%2C432&amp;ssl=1 768w, https:\/\/i0.wp.com\/elregionalvm.com.ar\/noticias-villa-maria\/wp-content\/uploads\/2024\/10\/WhatsApp-Image-2024-10-14-at-11.07.47.jpeg?w=1280&amp;ssl=1 1280w\" sizes=\"(max-width: 1000px) 100vw, 1000px\" \/><\/figure>\n\n\n\n<p>En tal sentido, los comercios adheridos ofrecer\u00e1n importantes descuentos, liquidaciones y promociones de manera simult\u00e1nea. Cabe mencionar que, dentro de la iniciativa, los compradores encontrar\u00e1n tanto productos como servicios.<\/p>\n\n\n\n<p>Los negocios que forman parte del Villa Mar\u00eda Sale tendr\u00e1n un cartel en sus vidrieras, facilitando su identificaci\u00f3n. Adem\u00e1s, las y los interesados podr\u00e1n consultar las diversas propuestas a trav\u00e9s de la p\u00e1gina del municipio o en http:\/\/www.villamariasale.com.ar .<\/p>\n\n\n\n<p>Para la ocasi\u00f3n, estos comercios y servicios inscriptos se distribuyen en diversos rubros, beneficiando a los consumidores con ofertas imperdibles, que tienen por objetivo beneficiar al cliente, proponi\u00e9ndoles oportunidades de compra favorables y a la vez, potenciar el consumo local a nivel regional.<\/p>\n\n\n\n<p>Cabe recordar que la primera edici\u00f3n del a\u00f1o se llev\u00f3 adelante desde el 4 hasta el 12 de mayo y represent\u00f3 una importante posibilidad de negocios para comercios los locales.<\/p>\n","protected":false},"excerpt":{"rendered":"<p>La municipalidad de Villa Mar\u00eda informa que se llevar\u00e1 adelante la segunda edici\u00f3n de la propuesta comercial \u201cVilla Mar\u00eda Sale\u201d, impulsada por la secretar\u00eda de Econom\u00eda, Transformaci\u00f3n Digital y Desarrollo Productivo. En tal sentido, entre el 9 y el 16 de noviembre se llevar\u00e1 a cabo de manera conjunta entre el municipio, AERCA y ACOVIM, [&hellip;]<\/p>\n","protected":false},"author":4,"featured_media":99649,"comment_status":"open","ping_status":"open","sticky":false,"template":"","format":"standard","meta":{"site-sidebar-layout":"default","site-content-layout":"","ast-site-content-layout":"default","site-content-style":"default","site-sidebar-style":"default","ast-global-header-display":"","ast-banner-title-visibility":"","ast-main-header-display":"","ast-hfb-above-header-display":"","ast-hfb-below-header-display":"","ast-hfb-mobile-header-display":"","site-post-title":"","ast-breadcrumbs-content":"","ast-featured-img":"","footer-sml-layout":"","ast-disable-related-posts":"","theme-transparent-header-meta":"","adv-header-id-meta":"","stick-header-meta":"","header-above-stick-meta":"","header-main-stick-meta":"","header-below-stick-meta":"","astra-migrate-meta-layouts":"set","ast-page-background-enabled":"default","ast-page-background-meta":{"desktop":{"background-color":"","background-image":"","background-repeat":"repeat","background-position":"center center","background-size":"auto","background-attachment":"scroll","background-type":"","background-media":"","overlay-type":"","overlay-color":"","overlay-opacity":"","overlay-gradient":""},"tablet":{"background-color":"","background-image":"","background-repeat":"repeat","background-position":"center center","background-size":"auto","background-attachment":"scroll","background-type":"","background-media":"","overlay-type":"","overlay-color":"","overlay-opacity":"","overlay-gradient":""},"mobile":{"background-color":"","background-image":"","background-repeat":"repeat","background-position":"center center","background-size":"auto","background-attachment":"scroll","background-type":"","background-media":"","overlay-type":"","overlay-color":"","overlay-opacity":"","overlay-gradient":""}},"ast-content-background-meta":{"desktop":{"background-color":"var(--ast-global-color-5)","background-image":"","background-repeat":"repeat","background-position":"center center","background-size":"auto","background-attachment":"scroll","background-type":"","background-media":"","overlay-type":"","overlay-color":"","overlay-opacity":"","overlay-gradient":""},"tablet":{"background-color":"var(--ast-global-color-5)","background-image":"","background-repeat":"repeat","background-position":"center center","background-size":"auto","background-attachment":"scroll","background-type":"","background-media":"","overlay-type":"","overlay-color":"","overlay-opacity":"","overlay-gradient":""},"mobile":{"background-color":"var(--ast-global-color-5)","background-image":"","background-repeat":"repeat","background-position":"center center","background-size":"auto","background-attachment":"scroll","background-type":"","background-media":"","overlay-type":"","overlay-color":"","overlay-opacity":"","overlay-gradient":""}},"_jetpack_memberships_contains_paid_content":false,"_joinchat":[],"footnotes":""},"categories":[15302,5,2],"tags":[],"class_list":["post-99648","post","type-post","status-publish","format-standard","has-post-thumbnail","hentry","category-destacado","category-sociedad","category-villa-maria"],"yoast_head":"<!-- This site is optimized with the Yoast SEO plugin v26.8 - https:\/\/yoast.com\/product\/yoast-seo-wordpress\/ -->\n<title>Est\u00edmulo para el comercio local: del al 16 de noviembre se realizar\u00e1 la segunda edici\u00f3n del &quot;Villa Mar\u00eda Sale&quot; - El Regional<\/title>\n<meta name=\"robots\" content=\"index, follow, max-snippet:-1, max-image-preview:large, max-video-preview:-1\" \/>\n<link rel=\"canonical\" href=\"https:\/\/elregionalvm.com.ar\/noticias-villa-maria\/estimulo-para-el-comercio-local-del-al-16-de-noviembre-se-realizara-la-segunda-edicion-del-villa-maria-sale\/\" \/>\n<meta property=\"og:locale\" content=\"es_ES\" \/>\n<meta property=\"og:type\" content=\"article\" \/>\n<meta property=\"og:title\" content=\"Est\u00edmulo para el comercio local: del al 16 de noviembre se realizar\u00e1 la segunda edici\u00f3n del &quot;Villa Mar\u00eda Sale&quot; - El Regional\" \/>\n<meta property=\"og:description\" content=\"La municipalidad de Villa Mar\u00eda informa que se llevar\u00e1 adelante la segunda edici\u00f3n de la propuesta comercial \u201cVilla Mar\u00eda Sale\u201d, impulsada por la secretar\u00eda de Econom\u00eda, Transformaci\u00f3n Digital y Desarrollo Productivo. En tal sentido, entre el 9 y el 16 de noviembre se llevar\u00e1 a cabo de manera conjunta entre el municipio, AERCA y ACOVIM, [&hellip;]\" \/>\n<meta property=\"og:url\" content=\"https:\/\/elregionalvm.com.ar\/noticias-villa-maria\/estimulo-para-el-comercio-local-del-al-16-de-noviembre-se-realizara-la-segunda-edicion-del-villa-maria-sale\/\" \/>\n<meta property=\"og:site_name\" content=\"El Regional\" \/>\n<meta property=\"article:publisher\" content=\"https:\/\/www.facebook.com\/elregionalvm\" \/>\n<meta property=\"article:published_time\" content=\"2024-10-14T23:38:56+00:00\" \/>\n<meta property=\"article:modified_time\" content=\"2024-10-14T23:38:58+00:00\" \/>\n<meta property=\"og:image\" content=\"https:\/\/elregionalvm.com.ar\/noticias-villa-maria\/wp-content\/uploads\/2024\/10\/WhatsApp-Image-2024-10-14-at-11.11.22.jpeg\" \/>\n\t<meta property=\"og:image:width\" content=\"1080\" \/>\n\t<meta property=\"og:image:height\" content=\"1080\" \/>\n\t<meta property=\"og:image:type\" content=\"image\/jpeg\" \/>\n<meta name=\"author\" content=\"Contenidos El Regional\" \/>\n<meta name=\"twitter:card\" content=\"summary_large_image\" \/>\n<meta name=\"twitter:creator\" content=\"@elregionalvm1\" \/>\n<meta name=\"twitter:site\" content=\"@elregionalvm1\" \/>\n<meta name=\"twitter:label1\" content=\"Escrito por\" \/>\n\t<meta name=\"twitter:data1\" content=\"Contenidos El Regional\" \/>\n\t<meta name=\"twitter:label2\" content=\"Tiempo de lectura\" \/>\n\t<meta name=\"twitter:data2\" content=\"2 minutos\" \/>\n<script type=\"application\/ld+json\" class=\"yoast-schema-graph\">{\"@context\":\"https:\/\/schema.org\",\"@graph\":[{\"@type\":\"Article\",\"@id\":\"https:\/\/elregionalvm.com.ar\/noticias-villa-maria\/estimulo-para-el-comercio-local-del-al-16-de-noviembre-se-realizara-la-segunda-edicion-del-villa-maria-sale\/#article\",\"isPartOf\":{\"@id\":\"https:\/\/elregionalvm.com.ar\/noticias-villa-maria\/estimulo-para-el-comercio-local-del-al-16-de-noviembre-se-realizara-la-segunda-edicion-del-villa-maria-sale\/\"},\"author\":{\"name\":\"Contenidos El Regional\",\"@id\":\"http:\/\/elregionalvm.com.ar\/noticias-villa-maria\/#\/schema\/person\/a0fb9c422317faca23d50163151bc354\"},\"headline\":\"Est\u00edmulo para el comercio local: del al 16 de noviembre se realizar\u00e1 la segunda edici\u00f3n del \u00abVilla Mar\u00eda Sale\u00bb\",\"datePublished\":\"2024-10-14T23:38:56+00:00\",\"dateModified\":\"2024-10-14T23:38:58+00:00\",\"mainEntityOfPage\":{\"@id\":\"https:\/\/elregionalvm.com.ar\/noticias-villa-maria\/estimulo-para-el-comercio-local-del-al-16-de-noviembre-se-realizara-la-segunda-edicion-del-villa-maria-sale\/\"},\"wordCount\":358,\"commentCount\":0,\"image\":{\"@id\":\"https:\/\/elregionalvm.com.ar\/noticias-villa-maria\/estimulo-para-el-comercio-local-del-al-16-de-noviembre-se-realizara-la-segunda-edicion-del-villa-maria-sale\/#primaryimage\"},\"thumbnailUrl\":\"https:\/\/i0.wp.com\/elregionalvm.com.ar\/noticias-villa-maria\/wp-content\/uploads\/2024\/10\/WhatsApp-Image-2024-10-14-at-11.11.22.jpeg?fit=1080%2C1080&ssl=1\",\"articleSection\":[\"destacado\",\"Sociedad\",\"Villa Mar\u00eda\"],\"inLanguage\":\"es\",\"potentialAction\":[{\"@type\":\"CommentAction\",\"name\":\"Comment\",\"target\":[\"https:\/\/elregionalvm.com.ar\/noticias-villa-maria\/estimulo-para-el-comercio-local-del-al-16-de-noviembre-se-realizara-la-segunda-edicion-del-villa-maria-sale\/#respond\"]}]},{\"@type\":\"WebPage\",\"@id\":\"https:\/\/elregionalvm.com.ar\/noticias-villa-maria\/estimulo-para-el-comercio-local-del-al-16-de-noviembre-se-realizara-la-segunda-edicion-del-villa-maria-sale\/\",\"url\":\"https:\/\/elregionalvm.com.ar\/noticias-villa-maria\/estimulo-para-el-comercio-local-del-al-16-de-noviembre-se-realizara-la-segunda-edicion-del-villa-maria-sale\/\",\"name\":\"Est\u00edmulo para el comercio local: del al 16 de noviembre se realizar\u00e1 la segunda edici\u00f3n del \\\"Villa Mar\u00eda Sale\\\" - El Regional\",\"isPartOf\":{\"@id\":\"http:\/\/elregionalvm.com.ar\/noticias-villa-maria\/#website\"},\"primaryImageOfPage\":{\"@id\":\"https:\/\/elregionalvm.com.ar\/noticias-villa-maria\/estimulo-para-el-comercio-local-del-al-16-de-noviembre-se-realizara-la-segunda-edicion-del-villa-maria-sale\/#primaryimage\"},\"image\":{\"@id\":\"https:\/\/elregionalvm.com.ar\/noticias-villa-maria\/estimulo-para-el-comercio-local-del-al-16-de-noviembre-se-realizara-la-segunda-edicion-del-villa-maria-sale\/#primaryimage\"},\"thumbnailUrl\":\"https:\/\/i0.wp.com\/elregionalvm.com.ar\/noticias-villa-maria\/wp-content\/uploads\/2024\/10\/WhatsApp-Image-2024-10-14-at-11.11.22.jpeg?fit=1080%2C1080&ssl=1\",\"datePublished\":\"2024-10-14T23:38:56+00:00\",\"dateModified\":\"2024-10-14T23:38:58+00:00\",\"author\":{\"@id\":\"http:\/\/elregionalvm.com.ar\/noticias-villa-maria\/#\/schema\/person\/a0fb9c422317faca23d50163151bc354\"},\"breadcrumb\":{\"@id\":\"https:\/\/elregionalvm.com.ar\/noticias-villa-maria\/estimulo-para-el-comercio-local-del-al-16-de-noviembre-se-realizara-la-segunda-edicion-del-villa-maria-sale\/#breadcrumb\"},\"inLanguage\":\"es\",\"potentialAction\":[{\"@type\":\"ReadAction\",\"target\":[\"https:\/\/elregionalvm.com.ar\/noticias-villa-maria\/estimulo-para-el-comercio-local-del-al-16-de-noviembre-se-realizara-la-segunda-edicion-del-villa-maria-sale\/\"]}]},{\"@type\":\"ImageObject\",\"inLanguage\":\"es\",\"@id\":\"https:\/\/elregionalvm.com.ar\/noticias-villa-maria\/estimulo-para-el-comercio-local-del-al-16-de-noviembre-se-realizara-la-segunda-edicion-del-villa-maria-sale\/#primaryimage\",\"url\":\"https:\/\/i0.wp.com\/elregionalvm.com.ar\/noticias-villa-maria\/wp-content\/uploads\/2024\/10\/WhatsApp-Image-2024-10-14-at-11.11.22.jpeg?fit=1080%2C1080&ssl=1\",\"contentUrl\":\"https:\/\/i0.wp.com\/elregionalvm.com.ar\/noticias-villa-maria\/wp-content\/uploads\/2024\/10\/WhatsApp-Image-2024-10-14-at-11.11.22.jpeg?fit=1080%2C1080&ssl=1\",\"width\":1080,\"height\":1080},{\"@type\":\"BreadcrumbList\",\"@id\":\"https:\/\/elregionalvm.com.ar\/noticias-villa-maria\/estimulo-para-el-comercio-local-del-al-16-de-noviembre-se-realizara-la-segunda-edicion-del-villa-maria-sale\/#breadcrumb\",\"itemListElement\":[{\"@type\":\"ListItem\",\"position\":1,\"name\":\"Portada\",\"item\":\"https:\/\/elregionalvm.com.ar\/noticias-villa-maria\/\"},{\"@type\":\"ListItem\",\"position\":2,\"name\":\"Est\u00edmulo para el comercio local: del al 16 de noviembre se realizar\u00e1 la segunda edici\u00f3n del \u00abVilla Mar\u00eda Sale\u00bb\"}]},{\"@type\":\"WebSite\",\"@id\":\"http:\/\/elregionalvm.com.ar\/noticias-villa-maria\/#website\",\"url\":\"http:\/\/elregionalvm.com.ar\/noticias-villa-maria\/\",\"name\":\"El Regional\",\"description\":\"Mucho m\u00e1s que informaci\u00f3n\",\"potentialAction\":[{\"@type\":\"SearchAction\",\"target\":{\"@type\":\"EntryPoint\",\"urlTemplate\":\"http:\/\/elregionalvm.com.ar\/noticias-villa-maria\/?s={search_term_string}\"},\"query-input\":{\"@type\":\"PropertyValueSpecification\",\"valueRequired\":true,\"valueName\":\"search_term_string\"}}],\"inLanguage\":\"es\"},{\"@type\":\"Person\",\"@id\":\"http:\/\/elregionalvm.com.ar\/noticias-villa-maria\/#\/schema\/person\/a0fb9c422317faca23d50163151bc354\",\"name\":\"Contenidos El Regional\",\"image\":{\"@type\":\"ImageObject\",\"inLanguage\":\"es\",\"@id\":\"http:\/\/elregionalvm.com.ar\/noticias-villa-maria\/#\/schema\/person\/image\/\",\"url\":\"https:\/\/secure.gravatar.com\/avatar\/265b27cb2209af7bb3a1318f03305787d7981a5cc6e6cd08fe5a4ecdf99d4b48?s=96&d=mm&r=g\",\"contentUrl\":\"https:\/\/secure.gravatar.com\/avatar\/265b27cb2209af7bb3a1318f03305787d7981a5cc6e6cd08fe5a4ecdf99d4b48?s=96&d=mm&r=g\",\"caption\":\"Contenidos El Regional\"},\"url\":\"https:\/\/elregionalvm.com.ar\/noticias-villa-maria\/author\/contenido\/\"}]}<\/script>\n<!-- \/ Yoast SEO plugin. -->","yoast_head_json":{"title":"Est\u00edmulo para el comercio local: del al 16 de noviembre se realizar\u00e1 la segunda edici\u00f3n del \"Villa Mar\u00eda Sale\" - El Regional","robots":{"index":"index","follow":"follow","max-snippet":"max-snippet:-1","max-image-preview":"max-image-preview:large","max-video-preview":"max-video-preview:-1"},"canonical":"https:\/\/elregionalvm.com.ar\/noticias-villa-maria\/estimulo-para-el-comercio-local-del-al-16-de-noviembre-se-realizara-la-segunda-edicion-del-villa-maria-sale\/","og_locale":"es_ES","og_type":"article","og_title":"Est\u00edmulo para el comercio local: del al 16 de noviembre se realizar\u00e1 la segunda edici\u00f3n del \"Villa Mar\u00eda Sale\" - El Regional","og_description":"La municipalidad de Villa Mar\u00eda informa que se llevar\u00e1 adelante la segunda edici\u00f3n de la propuesta comercial \u201cVilla Mar\u00eda Sale\u201d, impulsada por la secretar\u00eda de Econom\u00eda, Transformaci\u00f3n Digital y Desarrollo Productivo. En tal sentido, entre el 9 y el 16 de noviembre se llevar\u00e1 a cabo de manera conjunta entre el municipio, AERCA y ACOVIM, [&hellip;]","og_url":"https:\/\/elregionalvm.com.ar\/noticias-villa-maria\/estimulo-para-el-comercio-local-del-al-16-de-noviembre-se-realizara-la-segunda-edicion-del-villa-maria-sale\/","og_site_name":"El Regional","article_publisher":"https:\/\/www.facebook.com\/elregionalvm","article_published_time":"2024-10-14T23:38:56+00:00","article_modified_time":"2024-10-14T23:38:58+00:00","og_image":[{"width":1080,"height":1080,"url":"https:\/\/elregionalvm.com.ar\/noticias-villa-maria\/wp-content\/uploads\/2024\/10\/WhatsApp-Image-2024-10-14-at-11.11.22.jpeg","type":"image\/jpeg"}],"author":"Contenidos El Regional","twitter_card":"summary_large_image","twitter_creator":"@elregionalvm1","twitter_site":"@elregionalvm1","twitter_misc":{"Escrito por":"Contenidos El Regional","Tiempo de lectura":"2 minutos"},"schema":{"@context":"https:\/\/schema.org","@graph":[{"@type":"Article","@id":"https:\/\/elregionalvm.com.ar\/noticias-villa-maria\/estimulo-para-el-comercio-local-del-al-16-de-noviembre-se-realizara-la-segunda-edicion-del-villa-maria-sale\/#article","isPartOf":{"@id":"https:\/\/elregionalvm.com.ar\/noticias-villa-maria\/estimulo-para-el-comercio-local-del-al-16-de-noviembre-se-realizara-la-segunda-edicion-del-villa-maria-sale\/"},"author":{"name":"Contenidos El Regional","@id":"http:\/\/elregionalvm.com.ar\/noticias-villa-maria\/#\/schema\/person\/a0fb9c422317faca23d50163151bc354"},"headline":"Est\u00edmulo para el comercio local: del al 16 de noviembre se realizar\u00e1 la segunda edici\u00f3n del \u00abVilla Mar\u00eda Sale\u00bb","datePublished":"2024-10-14T23:38:56+00:00","dateModified":"2024-10-14T23:38:58+00:00","mainEntityOfPage":{"@id":"https:\/\/elregionalvm.com.ar\/noticias-villa-maria\/estimulo-para-el-comercio-local-del-al-16-de-noviembre-se-realizara-la-segunda-edicion-del-villa-maria-sale\/"},"wordCount":358,"commentCount":0,"image":{"@id":"https:\/\/elregionalvm.com.ar\/noticias-villa-maria\/estimulo-para-el-comercio-local-del-al-16-de-noviembre-se-realizara-la-segunda-edicion-del-villa-maria-sale\/#primaryimage"},"thumbnailUrl":"https:\/\/i0.wp.com\/elregionalvm.com.ar\/noticias-villa-maria\/wp-content\/uploads\/2024\/10\/WhatsApp-Image-2024-10-14-at-11.11.22.jpeg?fit=1080%2C1080&ssl=1","articleSection":["destacado","Sociedad","Villa Mar\u00eda"],"inLanguage":"es","potentialAction":[{"@type":"CommentAction","name":"Comment","target":["https:\/\/elregionalvm.com.ar\/noticias-villa-maria\/estimulo-para-el-comercio-local-del-al-16-de-noviembre-se-realizara-la-segunda-edicion-del-villa-maria-sale\/#respond"]}]},{"@type":"WebPage","@id":"https:\/\/elregionalvm.com.ar\/noticias-villa-maria\/estimulo-para-el-comercio-local-del-al-16-de-noviembre-se-realizara-la-segunda-edicion-del-villa-maria-sale\/","url":"https:\/\/elregionalvm.com.ar\/noticias-villa-maria\/estimulo-para-el-comercio-local-del-al-16-de-noviembre-se-realizara-la-segunda-edicion-del-villa-maria-sale\/","name":"Est\u00edmulo para el comercio local: del al 16 de noviembre se realizar\u00e1 la segunda edici\u00f3n del \"Villa Mar\u00eda Sale\" - El Regional","isPartOf":{"@id":"http:\/\/elregionalvm.com.ar\/noticias-villa-maria\/#website"},"primaryImageOfPage":{"@id":"https:\/\/elregionalvm.com.ar\/noticias-villa-maria\/estimulo-para-el-comercio-local-del-al-16-de-noviembre-se-realizara-la-segunda-edicion-del-villa-maria-sale\/#primaryimage"},"image":{"@id":"https:\/\/elregionalvm.com.ar\/noticias-villa-maria\/estimulo-para-el-comercio-local-del-al-16-de-noviembre-se-realizara-la-segunda-edicion-del-villa-maria-sale\/#primaryimage"},"thumbnailUrl":"https:\/\/i0.wp.com\/elregionalvm.com.ar\/noticias-villa-maria\/wp-content\/uploads\/2024\/10\/WhatsApp-Image-2024-10-14-at-11.11.22.jpeg?fit=1080%2C1080&ssl=1","datePublished":"2024-10-14T23:38:56+00:00","dateModified":"2024-10-14T23:38:58+00:00","author":{"@id":"http:\/\/elregionalvm.com.ar\/noticias-villa-maria\/#\/schema\/person\/a0fb9c422317faca23d50163151bc354"},"breadcrumb":{"@id":"https:\/\/elregionalvm.com.ar\/noticias-villa-maria\/estimulo-para-el-comercio-local-del-al-16-de-noviembre-se-realizara-la-segunda-edicion-del-villa-maria-sale\/#breadcrumb"},"inLanguage":"es","potentialAction":[{"@type":"ReadAction","target":["https:\/\/elregionalvm.com.ar\/noticias-villa-maria\/estimulo-para-el-comercio-local-del-al-16-de-noviembre-se-realizara-la-segunda-edicion-del-villa-maria-sale\/"]}]},{"@type":"ImageObject","inLanguage":"es","@id":"https:\/\/elregionalvm.com.ar\/noticias-villa-maria\/estimulo-para-el-comercio-local-del-al-16-de-noviembre-se-realizara-la-segunda-edicion-del-villa-maria-sale\/#primaryimage","url":"https:\/\/i0.wp.com\/elregionalvm.com.ar\/noticias-villa-maria\/wp-content\/uploads\/2024\/10\/WhatsApp-Image-2024-10-14-at-11.11.22.jpeg?fit=1080%2C1080&ssl=1","contentUrl":"https:\/\/i0.wp.com\/elregionalvm.com.ar\/noticias-villa-maria\/wp-content\/uploads\/2024\/10\/WhatsApp-Image-2024-10-14-at-11.11.22.jpeg?fit=1080%2C1080&ssl=1","width":1080,"height":1080},{"@type":"BreadcrumbList","@id":"https:\/\/elregionalvm.com.ar\/noticias-villa-maria\/estimulo-para-el-comercio-local-del-al-16-de-noviembre-se-realizara-la-segunda-edicion-del-villa-maria-sale\/#breadcrumb","itemListElement":[{"@type":"ListItem","position":1,"name":"Portada","item":"https:\/\/elregionalvm.com.ar\/noticias-villa-maria\/"},{"@type":"ListItem","position":2,"name":"Est\u00edmulo para el comercio local: del al 16 de noviembre se realizar\u00e1 la segunda edici\u00f3n del \u00abVilla Mar\u00eda Sale\u00bb"}]},{"@type":"WebSite","@id":"http:\/\/elregionalvm.com.ar\/noticias-villa-maria\/#website","url":"http:\/\/elregionalvm.com.ar\/noticias-villa-maria\/","name":"El Regional","description":"Mucho m\u00e1s que informaci\u00f3n","potentialAction":[{"@type":"SearchAction","target":{"@type":"EntryPoint","urlTemplate":"http:\/\/elregionalvm.com.ar\/noticias-villa-maria\/?s={search_term_string}"},"query-input":{"@type":"PropertyValueSpecification","valueRequired":true,"valueName":"search_term_string"}}],"inLanguage":"es"},{"@type":"Person","@id":"http:\/\/elregionalvm.com.ar\/noticias-villa-maria\/#\/schema\/person\/a0fb9c422317faca23d50163151bc354","name":"Contenidos El Regional","image":{"@type":"ImageObject","inLanguage":"es","@id":"http:\/\/elregionalvm.com.ar\/noticias-villa-maria\/#\/schema\/person\/image\/","url":"https:\/\/secure.gravatar.com\/avatar\/265b27cb2209af7bb3a1318f03305787d7981a5cc6e6cd08fe5a4ecdf99d4b48?s=96&d=mm&r=g","contentUrl":"https:\/\/secure.gravatar.com\/avatar\/265b27cb2209af7bb3a1318f03305787d7981a5cc6e6cd08fe5a4ecdf99d4b48?s=96&d=mm&r=g","caption":"Contenidos El Regional"},"url":"https:\/\/elregionalvm.com.ar\/noticias-villa-maria\/author\/contenido\/"}]}},"jetpack_featured_media_url":"https:\/\/i0.wp.com\/elregionalvm.com.ar\/noticias-villa-maria\/wp-content\/uploads\/2024\/10\/WhatsApp-Image-2024-10-14-at-11.11.22.jpeg?fit=1080%2C1080&ssl=1","jetpack_sharing_enabled":true,"_links":{"self":[{"href":"https:\/\/elregionalvm.com.ar\/noticias-villa-maria\/wp-json\/wp\/v2\/posts\/99648","targetHints":{"allow":["GET"]}}],"collection":[{"href":"https:\/\/elregionalvm.com.ar\/noticias-villa-maria\/wp-json\/wp\/v2\/posts"}],"about":[{"href":"https:\/\/elregionalvm.com.ar\/noticias-villa-maria\/wp-json\/wp\/v2\/types\/post"}],"author":[{"embeddable":true,"href":"https:\/\/elregionalvm.com.ar\/noticias-villa-maria\/wp-json\/wp\/v2\/users\/4"}],"replies":[{"embeddable":true,"href":"https:\/\/elregionalvm.com.ar\/noticias-villa-maria\/wp-json\/wp\/v2\/comments?post=99648"}],"version-history":[{"count":1,"href":"https:\/\/elregionalvm.com.ar\/noticias-villa-maria\/wp-json\/wp\/v2\/posts\/99648\/revisions"}],"predecessor-version":[{"id":99652,"href":"https:\/\/elregionalvm.com.ar\/noticias-villa-maria\/wp-json\/wp\/v2\/posts\/99648\/revisions\/99652"}],"wp:featuredmedia":[{"embeddable":true,"href":"https:\/\/elregionalvm.com.ar\/noticias-villa-maria\/wp-json\/wp\/v2\/media\/99649"}],"wp:attachment":[{"href":"https:\/\/elregionalvm.com.ar\/noticias-villa-maria\/wp-json\/wp\/v2\/media?parent=99648"}],"wp:term":[{"taxonomy":"category","embeddable":true,"href":"https:\/\/elregionalvm.com.ar\/noticias-villa-maria\/wp-json\/wp\/v2\/categories?post=99648"},{"taxonomy":"post_tag","embeddable":true,"href":"https:\/\/elregionalvm.com.ar\/noticias-villa-maria\/wp-json\/wp\/v2\/tags?post=99648"}],"curies":[{"name":"wp","href":"https:\/\/api.w.org\/{rel}","templated":true}]}}