{"id":99653,"date":"2024-10-14T23:40:55","date_gmt":"2024-10-14T23:40:55","guid":{"rendered":"https:\/\/elregionalvm.com.ar\/noticias-villa-maria\/?p=99653"},"modified":"2024-10-15T03:01:27","modified_gmt":"2024-10-15T03:01:27","slug":"cordoba-sera-sede-del-4-congreso-de-aridos-impulsando-la-mineria-para-construir-la-infraestructura-del-futuro-en-argentina","status":"publish","type":"post","link":"https:\/\/elregionalvm.com.ar\/noticias-villa-maria\/cordoba-sera-sede-del-4-congreso-de-aridos-impulsando-la-mineria-para-construir-la-infraestructura-del-futuro-en-argentina\/","title":{"rendered":"C\u00f3rdoba ser\u00e1 sede del 4\u00b0 Congreso de \u00c1ridos: Miner\u00eda para construir la infraestructura del futuro"},"content":{"rendered":"\n<p>Del 23 al 25 de octubre, la ciudad de C\u00f3rdoba ser\u00e1 sede del 4\u00b0 Congreso Argentino de \u00c1ridos, organizado por la C\u00e1mara Empresaria Minera de C\u00f3rdoba, la C\u00e1mara de la Piedra de la Provincia de Buenos Aires y la Federaci\u00f3n Argentina de la Piedra.&nbsp;<\/p>\n\n\n\n<p>Bajo el lema \u201c\u00c1ridos: Miner\u00eda para la infraestructura de la Argentina del futuro\u201d, este evento reunir\u00e1 a empresarios, profesionales, trabajadores y proveedores del sector para discutir las \u00faltimas tendencias y desaf\u00edos de la industria de los \u00e1ridos.<\/p>\n\n\n\n<h3 class=\"wp-block-heading\"><strong>Innovaci\u00f3n, sostenibilidad y regulaciones: los pilares del Congreso<\/strong><\/h3>\n\n\n\n<p>A lo largo de tres jornadas, se discutir\u00e1 el impacto de las nuevas tecnolog\u00edas, como la automatizaci\u00f3n, inteligencia artificial y maquinaria eficiente que permiten mejorar la productividad, reduciendo al mismo tiempo el impacto ambiental. Asimismo, se explorar\u00e1n las pr\u00e1cticas sostenibles, como la reducci\u00f3n de emisiones y la gesti\u00f3n de residuos, que son fundamentales para el desarrollo del sector de manera responsable.<\/p>\n\n\n\n<p>Otro tema clave ser\u00e1 el an\u00e1lisis de las nuevas normativas y regulaciones que afectan a la industria minera, brindando a las empresas una gu\u00eda para adaptarse a los cambios legislativos sin comprometer su competitividad. Adem\u00e1s, se abordar\u00e1n los desaf\u00edos log\u00edsticos que enfrenta el transporte de grandes vol\u00famenes de \u00e1ridos y c\u00f3mo la industria puede optimizar la cadena de suministro.<\/p>\n\n\n\n<h3 class=\"wp-block-heading\"><strong>Oradores destacados<\/strong><\/h3>\n\n\n\n<p>El Congreso contar\u00e1 con la participaci\u00f3n de m\u00e1s de 28 expositores nacionales e internacionales de alto nivel, quienes aportar\u00e1n su visi\u00f3n sobre las tendencias globales y los desaf\u00edos pol\u00edticos y econ\u00f3micos que enfrenta la industria.<\/p>\n\n\n\n<p>Entre los principales ponentes internacionales se destaca Jim O\u2019Brien, Presidente de GAIN, quien compartir\u00e1 su visi\u00f3n sobre las mejores pr\u00e1cticas globales en sostenibilidad para la industria de los \u00e1ridos. Tambi\u00e9n participar\u00e1 C\u00e9sar Luaces Frades, ingeniero de minas y director de la Federaci\u00f3n de \u00c1ridos de Espa\u00f1a y de la Federaci\u00f3n Iberoamericana de Productores de \u00c1ridos (FIPA). A nivel nacional, el evento contar\u00e1 con Roberto Cacciola, presidente de la C\u00e1mara Argentina de Empresarios Mineros (CAEM), y H\u00e9ctor Laplace, secretario general de la Asociaci\u00f3n Obrera Minera Argentina (AOMA), quienes abordar\u00e1n la situaci\u00f3n pol\u00edtica y econ\u00f3mica del sector.<\/p>\n\n\n\n<p>Otros especialistas como Ra\u00fal Javier Rodr\u00edguez, experto en derecho minero y presidente de la C\u00e1mara de Empresarios Mineros de Mendoza (CaMEM), y Silvina Andrea Marfil, doctora en Geolog\u00eda, se sumar\u00e1n a la agenda con sus perspectivas sobre la industria de los \u00e1ridos en Argentina. .<\/p>\n\n\n\n<h3 class=\"wp-block-heading\"><strong>Expo comercial y oportunidades de networking<\/strong><\/h3>\n\n\n\n<p>Adem\u00e1s de las charlas y paneles, el evento contar\u00e1 con una exposici\u00f3n comercial donde m\u00e1s de 30 empresas del sector exhibir\u00e1n las \u00faltimas tecnolog\u00edas, maquinaria y servicios sostenibles para la industria. Los asistentes tendr\u00e1n la oportunidad de conectarse con proveedores y conocer las soluciones m\u00e1s innovadoras para optimizar sus operaciones. El Congreso ofrecer\u00e1 m\u00faltiples espacios de networking para que empresarios y profesionales del sector fortalezcan v\u00ednculos y exploren nuevas oportunidades de colaboraci\u00f3n.<\/p>\n\n\n\n<h3 class=\"wp-block-heading\"><strong>Eventos paralelos: encuentro GAIN y Asamblea de COFEMIN<\/strong><\/h3>\n\n\n\n<p>En el marco del Congreso, se celebrar\u00e1n dos eventos clave para la industria: El 7\u00b0 Encuentro GAIN (Global Aggregates Information Network), una red internacional de asociaciones de \u00e1ridos, se realizar\u00e1 con el objetivo de compartir experiencias y pr\u00e1cticas sostenibles a nivel global. Adem\u00e1s, se llevar\u00e1 a cabo la 50\u00b0 Asamblea del Consejo Federal de Miner\u00eda (COFEMIN), donde se llevar\u00e1 a cabo la elecci\u00f3n de las nuevas autoridades del Consejo.&nbsp;<\/p>\n\n\n\n<h4 class=\"wp-block-heading\"><strong>Informaci\u00f3n del Congreso y Expo<\/strong><\/h4>\n\n\n\n<ul class=\"wp-block-list\">\n<li>Fecha: Del 23 al 25 de octubre de 2024<\/li>\n\n\n\n<li>Lugar: Hotel Quinto Centenario, C\u00f3rdoba<\/li>\n\n\n\n<li>Entrada: Libre y gratuita, con inscripci\u00f3n previa en este enlace\u00a0<a href=\"https:\/\/congresodearidos.com.ar\/inscripciones\/\" target=\"_blank\" rel=\"noreferrer noopener\">https:\/\/congresodearidos.com.ar\/inscripciones\/<\/a>\u00a0<\/li>\n<\/ul>\n\n\n\n<p>El 4\u00b0 Congreso Argentino de \u00c1ridos es una oportunidad \u00fanica para que C\u00f3rdoba refuerce su liderazgo en la miner\u00eda y metalmec\u00e1nica, impulsando la adopci\u00f3n de nuevas tecnolog\u00edas y pr\u00e1cticas sostenibles que posicionan a la provincia como un referente en la construcci\u00f3n de la infraestructura del futuro.<\/p>\n","protected":false},"excerpt":{"rendered":"<p>Del 23 al 25 de octubre, la ciudad de C\u00f3rdoba ser\u00e1 sede del 4\u00b0 Congreso Argentino de \u00c1ridos, organizado por la C\u00e1mara Empresaria Minera de C\u00f3rdoba, la C\u00e1mara de la Piedra de la Provincia de Buenos Aires y la Federaci\u00f3n Argentina de la Piedra.&nbsp; Bajo el lema \u201c\u00c1ridos: Miner\u00eda para la infraestructura de la Argentina [&hellip;]<\/p>\n","protected":false},"author":4,"featured_media":99654,"comment_status":"open","ping_status":"open","sticky":false,"template":"","format":"standard","meta":{"site-sidebar-layout":"default","site-content-layout":"","ast-site-content-layout":"default","site-content-style":"default","site-sidebar-style":"default","ast-global-header-display":"","ast-banner-title-visibility":"","ast-main-header-display":"","ast-hfb-above-header-display":"","ast-hfb-below-header-display":"","ast-hfb-mobile-header-display":"","site-post-title":"","ast-breadcrumbs-content":"","ast-featured-img":"","footer-sml-layout":"","ast-disable-related-posts":"","theme-transparent-header-meta":"","adv-header-id-meta":"","stick-header-meta":"","header-above-stick-meta":"","header-main-stick-meta":"","header-below-stick-meta":"","astra-migrate-meta-layouts":"set","ast-page-background-enabled":"default","ast-page-background-meta":{"desktop":{"background-color":"","background-image":"","background-repeat":"repeat","background-position":"center center","background-size":"auto","background-attachment":"scroll","background-type":"","background-media":"","overlay-type":"","overlay-color":"","overlay-opacity":"","overlay-gradient":""},"tablet":{"background-color":"","background-image":"","background-repeat":"repeat","background-position":"center center","background-size":"auto","background-attachment":"scroll","background-type":"","background-media":"","overlay-type":"","overlay-color":"","overlay-opacity":"","overlay-gradient":""},"mobile":{"background-color":"","background-image":"","background-repeat":"repeat","background-position":"center center","background-size":"auto","background-attachment":"scroll","background-type":"","background-media":"","overlay-type":"","overlay-color":"","overlay-opacity":"","overlay-gradient":""}},"ast-content-background-meta":{"desktop":{"background-color":"var(--ast-global-color-5)","background-image":"","background-repeat":"repeat","background-position":"center center","background-size":"auto","background-attachment":"scroll","background-type":"","background-media":"","overlay-type":"","overlay-color":"","overlay-opacity":"","overlay-gradient":""},"tablet":{"background-color":"var(--ast-global-color-5)","background-image":"","background-repeat":"repeat","background-position":"center center","background-size":"auto","background-attachment":"scroll","background-type":"","background-media":"","overlay-type":"","overlay-color":"","overlay-opacity":"","overlay-gradient":""},"mobile":{"background-color":"var(--ast-global-color-5)","background-image":"","background-repeat":"repeat","background-position":"center center","background-size":"auto","background-attachment":"scroll","background-type":"","background-media":"","overlay-type":"","overlay-color":"","overlay-opacity":"","overlay-gradient":""}},"_jetpack_memberships_contains_paid_content":false,"_joinchat":[],"footnotes":""},"categories":[15302,16095,5],"tags":[],"class_list":["post-99653","post","type-post","status-publish","format-standard","has-post-thumbnail","hentry","category-destacado","category-provinciales","category-sociedad"],"yoast_head":"<!-- This site is optimized with the Yoast SEO plugin v26.8 - https:\/\/yoast.com\/product\/yoast-seo-wordpress\/ -->\n<title>C\u00f3rdoba ser\u00e1 sede del 4\u00b0 Congreso de \u00c1ridos: Miner\u00eda para construir la infraestructura del futuro - El Regional<\/title>\n<meta name=\"robots\" content=\"index, follow, max-snippet:-1, max-image-preview:large, max-video-preview:-1\" \/>\n<link rel=\"canonical\" href=\"https:\/\/elregionalvm.com.ar\/noticias-villa-maria\/cordoba-sera-sede-del-4-congreso-de-aridos-impulsando-la-mineria-para-construir-la-infraestructura-del-futuro-en-argentina\/\" \/>\n<meta property=\"og:locale\" content=\"es_ES\" \/>\n<meta property=\"og:type\" content=\"article\" \/>\n<meta property=\"og:title\" content=\"C\u00f3rdoba ser\u00e1 sede del 4\u00b0 Congreso de \u00c1ridos: Miner\u00eda para construir la infraestructura del futuro - El Regional\" \/>\n<meta property=\"og:description\" content=\"Del 23 al 25 de octubre, la ciudad de C\u00f3rdoba ser\u00e1 sede del 4\u00b0 Congreso Argentino de \u00c1ridos, organizado por la C\u00e1mara Empresaria Minera de C\u00f3rdoba, la C\u00e1mara de la Piedra de la Provincia de Buenos Aires y la Federaci\u00f3n Argentina de la Piedra.&nbsp; Bajo el lema \u201c\u00c1ridos: Miner\u00eda para la infraestructura de la Argentina [&hellip;]\" \/>\n<meta property=\"og:url\" content=\"https:\/\/elregionalvm.com.ar\/noticias-villa-maria\/cordoba-sera-sede-del-4-congreso-de-aridos-impulsando-la-mineria-para-construir-la-infraestructura-del-futuro-en-argentina\/\" \/>\n<meta property=\"og:site_name\" content=\"El Regional\" \/>\n<meta property=\"article:publisher\" content=\"https:\/\/www.facebook.com\/elregionalvm\" \/>\n<meta property=\"article:published_time\" content=\"2024-10-14T23:40:55+00:00\" \/>\n<meta property=\"article:modified_time\" content=\"2024-10-15T03:01:27+00:00\" \/>\n<meta property=\"og:image\" content=\"https:\/\/elregionalvm.com.ar\/noticias-villa-maria\/wp-content\/uploads\/2024\/10\/3-20.png\" \/>\n\t<meta property=\"og:image:width\" content=\"990\" \/>\n\t<meta property=\"og:image:height\" content=\"663\" \/>\n\t<meta property=\"og:image:type\" content=\"image\/png\" \/>\n<meta name=\"author\" content=\"Contenidos El Regional\" \/>\n<meta name=\"twitter:card\" content=\"summary_large_image\" \/>\n<meta name=\"twitter:creator\" content=\"@elregionalvm1\" \/>\n<meta name=\"twitter:site\" content=\"@elregionalvm1\" \/>\n<meta name=\"twitter:label1\" content=\"Escrito por\" \/>\n\t<meta name=\"twitter:data1\" content=\"Contenidos El Regional\" \/>\n\t<meta name=\"twitter:label2\" content=\"Tiempo de lectura\" \/>\n\t<meta name=\"twitter:data2\" content=\"4 minutos\" \/>\n<script type=\"application\/ld+json\" class=\"yoast-schema-graph\">{\"@context\":\"https:\/\/schema.org\",\"@graph\":[{\"@type\":\"Article\",\"@id\":\"https:\/\/elregionalvm.com.ar\/noticias-villa-maria\/cordoba-sera-sede-del-4-congreso-de-aridos-impulsando-la-mineria-para-construir-la-infraestructura-del-futuro-en-argentina\/#article\",\"isPartOf\":{\"@id\":\"https:\/\/elregionalvm.com.ar\/noticias-villa-maria\/cordoba-sera-sede-del-4-congreso-de-aridos-impulsando-la-mineria-para-construir-la-infraestructura-del-futuro-en-argentina\/\"},\"author\":{\"name\":\"Contenidos El Regional\",\"@id\":\"http:\/\/elregionalvm.com.ar\/noticias-villa-maria\/#\/schema\/person\/a0fb9c422317faca23d50163151bc354\"},\"headline\":\"C\u00f3rdoba ser\u00e1 sede del 4\u00b0 Congreso de \u00c1ridos: Miner\u00eda para construir la infraestructura del futuro\",\"datePublished\":\"2024-10-14T23:40:55+00:00\",\"dateModified\":\"2024-10-15T03:01:27+00:00\",\"mainEntityOfPage\":{\"@id\":\"https:\/\/elregionalvm.com.ar\/noticias-villa-maria\/cordoba-sera-sede-del-4-congreso-de-aridos-impulsando-la-mineria-para-construir-la-infraestructura-del-futuro-en-argentina\/\"},\"wordCount\":701,\"commentCount\":0,\"image\":{\"@id\":\"https:\/\/elregionalvm.com.ar\/noticias-villa-maria\/cordoba-sera-sede-del-4-congreso-de-aridos-impulsando-la-mineria-para-construir-la-infraestructura-del-futuro-en-argentina\/#primaryimage\"},\"thumbnailUrl\":\"https:\/\/i0.wp.com\/elregionalvm.com.ar\/noticias-villa-maria\/wp-content\/uploads\/2024\/10\/3-20.png?fit=990%2C663&ssl=1\",\"articleSection\":[\"destacado\",\"Provinciales\",\"Sociedad\"],\"inLanguage\":\"es\",\"potentialAction\":[{\"@type\":\"CommentAction\",\"name\":\"Comment\",\"target\":[\"https:\/\/elregionalvm.com.ar\/noticias-villa-maria\/cordoba-sera-sede-del-4-congreso-de-aridos-impulsando-la-mineria-para-construir-la-infraestructura-del-futuro-en-argentina\/#respond\"]}]},{\"@type\":\"WebPage\",\"@id\":\"https:\/\/elregionalvm.com.ar\/noticias-villa-maria\/cordoba-sera-sede-del-4-congreso-de-aridos-impulsando-la-mineria-para-construir-la-infraestructura-del-futuro-en-argentina\/\",\"url\":\"https:\/\/elregionalvm.com.ar\/noticias-villa-maria\/cordoba-sera-sede-del-4-congreso-de-aridos-impulsando-la-mineria-para-construir-la-infraestructura-del-futuro-en-argentina\/\",\"name\":\"C\u00f3rdoba ser\u00e1 sede del 4\u00b0 Congreso de \u00c1ridos: Miner\u00eda para construir la infraestructura del futuro - El Regional\",\"isPartOf\":{\"@id\":\"http:\/\/elregionalvm.com.ar\/noticias-villa-maria\/#website\"},\"primaryImageOfPage\":{\"@id\":\"https:\/\/elregionalvm.com.ar\/noticias-villa-maria\/cordoba-sera-sede-del-4-congreso-de-aridos-impulsando-la-mineria-para-construir-la-infraestructura-del-futuro-en-argentina\/#primaryimage\"},\"image\":{\"@id\":\"https:\/\/elregionalvm.com.ar\/noticias-villa-maria\/cordoba-sera-sede-del-4-congreso-de-aridos-impulsando-la-mineria-para-construir-la-infraestructura-del-futuro-en-argentina\/#primaryimage\"},\"thumbnailUrl\":\"https:\/\/i0.wp.com\/elregionalvm.com.ar\/noticias-villa-maria\/wp-content\/uploads\/2024\/10\/3-20.png?fit=990%2C663&ssl=1\",\"datePublished\":\"2024-10-14T23:40:55+00:00\",\"dateModified\":\"2024-10-15T03:01:27+00:00\",\"author\":{\"@id\":\"http:\/\/elregionalvm.com.ar\/noticias-villa-maria\/#\/schema\/person\/a0fb9c422317faca23d50163151bc354\"},\"breadcrumb\":{\"@id\":\"https:\/\/elregionalvm.com.ar\/noticias-villa-maria\/cordoba-sera-sede-del-4-congreso-de-aridos-impulsando-la-mineria-para-construir-la-infraestructura-del-futuro-en-argentina\/#breadcrumb\"},\"inLanguage\":\"es\",\"potentialAction\":[{\"@type\":\"ReadAction\",\"target\":[\"https:\/\/elregionalvm.com.ar\/noticias-villa-maria\/cordoba-sera-sede-del-4-congreso-de-aridos-impulsando-la-mineria-para-construir-la-infraestructura-del-futuro-en-argentina\/\"]}]},{\"@type\":\"ImageObject\",\"inLanguage\":\"es\",\"@id\":\"https:\/\/elregionalvm.com.ar\/noticias-villa-maria\/cordoba-sera-sede-del-4-congreso-de-aridos-impulsando-la-mineria-para-construir-la-infraestructura-del-futuro-en-argentina\/#primaryimage\",\"url\":\"https:\/\/i0.wp.com\/elregionalvm.com.ar\/noticias-villa-maria\/wp-content\/uploads\/2024\/10\/3-20.png?fit=990%2C663&ssl=1\",\"contentUrl\":\"https:\/\/i0.wp.com\/elregionalvm.com.ar\/noticias-villa-maria\/wp-content\/uploads\/2024\/10\/3-20.png?fit=990%2C663&ssl=1\",\"width\":990,\"height\":663},{\"@type\":\"BreadcrumbList\",\"@id\":\"https:\/\/elregionalvm.com.ar\/noticias-villa-maria\/cordoba-sera-sede-del-4-congreso-de-aridos-impulsando-la-mineria-para-construir-la-infraestructura-del-futuro-en-argentina\/#breadcrumb\",\"itemListElement\":[{\"@type\":\"ListItem\",\"position\":1,\"name\":\"Portada\",\"item\":\"https:\/\/elregionalvm.com.ar\/noticias-villa-maria\/\"},{\"@type\":\"ListItem\",\"position\":2,\"name\":\"C\u00f3rdoba ser\u00e1 sede del 4\u00b0 Congreso de \u00c1ridos: Miner\u00eda para construir la infraestructura del futuro\"}]},{\"@type\":\"WebSite\",\"@id\":\"http:\/\/elregionalvm.com.ar\/noticias-villa-maria\/#website\",\"url\":\"http:\/\/elregionalvm.com.ar\/noticias-villa-maria\/\",\"name\":\"El Regional\",\"description\":\"Mucho m\u00e1s que informaci\u00f3n\",\"potentialAction\":[{\"@type\":\"SearchAction\",\"target\":{\"@type\":\"EntryPoint\",\"urlTemplate\":\"http:\/\/elregionalvm.com.ar\/noticias-villa-maria\/?s={search_term_string}\"},\"query-input\":{\"@type\":\"PropertyValueSpecification\",\"valueRequired\":true,\"valueName\":\"search_term_string\"}}],\"inLanguage\":\"es\"},{\"@type\":\"Person\",\"@id\":\"http:\/\/elregionalvm.com.ar\/noticias-villa-maria\/#\/schema\/person\/a0fb9c422317faca23d50163151bc354\",\"name\":\"Contenidos El Regional\",\"image\":{\"@type\":\"ImageObject\",\"inLanguage\":\"es\",\"@id\":\"http:\/\/elregionalvm.com.ar\/noticias-villa-maria\/#\/schema\/person\/image\/\",\"url\":\"https:\/\/secure.gravatar.com\/avatar\/265b27cb2209af7bb3a1318f03305787d7981a5cc6e6cd08fe5a4ecdf99d4b48?s=96&d=mm&r=g\",\"contentUrl\":\"https:\/\/secure.gravatar.com\/avatar\/265b27cb2209af7bb3a1318f03305787d7981a5cc6e6cd08fe5a4ecdf99d4b48?s=96&d=mm&r=g\",\"caption\":\"Contenidos El Regional\"},\"url\":\"https:\/\/elregionalvm.com.ar\/noticias-villa-maria\/author\/contenido\/\"}]}<\/script>\n<!-- \/ Yoast SEO plugin. -->","yoast_head_json":{"title":"C\u00f3rdoba ser\u00e1 sede del 4\u00b0 Congreso de \u00c1ridos: Miner\u00eda para construir la infraestructura del futuro - El Regional","robots":{"index":"index","follow":"follow","max-snippet":"max-snippet:-1","max-image-preview":"max-image-preview:large","max-video-preview":"max-video-preview:-1"},"canonical":"https:\/\/elregionalvm.com.ar\/noticias-villa-maria\/cordoba-sera-sede-del-4-congreso-de-aridos-impulsando-la-mineria-para-construir-la-infraestructura-del-futuro-en-argentina\/","og_locale":"es_ES","og_type":"article","og_title":"C\u00f3rdoba ser\u00e1 sede del 4\u00b0 Congreso de \u00c1ridos: Miner\u00eda para construir la infraestructura del futuro - El Regional","og_description":"Del 23 al 25 de octubre, la ciudad de C\u00f3rdoba ser\u00e1 sede del 4\u00b0 Congreso Argentino de \u00c1ridos, organizado por la C\u00e1mara Empresaria Minera de C\u00f3rdoba, la C\u00e1mara de la Piedra de la Provincia de Buenos Aires y la Federaci\u00f3n Argentina de la Piedra.&nbsp; Bajo el lema \u201c\u00c1ridos: Miner\u00eda para la infraestructura de la Argentina [&hellip;]","og_url":"https:\/\/elregionalvm.com.ar\/noticias-villa-maria\/cordoba-sera-sede-del-4-congreso-de-aridos-impulsando-la-mineria-para-construir-la-infraestructura-del-futuro-en-argentina\/","og_site_name":"El Regional","article_publisher":"https:\/\/www.facebook.com\/elregionalvm","article_published_time":"2024-10-14T23:40:55+00:00","article_modified_time":"2024-10-15T03:01:27+00:00","og_image":[{"width":990,"height":663,"url":"https:\/\/elregionalvm.com.ar\/noticias-villa-maria\/wp-content\/uploads\/2024\/10\/3-20.png","type":"image\/png"}],"author":"Contenidos El Regional","twitter_card":"summary_large_image","twitter_creator":"@elregionalvm1","twitter_site":"@elregionalvm1","twitter_misc":{"Escrito por":"Contenidos El Regional","Tiempo de lectura":"4 minutos"},"schema":{"@context":"https:\/\/schema.org","@graph":[{"@type":"Article","@id":"https:\/\/elregionalvm.com.ar\/noticias-villa-maria\/cordoba-sera-sede-del-4-congreso-de-aridos-impulsando-la-mineria-para-construir-la-infraestructura-del-futuro-en-argentina\/#article","isPartOf":{"@id":"https:\/\/elregionalvm.com.ar\/noticias-villa-maria\/cordoba-sera-sede-del-4-congreso-de-aridos-impulsando-la-mineria-para-construir-la-infraestructura-del-futuro-en-argentina\/"},"author":{"name":"Contenidos El Regional","@id":"http:\/\/elregionalvm.com.ar\/noticias-villa-maria\/#\/schema\/person\/a0fb9c422317faca23d50163151bc354"},"headline":"C\u00f3rdoba ser\u00e1 sede del 4\u00b0 Congreso de \u00c1ridos: Miner\u00eda para construir la infraestructura del futuro","datePublished":"2024-10-14T23:40:55+00:00","dateModified":"2024-10-15T03:01:27+00:00","mainEntityOfPage":{"@id":"https:\/\/elregionalvm.com.ar\/noticias-villa-maria\/cordoba-sera-sede-del-4-congreso-de-aridos-impulsando-la-mineria-para-construir-la-infraestructura-del-futuro-en-argentina\/"},"wordCount":701,"commentCount":0,"image":{"@id":"https:\/\/elregionalvm.com.ar\/noticias-villa-maria\/cordoba-sera-sede-del-4-congreso-de-aridos-impulsando-la-mineria-para-construir-la-infraestructura-del-futuro-en-argentina\/#primaryimage"},"thumbnailUrl":"https:\/\/i0.wp.com\/elregionalvm.com.ar\/noticias-villa-maria\/wp-content\/uploads\/2024\/10\/3-20.png?fit=990%2C663&ssl=1","articleSection":["destacado","Provinciales","Sociedad"],"inLanguage":"es","potentialAction":[{"@type":"CommentAction","name":"Comment","target":["https:\/\/elregionalvm.com.ar\/noticias-villa-maria\/cordoba-sera-sede-del-4-congreso-de-aridos-impulsando-la-mineria-para-construir-la-infraestructura-del-futuro-en-argentina\/#respond"]}]},{"@type":"WebPage","@id":"https:\/\/elregionalvm.com.ar\/noticias-villa-maria\/cordoba-sera-sede-del-4-congreso-de-aridos-impulsando-la-mineria-para-construir-la-infraestructura-del-futuro-en-argentina\/","url":"https:\/\/elregionalvm.com.ar\/noticias-villa-maria\/cordoba-sera-sede-del-4-congreso-de-aridos-impulsando-la-mineria-para-construir-la-infraestructura-del-futuro-en-argentina\/","name":"C\u00f3rdoba ser\u00e1 sede del 4\u00b0 Congreso de \u00c1ridos: Miner\u00eda para construir la infraestructura del futuro - El Regional","isPartOf":{"@id":"http:\/\/elregionalvm.com.ar\/noticias-villa-maria\/#website"},"primaryImageOfPage":{"@id":"https:\/\/elregionalvm.com.ar\/noticias-villa-maria\/cordoba-sera-sede-del-4-congreso-de-aridos-impulsando-la-mineria-para-construir-la-infraestructura-del-futuro-en-argentina\/#primaryimage"},"image":{"@id":"https:\/\/elregionalvm.com.ar\/noticias-villa-maria\/cordoba-sera-sede-del-4-congreso-de-aridos-impulsando-la-mineria-para-construir-la-infraestructura-del-futuro-en-argentina\/#primaryimage"},"thumbnailUrl":"https:\/\/i0.wp.com\/elregionalvm.com.ar\/noticias-villa-maria\/wp-content\/uploads\/2024\/10\/3-20.png?fit=990%2C663&ssl=1","datePublished":"2024-10-14T23:40:55+00:00","dateModified":"2024-10-15T03:01:27+00:00","author":{"@id":"http:\/\/elregionalvm.com.ar\/noticias-villa-maria\/#\/schema\/person\/a0fb9c422317faca23d50163151bc354"},"breadcrumb":{"@id":"https:\/\/elregionalvm.com.ar\/noticias-villa-maria\/cordoba-sera-sede-del-4-congreso-de-aridos-impulsando-la-mineria-para-construir-la-infraestructura-del-futuro-en-argentina\/#breadcrumb"},"inLanguage":"es","potentialAction":[{"@type":"ReadAction","target":["https:\/\/elregionalvm.com.ar\/noticias-villa-maria\/cordoba-sera-sede-del-4-congreso-de-aridos-impulsando-la-mineria-para-construir-la-infraestructura-del-futuro-en-argentina\/"]}]},{"@type":"ImageObject","inLanguage":"es","@id":"https:\/\/elregionalvm.com.ar\/noticias-villa-maria\/cordoba-sera-sede-del-4-congreso-de-aridos-impulsando-la-mineria-para-construir-la-infraestructura-del-futuro-en-argentina\/#primaryimage","url":"https:\/\/i0.wp.com\/elregionalvm.com.ar\/noticias-villa-maria\/wp-content\/uploads\/2024\/10\/3-20.png?fit=990%2C663&ssl=1","contentUrl":"https:\/\/i0.wp.com\/elregionalvm.com.ar\/noticias-villa-maria\/wp-content\/uploads\/2024\/10\/3-20.png?fit=990%2C663&ssl=1","width":990,"height":663},{"@type":"BreadcrumbList","@id":"https:\/\/elregionalvm.com.ar\/noticias-villa-maria\/cordoba-sera-sede-del-4-congreso-de-aridos-impulsando-la-mineria-para-construir-la-infraestructura-del-futuro-en-argentina\/#breadcrumb","itemListElement":[{"@type":"ListItem","position":1,"name":"Portada","item":"https:\/\/elregionalvm.com.ar\/noticias-villa-maria\/"},{"@type":"ListItem","position":2,"name":"C\u00f3rdoba ser\u00e1 sede del 4\u00b0 Congreso de \u00c1ridos: Miner\u00eda para construir la infraestructura del futuro"}]},{"@type":"WebSite","@id":"http:\/\/elregionalvm.com.ar\/noticias-villa-maria\/#website","url":"http:\/\/elregionalvm.com.ar\/noticias-villa-maria\/","name":"El Regional","description":"Mucho m\u00e1s que informaci\u00f3n","potentialAction":[{"@type":"SearchAction","target":{"@type":"EntryPoint","urlTemplate":"http:\/\/elregionalvm.com.ar\/noticias-villa-maria\/?s={search_term_string}"},"query-input":{"@type":"PropertyValueSpecification","valueRequired":true,"valueName":"search_term_string"}}],"inLanguage":"es"},{"@type":"Person","@id":"http:\/\/elregionalvm.com.ar\/noticias-villa-maria\/#\/schema\/person\/a0fb9c422317faca23d50163151bc354","name":"Contenidos El Regional","image":{"@type":"ImageObject","inLanguage":"es","@id":"http:\/\/elregionalvm.com.ar\/noticias-villa-maria\/#\/schema\/person\/image\/","url":"https:\/\/secure.gravatar.com\/avatar\/265b27cb2209af7bb3a1318f03305787d7981a5cc6e6cd08fe5a4ecdf99d4b48?s=96&d=mm&r=g","contentUrl":"https:\/\/secure.gravatar.com\/avatar\/265b27cb2209af7bb3a1318f03305787d7981a5cc6e6cd08fe5a4ecdf99d4b48?s=96&d=mm&r=g","caption":"Contenidos El Regional"},"url":"https:\/\/elregionalvm.com.ar\/noticias-villa-maria\/author\/contenido\/"}]}},"jetpack_featured_media_url":"https:\/\/i0.wp.com\/elregionalvm.com.ar\/noticias-villa-maria\/wp-content\/uploads\/2024\/10\/3-20.png?fit=990%2C663&ssl=1","jetpack_sharing_enabled":true,"_links":{"self":[{"href":"https:\/\/elregionalvm.com.ar\/noticias-villa-maria\/wp-json\/wp\/v2\/posts\/99653","targetHints":{"allow":["GET"]}}],"collection":[{"href":"https:\/\/elregionalvm.com.ar\/noticias-villa-maria\/wp-json\/wp\/v2\/posts"}],"about":[{"href":"https:\/\/elregionalvm.com.ar\/noticias-villa-maria\/wp-json\/wp\/v2\/types\/post"}],"author":[{"embeddable":true,"href":"https:\/\/elregionalvm.com.ar\/noticias-villa-maria\/wp-json\/wp\/v2\/users\/4"}],"replies":[{"embeddable":true,"href":"https:\/\/elregionalvm.com.ar\/noticias-villa-maria\/wp-json\/wp\/v2\/comments?post=99653"}],"version-history":[{"count":2,"href":"https:\/\/elregionalvm.com.ar\/noticias-villa-maria\/wp-json\/wp\/v2\/posts\/99653\/revisions"}],"predecessor-version":[{"id":99677,"href":"https:\/\/elregionalvm.com.ar\/noticias-villa-maria\/wp-json\/wp\/v2\/posts\/99653\/revisions\/99677"}],"wp:featuredmedia":[{"embeddable":true,"href":"https:\/\/elregionalvm.com.ar\/noticias-villa-maria\/wp-json\/wp\/v2\/media\/99654"}],"wp:attachment":[{"href":"https:\/\/elregionalvm.com.ar\/noticias-villa-maria\/wp-json\/wp\/v2\/media?parent=99653"}],"wp:term":[{"taxonomy":"category","embeddable":true,"href":"https:\/\/elregionalvm.com.ar\/noticias-villa-maria\/wp-json\/wp\/v2\/categories?post=99653"},{"taxonomy":"post_tag","embeddable":true,"href":"https:\/\/elregionalvm.com.ar\/noticias-villa-maria\/wp-json\/wp\/v2\/tags?post=99653"}],"curies":[{"name":"wp","href":"https:\/\/api.w.org\/{rel}","templated":true}]}}