{"id":99656,"date":"2024-10-14T23:42:32","date_gmt":"2024-10-14T23:42:32","guid":{"rendered":"https:\/\/elregionalvm.com.ar\/noticias-villa-maria\/?p=99656"},"modified":"2024-10-14T23:42:34","modified_gmt":"2024-10-14T23:42:34","slug":"villa-maria-registro-un-92-de-ocupacion-hotelera-en-el-fin-de-semana-largo","status":"publish","type":"post","link":"https:\/\/elregionalvm.com.ar\/noticias-villa-maria\/villa-maria-registro-un-92-de-ocupacion-hotelera-en-el-fin-de-semana-largo\/","title":{"rendered":"Villa Mar\u00eda registr\u00f3 un 92% de ocupaci\u00f3n hotelera en el fin de semana largo"},"content":{"rendered":"\n<p>Villa Mar\u00eda Deporte y Turismo informa que este fin de semana largo se registr\u00f3 un 92% de ocupaci\u00f3n hotelera en la ciudad.<\/p>\n\n\n\n<p>Cabe destacar que, durante los mencionados d\u00edas en Villa Mar\u00eda se realizaron diferentes actividades y encuentros que permitieron impulsar este importante flujo de visitantes, motivados por el Challenger 100 de Tenis que se desarroll\u00f3 en el Sport Social Club como as\u00ed tambi\u00e9n la ciudad fue escenario de un Encuentro Nacional e Internacional de Radioaficionados y el Encuentro Nacional de Guitarras \u00abVibrato\u00bb, entre otras actividades.<\/p>\n\n\n\n<figure class=\"wp-block-image size-large\"><img data-recalc-dims=\"1\" fetchpriority=\"high\" decoding=\"async\" width=\"1024\" height=\"683\" src=\"https:\/\/i0.wp.com\/elregionalvm.com.ar\/noticias-villa-maria\/wp-content\/uploads\/2024\/10\/WhatsApp-Image-2024-10-13-at-13.15.26-1.jpeg?resize=1024%2C683&#038;ssl=1\" alt=\"\" class=\"wp-image-99657\" srcset=\"https:\/\/i0.wp.com\/elregionalvm.com.ar\/noticias-villa-maria\/wp-content\/uploads\/2024\/10\/WhatsApp-Image-2024-10-13-at-13.15.26-1.jpeg?resize=1024%2C683&amp;ssl=1 1024w, https:\/\/i0.wp.com\/elregionalvm.com.ar\/noticias-villa-maria\/wp-content\/uploads\/2024\/10\/WhatsApp-Image-2024-10-13-at-13.15.26-1.jpeg?resize=300%2C200&amp;ssl=1 300w, https:\/\/i0.wp.com\/elregionalvm.com.ar\/noticias-villa-maria\/wp-content\/uploads\/2024\/10\/WhatsApp-Image-2024-10-13-at-13.15.26-1.jpeg?resize=768%2C512&amp;ssl=1 768w, https:\/\/i0.wp.com\/elregionalvm.com.ar\/noticias-villa-maria\/wp-content\/uploads\/2024\/10\/WhatsApp-Image-2024-10-13-at-13.15.26-1.jpeg?resize=1536%2C1025&amp;ssl=1 1536w, https:\/\/i0.wp.com\/elregionalvm.com.ar\/noticias-villa-maria\/wp-content\/uploads\/2024\/10\/WhatsApp-Image-2024-10-13-at-13.15.26-1.jpeg?w=1589&amp;ssl=1 1589w\" sizes=\"(max-width: 1000px) 100vw, 1000px\" \/><\/figure>\n\n\n\n<p>Estas importantes propuestas permitieron la llegada adem\u00e1s de turistas extranjeros como el caso del Challenger de Tenis, que fue el m\u00e1s importante de la historia del pa\u00eds, donde arribaron personas de M\u00e9xico, Brasil, Uruguay, Bolivia, Ecuador y Per\u00fa como as\u00ed tambi\u00e9n de Pa\u00edses Bajos y Francia.<\/p>\n\n\n\n<p>Mientras que, en el Encuentro de Radioaficionados tambi\u00e9n la ciudad recibi\u00f3 a visitantes de Colombia y Uruguay.<\/p>\n\n\n\n<p>Por su parte y resaltando a Villa Maria como sede de eventos deportivos, el presidente del Ente Villa Mar\u00eda Deporte y Turismo, Alejandro Mana, destac\u00f3 que \u00abtorneos como el Challenger 100 de Tenis en el Sport nos permite estar en la vidriera de todo el pa\u00eds. Esto demuestra que la ciudad est\u00e1 preparada para recibir eventos de nivel internacional y vamos a trabajar junto al Sport para que este torneo y otros de relevancia lleguen a Villa Mar\u00eda y que la ciudad quede como destino en el calendario deportivo del tenis nacional e internacional\u00bb.<\/p>\n\n\n\n<p>Por su parte, el director de Turismo, Dino Gagliese, sostuvo que \u00abVilla Mar\u00eda se sigue posicionando con su amplia oferta de propuestas y actividades, con encuentros deportivos, culturales y art\u00edsticos que permiten que visitantes y turistas la elijan, adem\u00e1s de contar con una moderna infraestructura hotelera, un gran desarrollo comercial, de servicios y sus propios atractivos naturales\u00bb.<\/p>\n","protected":false},"excerpt":{"rendered":"<p>Villa Mar\u00eda Deporte y Turismo informa que este fin de semana largo se registr\u00f3 un 92% de ocupaci\u00f3n hotelera en la ciudad. Cabe destacar que, durante los mencionados d\u00edas en Villa Mar\u00eda se realizaron diferentes actividades y encuentros que permitieron impulsar este importante flujo de visitantes, motivados por el Challenger 100 de Tenis que se [&hellip;]<\/p>\n","protected":false},"author":4,"featured_media":99658,"comment_status":"open","ping_status":"open","sticky":false,"template":"","format":"standard","meta":{"site-sidebar-layout":"default","site-content-layout":"","ast-site-content-layout":"default","site-content-style":"default","site-sidebar-style":"default","ast-global-header-display":"","ast-banner-title-visibility":"","ast-main-header-display":"","ast-hfb-above-header-display":"","ast-hfb-below-header-display":"","ast-hfb-mobile-header-display":"","site-post-title":"","ast-breadcrumbs-content":"","ast-featured-img":"","footer-sml-layout":"","ast-disable-related-posts":"","theme-transparent-header-meta":"","adv-header-id-meta":"","stick-header-meta":"","header-above-stick-meta":"","header-main-stick-meta":"","header-below-stick-meta":"","astra-migrate-meta-layouts":"set","ast-page-background-enabled":"default","ast-page-background-meta":{"desktop":{"background-color":"","background-image":"","background-repeat":"repeat","background-position":"center center","background-size":"auto","background-attachment":"scroll","background-type":"","background-media":"","overlay-type":"","overlay-color":"","overlay-opacity":"","overlay-gradient":""},"tablet":{"background-color":"","background-image":"","background-repeat":"repeat","background-position":"center center","background-size":"auto","background-attachment":"scroll","background-type":"","background-media":"","overlay-type":"","overlay-color":"","overlay-opacity":"","overlay-gradient":""},"mobile":{"background-color":"","background-image":"","background-repeat":"repeat","background-position":"center center","background-size":"auto","background-attachment":"scroll","background-type":"","background-media":"","overlay-type":"","overlay-color":"","overlay-opacity":"","overlay-gradient":""}},"ast-content-background-meta":{"desktop":{"background-color":"var(--ast-global-color-5)","background-image":"","background-repeat":"repeat","background-position":"center center","background-size":"auto","background-attachment":"scroll","background-type":"","background-media":"","overlay-type":"","overlay-color":"","overlay-opacity":"","overlay-gradient":""},"tablet":{"background-color":"var(--ast-global-color-5)","background-image":"","background-repeat":"repeat","background-position":"center center","background-size":"auto","background-attachment":"scroll","background-type":"","background-media":"","overlay-type":"","overlay-color":"","overlay-opacity":"","overlay-gradient":""},"mobile":{"background-color":"var(--ast-global-color-5)","background-image":"","background-repeat":"repeat","background-position":"center center","background-size":"auto","background-attachment":"scroll","background-type":"","background-media":"","overlay-type":"","overlay-color":"","overlay-opacity":"","overlay-gradient":""}},"_jetpack_memberships_contains_paid_content":false,"_joinchat":[],"footnotes":""},"categories":[15302,5,2],"tags":[],"class_list":["post-99656","post","type-post","status-publish","format-standard","has-post-thumbnail","hentry","category-destacado","category-sociedad","category-villa-maria"],"yoast_head":"<!-- This site is optimized with the Yoast SEO plugin v26.8 - https:\/\/yoast.com\/product\/yoast-seo-wordpress\/ -->\n<title>Villa Mar\u00eda registr\u00f3 un 92% de ocupaci\u00f3n hotelera en el fin de semana largo - El Regional<\/title>\n<meta name=\"robots\" content=\"index, follow, max-snippet:-1, max-image-preview:large, max-video-preview:-1\" \/>\n<link rel=\"canonical\" href=\"https:\/\/elregionalvm.com.ar\/noticias-villa-maria\/villa-maria-registro-un-92-de-ocupacion-hotelera-en-el-fin-de-semana-largo\/\" \/>\n<meta property=\"og:locale\" content=\"es_ES\" \/>\n<meta property=\"og:type\" content=\"article\" \/>\n<meta property=\"og:title\" content=\"Villa Mar\u00eda registr\u00f3 un 92% de ocupaci\u00f3n hotelera en el fin de semana largo - El Regional\" \/>\n<meta property=\"og:description\" content=\"Villa Mar\u00eda Deporte y Turismo informa que este fin de semana largo se registr\u00f3 un 92% de ocupaci\u00f3n hotelera en la ciudad. Cabe destacar que, durante los mencionados d\u00edas en Villa Mar\u00eda se realizaron diferentes actividades y encuentros que permitieron impulsar este importante flujo de visitantes, motivados por el Challenger 100 de Tenis que se [&hellip;]\" \/>\n<meta property=\"og:url\" content=\"https:\/\/elregionalvm.com.ar\/noticias-villa-maria\/villa-maria-registro-un-92-de-ocupacion-hotelera-en-el-fin-de-semana-largo\/\" \/>\n<meta property=\"og:site_name\" content=\"El Regional\" \/>\n<meta property=\"article:publisher\" content=\"https:\/\/www.facebook.com\/elregionalvm\" \/>\n<meta property=\"article:published_time\" content=\"2024-10-14T23:42:32+00:00\" \/>\n<meta property=\"article:modified_time\" content=\"2024-10-14T23:42:34+00:00\" \/>\n<meta property=\"og:image\" content=\"https:\/\/elregionalvm.com.ar\/noticias-villa-maria\/wp-content\/uploads\/2024\/10\/WhatsApp-Image-2024-10-13-at-13.15.26.jpeg\" \/>\n\t<meta property=\"og:image:width\" content=\"1089\" \/>\n\t<meta property=\"og:image:height\" content=\"1361\" \/>\n\t<meta property=\"og:image:type\" content=\"image\/jpeg\" \/>\n<meta name=\"author\" content=\"Contenidos El Regional\" \/>\n<meta name=\"twitter:card\" content=\"summary_large_image\" \/>\n<meta name=\"twitter:creator\" content=\"@elregionalvm1\" \/>\n<meta name=\"twitter:site\" content=\"@elregionalvm1\" \/>\n<meta name=\"twitter:label1\" content=\"Escrito por\" \/>\n\t<meta name=\"twitter:data1\" content=\"Contenidos El Regional\" \/>\n\t<meta name=\"twitter:label2\" content=\"Tiempo de lectura\" \/>\n\t<meta name=\"twitter:data2\" content=\"2 minutos\" \/>\n<script type=\"application\/ld+json\" class=\"yoast-schema-graph\">{\"@context\":\"https:\/\/schema.org\",\"@graph\":[{\"@type\":\"Article\",\"@id\":\"https:\/\/elregionalvm.com.ar\/noticias-villa-maria\/villa-maria-registro-un-92-de-ocupacion-hotelera-en-el-fin-de-semana-largo\/#article\",\"isPartOf\":{\"@id\":\"https:\/\/elregionalvm.com.ar\/noticias-villa-maria\/villa-maria-registro-un-92-de-ocupacion-hotelera-en-el-fin-de-semana-largo\/\"},\"author\":{\"name\":\"Contenidos El Regional\",\"@id\":\"http:\/\/elregionalvm.com.ar\/noticias-villa-maria\/#\/schema\/person\/a0fb9c422317faca23d50163151bc354\"},\"headline\":\"Villa Mar\u00eda registr\u00f3 un 92% de ocupaci\u00f3n hotelera en el fin de semana largo\",\"datePublished\":\"2024-10-14T23:42:32+00:00\",\"dateModified\":\"2024-10-14T23:42:34+00:00\",\"mainEntityOfPage\":{\"@id\":\"https:\/\/elregionalvm.com.ar\/noticias-villa-maria\/villa-maria-registro-un-92-de-ocupacion-hotelera-en-el-fin-de-semana-largo\/\"},\"wordCount\":330,\"commentCount\":0,\"image\":{\"@id\":\"https:\/\/elregionalvm.com.ar\/noticias-villa-maria\/villa-maria-registro-un-92-de-ocupacion-hotelera-en-el-fin-de-semana-largo\/#primaryimage\"},\"thumbnailUrl\":\"https:\/\/i0.wp.com\/elregionalvm.com.ar\/noticias-villa-maria\/wp-content\/uploads\/2024\/10\/WhatsApp-Image-2024-10-13-at-13.15.26.jpeg?fit=1089%2C1361&ssl=1\",\"articleSection\":[\"destacado\",\"Sociedad\",\"Villa Mar\u00eda\"],\"inLanguage\":\"es\",\"potentialAction\":[{\"@type\":\"CommentAction\",\"name\":\"Comment\",\"target\":[\"https:\/\/elregionalvm.com.ar\/noticias-villa-maria\/villa-maria-registro-un-92-de-ocupacion-hotelera-en-el-fin-de-semana-largo\/#respond\"]}]},{\"@type\":\"WebPage\",\"@id\":\"https:\/\/elregionalvm.com.ar\/noticias-villa-maria\/villa-maria-registro-un-92-de-ocupacion-hotelera-en-el-fin-de-semana-largo\/\",\"url\":\"https:\/\/elregionalvm.com.ar\/noticias-villa-maria\/villa-maria-registro-un-92-de-ocupacion-hotelera-en-el-fin-de-semana-largo\/\",\"name\":\"Villa Mar\u00eda registr\u00f3 un 92% de ocupaci\u00f3n hotelera en el fin de semana largo - El Regional\",\"isPartOf\":{\"@id\":\"http:\/\/elregionalvm.com.ar\/noticias-villa-maria\/#website\"},\"primaryImageOfPage\":{\"@id\":\"https:\/\/elregionalvm.com.ar\/noticias-villa-maria\/villa-maria-registro-un-92-de-ocupacion-hotelera-en-el-fin-de-semana-largo\/#primaryimage\"},\"image\":{\"@id\":\"https:\/\/elregionalvm.com.ar\/noticias-villa-maria\/villa-maria-registro-un-92-de-ocupacion-hotelera-en-el-fin-de-semana-largo\/#primaryimage\"},\"thumbnailUrl\":\"https:\/\/i0.wp.com\/elregionalvm.com.ar\/noticias-villa-maria\/wp-content\/uploads\/2024\/10\/WhatsApp-Image-2024-10-13-at-13.15.26.jpeg?fit=1089%2C1361&ssl=1\",\"datePublished\":\"2024-10-14T23:42:32+00:00\",\"dateModified\":\"2024-10-14T23:42:34+00:00\",\"author\":{\"@id\":\"http:\/\/elregionalvm.com.ar\/noticias-villa-maria\/#\/schema\/person\/a0fb9c422317faca23d50163151bc354\"},\"breadcrumb\":{\"@id\":\"https:\/\/elregionalvm.com.ar\/noticias-villa-maria\/villa-maria-registro-un-92-de-ocupacion-hotelera-en-el-fin-de-semana-largo\/#breadcrumb\"},\"inLanguage\":\"es\",\"potentialAction\":[{\"@type\":\"ReadAction\",\"target\":[\"https:\/\/elregionalvm.com.ar\/noticias-villa-maria\/villa-maria-registro-un-92-de-ocupacion-hotelera-en-el-fin-de-semana-largo\/\"]}]},{\"@type\":\"ImageObject\",\"inLanguage\":\"es\",\"@id\":\"https:\/\/elregionalvm.com.ar\/noticias-villa-maria\/villa-maria-registro-un-92-de-ocupacion-hotelera-en-el-fin-de-semana-largo\/#primaryimage\",\"url\":\"https:\/\/i0.wp.com\/elregionalvm.com.ar\/noticias-villa-maria\/wp-content\/uploads\/2024\/10\/WhatsApp-Image-2024-10-13-at-13.15.26.jpeg?fit=1089%2C1361&ssl=1\",\"contentUrl\":\"https:\/\/i0.wp.com\/elregionalvm.com.ar\/noticias-villa-maria\/wp-content\/uploads\/2024\/10\/WhatsApp-Image-2024-10-13-at-13.15.26.jpeg?fit=1089%2C1361&ssl=1\",\"width\":1089,\"height\":1361},{\"@type\":\"BreadcrumbList\",\"@id\":\"https:\/\/elregionalvm.com.ar\/noticias-villa-maria\/villa-maria-registro-un-92-de-ocupacion-hotelera-en-el-fin-de-semana-largo\/#breadcrumb\",\"itemListElement\":[{\"@type\":\"ListItem\",\"position\":1,\"name\":\"Portada\",\"item\":\"https:\/\/elregionalvm.com.ar\/noticias-villa-maria\/\"},{\"@type\":\"ListItem\",\"position\":2,\"name\":\"Villa Mar\u00eda registr\u00f3 un 92% de ocupaci\u00f3n hotelera en el fin de semana largo\"}]},{\"@type\":\"WebSite\",\"@id\":\"http:\/\/elregionalvm.com.ar\/noticias-villa-maria\/#website\",\"url\":\"http:\/\/elregionalvm.com.ar\/noticias-villa-maria\/\",\"name\":\"El Regional\",\"description\":\"Mucho m\u00e1s que informaci\u00f3n\",\"potentialAction\":[{\"@type\":\"SearchAction\",\"target\":{\"@type\":\"EntryPoint\",\"urlTemplate\":\"http:\/\/elregionalvm.com.ar\/noticias-villa-maria\/?s={search_term_string}\"},\"query-input\":{\"@type\":\"PropertyValueSpecification\",\"valueRequired\":true,\"valueName\":\"search_term_string\"}}],\"inLanguage\":\"es\"},{\"@type\":\"Person\",\"@id\":\"http:\/\/elregionalvm.com.ar\/noticias-villa-maria\/#\/schema\/person\/a0fb9c422317faca23d50163151bc354\",\"name\":\"Contenidos El Regional\",\"image\":{\"@type\":\"ImageObject\",\"inLanguage\":\"es\",\"@id\":\"http:\/\/elregionalvm.com.ar\/noticias-villa-maria\/#\/schema\/person\/image\/\",\"url\":\"https:\/\/secure.gravatar.com\/avatar\/265b27cb2209af7bb3a1318f03305787d7981a5cc6e6cd08fe5a4ecdf99d4b48?s=96&d=mm&r=g\",\"contentUrl\":\"https:\/\/secure.gravatar.com\/avatar\/265b27cb2209af7bb3a1318f03305787d7981a5cc6e6cd08fe5a4ecdf99d4b48?s=96&d=mm&r=g\",\"caption\":\"Contenidos El Regional\"},\"url\":\"https:\/\/elregionalvm.com.ar\/noticias-villa-maria\/author\/contenido\/\"}]}<\/script>\n<!-- \/ Yoast SEO plugin. -->","yoast_head_json":{"title":"Villa Mar\u00eda registr\u00f3 un 92% de ocupaci\u00f3n hotelera en el fin de semana largo - El Regional","robots":{"index":"index","follow":"follow","max-snippet":"max-snippet:-1","max-image-preview":"max-image-preview:large","max-video-preview":"max-video-preview:-1"},"canonical":"https:\/\/elregionalvm.com.ar\/noticias-villa-maria\/villa-maria-registro-un-92-de-ocupacion-hotelera-en-el-fin-de-semana-largo\/","og_locale":"es_ES","og_type":"article","og_title":"Villa Mar\u00eda registr\u00f3 un 92% de ocupaci\u00f3n hotelera en el fin de semana largo - El Regional","og_description":"Villa Mar\u00eda Deporte y Turismo informa que este fin de semana largo se registr\u00f3 un 92% de ocupaci\u00f3n hotelera en la ciudad. Cabe destacar que, durante los mencionados d\u00edas en Villa Mar\u00eda se realizaron diferentes actividades y encuentros que permitieron impulsar este importante flujo de visitantes, motivados por el Challenger 100 de Tenis que se [&hellip;]","og_url":"https:\/\/elregionalvm.com.ar\/noticias-villa-maria\/villa-maria-registro-un-92-de-ocupacion-hotelera-en-el-fin-de-semana-largo\/","og_site_name":"El Regional","article_publisher":"https:\/\/www.facebook.com\/elregionalvm","article_published_time":"2024-10-14T23:42:32+00:00","article_modified_time":"2024-10-14T23:42:34+00:00","og_image":[{"width":1089,"height":1361,"url":"https:\/\/elregionalvm.com.ar\/noticias-villa-maria\/wp-content\/uploads\/2024\/10\/WhatsApp-Image-2024-10-13-at-13.15.26.jpeg","type":"image\/jpeg"}],"author":"Contenidos El Regional","twitter_card":"summary_large_image","twitter_creator":"@elregionalvm1","twitter_site":"@elregionalvm1","twitter_misc":{"Escrito por":"Contenidos El Regional","Tiempo de lectura":"2 minutos"},"schema":{"@context":"https:\/\/schema.org","@graph":[{"@type":"Article","@id":"https:\/\/elregionalvm.com.ar\/noticias-villa-maria\/villa-maria-registro-un-92-de-ocupacion-hotelera-en-el-fin-de-semana-largo\/#article","isPartOf":{"@id":"https:\/\/elregionalvm.com.ar\/noticias-villa-maria\/villa-maria-registro-un-92-de-ocupacion-hotelera-en-el-fin-de-semana-largo\/"},"author":{"name":"Contenidos El Regional","@id":"http:\/\/elregionalvm.com.ar\/noticias-villa-maria\/#\/schema\/person\/a0fb9c422317faca23d50163151bc354"},"headline":"Villa Mar\u00eda registr\u00f3 un 92% de ocupaci\u00f3n hotelera en el fin de semana largo","datePublished":"2024-10-14T23:42:32+00:00","dateModified":"2024-10-14T23:42:34+00:00","mainEntityOfPage":{"@id":"https:\/\/elregionalvm.com.ar\/noticias-villa-maria\/villa-maria-registro-un-92-de-ocupacion-hotelera-en-el-fin-de-semana-largo\/"},"wordCount":330,"commentCount":0,"image":{"@id":"https:\/\/elregionalvm.com.ar\/noticias-villa-maria\/villa-maria-registro-un-92-de-ocupacion-hotelera-en-el-fin-de-semana-largo\/#primaryimage"},"thumbnailUrl":"https:\/\/i0.wp.com\/elregionalvm.com.ar\/noticias-villa-maria\/wp-content\/uploads\/2024\/10\/WhatsApp-Image-2024-10-13-at-13.15.26.jpeg?fit=1089%2C1361&ssl=1","articleSection":["destacado","Sociedad","Villa Mar\u00eda"],"inLanguage":"es","potentialAction":[{"@type":"CommentAction","name":"Comment","target":["https:\/\/elregionalvm.com.ar\/noticias-villa-maria\/villa-maria-registro-un-92-de-ocupacion-hotelera-en-el-fin-de-semana-largo\/#respond"]}]},{"@type":"WebPage","@id":"https:\/\/elregionalvm.com.ar\/noticias-villa-maria\/villa-maria-registro-un-92-de-ocupacion-hotelera-en-el-fin-de-semana-largo\/","url":"https:\/\/elregionalvm.com.ar\/noticias-villa-maria\/villa-maria-registro-un-92-de-ocupacion-hotelera-en-el-fin-de-semana-largo\/","name":"Villa Mar\u00eda registr\u00f3 un 92% de ocupaci\u00f3n hotelera en el fin de semana largo - El Regional","isPartOf":{"@id":"http:\/\/elregionalvm.com.ar\/noticias-villa-maria\/#website"},"primaryImageOfPage":{"@id":"https:\/\/elregionalvm.com.ar\/noticias-villa-maria\/villa-maria-registro-un-92-de-ocupacion-hotelera-en-el-fin-de-semana-largo\/#primaryimage"},"image":{"@id":"https:\/\/elregionalvm.com.ar\/noticias-villa-maria\/villa-maria-registro-un-92-de-ocupacion-hotelera-en-el-fin-de-semana-largo\/#primaryimage"},"thumbnailUrl":"https:\/\/i0.wp.com\/elregionalvm.com.ar\/noticias-villa-maria\/wp-content\/uploads\/2024\/10\/WhatsApp-Image-2024-10-13-at-13.15.26.jpeg?fit=1089%2C1361&ssl=1","datePublished":"2024-10-14T23:42:32+00:00","dateModified":"2024-10-14T23:42:34+00:00","author":{"@id":"http:\/\/elregionalvm.com.ar\/noticias-villa-maria\/#\/schema\/person\/a0fb9c422317faca23d50163151bc354"},"breadcrumb":{"@id":"https:\/\/elregionalvm.com.ar\/noticias-villa-maria\/villa-maria-registro-un-92-de-ocupacion-hotelera-en-el-fin-de-semana-largo\/#breadcrumb"},"inLanguage":"es","potentialAction":[{"@type":"ReadAction","target":["https:\/\/elregionalvm.com.ar\/noticias-villa-maria\/villa-maria-registro-un-92-de-ocupacion-hotelera-en-el-fin-de-semana-largo\/"]}]},{"@type":"ImageObject","inLanguage":"es","@id":"https:\/\/elregionalvm.com.ar\/noticias-villa-maria\/villa-maria-registro-un-92-de-ocupacion-hotelera-en-el-fin-de-semana-largo\/#primaryimage","url":"https:\/\/i0.wp.com\/elregionalvm.com.ar\/noticias-villa-maria\/wp-content\/uploads\/2024\/10\/WhatsApp-Image-2024-10-13-at-13.15.26.jpeg?fit=1089%2C1361&ssl=1","contentUrl":"https:\/\/i0.wp.com\/elregionalvm.com.ar\/noticias-villa-maria\/wp-content\/uploads\/2024\/10\/WhatsApp-Image-2024-10-13-at-13.15.26.jpeg?fit=1089%2C1361&ssl=1","width":1089,"height":1361},{"@type":"BreadcrumbList","@id":"https:\/\/elregionalvm.com.ar\/noticias-villa-maria\/villa-maria-registro-un-92-de-ocupacion-hotelera-en-el-fin-de-semana-largo\/#breadcrumb","itemListElement":[{"@type":"ListItem","position":1,"name":"Portada","item":"https:\/\/elregionalvm.com.ar\/noticias-villa-maria\/"},{"@type":"ListItem","position":2,"name":"Villa Mar\u00eda registr\u00f3 un 92% de ocupaci\u00f3n hotelera en el fin de semana largo"}]},{"@type":"WebSite","@id":"http:\/\/elregionalvm.com.ar\/noticias-villa-maria\/#website","url":"http:\/\/elregionalvm.com.ar\/noticias-villa-maria\/","name":"El Regional","description":"Mucho m\u00e1s que informaci\u00f3n","potentialAction":[{"@type":"SearchAction","target":{"@type":"EntryPoint","urlTemplate":"http:\/\/elregionalvm.com.ar\/noticias-villa-maria\/?s={search_term_string}"},"query-input":{"@type":"PropertyValueSpecification","valueRequired":true,"valueName":"search_term_string"}}],"inLanguage":"es"},{"@type":"Person","@id":"http:\/\/elregionalvm.com.ar\/noticias-villa-maria\/#\/schema\/person\/a0fb9c422317faca23d50163151bc354","name":"Contenidos El Regional","image":{"@type":"ImageObject","inLanguage":"es","@id":"http:\/\/elregionalvm.com.ar\/noticias-villa-maria\/#\/schema\/person\/image\/","url":"https:\/\/secure.gravatar.com\/avatar\/265b27cb2209af7bb3a1318f03305787d7981a5cc6e6cd08fe5a4ecdf99d4b48?s=96&d=mm&r=g","contentUrl":"https:\/\/secure.gravatar.com\/avatar\/265b27cb2209af7bb3a1318f03305787d7981a5cc6e6cd08fe5a4ecdf99d4b48?s=96&d=mm&r=g","caption":"Contenidos El Regional"},"url":"https:\/\/elregionalvm.com.ar\/noticias-villa-maria\/author\/contenido\/"}]}},"jetpack_featured_media_url":"https:\/\/i0.wp.com\/elregionalvm.com.ar\/noticias-villa-maria\/wp-content\/uploads\/2024\/10\/WhatsApp-Image-2024-10-13-at-13.15.26.jpeg?fit=1089%2C1361&ssl=1","jetpack_sharing_enabled":true,"_links":{"self":[{"href":"https:\/\/elregionalvm.com.ar\/noticias-villa-maria\/wp-json\/wp\/v2\/posts\/99656","targetHints":{"allow":["GET"]}}],"collection":[{"href":"https:\/\/elregionalvm.com.ar\/noticias-villa-maria\/wp-json\/wp\/v2\/posts"}],"about":[{"href":"https:\/\/elregionalvm.com.ar\/noticias-villa-maria\/wp-json\/wp\/v2\/types\/post"}],"author":[{"embeddable":true,"href":"https:\/\/elregionalvm.com.ar\/noticias-villa-maria\/wp-json\/wp\/v2\/users\/4"}],"replies":[{"embeddable":true,"href":"https:\/\/elregionalvm.com.ar\/noticias-villa-maria\/wp-json\/wp\/v2\/comments?post=99656"}],"version-history":[{"count":1,"href":"https:\/\/elregionalvm.com.ar\/noticias-villa-maria\/wp-json\/wp\/v2\/posts\/99656\/revisions"}],"predecessor-version":[{"id":99659,"href":"https:\/\/elregionalvm.com.ar\/noticias-villa-maria\/wp-json\/wp\/v2\/posts\/99656\/revisions\/99659"}],"wp:featuredmedia":[{"embeddable":true,"href":"https:\/\/elregionalvm.com.ar\/noticias-villa-maria\/wp-json\/wp\/v2\/media\/99658"}],"wp:attachment":[{"href":"https:\/\/elregionalvm.com.ar\/noticias-villa-maria\/wp-json\/wp\/v2\/media?parent=99656"}],"wp:term":[{"taxonomy":"category","embeddable":true,"href":"https:\/\/elregionalvm.com.ar\/noticias-villa-maria\/wp-json\/wp\/v2\/categories?post=99656"},{"taxonomy":"post_tag","embeddable":true,"href":"https:\/\/elregionalvm.com.ar\/noticias-villa-maria\/wp-json\/wp\/v2\/tags?post=99656"}],"curies":[{"name":"wp","href":"https:\/\/api.w.org\/{rel}","templated":true}]}}