{"id":99660,"date":"2024-10-14T23:45:00","date_gmt":"2024-10-14T23:45:00","guid":{"rendered":"https:\/\/elregionalvm.com.ar\/noticias-villa-maria\/?p=99660"},"modified":"2024-10-14T23:45:01","modified_gmt":"2024-10-14T23:45:01","slug":"ambiente-nuevos-moviles-0km-para-reforzar-el-control-y-proteccion-de-los-ecosistemas-provinciales","status":"publish","type":"post","link":"https:\/\/elregionalvm.com.ar\/noticias-villa-maria\/ambiente-nuevos-moviles-0km-para-reforzar-el-control-y-proteccion-de-los-ecosistemas-provinciales\/","title":{"rendered":"Ambiente: nuevos m\u00f3viles 0km para reforzar el control y protecci\u00f3n de los ecosistemas provinciales"},"content":{"rendered":"\n<p>El Ministerio de Ambiente y Econom\u00eda Circular incorpor\u00f3 ocho camionetas 0 kil\u00f3metro totalmente equipadas para fortalecer las tareas de control y cuidado de nuestros ecosistemas.<\/p>\n\n\n\n<figure class=\"wp-block-image size-full\"><img data-recalc-dims=\"1\" fetchpriority=\"high\" decoding=\"async\" width=\"990\" height=\"660\" src=\"https:\/\/i0.wp.com\/elregionalvm.com.ar\/noticias-villa-maria\/wp-content\/uploads\/2024\/10\/WhatsApp-Image-2024-10-14-at-16.47.15.jpg?resize=990%2C660&#038;ssl=1\" alt=\"\" class=\"wp-image-99663\" srcset=\"https:\/\/i0.wp.com\/elregionalvm.com.ar\/noticias-villa-maria\/wp-content\/uploads\/2024\/10\/WhatsApp-Image-2024-10-14-at-16.47.15.jpg?w=990&amp;ssl=1 990w, https:\/\/i0.wp.com\/elregionalvm.com.ar\/noticias-villa-maria\/wp-content\/uploads\/2024\/10\/WhatsApp-Image-2024-10-14-at-16.47.15.jpg?resize=300%2C200&amp;ssl=1 300w, https:\/\/i0.wp.com\/elregionalvm.com.ar\/noticias-villa-maria\/wp-content\/uploads\/2024\/10\/WhatsApp-Image-2024-10-14-at-16.47.15.jpg?resize=768%2C512&amp;ssl=1 768w\" sizes=\"(max-width: 990px) 100vw, 990px\" \/><\/figure>\n\n\n\n<p><em>\u201cSe trata de una nueva inversi\u00f3n que nos va a garantizar un mejor desempe\u00f1o en el cuidado de la Casa Com\u00fan. Esto demuestra el compromiso de parte del Gobierno provincial de seguir avanzando en la restauraci\u00f3n ecol\u00f3gica de nuestro territorio, en la expansi\u00f3n del modelo de econom\u00eda circular y los dem\u00e1s ejes que nos hemos propuesta desde que comenzamos esta gesti\u00f3n<\/em>\u201d, indic\u00f3 la ministra de Ambiente y Econom\u00eda Circular, Victoria Flores.<\/p>\n\n\n\n<p>Al respecto, el secretario de Polic\u00eda Ambiental, Adri\u00e1n Rinaudo, destac\u00f3 que la incorporaci\u00f3n de estos nuevos veh\u00edculos permitir\u00e1 a las y los inspectores mejorar significativamente el control durante sus recorridos y tareas diarias:&nbsp;<em>\u201cPorque para poder conservar nuestra flora y fauna es necesario estar presentes.\u201d<\/em><\/p>\n\n\n\n<p>Las camionetas tambi\u00e9n reforzar\u00e1n el \u00c1rea de Bosque Nativo y otros sectores estrat\u00e9gicos del Ministerio, con el objetivo de asegurar el cumplimiento de las normativas ambientales y aumentar la protecci\u00f3n de nuestro patrimonio natural.<\/p>\n\n\n\n<figure class=\"wp-block-image size-full\"><img data-recalc-dims=\"1\" decoding=\"async\" width=\"1024\" height=\"696\" src=\"https:\/\/i0.wp.com\/elregionalvm.com.ar\/noticias-villa-maria\/wp-content\/uploads\/2024\/10\/WhatsApp-Image-2024-10-14-at-16.47.16-1024x696-1.jpeg?resize=1024%2C696&#038;ssl=1\" alt=\"\" class=\"wp-image-99661\" srcset=\"https:\/\/i0.wp.com\/elregionalvm.com.ar\/noticias-villa-maria\/wp-content\/uploads\/2024\/10\/WhatsApp-Image-2024-10-14-at-16.47.16-1024x696-1.jpeg?w=1024&amp;ssl=1 1024w, https:\/\/i0.wp.com\/elregionalvm.com.ar\/noticias-villa-maria\/wp-content\/uploads\/2024\/10\/WhatsApp-Image-2024-10-14-at-16.47.16-1024x696-1.jpeg?resize=300%2C204&amp;ssl=1 300w, https:\/\/i0.wp.com\/elregionalvm.com.ar\/noticias-villa-maria\/wp-content\/uploads\/2024\/10\/WhatsApp-Image-2024-10-14-at-16.47.16-1024x696-1.jpeg?resize=768%2C522&amp;ssl=1 768w\" sizes=\"(max-width: 1000px) 100vw, 1000px\" \/><\/figure>\n\n\n\n<p>La cartera ambiental provincial recibi\u00f3 tambi\u00e9n una lancha recuperada, seis drones y televisores, lo cual representa un avance significativo en la capacidad de monitoreo y en la optimizaci\u00f3n de las tareas de cuidado.<\/p>\n","protected":false},"excerpt":{"rendered":"<p>El Ministerio de Ambiente y Econom\u00eda Circular incorpor\u00f3 ocho camionetas 0 kil\u00f3metro totalmente equipadas para fortalecer las tareas de control y cuidado de nuestros ecosistemas. \u201cSe trata de una nueva inversi\u00f3n que nos va a garantizar un mejor desempe\u00f1o en el cuidado de la Casa Com\u00fan. Esto demuestra el compromiso de parte del Gobierno provincial [&hellip;]<\/p>\n","protected":false},"author":4,"featured_media":99662,"comment_status":"open","ping_status":"open","sticky":false,"template":"","format":"standard","meta":{"site-sidebar-layout":"default","site-content-layout":"","ast-site-content-layout":"default","site-content-style":"default","site-sidebar-style":"default","ast-global-header-display":"","ast-banner-title-visibility":"","ast-main-header-display":"","ast-hfb-above-header-display":"","ast-hfb-below-header-display":"","ast-hfb-mobile-header-display":"","site-post-title":"","ast-breadcrumbs-content":"","ast-featured-img":"","footer-sml-layout":"","ast-disable-related-posts":"","theme-transparent-header-meta":"","adv-header-id-meta":"","stick-header-meta":"","header-above-stick-meta":"","header-main-stick-meta":"","header-below-stick-meta":"","astra-migrate-meta-layouts":"set","ast-page-background-enabled":"default","ast-page-background-meta":{"desktop":{"background-color":"","background-image":"","background-repeat":"repeat","background-position":"center center","background-size":"auto","background-attachment":"scroll","background-type":"","background-media":"","overlay-type":"","overlay-color":"","overlay-opacity":"","overlay-gradient":""},"tablet":{"background-color":"","background-image":"","background-repeat":"repeat","background-position":"center center","background-size":"auto","background-attachment":"scroll","background-type":"","background-media":"","overlay-type":"","overlay-color":"","overlay-opacity":"","overlay-gradient":""},"mobile":{"background-color":"","background-image":"","background-repeat":"repeat","background-position":"center center","background-size":"auto","background-attachment":"scroll","background-type":"","background-media":"","overlay-type":"","overlay-color":"","overlay-opacity":"","overlay-gradient":""}},"ast-content-background-meta":{"desktop":{"background-color":"var(--ast-global-color-5)","background-image":"","background-repeat":"repeat","background-position":"center center","background-size":"auto","background-attachment":"scroll","background-type":"","background-media":"","overlay-type":"","overlay-color":"","overlay-opacity":"","overlay-gradient":""},"tablet":{"background-color":"var(--ast-global-color-5)","background-image":"","background-repeat":"repeat","background-position":"center center","background-size":"auto","background-attachment":"scroll","background-type":"","background-media":"","overlay-type":"","overlay-color":"","overlay-opacity":"","overlay-gradient":""},"mobile":{"background-color":"var(--ast-global-color-5)","background-image":"","background-repeat":"repeat","background-position":"center center","background-size":"auto","background-attachment":"scroll","background-type":"","background-media":"","overlay-type":"","overlay-color":"","overlay-opacity":"","overlay-gradient":""}},"_jetpack_memberships_contains_paid_content":false,"_joinchat":[],"footnotes":""},"categories":[15302,16095,5],"tags":[],"class_list":["post-99660","post","type-post","status-publish","format-standard","has-post-thumbnail","hentry","category-destacado","category-provinciales","category-sociedad"],"yoast_head":"<!-- This site is optimized with the Yoast SEO plugin v26.8 - https:\/\/yoast.com\/product\/yoast-seo-wordpress\/ -->\n<title>Ambiente: nuevos m\u00f3viles 0km para reforzar el control y protecci\u00f3n de los ecosistemas provinciales - El Regional<\/title>\n<meta name=\"robots\" content=\"index, follow, max-snippet:-1, max-image-preview:large, max-video-preview:-1\" \/>\n<link rel=\"canonical\" href=\"https:\/\/elregionalvm.com.ar\/noticias-villa-maria\/ambiente-nuevos-moviles-0km-para-reforzar-el-control-y-proteccion-de-los-ecosistemas-provinciales\/\" \/>\n<meta property=\"og:locale\" content=\"es_ES\" \/>\n<meta property=\"og:type\" content=\"article\" \/>\n<meta property=\"og:title\" content=\"Ambiente: nuevos m\u00f3viles 0km para reforzar el control y protecci\u00f3n de los ecosistemas provinciales - El Regional\" \/>\n<meta property=\"og:description\" content=\"El Ministerio de Ambiente y Econom\u00eda Circular incorpor\u00f3 ocho camionetas 0 kil\u00f3metro totalmente equipadas para fortalecer las tareas de control y cuidado de nuestros ecosistemas. \u201cSe trata de una nueva inversi\u00f3n que nos va a garantizar un mejor desempe\u00f1o en el cuidado de la Casa Com\u00fan. Esto demuestra el compromiso de parte del Gobierno provincial [&hellip;]\" \/>\n<meta property=\"og:url\" content=\"https:\/\/elregionalvm.com.ar\/noticias-villa-maria\/ambiente-nuevos-moviles-0km-para-reforzar-el-control-y-proteccion-de-los-ecosistemas-provinciales\/\" \/>\n<meta property=\"og:site_name\" content=\"El Regional\" \/>\n<meta property=\"article:publisher\" content=\"https:\/\/www.facebook.com\/elregionalvm\" \/>\n<meta property=\"article:published_time\" content=\"2024-10-14T23:45:00+00:00\" \/>\n<meta property=\"article:modified_time\" content=\"2024-10-14T23:45:01+00:00\" \/>\n<meta property=\"og:image\" content=\"https:\/\/elregionalvm.com.ar\/noticias-villa-maria\/wp-content\/uploads\/2024\/10\/WhatsApp-Image-2024-10-14-at-16.47.17-1024x693-1.jpeg\" \/>\n\t<meta property=\"og:image:width\" content=\"1024\" \/>\n\t<meta property=\"og:image:height\" content=\"693\" \/>\n\t<meta property=\"og:image:type\" content=\"image\/jpeg\" \/>\n<meta name=\"author\" content=\"Contenidos El Regional\" \/>\n<meta name=\"twitter:card\" content=\"summary_large_image\" \/>\n<meta name=\"twitter:creator\" content=\"@elregionalvm1\" \/>\n<meta name=\"twitter:site\" content=\"@elregionalvm1\" \/>\n<meta name=\"twitter:label1\" content=\"Escrito por\" \/>\n\t<meta name=\"twitter:data1\" content=\"Contenidos El Regional\" \/>\n\t<meta name=\"twitter:label2\" content=\"Tiempo de lectura\" \/>\n\t<meta name=\"twitter:data2\" content=\"2 minutos\" \/>\n<script type=\"application\/ld+json\" class=\"yoast-schema-graph\">{\"@context\":\"https:\/\/schema.org\",\"@graph\":[{\"@type\":\"Article\",\"@id\":\"https:\/\/elregionalvm.com.ar\/noticias-villa-maria\/ambiente-nuevos-moviles-0km-para-reforzar-el-control-y-proteccion-de-los-ecosistemas-provinciales\/#article\",\"isPartOf\":{\"@id\":\"https:\/\/elregionalvm.com.ar\/noticias-villa-maria\/ambiente-nuevos-moviles-0km-para-reforzar-el-control-y-proteccion-de-los-ecosistemas-provinciales\/\"},\"author\":{\"name\":\"Contenidos El Regional\",\"@id\":\"http:\/\/elregionalvm.com.ar\/noticias-villa-maria\/#\/schema\/person\/a0fb9c422317faca23d50163151bc354\"},\"headline\":\"Ambiente: nuevos m\u00f3viles 0km para reforzar el control y protecci\u00f3n de los ecosistemas provinciales\",\"datePublished\":\"2024-10-14T23:45:00+00:00\",\"dateModified\":\"2024-10-14T23:45:01+00:00\",\"mainEntityOfPage\":{\"@id\":\"https:\/\/elregionalvm.com.ar\/noticias-villa-maria\/ambiente-nuevos-moviles-0km-para-reforzar-el-control-y-proteccion-de-los-ecosistemas-provinciales\/\"},\"wordCount\":246,\"commentCount\":0,\"image\":{\"@id\":\"https:\/\/elregionalvm.com.ar\/noticias-villa-maria\/ambiente-nuevos-moviles-0km-para-reforzar-el-control-y-proteccion-de-los-ecosistemas-provinciales\/#primaryimage\"},\"thumbnailUrl\":\"https:\/\/i0.wp.com\/elregionalvm.com.ar\/noticias-villa-maria\/wp-content\/uploads\/2024\/10\/WhatsApp-Image-2024-10-14-at-16.47.17-1024x693-1.jpeg?fit=1024%2C693&ssl=1\",\"articleSection\":[\"destacado\",\"Provinciales\",\"Sociedad\"],\"inLanguage\":\"es\",\"potentialAction\":[{\"@type\":\"CommentAction\",\"name\":\"Comment\",\"target\":[\"https:\/\/elregionalvm.com.ar\/noticias-villa-maria\/ambiente-nuevos-moviles-0km-para-reforzar-el-control-y-proteccion-de-los-ecosistemas-provinciales\/#respond\"]}]},{\"@type\":\"WebPage\",\"@id\":\"https:\/\/elregionalvm.com.ar\/noticias-villa-maria\/ambiente-nuevos-moviles-0km-para-reforzar-el-control-y-proteccion-de-los-ecosistemas-provinciales\/\",\"url\":\"https:\/\/elregionalvm.com.ar\/noticias-villa-maria\/ambiente-nuevos-moviles-0km-para-reforzar-el-control-y-proteccion-de-los-ecosistemas-provinciales\/\",\"name\":\"Ambiente: nuevos m\u00f3viles 0km para reforzar el control y protecci\u00f3n de los ecosistemas provinciales - El Regional\",\"isPartOf\":{\"@id\":\"http:\/\/elregionalvm.com.ar\/noticias-villa-maria\/#website\"},\"primaryImageOfPage\":{\"@id\":\"https:\/\/elregionalvm.com.ar\/noticias-villa-maria\/ambiente-nuevos-moviles-0km-para-reforzar-el-control-y-proteccion-de-los-ecosistemas-provinciales\/#primaryimage\"},\"image\":{\"@id\":\"https:\/\/elregionalvm.com.ar\/noticias-villa-maria\/ambiente-nuevos-moviles-0km-para-reforzar-el-control-y-proteccion-de-los-ecosistemas-provinciales\/#primaryimage\"},\"thumbnailUrl\":\"https:\/\/i0.wp.com\/elregionalvm.com.ar\/noticias-villa-maria\/wp-content\/uploads\/2024\/10\/WhatsApp-Image-2024-10-14-at-16.47.17-1024x693-1.jpeg?fit=1024%2C693&ssl=1\",\"datePublished\":\"2024-10-14T23:45:00+00:00\",\"dateModified\":\"2024-10-14T23:45:01+00:00\",\"author\":{\"@id\":\"http:\/\/elregionalvm.com.ar\/noticias-villa-maria\/#\/schema\/person\/a0fb9c422317faca23d50163151bc354\"},\"breadcrumb\":{\"@id\":\"https:\/\/elregionalvm.com.ar\/noticias-villa-maria\/ambiente-nuevos-moviles-0km-para-reforzar-el-control-y-proteccion-de-los-ecosistemas-provinciales\/#breadcrumb\"},\"inLanguage\":\"es\",\"potentialAction\":[{\"@type\":\"ReadAction\",\"target\":[\"https:\/\/elregionalvm.com.ar\/noticias-villa-maria\/ambiente-nuevos-moviles-0km-para-reforzar-el-control-y-proteccion-de-los-ecosistemas-provinciales\/\"]}]},{\"@type\":\"ImageObject\",\"inLanguage\":\"es\",\"@id\":\"https:\/\/elregionalvm.com.ar\/noticias-villa-maria\/ambiente-nuevos-moviles-0km-para-reforzar-el-control-y-proteccion-de-los-ecosistemas-provinciales\/#primaryimage\",\"url\":\"https:\/\/i0.wp.com\/elregionalvm.com.ar\/noticias-villa-maria\/wp-content\/uploads\/2024\/10\/WhatsApp-Image-2024-10-14-at-16.47.17-1024x693-1.jpeg?fit=1024%2C693&ssl=1\",\"contentUrl\":\"https:\/\/i0.wp.com\/elregionalvm.com.ar\/noticias-villa-maria\/wp-content\/uploads\/2024\/10\/WhatsApp-Image-2024-10-14-at-16.47.17-1024x693-1.jpeg?fit=1024%2C693&ssl=1\",\"width\":1024,\"height\":693},{\"@type\":\"BreadcrumbList\",\"@id\":\"https:\/\/elregionalvm.com.ar\/noticias-villa-maria\/ambiente-nuevos-moviles-0km-para-reforzar-el-control-y-proteccion-de-los-ecosistemas-provinciales\/#breadcrumb\",\"itemListElement\":[{\"@type\":\"ListItem\",\"position\":1,\"name\":\"Portada\",\"item\":\"https:\/\/elregionalvm.com.ar\/noticias-villa-maria\/\"},{\"@type\":\"ListItem\",\"position\":2,\"name\":\"Ambiente: nuevos m\u00f3viles 0km para reforzar el control y protecci\u00f3n de los ecosistemas provinciales\"}]},{\"@type\":\"WebSite\",\"@id\":\"http:\/\/elregionalvm.com.ar\/noticias-villa-maria\/#website\",\"url\":\"http:\/\/elregionalvm.com.ar\/noticias-villa-maria\/\",\"name\":\"El Regional\",\"description\":\"Mucho m\u00e1s que informaci\u00f3n\",\"potentialAction\":[{\"@type\":\"SearchAction\",\"target\":{\"@type\":\"EntryPoint\",\"urlTemplate\":\"http:\/\/elregionalvm.com.ar\/noticias-villa-maria\/?s={search_term_string}\"},\"query-input\":{\"@type\":\"PropertyValueSpecification\",\"valueRequired\":true,\"valueName\":\"search_term_string\"}}],\"inLanguage\":\"es\"},{\"@type\":\"Person\",\"@id\":\"http:\/\/elregionalvm.com.ar\/noticias-villa-maria\/#\/schema\/person\/a0fb9c422317faca23d50163151bc354\",\"name\":\"Contenidos El Regional\",\"image\":{\"@type\":\"ImageObject\",\"inLanguage\":\"es\",\"@id\":\"http:\/\/elregionalvm.com.ar\/noticias-villa-maria\/#\/schema\/person\/image\/\",\"url\":\"https:\/\/secure.gravatar.com\/avatar\/265b27cb2209af7bb3a1318f03305787d7981a5cc6e6cd08fe5a4ecdf99d4b48?s=96&d=mm&r=g\",\"contentUrl\":\"https:\/\/secure.gravatar.com\/avatar\/265b27cb2209af7bb3a1318f03305787d7981a5cc6e6cd08fe5a4ecdf99d4b48?s=96&d=mm&r=g\",\"caption\":\"Contenidos El Regional\"},\"url\":\"https:\/\/elregionalvm.com.ar\/noticias-villa-maria\/author\/contenido\/\"}]}<\/script>\n<!-- \/ Yoast SEO plugin. -->","yoast_head_json":{"title":"Ambiente: nuevos m\u00f3viles 0km para reforzar el control y protecci\u00f3n de los ecosistemas provinciales - El Regional","robots":{"index":"index","follow":"follow","max-snippet":"max-snippet:-1","max-image-preview":"max-image-preview:large","max-video-preview":"max-video-preview:-1"},"canonical":"https:\/\/elregionalvm.com.ar\/noticias-villa-maria\/ambiente-nuevos-moviles-0km-para-reforzar-el-control-y-proteccion-de-los-ecosistemas-provinciales\/","og_locale":"es_ES","og_type":"article","og_title":"Ambiente: nuevos m\u00f3viles 0km para reforzar el control y protecci\u00f3n de los ecosistemas provinciales - El Regional","og_description":"El Ministerio de Ambiente y Econom\u00eda Circular incorpor\u00f3 ocho camionetas 0 kil\u00f3metro totalmente equipadas para fortalecer las tareas de control y cuidado de nuestros ecosistemas. \u201cSe trata de una nueva inversi\u00f3n que nos va a garantizar un mejor desempe\u00f1o en el cuidado de la Casa Com\u00fan. Esto demuestra el compromiso de parte del Gobierno provincial [&hellip;]","og_url":"https:\/\/elregionalvm.com.ar\/noticias-villa-maria\/ambiente-nuevos-moviles-0km-para-reforzar-el-control-y-proteccion-de-los-ecosistemas-provinciales\/","og_site_name":"El Regional","article_publisher":"https:\/\/www.facebook.com\/elregionalvm","article_published_time":"2024-10-14T23:45:00+00:00","article_modified_time":"2024-10-14T23:45:01+00:00","og_image":[{"width":1024,"height":693,"url":"https:\/\/elregionalvm.com.ar\/noticias-villa-maria\/wp-content\/uploads\/2024\/10\/WhatsApp-Image-2024-10-14-at-16.47.17-1024x693-1.jpeg","type":"image\/jpeg"}],"author":"Contenidos El Regional","twitter_card":"summary_large_image","twitter_creator":"@elregionalvm1","twitter_site":"@elregionalvm1","twitter_misc":{"Escrito por":"Contenidos El Regional","Tiempo de lectura":"2 minutos"},"schema":{"@context":"https:\/\/schema.org","@graph":[{"@type":"Article","@id":"https:\/\/elregionalvm.com.ar\/noticias-villa-maria\/ambiente-nuevos-moviles-0km-para-reforzar-el-control-y-proteccion-de-los-ecosistemas-provinciales\/#article","isPartOf":{"@id":"https:\/\/elregionalvm.com.ar\/noticias-villa-maria\/ambiente-nuevos-moviles-0km-para-reforzar-el-control-y-proteccion-de-los-ecosistemas-provinciales\/"},"author":{"name":"Contenidos El Regional","@id":"http:\/\/elregionalvm.com.ar\/noticias-villa-maria\/#\/schema\/person\/a0fb9c422317faca23d50163151bc354"},"headline":"Ambiente: nuevos m\u00f3viles 0km para reforzar el control y protecci\u00f3n de los ecosistemas provinciales","datePublished":"2024-10-14T23:45:00+00:00","dateModified":"2024-10-14T23:45:01+00:00","mainEntityOfPage":{"@id":"https:\/\/elregionalvm.com.ar\/noticias-villa-maria\/ambiente-nuevos-moviles-0km-para-reforzar-el-control-y-proteccion-de-los-ecosistemas-provinciales\/"},"wordCount":246,"commentCount":0,"image":{"@id":"https:\/\/elregionalvm.com.ar\/noticias-villa-maria\/ambiente-nuevos-moviles-0km-para-reforzar-el-control-y-proteccion-de-los-ecosistemas-provinciales\/#primaryimage"},"thumbnailUrl":"https:\/\/i0.wp.com\/elregionalvm.com.ar\/noticias-villa-maria\/wp-content\/uploads\/2024\/10\/WhatsApp-Image-2024-10-14-at-16.47.17-1024x693-1.jpeg?fit=1024%2C693&ssl=1","articleSection":["destacado","Provinciales","Sociedad"],"inLanguage":"es","potentialAction":[{"@type":"CommentAction","name":"Comment","target":["https:\/\/elregionalvm.com.ar\/noticias-villa-maria\/ambiente-nuevos-moviles-0km-para-reforzar-el-control-y-proteccion-de-los-ecosistemas-provinciales\/#respond"]}]},{"@type":"WebPage","@id":"https:\/\/elregionalvm.com.ar\/noticias-villa-maria\/ambiente-nuevos-moviles-0km-para-reforzar-el-control-y-proteccion-de-los-ecosistemas-provinciales\/","url":"https:\/\/elregionalvm.com.ar\/noticias-villa-maria\/ambiente-nuevos-moviles-0km-para-reforzar-el-control-y-proteccion-de-los-ecosistemas-provinciales\/","name":"Ambiente: nuevos m\u00f3viles 0km para reforzar el control y protecci\u00f3n de los ecosistemas provinciales - El Regional","isPartOf":{"@id":"http:\/\/elregionalvm.com.ar\/noticias-villa-maria\/#website"},"primaryImageOfPage":{"@id":"https:\/\/elregionalvm.com.ar\/noticias-villa-maria\/ambiente-nuevos-moviles-0km-para-reforzar-el-control-y-proteccion-de-los-ecosistemas-provinciales\/#primaryimage"},"image":{"@id":"https:\/\/elregionalvm.com.ar\/noticias-villa-maria\/ambiente-nuevos-moviles-0km-para-reforzar-el-control-y-proteccion-de-los-ecosistemas-provinciales\/#primaryimage"},"thumbnailUrl":"https:\/\/i0.wp.com\/elregionalvm.com.ar\/noticias-villa-maria\/wp-content\/uploads\/2024\/10\/WhatsApp-Image-2024-10-14-at-16.47.17-1024x693-1.jpeg?fit=1024%2C693&ssl=1","datePublished":"2024-10-14T23:45:00+00:00","dateModified":"2024-10-14T23:45:01+00:00","author":{"@id":"http:\/\/elregionalvm.com.ar\/noticias-villa-maria\/#\/schema\/person\/a0fb9c422317faca23d50163151bc354"},"breadcrumb":{"@id":"https:\/\/elregionalvm.com.ar\/noticias-villa-maria\/ambiente-nuevos-moviles-0km-para-reforzar-el-control-y-proteccion-de-los-ecosistemas-provinciales\/#breadcrumb"},"inLanguage":"es","potentialAction":[{"@type":"ReadAction","target":["https:\/\/elregionalvm.com.ar\/noticias-villa-maria\/ambiente-nuevos-moviles-0km-para-reforzar-el-control-y-proteccion-de-los-ecosistemas-provinciales\/"]}]},{"@type":"ImageObject","inLanguage":"es","@id":"https:\/\/elregionalvm.com.ar\/noticias-villa-maria\/ambiente-nuevos-moviles-0km-para-reforzar-el-control-y-proteccion-de-los-ecosistemas-provinciales\/#primaryimage","url":"https:\/\/i0.wp.com\/elregionalvm.com.ar\/noticias-villa-maria\/wp-content\/uploads\/2024\/10\/WhatsApp-Image-2024-10-14-at-16.47.17-1024x693-1.jpeg?fit=1024%2C693&ssl=1","contentUrl":"https:\/\/i0.wp.com\/elregionalvm.com.ar\/noticias-villa-maria\/wp-content\/uploads\/2024\/10\/WhatsApp-Image-2024-10-14-at-16.47.17-1024x693-1.jpeg?fit=1024%2C693&ssl=1","width":1024,"height":693},{"@type":"BreadcrumbList","@id":"https:\/\/elregionalvm.com.ar\/noticias-villa-maria\/ambiente-nuevos-moviles-0km-para-reforzar-el-control-y-proteccion-de-los-ecosistemas-provinciales\/#breadcrumb","itemListElement":[{"@type":"ListItem","position":1,"name":"Portada","item":"https:\/\/elregionalvm.com.ar\/noticias-villa-maria\/"},{"@type":"ListItem","position":2,"name":"Ambiente: nuevos m\u00f3viles 0km para reforzar el control y protecci\u00f3n de los ecosistemas provinciales"}]},{"@type":"WebSite","@id":"http:\/\/elregionalvm.com.ar\/noticias-villa-maria\/#website","url":"http:\/\/elregionalvm.com.ar\/noticias-villa-maria\/","name":"El Regional","description":"Mucho m\u00e1s que informaci\u00f3n","potentialAction":[{"@type":"SearchAction","target":{"@type":"EntryPoint","urlTemplate":"http:\/\/elregionalvm.com.ar\/noticias-villa-maria\/?s={search_term_string}"},"query-input":{"@type":"PropertyValueSpecification","valueRequired":true,"valueName":"search_term_string"}}],"inLanguage":"es"},{"@type":"Person","@id":"http:\/\/elregionalvm.com.ar\/noticias-villa-maria\/#\/schema\/person\/a0fb9c422317faca23d50163151bc354","name":"Contenidos El Regional","image":{"@type":"ImageObject","inLanguage":"es","@id":"http:\/\/elregionalvm.com.ar\/noticias-villa-maria\/#\/schema\/person\/image\/","url":"https:\/\/secure.gravatar.com\/avatar\/265b27cb2209af7bb3a1318f03305787d7981a5cc6e6cd08fe5a4ecdf99d4b48?s=96&d=mm&r=g","contentUrl":"https:\/\/secure.gravatar.com\/avatar\/265b27cb2209af7bb3a1318f03305787d7981a5cc6e6cd08fe5a4ecdf99d4b48?s=96&d=mm&r=g","caption":"Contenidos El Regional"},"url":"https:\/\/elregionalvm.com.ar\/noticias-villa-maria\/author\/contenido\/"}]}},"jetpack_featured_media_url":"https:\/\/i0.wp.com\/elregionalvm.com.ar\/noticias-villa-maria\/wp-content\/uploads\/2024\/10\/WhatsApp-Image-2024-10-14-at-16.47.17-1024x693-1.jpeg?fit=1024%2C693&ssl=1","jetpack_sharing_enabled":true,"_links":{"self":[{"href":"https:\/\/elregionalvm.com.ar\/noticias-villa-maria\/wp-json\/wp\/v2\/posts\/99660","targetHints":{"allow":["GET"]}}],"collection":[{"href":"https:\/\/elregionalvm.com.ar\/noticias-villa-maria\/wp-json\/wp\/v2\/posts"}],"about":[{"href":"https:\/\/elregionalvm.com.ar\/noticias-villa-maria\/wp-json\/wp\/v2\/types\/post"}],"author":[{"embeddable":true,"href":"https:\/\/elregionalvm.com.ar\/noticias-villa-maria\/wp-json\/wp\/v2\/users\/4"}],"replies":[{"embeddable":true,"href":"https:\/\/elregionalvm.com.ar\/noticias-villa-maria\/wp-json\/wp\/v2\/comments?post=99660"}],"version-history":[{"count":1,"href":"https:\/\/elregionalvm.com.ar\/noticias-villa-maria\/wp-json\/wp\/v2\/posts\/99660\/revisions"}],"predecessor-version":[{"id":99664,"href":"https:\/\/elregionalvm.com.ar\/noticias-villa-maria\/wp-json\/wp\/v2\/posts\/99660\/revisions\/99664"}],"wp:featuredmedia":[{"embeddable":true,"href":"https:\/\/elregionalvm.com.ar\/noticias-villa-maria\/wp-json\/wp\/v2\/media\/99662"}],"wp:attachment":[{"href":"https:\/\/elregionalvm.com.ar\/noticias-villa-maria\/wp-json\/wp\/v2\/media?parent=99660"}],"wp:term":[{"taxonomy":"category","embeddable":true,"href":"https:\/\/elregionalvm.com.ar\/noticias-villa-maria\/wp-json\/wp\/v2\/categories?post=99660"},{"taxonomy":"post_tag","embeddable":true,"href":"https:\/\/elregionalvm.com.ar\/noticias-villa-maria\/wp-json\/wp\/v2\/tags?post=99660"}],"curies":[{"name":"wp","href":"https:\/\/api.w.org\/{rel}","templated":true}]}}