{"id":99788,"date":"2024-10-17T23:32:41","date_gmt":"2024-10-17T23:32:41","guid":{"rendered":"https:\/\/elregionalvm.com.ar\/noticias-villa-maria\/?p=99788"},"modified":"2024-10-17T23:34:57","modified_gmt":"2024-10-17T23:34:57","slug":"un-hombre-detenido-tras-discutir-con-otro-individuo-en-la-via-publica-y-amanazarlo-con-un-palo-y-un-cuchillo","status":"publish","type":"post","link":"https:\/\/elregionalvm.com.ar\/noticias-villa-maria\/un-hombre-detenido-tras-discutir-con-otro-individuo-en-la-via-publica-y-amanazarlo-con-un-palo-y-un-cuchillo\/","title":{"rendered":"Un hombre detenido tras discutir con otro individuo en la v\u00eda p\u00fablica y amenazarlo con un palo y un cuchillo"},"content":{"rendered":"\n<p>Siendo aproximadamente las 15:00 hs de la tarde de ayer, Personal Policial desde la intersecci\u00f3n de las calles Bv. Carcano y Mendoza de esta ciudad, procedi\u00f3 a la detenci\u00f3n de un hombre de 32 de edad, por la supuesta autor\u00eda de los delitos de \u00abResistencia a la Autoridad y Amenazas Calificadas\u00bb.<\/p>\n\n\n\n<p>La accionar policial fue motivado a ra\u00edz debido a un llamado recibido a las l\u00edneas del 911 por parte de un ciudadano quien manifiesta que dos personas estaban discutiendo en la v\u00eda publica. <\/p>\n\n\n\n<figure class=\"wp-block-image size-large\"><img data-recalc-dims=\"1\" fetchpriority=\"high\" decoding=\"async\" width=\"768\" height=\"1024\" src=\"https:\/\/i0.wp.com\/elregionalvm.com.ar\/noticias-villa-maria\/wp-content\/uploads\/2024\/10\/WhatsApp-Image-2024-10-16-at-19.55.27-1.jpeg?resize=768%2C1024&#038;ssl=1\" alt=\"\" class=\"wp-image-99789\" srcset=\"https:\/\/i0.wp.com\/elregionalvm.com.ar\/noticias-villa-maria\/wp-content\/uploads\/2024\/10\/WhatsApp-Image-2024-10-16-at-19.55.27-1.jpeg?resize=768%2C1024&amp;ssl=1 768w, https:\/\/i0.wp.com\/elregionalvm.com.ar\/noticias-villa-maria\/wp-content\/uploads\/2024\/10\/WhatsApp-Image-2024-10-16-at-19.55.27-1.jpeg?resize=225%2C300&amp;ssl=1 225w, https:\/\/i0.wp.com\/elregionalvm.com.ar\/noticias-villa-maria\/wp-content\/uploads\/2024\/10\/WhatsApp-Image-2024-10-16-at-19.55.27-1.jpeg?resize=1152%2C1536&amp;ssl=1 1152w, https:\/\/i0.wp.com\/elregionalvm.com.ar\/noticias-villa-maria\/wp-content\/uploads\/2024\/10\/WhatsApp-Image-2024-10-16-at-19.55.27-1.jpeg?w=1200&amp;ssl=1 1200w\" sizes=\"(max-width: 768px) 100vw, 768px\" \/><\/figure>\n\n\n\n<p>Por lo que el personal policial se llega al lugar y constata que dos hombres estaban teniendo una pelea en dicha intersecci\u00f3n, momento en que uno de ellos le sustrae el limpia vidrios profiere amenazas frente al personal policial teniendo en su poder un palo y un cuchillo, ofusc\u00e1ndose y resisti\u00e9ndose al accionar de los efectivos que intentaban hacerlo deponer de su actitud, a posterior se procede a la inmediata aprehensi\u00f3n del agresor y traslado hacia la Alcald\u00eda, realizando el secuestro de los elementos antes detallados.<\/p>\n\n\n\n<p>Se labran actuaciones a disposici\u00f3n de la Fiscal\u00eda de Instrucci\u00f3n de Primer Turno a cargo del Dr. Rene Bosio, Sec. Dra. Soledad Pepino.<\/p>\n","protected":false},"excerpt":{"rendered":"<p>Siendo aproximadamente las 15:00 hs de la tarde de ayer, Personal Policial desde la intersecci\u00f3n de las calles Bv. Carcano y Mendoza de esta ciudad, procedi\u00f3 a la detenci\u00f3n de un hombre de 32 de edad, por la supuesta autor\u00eda de los delitos de \u00abResistencia a la Autoridad y Amenazas Calificadas\u00bb. La accionar policial fue [&hellip;]<\/p>\n","protected":false},"author":4,"featured_media":99790,"comment_status":"open","ping_status":"open","sticky":false,"template":"","format":"standard","meta":{"site-sidebar-layout":"default","site-content-layout":"","ast-site-content-layout":"default","site-content-style":"default","site-sidebar-style":"default","ast-global-header-display":"","ast-banner-title-visibility":"","ast-main-header-display":"","ast-hfb-above-header-display":"","ast-hfb-below-header-display":"","ast-hfb-mobile-header-display":"","site-post-title":"","ast-breadcrumbs-content":"","ast-featured-img":"","footer-sml-layout":"","ast-disable-related-posts":"","theme-transparent-header-meta":"","adv-header-id-meta":"","stick-header-meta":"","header-above-stick-meta":"","header-main-stick-meta":"","header-below-stick-meta":"","astra-migrate-meta-layouts":"set","ast-page-background-enabled":"default","ast-page-background-meta":{"desktop":{"background-color":"","background-image":"","background-repeat":"repeat","background-position":"center center","background-size":"auto","background-attachment":"scroll","background-type":"","background-media":"","overlay-type":"","overlay-color":"","overlay-opacity":"","overlay-gradient":""},"tablet":{"background-color":"","background-image":"","background-repeat":"repeat","background-position":"center center","background-size":"auto","background-attachment":"scroll","background-type":"","background-media":"","overlay-type":"","overlay-color":"","overlay-opacity":"","overlay-gradient":""},"mobile":{"background-color":"","background-image":"","background-repeat":"repeat","background-position":"center center","background-size":"auto","background-attachment":"scroll","background-type":"","background-media":"","overlay-type":"","overlay-color":"","overlay-opacity":"","overlay-gradient":""}},"ast-content-background-meta":{"desktop":{"background-color":"var(--ast-global-color-5)","background-image":"","background-repeat":"repeat","background-position":"center center","background-size":"auto","background-attachment":"scroll","background-type":"","background-media":"","overlay-type":"","overlay-color":"","overlay-opacity":"","overlay-gradient":""},"tablet":{"background-color":"var(--ast-global-color-5)","background-image":"","background-repeat":"repeat","background-position":"center center","background-size":"auto","background-attachment":"scroll","background-type":"","background-media":"","overlay-type":"","overlay-color":"","overlay-opacity":"","overlay-gradient":""},"mobile":{"background-color":"var(--ast-global-color-5)","background-image":"","background-repeat":"repeat","background-position":"center center","background-size":"auto","background-attachment":"scroll","background-type":"","background-media":"","overlay-type":"","overlay-color":"","overlay-opacity":"","overlay-gradient":""}},"_jetpack_memberships_contains_paid_content":false,"_joinchat":[],"footnotes":""},"categories":[15302,2234,5,2],"tags":[],"class_list":["post-99788","post","type-post","status-publish","format-standard","has-post-thumbnail","hentry","category-destacado","category-policiales","category-sociedad","category-villa-maria"],"yoast_head":"<!-- This site is optimized with the Yoast SEO plugin v26.8 - https:\/\/yoast.com\/product\/yoast-seo-wordpress\/ -->\n<title>Un hombre detenido tras discutir con otro individuo en la v\u00eda p\u00fablica y amenazarlo con un palo y un cuchillo - El Regional<\/title>\n<meta name=\"robots\" content=\"index, follow, max-snippet:-1, max-image-preview:large, max-video-preview:-1\" \/>\n<link rel=\"canonical\" href=\"https:\/\/elregionalvm.com.ar\/noticias-villa-maria\/un-hombre-detenido-tras-discutir-con-otro-individuo-en-la-via-publica-y-amanazarlo-con-un-palo-y-un-cuchillo\/\" \/>\n<meta property=\"og:locale\" content=\"es_ES\" \/>\n<meta property=\"og:type\" content=\"article\" \/>\n<meta property=\"og:title\" content=\"Un hombre detenido tras discutir con otro individuo en la v\u00eda p\u00fablica y amenazarlo con un palo y un cuchillo - El Regional\" \/>\n<meta property=\"og:description\" content=\"Siendo aproximadamente las 15:00 hs de la tarde de ayer, Personal Policial desde la intersecci\u00f3n de las calles Bv. Carcano y Mendoza de esta ciudad, procedi\u00f3 a la detenci\u00f3n de un hombre de 32 de edad, por la supuesta autor\u00eda de los delitos de \u00abResistencia a la Autoridad y Amenazas Calificadas\u00bb. La accionar policial fue [&hellip;]\" \/>\n<meta property=\"og:url\" content=\"https:\/\/elregionalvm.com.ar\/noticias-villa-maria\/un-hombre-detenido-tras-discutir-con-otro-individuo-en-la-via-publica-y-amanazarlo-con-un-palo-y-un-cuchillo\/\" \/>\n<meta property=\"og:site_name\" content=\"El Regional\" \/>\n<meta property=\"article:publisher\" content=\"https:\/\/www.facebook.com\/elregionalvm\" \/>\n<meta property=\"article:published_time\" content=\"2024-10-17T23:32:41+00:00\" \/>\n<meta property=\"article:modified_time\" content=\"2024-10-17T23:34:57+00:00\" \/>\n<meta property=\"og:image\" content=\"https:\/\/elregionalvm.com.ar\/noticias-villa-maria\/wp-content\/uploads\/2024\/10\/WhatsApp-Image-2024-10-16-at-19.55.27.jpeg\" \/>\n\t<meta property=\"og:image:width\" content=\"1600\" \/>\n\t<meta property=\"og:image:height\" content=\"1200\" \/>\n\t<meta property=\"og:image:type\" content=\"image\/jpeg\" \/>\n<meta name=\"author\" content=\"Contenidos El Regional\" \/>\n<meta name=\"twitter:card\" content=\"summary_large_image\" \/>\n<meta name=\"twitter:creator\" content=\"@elregionalvm1\" \/>\n<meta name=\"twitter:site\" content=\"@elregionalvm1\" \/>\n<meta name=\"twitter:label1\" content=\"Escrito por\" \/>\n\t<meta name=\"twitter:data1\" content=\"Contenidos El Regional\" \/>\n\t<meta name=\"twitter:label2\" content=\"Tiempo de lectura\" \/>\n\t<meta name=\"twitter:data2\" content=\"2 minutos\" \/>\n<script type=\"application\/ld+json\" class=\"yoast-schema-graph\">{\"@context\":\"https:\/\/schema.org\",\"@graph\":[{\"@type\":\"Article\",\"@id\":\"https:\/\/elregionalvm.com.ar\/noticias-villa-maria\/un-hombre-detenido-tras-discutir-con-otro-individuo-en-la-via-publica-y-amanazarlo-con-un-palo-y-un-cuchillo\/#article\",\"isPartOf\":{\"@id\":\"https:\/\/elregionalvm.com.ar\/noticias-villa-maria\/un-hombre-detenido-tras-discutir-con-otro-individuo-en-la-via-publica-y-amanazarlo-con-un-palo-y-un-cuchillo\/\"},\"author\":{\"name\":\"Contenidos El Regional\",\"@id\":\"http:\/\/elregionalvm.com.ar\/noticias-villa-maria\/#\/schema\/person\/a0fb9c422317faca23d50163151bc354\"},\"headline\":\"Un hombre detenido tras discutir con otro individuo en la v\u00eda p\u00fablica y amenazarlo con un palo y un cuchillo\",\"datePublished\":\"2024-10-17T23:32:41+00:00\",\"dateModified\":\"2024-10-17T23:34:57+00:00\",\"mainEntityOfPage\":{\"@id\":\"https:\/\/elregionalvm.com.ar\/noticias-villa-maria\/un-hombre-detenido-tras-discutir-con-otro-individuo-en-la-via-publica-y-amanazarlo-con-un-palo-y-un-cuchillo\/\"},\"wordCount\":226,\"commentCount\":0,\"image\":{\"@id\":\"https:\/\/elregionalvm.com.ar\/noticias-villa-maria\/un-hombre-detenido-tras-discutir-con-otro-individuo-en-la-via-publica-y-amanazarlo-con-un-palo-y-un-cuchillo\/#primaryimage\"},\"thumbnailUrl\":\"https:\/\/i0.wp.com\/elregionalvm.com.ar\/noticias-villa-maria\/wp-content\/uploads\/2024\/10\/WhatsApp-Image-2024-10-16-at-19.55.27.jpeg?fit=1600%2C1200&ssl=1\",\"articleSection\":[\"destacado\",\"Policiales\",\"Sociedad\",\"Villa Mar\u00eda\"],\"inLanguage\":\"es\",\"potentialAction\":[{\"@type\":\"CommentAction\",\"name\":\"Comment\",\"target\":[\"https:\/\/elregionalvm.com.ar\/noticias-villa-maria\/un-hombre-detenido-tras-discutir-con-otro-individuo-en-la-via-publica-y-amanazarlo-con-un-palo-y-un-cuchillo\/#respond\"]}]},{\"@type\":\"WebPage\",\"@id\":\"https:\/\/elregionalvm.com.ar\/noticias-villa-maria\/un-hombre-detenido-tras-discutir-con-otro-individuo-en-la-via-publica-y-amanazarlo-con-un-palo-y-un-cuchillo\/\",\"url\":\"https:\/\/elregionalvm.com.ar\/noticias-villa-maria\/un-hombre-detenido-tras-discutir-con-otro-individuo-en-la-via-publica-y-amanazarlo-con-un-palo-y-un-cuchillo\/\",\"name\":\"Un hombre detenido tras discutir con otro individuo en la v\u00eda p\u00fablica y amenazarlo con un palo y un cuchillo - El Regional\",\"isPartOf\":{\"@id\":\"http:\/\/elregionalvm.com.ar\/noticias-villa-maria\/#website\"},\"primaryImageOfPage\":{\"@id\":\"https:\/\/elregionalvm.com.ar\/noticias-villa-maria\/un-hombre-detenido-tras-discutir-con-otro-individuo-en-la-via-publica-y-amanazarlo-con-un-palo-y-un-cuchillo\/#primaryimage\"},\"image\":{\"@id\":\"https:\/\/elregionalvm.com.ar\/noticias-villa-maria\/un-hombre-detenido-tras-discutir-con-otro-individuo-en-la-via-publica-y-amanazarlo-con-un-palo-y-un-cuchillo\/#primaryimage\"},\"thumbnailUrl\":\"https:\/\/i0.wp.com\/elregionalvm.com.ar\/noticias-villa-maria\/wp-content\/uploads\/2024\/10\/WhatsApp-Image-2024-10-16-at-19.55.27.jpeg?fit=1600%2C1200&ssl=1\",\"datePublished\":\"2024-10-17T23:32:41+00:00\",\"dateModified\":\"2024-10-17T23:34:57+00:00\",\"author\":{\"@id\":\"http:\/\/elregionalvm.com.ar\/noticias-villa-maria\/#\/schema\/person\/a0fb9c422317faca23d50163151bc354\"},\"breadcrumb\":{\"@id\":\"https:\/\/elregionalvm.com.ar\/noticias-villa-maria\/un-hombre-detenido-tras-discutir-con-otro-individuo-en-la-via-publica-y-amanazarlo-con-un-palo-y-un-cuchillo\/#breadcrumb\"},\"inLanguage\":\"es\",\"potentialAction\":[{\"@type\":\"ReadAction\",\"target\":[\"https:\/\/elregionalvm.com.ar\/noticias-villa-maria\/un-hombre-detenido-tras-discutir-con-otro-individuo-en-la-via-publica-y-amanazarlo-con-un-palo-y-un-cuchillo\/\"]}]},{\"@type\":\"ImageObject\",\"inLanguage\":\"es\",\"@id\":\"https:\/\/elregionalvm.com.ar\/noticias-villa-maria\/un-hombre-detenido-tras-discutir-con-otro-individuo-en-la-via-publica-y-amanazarlo-con-un-palo-y-un-cuchillo\/#primaryimage\",\"url\":\"https:\/\/i0.wp.com\/elregionalvm.com.ar\/noticias-villa-maria\/wp-content\/uploads\/2024\/10\/WhatsApp-Image-2024-10-16-at-19.55.27.jpeg?fit=1600%2C1200&ssl=1\",\"contentUrl\":\"https:\/\/i0.wp.com\/elregionalvm.com.ar\/noticias-villa-maria\/wp-content\/uploads\/2024\/10\/WhatsApp-Image-2024-10-16-at-19.55.27.jpeg?fit=1600%2C1200&ssl=1\",\"width\":1600,\"height\":1200},{\"@type\":\"BreadcrumbList\",\"@id\":\"https:\/\/elregionalvm.com.ar\/noticias-villa-maria\/un-hombre-detenido-tras-discutir-con-otro-individuo-en-la-via-publica-y-amanazarlo-con-un-palo-y-un-cuchillo\/#breadcrumb\",\"itemListElement\":[{\"@type\":\"ListItem\",\"position\":1,\"name\":\"Portada\",\"item\":\"https:\/\/elregionalvm.com.ar\/noticias-villa-maria\/\"},{\"@type\":\"ListItem\",\"position\":2,\"name\":\"Un hombre detenido tras discutir con otro individuo en la v\u00eda p\u00fablica y amenazarlo con un palo y un cuchillo\"}]},{\"@type\":\"WebSite\",\"@id\":\"http:\/\/elregionalvm.com.ar\/noticias-villa-maria\/#website\",\"url\":\"http:\/\/elregionalvm.com.ar\/noticias-villa-maria\/\",\"name\":\"El Regional\",\"description\":\"Mucho m\u00e1s que informaci\u00f3n\",\"potentialAction\":[{\"@type\":\"SearchAction\",\"target\":{\"@type\":\"EntryPoint\",\"urlTemplate\":\"http:\/\/elregionalvm.com.ar\/noticias-villa-maria\/?s={search_term_string}\"},\"query-input\":{\"@type\":\"PropertyValueSpecification\",\"valueRequired\":true,\"valueName\":\"search_term_string\"}}],\"inLanguage\":\"es\"},{\"@type\":\"Person\",\"@id\":\"http:\/\/elregionalvm.com.ar\/noticias-villa-maria\/#\/schema\/person\/a0fb9c422317faca23d50163151bc354\",\"name\":\"Contenidos El Regional\",\"image\":{\"@type\":\"ImageObject\",\"inLanguage\":\"es\",\"@id\":\"http:\/\/elregionalvm.com.ar\/noticias-villa-maria\/#\/schema\/person\/image\/\",\"url\":\"https:\/\/secure.gravatar.com\/avatar\/265b27cb2209af7bb3a1318f03305787d7981a5cc6e6cd08fe5a4ecdf99d4b48?s=96&d=mm&r=g\",\"contentUrl\":\"https:\/\/secure.gravatar.com\/avatar\/265b27cb2209af7bb3a1318f03305787d7981a5cc6e6cd08fe5a4ecdf99d4b48?s=96&d=mm&r=g\",\"caption\":\"Contenidos El Regional\"},\"url\":\"https:\/\/elregionalvm.com.ar\/noticias-villa-maria\/author\/contenido\/\"}]}<\/script>\n<!-- \/ Yoast SEO plugin. -->","yoast_head_json":{"title":"Un hombre detenido tras discutir con otro individuo en la v\u00eda p\u00fablica y amenazarlo con un palo y un cuchillo - El Regional","robots":{"index":"index","follow":"follow","max-snippet":"max-snippet:-1","max-image-preview":"max-image-preview:large","max-video-preview":"max-video-preview:-1"},"canonical":"https:\/\/elregionalvm.com.ar\/noticias-villa-maria\/un-hombre-detenido-tras-discutir-con-otro-individuo-en-la-via-publica-y-amanazarlo-con-un-palo-y-un-cuchillo\/","og_locale":"es_ES","og_type":"article","og_title":"Un hombre detenido tras discutir con otro individuo en la v\u00eda p\u00fablica y amenazarlo con un palo y un cuchillo - El Regional","og_description":"Siendo aproximadamente las 15:00 hs de la tarde de ayer, Personal Policial desde la intersecci\u00f3n de las calles Bv. Carcano y Mendoza de esta ciudad, procedi\u00f3 a la detenci\u00f3n de un hombre de 32 de edad, por la supuesta autor\u00eda de los delitos de \u00abResistencia a la Autoridad y Amenazas Calificadas\u00bb. La accionar policial fue [&hellip;]","og_url":"https:\/\/elregionalvm.com.ar\/noticias-villa-maria\/un-hombre-detenido-tras-discutir-con-otro-individuo-en-la-via-publica-y-amanazarlo-con-un-palo-y-un-cuchillo\/","og_site_name":"El Regional","article_publisher":"https:\/\/www.facebook.com\/elregionalvm","article_published_time":"2024-10-17T23:32:41+00:00","article_modified_time":"2024-10-17T23:34:57+00:00","og_image":[{"width":1600,"height":1200,"url":"https:\/\/elregionalvm.com.ar\/noticias-villa-maria\/wp-content\/uploads\/2024\/10\/WhatsApp-Image-2024-10-16-at-19.55.27.jpeg","type":"image\/jpeg"}],"author":"Contenidos El Regional","twitter_card":"summary_large_image","twitter_creator":"@elregionalvm1","twitter_site":"@elregionalvm1","twitter_misc":{"Escrito por":"Contenidos El Regional","Tiempo de lectura":"2 minutos"},"schema":{"@context":"https:\/\/schema.org","@graph":[{"@type":"Article","@id":"https:\/\/elregionalvm.com.ar\/noticias-villa-maria\/un-hombre-detenido-tras-discutir-con-otro-individuo-en-la-via-publica-y-amanazarlo-con-un-palo-y-un-cuchillo\/#article","isPartOf":{"@id":"https:\/\/elregionalvm.com.ar\/noticias-villa-maria\/un-hombre-detenido-tras-discutir-con-otro-individuo-en-la-via-publica-y-amanazarlo-con-un-palo-y-un-cuchillo\/"},"author":{"name":"Contenidos El Regional","@id":"http:\/\/elregionalvm.com.ar\/noticias-villa-maria\/#\/schema\/person\/a0fb9c422317faca23d50163151bc354"},"headline":"Un hombre detenido tras discutir con otro individuo en la v\u00eda p\u00fablica y amenazarlo con un palo y un cuchillo","datePublished":"2024-10-17T23:32:41+00:00","dateModified":"2024-10-17T23:34:57+00:00","mainEntityOfPage":{"@id":"https:\/\/elregionalvm.com.ar\/noticias-villa-maria\/un-hombre-detenido-tras-discutir-con-otro-individuo-en-la-via-publica-y-amanazarlo-con-un-palo-y-un-cuchillo\/"},"wordCount":226,"commentCount":0,"image":{"@id":"https:\/\/elregionalvm.com.ar\/noticias-villa-maria\/un-hombre-detenido-tras-discutir-con-otro-individuo-en-la-via-publica-y-amanazarlo-con-un-palo-y-un-cuchillo\/#primaryimage"},"thumbnailUrl":"https:\/\/i0.wp.com\/elregionalvm.com.ar\/noticias-villa-maria\/wp-content\/uploads\/2024\/10\/WhatsApp-Image-2024-10-16-at-19.55.27.jpeg?fit=1600%2C1200&ssl=1","articleSection":["destacado","Policiales","Sociedad","Villa Mar\u00eda"],"inLanguage":"es","potentialAction":[{"@type":"CommentAction","name":"Comment","target":["https:\/\/elregionalvm.com.ar\/noticias-villa-maria\/un-hombre-detenido-tras-discutir-con-otro-individuo-en-la-via-publica-y-amanazarlo-con-un-palo-y-un-cuchillo\/#respond"]}]},{"@type":"WebPage","@id":"https:\/\/elregionalvm.com.ar\/noticias-villa-maria\/un-hombre-detenido-tras-discutir-con-otro-individuo-en-la-via-publica-y-amanazarlo-con-un-palo-y-un-cuchillo\/","url":"https:\/\/elregionalvm.com.ar\/noticias-villa-maria\/un-hombre-detenido-tras-discutir-con-otro-individuo-en-la-via-publica-y-amanazarlo-con-un-palo-y-un-cuchillo\/","name":"Un hombre detenido tras discutir con otro individuo en la v\u00eda p\u00fablica y amenazarlo con un palo y un cuchillo - El Regional","isPartOf":{"@id":"http:\/\/elregionalvm.com.ar\/noticias-villa-maria\/#website"},"primaryImageOfPage":{"@id":"https:\/\/elregionalvm.com.ar\/noticias-villa-maria\/un-hombre-detenido-tras-discutir-con-otro-individuo-en-la-via-publica-y-amanazarlo-con-un-palo-y-un-cuchillo\/#primaryimage"},"image":{"@id":"https:\/\/elregionalvm.com.ar\/noticias-villa-maria\/un-hombre-detenido-tras-discutir-con-otro-individuo-en-la-via-publica-y-amanazarlo-con-un-palo-y-un-cuchillo\/#primaryimage"},"thumbnailUrl":"https:\/\/i0.wp.com\/elregionalvm.com.ar\/noticias-villa-maria\/wp-content\/uploads\/2024\/10\/WhatsApp-Image-2024-10-16-at-19.55.27.jpeg?fit=1600%2C1200&ssl=1","datePublished":"2024-10-17T23:32:41+00:00","dateModified":"2024-10-17T23:34:57+00:00","author":{"@id":"http:\/\/elregionalvm.com.ar\/noticias-villa-maria\/#\/schema\/person\/a0fb9c422317faca23d50163151bc354"},"breadcrumb":{"@id":"https:\/\/elregionalvm.com.ar\/noticias-villa-maria\/un-hombre-detenido-tras-discutir-con-otro-individuo-en-la-via-publica-y-amanazarlo-con-un-palo-y-un-cuchillo\/#breadcrumb"},"inLanguage":"es","potentialAction":[{"@type":"ReadAction","target":["https:\/\/elregionalvm.com.ar\/noticias-villa-maria\/un-hombre-detenido-tras-discutir-con-otro-individuo-en-la-via-publica-y-amanazarlo-con-un-palo-y-un-cuchillo\/"]}]},{"@type":"ImageObject","inLanguage":"es","@id":"https:\/\/elregionalvm.com.ar\/noticias-villa-maria\/un-hombre-detenido-tras-discutir-con-otro-individuo-en-la-via-publica-y-amanazarlo-con-un-palo-y-un-cuchillo\/#primaryimage","url":"https:\/\/i0.wp.com\/elregionalvm.com.ar\/noticias-villa-maria\/wp-content\/uploads\/2024\/10\/WhatsApp-Image-2024-10-16-at-19.55.27.jpeg?fit=1600%2C1200&ssl=1","contentUrl":"https:\/\/i0.wp.com\/elregionalvm.com.ar\/noticias-villa-maria\/wp-content\/uploads\/2024\/10\/WhatsApp-Image-2024-10-16-at-19.55.27.jpeg?fit=1600%2C1200&ssl=1","width":1600,"height":1200},{"@type":"BreadcrumbList","@id":"https:\/\/elregionalvm.com.ar\/noticias-villa-maria\/un-hombre-detenido-tras-discutir-con-otro-individuo-en-la-via-publica-y-amanazarlo-con-un-palo-y-un-cuchillo\/#breadcrumb","itemListElement":[{"@type":"ListItem","position":1,"name":"Portada","item":"https:\/\/elregionalvm.com.ar\/noticias-villa-maria\/"},{"@type":"ListItem","position":2,"name":"Un hombre detenido tras discutir con otro individuo en la v\u00eda p\u00fablica y amenazarlo con un palo y un cuchillo"}]},{"@type":"WebSite","@id":"http:\/\/elregionalvm.com.ar\/noticias-villa-maria\/#website","url":"http:\/\/elregionalvm.com.ar\/noticias-villa-maria\/","name":"El Regional","description":"Mucho m\u00e1s que informaci\u00f3n","potentialAction":[{"@type":"SearchAction","target":{"@type":"EntryPoint","urlTemplate":"http:\/\/elregionalvm.com.ar\/noticias-villa-maria\/?s={search_term_string}"},"query-input":{"@type":"PropertyValueSpecification","valueRequired":true,"valueName":"search_term_string"}}],"inLanguage":"es"},{"@type":"Person","@id":"http:\/\/elregionalvm.com.ar\/noticias-villa-maria\/#\/schema\/person\/a0fb9c422317faca23d50163151bc354","name":"Contenidos El Regional","image":{"@type":"ImageObject","inLanguage":"es","@id":"http:\/\/elregionalvm.com.ar\/noticias-villa-maria\/#\/schema\/person\/image\/","url":"https:\/\/secure.gravatar.com\/avatar\/265b27cb2209af7bb3a1318f03305787d7981a5cc6e6cd08fe5a4ecdf99d4b48?s=96&d=mm&r=g","contentUrl":"https:\/\/secure.gravatar.com\/avatar\/265b27cb2209af7bb3a1318f03305787d7981a5cc6e6cd08fe5a4ecdf99d4b48?s=96&d=mm&r=g","caption":"Contenidos El Regional"},"url":"https:\/\/elregionalvm.com.ar\/noticias-villa-maria\/author\/contenido\/"}]}},"jetpack_featured_media_url":"https:\/\/i0.wp.com\/elregionalvm.com.ar\/noticias-villa-maria\/wp-content\/uploads\/2024\/10\/WhatsApp-Image-2024-10-16-at-19.55.27.jpeg?fit=1600%2C1200&ssl=1","jetpack_sharing_enabled":true,"_links":{"self":[{"href":"https:\/\/elregionalvm.com.ar\/noticias-villa-maria\/wp-json\/wp\/v2\/posts\/99788","targetHints":{"allow":["GET"]}}],"collection":[{"href":"https:\/\/elregionalvm.com.ar\/noticias-villa-maria\/wp-json\/wp\/v2\/posts"}],"about":[{"href":"https:\/\/elregionalvm.com.ar\/noticias-villa-maria\/wp-json\/wp\/v2\/types\/post"}],"author":[{"embeddable":true,"href":"https:\/\/elregionalvm.com.ar\/noticias-villa-maria\/wp-json\/wp\/v2\/users\/4"}],"replies":[{"embeddable":true,"href":"https:\/\/elregionalvm.com.ar\/noticias-villa-maria\/wp-json\/wp\/v2\/comments?post=99788"}],"version-history":[{"count":2,"href":"https:\/\/elregionalvm.com.ar\/noticias-villa-maria\/wp-json\/wp\/v2\/posts\/99788\/revisions"}],"predecessor-version":[{"id":99797,"href":"https:\/\/elregionalvm.com.ar\/noticias-villa-maria\/wp-json\/wp\/v2\/posts\/99788\/revisions\/99797"}],"wp:featuredmedia":[{"embeddable":true,"href":"https:\/\/elregionalvm.com.ar\/noticias-villa-maria\/wp-json\/wp\/v2\/media\/99790"}],"wp:attachment":[{"href":"https:\/\/elregionalvm.com.ar\/noticias-villa-maria\/wp-json\/wp\/v2\/media?parent=99788"}],"wp:term":[{"taxonomy":"category","embeddable":true,"href":"https:\/\/elregionalvm.com.ar\/noticias-villa-maria\/wp-json\/wp\/v2\/categories?post=99788"},{"taxonomy":"post_tag","embeddable":true,"href":"https:\/\/elregionalvm.com.ar\/noticias-villa-maria\/wp-json\/wp\/v2\/tags?post=99788"}],"curies":[{"name":"wp","href":"https:\/\/api.w.org\/{rel}","templated":true}]}}