{"id":99792,"date":"2024-10-17T23:34:41","date_gmt":"2024-10-17T23:34:41","guid":{"rendered":"https:\/\/elregionalvm.com.ar\/noticias-villa-maria\/?p=99792"},"modified":"2024-10-17T23:34:43","modified_gmt":"2024-10-17T23:34:43","slug":"hasta-el-31-de-octubre-se-encuentran-abiertas-las-inscripciones-para-la-segunda-edicion-del-villa-maria-sale","status":"publish","type":"post","link":"https:\/\/elregionalvm.com.ar\/noticias-villa-maria\/hasta-el-31-de-octubre-se-encuentran-abiertas-las-inscripciones-para-la-segunda-edicion-del-villa-maria-sale\/","title":{"rendered":"Hasta el 31 de Octubre se encuentran abiertas las inscripciones para la segunda edici\u00f3n del \u00abVilla Mar\u00eda Sale\u00bb"},"content":{"rendered":"\n<p>La municipalidad de Villa Mar\u00eda informa que se encuentran abiertas las inscripciones para los comercios locales que deseen participar de la segunda edici\u00f3n del \u201cVilla Mar\u00eda Sale\u201d.<\/p>\n\n\n\n<figure class=\"wp-block-image size-large\"><img data-recalc-dims=\"1\" fetchpriority=\"high\" decoding=\"async\" width=\"1024\" height=\"682\" src=\"https:\/\/i0.wp.com\/elregionalvm.com.ar\/noticias-villa-maria\/wp-content\/uploads\/2024\/10\/WhatsApp-Image-2024-10-17-at-10.53.55.jpeg?resize=1024%2C682&#038;ssl=1\" alt=\"\" class=\"wp-image-99794\" srcset=\"https:\/\/i0.wp.com\/elregionalvm.com.ar\/noticias-villa-maria\/wp-content\/uploads\/2024\/10\/WhatsApp-Image-2024-10-17-at-10.53.55.jpeg?resize=1024%2C682&amp;ssl=1 1024w, https:\/\/i0.wp.com\/elregionalvm.com.ar\/noticias-villa-maria\/wp-content\/uploads\/2024\/10\/WhatsApp-Image-2024-10-17-at-10.53.55.jpeg?resize=300%2C200&amp;ssl=1 300w, https:\/\/i0.wp.com\/elregionalvm.com.ar\/noticias-villa-maria\/wp-content\/uploads\/2024\/10\/WhatsApp-Image-2024-10-17-at-10.53.55.jpeg?resize=768%2C512&amp;ssl=1 768w, https:\/\/i0.wp.com\/elregionalvm.com.ar\/noticias-villa-maria\/wp-content\/uploads\/2024\/10\/WhatsApp-Image-2024-10-17-at-10.53.55.jpeg?resize=1536%2C1023&amp;ssl=1 1536w, https:\/\/i0.wp.com\/elregionalvm.com.ar\/noticias-villa-maria\/wp-content\/uploads\/2024\/10\/WhatsApp-Image-2024-10-17-at-10.53.55.jpeg?w=1600&amp;ssl=1 1600w\" sizes=\"(max-width: 1000px) 100vw, 1000px\" \/><\/figure>\n\n\n\n<p>El evento, organizado por el municipio junto a AERCA y ACOVIM, tendr\u00e1 lugar del 9 al 16 de noviembre y los interesados tienen tiempo de inscribirse hasta el jueves 31 de octubre ingresado al link: https:\/\/forms.gle\/szG1632ktFJo3RpR8.<\/p>\n\n\n\n<p>Cabe se\u00f1alar que la propuesta tiene como objetivo potenciar las ventas en comercios f\u00edsicos, generando, al igual que grandes eventos de e-commerce de nuestro pa\u00eds y el mundo, una p\u00e1gina web donde comerciantes y prestadores de servicios de diferentes rubros puedan ofrecer importantes descuentos, liquidaciones y promociones de manera simult\u00e1nea.<\/p>\n\n\n\n<p>Sobre la iniciativa, el subsecretario de Desarrollo Productivo, Germ\u00e1n Tenedini, afirm\u00f3: \u00aben esta nueva edici\u00f3n de la propuesta continuamos potenciando al sector comercial villamariense que vuelve a identificarse identificar\u00e1 con la feria de ofertas y promociones\u201d.<\/p>\n\n\n\n<figure class=\"wp-block-image size-large\"><img data-recalc-dims=\"1\" decoding=\"async\" width=\"1024\" height=\"682\" src=\"https:\/\/i0.wp.com\/elregionalvm.com.ar\/noticias-villa-maria\/wp-content\/uploads\/2024\/10\/WhatsApp-Image-2024-10-17-at-10.53.55-1.jpeg?resize=1024%2C682&#038;ssl=1\" alt=\"\" class=\"wp-image-99793\" srcset=\"https:\/\/i0.wp.com\/elregionalvm.com.ar\/noticias-villa-maria\/wp-content\/uploads\/2024\/10\/WhatsApp-Image-2024-10-17-at-10.53.55-1.jpeg?resize=1024%2C682&amp;ssl=1 1024w, https:\/\/i0.wp.com\/elregionalvm.com.ar\/noticias-villa-maria\/wp-content\/uploads\/2024\/10\/WhatsApp-Image-2024-10-17-at-10.53.55-1.jpeg?resize=300%2C200&amp;ssl=1 300w, https:\/\/i0.wp.com\/elregionalvm.com.ar\/noticias-villa-maria\/wp-content\/uploads\/2024\/10\/WhatsApp-Image-2024-10-17-at-10.53.55-1.jpeg?resize=768%2C512&amp;ssl=1 768w, https:\/\/i0.wp.com\/elregionalvm.com.ar\/noticias-villa-maria\/wp-content\/uploads\/2024\/10\/WhatsApp-Image-2024-10-17-at-10.53.55-1.jpeg?resize=1536%2C1023&amp;ssl=1 1536w, https:\/\/i0.wp.com\/elregionalvm.com.ar\/noticias-villa-maria\/wp-content\/uploads\/2024\/10\/WhatsApp-Image-2024-10-17-at-10.53.55-1.jpeg?w=1600&amp;ssl=1 1600w\" sizes=\"(max-width: 1000px) 100vw, 1000px\" \/><\/figure>\n\n\n\n<p>Es importante remarcar que los negocios que forman parte del Villa Mar\u00eda Sale tendr\u00e1n una identificaci\u00f3n en sus vidrieras, elementos para vestir el local, la presencia en la p\u00e1gina web http:\/\/www.villamariasale.com.ar donde podr\u00e1n plasmar su promoci\u00f3n, tambi\u00e9n sus canales de contacto y de venta digital.<\/p>\n","protected":false},"excerpt":{"rendered":"<p>La municipalidad de Villa Mar\u00eda informa que se encuentran abiertas las inscripciones para los comercios locales que deseen participar de la segunda edici\u00f3n del \u201cVilla Mar\u00eda Sale\u201d. El evento, organizado por el municipio junto a AERCA y ACOVIM, tendr\u00e1 lugar del 9 al 16 de noviembre y los interesados tienen tiempo de inscribirse hasta el [&hellip;]<\/p>\n","protected":false},"author":4,"featured_media":99795,"comment_status":"open","ping_status":"open","sticky":false,"template":"","format":"standard","meta":{"site-sidebar-layout":"default","site-content-layout":"","ast-site-content-layout":"default","site-content-style":"default","site-sidebar-style":"default","ast-global-header-display":"","ast-banner-title-visibility":"","ast-main-header-display":"","ast-hfb-above-header-display":"","ast-hfb-below-header-display":"","ast-hfb-mobile-header-display":"","site-post-title":"","ast-breadcrumbs-content":"","ast-featured-img":"","footer-sml-layout":"","ast-disable-related-posts":"","theme-transparent-header-meta":"","adv-header-id-meta":"","stick-header-meta":"","header-above-stick-meta":"","header-main-stick-meta":"","header-below-stick-meta":"","astra-migrate-meta-layouts":"set","ast-page-background-enabled":"default","ast-page-background-meta":{"desktop":{"background-color":"","background-image":"","background-repeat":"repeat","background-position":"center center","background-size":"auto","background-attachment":"scroll","background-type":"","background-media":"","overlay-type":"","overlay-color":"","overlay-opacity":"","overlay-gradient":""},"tablet":{"background-color":"","background-image":"","background-repeat":"repeat","background-position":"center center","background-size":"auto","background-attachment":"scroll","background-type":"","background-media":"","overlay-type":"","overlay-color":"","overlay-opacity":"","overlay-gradient":""},"mobile":{"background-color":"","background-image":"","background-repeat":"repeat","background-position":"center center","background-size":"auto","background-attachment":"scroll","background-type":"","background-media":"","overlay-type":"","overlay-color":"","overlay-opacity":"","overlay-gradient":""}},"ast-content-background-meta":{"desktop":{"background-color":"var(--ast-global-color-5)","background-image":"","background-repeat":"repeat","background-position":"center center","background-size":"auto","background-attachment":"scroll","background-type":"","background-media":"","overlay-type":"","overlay-color":"","overlay-opacity":"","overlay-gradient":""},"tablet":{"background-color":"var(--ast-global-color-5)","background-image":"","background-repeat":"repeat","background-position":"center center","background-size":"auto","background-attachment":"scroll","background-type":"","background-media":"","overlay-type":"","overlay-color":"","overlay-opacity":"","overlay-gradient":""},"mobile":{"background-color":"var(--ast-global-color-5)","background-image":"","background-repeat":"repeat","background-position":"center center","background-size":"auto","background-attachment":"scroll","background-type":"","background-media":"","overlay-type":"","overlay-color":"","overlay-opacity":"","overlay-gradient":""}},"_jetpack_memberships_contains_paid_content":false,"_joinchat":[],"footnotes":""},"categories":[15302,5,2],"tags":[],"class_list":["post-99792","post","type-post","status-publish","format-standard","has-post-thumbnail","hentry","category-destacado","category-sociedad","category-villa-maria"],"yoast_head":"<!-- This site is optimized with the Yoast SEO plugin v26.8 - https:\/\/yoast.com\/product\/yoast-seo-wordpress\/ -->\n<title>Hasta el 31 de Octubre se encuentran abiertas las inscripciones para la segunda edici\u00f3n del &quot;Villa Mar\u00eda Sale&quot; - El Regional<\/title>\n<meta name=\"robots\" content=\"index, follow, max-snippet:-1, max-image-preview:large, max-video-preview:-1\" \/>\n<link rel=\"canonical\" href=\"https:\/\/elregionalvm.com.ar\/noticias-villa-maria\/hasta-el-31-de-octubre-se-encuentran-abiertas-las-inscripciones-para-la-segunda-edicion-del-villa-maria-sale\/\" \/>\n<meta property=\"og:locale\" content=\"es_ES\" \/>\n<meta property=\"og:type\" content=\"article\" \/>\n<meta property=\"og:title\" content=\"Hasta el 31 de Octubre se encuentran abiertas las inscripciones para la segunda edici\u00f3n del &quot;Villa Mar\u00eda Sale&quot; - El Regional\" \/>\n<meta property=\"og:description\" content=\"La municipalidad de Villa Mar\u00eda informa que se encuentran abiertas las inscripciones para los comercios locales que deseen participar de la segunda edici\u00f3n del \u201cVilla Mar\u00eda Sale\u201d. El evento, organizado por el municipio junto a AERCA y ACOVIM, tendr\u00e1 lugar del 9 al 16 de noviembre y los interesados tienen tiempo de inscribirse hasta el [&hellip;]\" \/>\n<meta property=\"og:url\" content=\"https:\/\/elregionalvm.com.ar\/noticias-villa-maria\/hasta-el-31-de-octubre-se-encuentran-abiertas-las-inscripciones-para-la-segunda-edicion-del-villa-maria-sale\/\" \/>\n<meta property=\"og:site_name\" content=\"El Regional\" \/>\n<meta property=\"article:publisher\" content=\"https:\/\/www.facebook.com\/elregionalvm\" \/>\n<meta property=\"article:published_time\" content=\"2024-10-17T23:34:41+00:00\" \/>\n<meta property=\"article:modified_time\" content=\"2024-10-17T23:34:43+00:00\" \/>\n<meta property=\"og:image\" content=\"https:\/\/elregionalvm.com.ar\/noticias-villa-maria\/wp-content\/uploads\/2024\/10\/WhatsApp-Image-2024-10-17-at-10.53.54.jpeg\" \/>\n\t<meta property=\"og:image:width\" content=\"1600\" \/>\n\t<meta property=\"og:image:height\" content=\"1066\" \/>\n\t<meta property=\"og:image:type\" content=\"image\/jpeg\" \/>\n<meta name=\"author\" content=\"Contenidos El Regional\" \/>\n<meta name=\"twitter:card\" content=\"summary_large_image\" \/>\n<meta name=\"twitter:creator\" content=\"@elregionalvm1\" \/>\n<meta name=\"twitter:site\" content=\"@elregionalvm1\" \/>\n<meta name=\"twitter:label1\" content=\"Escrito por\" \/>\n\t<meta name=\"twitter:data1\" content=\"Contenidos El Regional\" \/>\n\t<meta name=\"twitter:label2\" content=\"Tiempo de lectura\" \/>\n\t<meta name=\"twitter:data2\" content=\"2 minutos\" \/>\n<script type=\"application\/ld+json\" class=\"yoast-schema-graph\">{\"@context\":\"https:\/\/schema.org\",\"@graph\":[{\"@type\":\"Article\",\"@id\":\"https:\/\/elregionalvm.com.ar\/noticias-villa-maria\/hasta-el-31-de-octubre-se-encuentran-abiertas-las-inscripciones-para-la-segunda-edicion-del-villa-maria-sale\/#article\",\"isPartOf\":{\"@id\":\"https:\/\/elregionalvm.com.ar\/noticias-villa-maria\/hasta-el-31-de-octubre-se-encuentran-abiertas-las-inscripciones-para-la-segunda-edicion-del-villa-maria-sale\/\"},\"author\":{\"name\":\"Contenidos El Regional\",\"@id\":\"http:\/\/elregionalvm.com.ar\/noticias-villa-maria\/#\/schema\/person\/a0fb9c422317faca23d50163151bc354\"},\"headline\":\"Hasta el 31 de Octubre se encuentran abiertas las inscripciones para la segunda edici\u00f3n del \u00abVilla Mar\u00eda Sale\u00bb\",\"datePublished\":\"2024-10-17T23:34:41+00:00\",\"dateModified\":\"2024-10-17T23:34:43+00:00\",\"mainEntityOfPage\":{\"@id\":\"https:\/\/elregionalvm.com.ar\/noticias-villa-maria\/hasta-el-31-de-octubre-se-encuentran-abiertas-las-inscripciones-para-la-segunda-edicion-del-villa-maria-sale\/\"},\"wordCount\":236,\"commentCount\":0,\"image\":{\"@id\":\"https:\/\/elregionalvm.com.ar\/noticias-villa-maria\/hasta-el-31-de-octubre-se-encuentran-abiertas-las-inscripciones-para-la-segunda-edicion-del-villa-maria-sale\/#primaryimage\"},\"thumbnailUrl\":\"https:\/\/i0.wp.com\/elregionalvm.com.ar\/noticias-villa-maria\/wp-content\/uploads\/2024\/10\/WhatsApp-Image-2024-10-17-at-10.53.54.jpeg?fit=1600%2C1066&ssl=1\",\"articleSection\":[\"destacado\",\"Sociedad\",\"Villa Mar\u00eda\"],\"inLanguage\":\"es\",\"potentialAction\":[{\"@type\":\"CommentAction\",\"name\":\"Comment\",\"target\":[\"https:\/\/elregionalvm.com.ar\/noticias-villa-maria\/hasta-el-31-de-octubre-se-encuentran-abiertas-las-inscripciones-para-la-segunda-edicion-del-villa-maria-sale\/#respond\"]}]},{\"@type\":\"WebPage\",\"@id\":\"https:\/\/elregionalvm.com.ar\/noticias-villa-maria\/hasta-el-31-de-octubre-se-encuentran-abiertas-las-inscripciones-para-la-segunda-edicion-del-villa-maria-sale\/\",\"url\":\"https:\/\/elregionalvm.com.ar\/noticias-villa-maria\/hasta-el-31-de-octubre-se-encuentran-abiertas-las-inscripciones-para-la-segunda-edicion-del-villa-maria-sale\/\",\"name\":\"Hasta el 31 de Octubre se encuentran abiertas las inscripciones para la segunda edici\u00f3n del \\\"Villa Mar\u00eda Sale\\\" - El Regional\",\"isPartOf\":{\"@id\":\"http:\/\/elregionalvm.com.ar\/noticias-villa-maria\/#website\"},\"primaryImageOfPage\":{\"@id\":\"https:\/\/elregionalvm.com.ar\/noticias-villa-maria\/hasta-el-31-de-octubre-se-encuentran-abiertas-las-inscripciones-para-la-segunda-edicion-del-villa-maria-sale\/#primaryimage\"},\"image\":{\"@id\":\"https:\/\/elregionalvm.com.ar\/noticias-villa-maria\/hasta-el-31-de-octubre-se-encuentran-abiertas-las-inscripciones-para-la-segunda-edicion-del-villa-maria-sale\/#primaryimage\"},\"thumbnailUrl\":\"https:\/\/i0.wp.com\/elregionalvm.com.ar\/noticias-villa-maria\/wp-content\/uploads\/2024\/10\/WhatsApp-Image-2024-10-17-at-10.53.54.jpeg?fit=1600%2C1066&ssl=1\",\"datePublished\":\"2024-10-17T23:34:41+00:00\",\"dateModified\":\"2024-10-17T23:34:43+00:00\",\"author\":{\"@id\":\"http:\/\/elregionalvm.com.ar\/noticias-villa-maria\/#\/schema\/person\/a0fb9c422317faca23d50163151bc354\"},\"breadcrumb\":{\"@id\":\"https:\/\/elregionalvm.com.ar\/noticias-villa-maria\/hasta-el-31-de-octubre-se-encuentran-abiertas-las-inscripciones-para-la-segunda-edicion-del-villa-maria-sale\/#breadcrumb\"},\"inLanguage\":\"es\",\"potentialAction\":[{\"@type\":\"ReadAction\",\"target\":[\"https:\/\/elregionalvm.com.ar\/noticias-villa-maria\/hasta-el-31-de-octubre-se-encuentran-abiertas-las-inscripciones-para-la-segunda-edicion-del-villa-maria-sale\/\"]}]},{\"@type\":\"ImageObject\",\"inLanguage\":\"es\",\"@id\":\"https:\/\/elregionalvm.com.ar\/noticias-villa-maria\/hasta-el-31-de-octubre-se-encuentran-abiertas-las-inscripciones-para-la-segunda-edicion-del-villa-maria-sale\/#primaryimage\",\"url\":\"https:\/\/i0.wp.com\/elregionalvm.com.ar\/noticias-villa-maria\/wp-content\/uploads\/2024\/10\/WhatsApp-Image-2024-10-17-at-10.53.54.jpeg?fit=1600%2C1066&ssl=1\",\"contentUrl\":\"https:\/\/i0.wp.com\/elregionalvm.com.ar\/noticias-villa-maria\/wp-content\/uploads\/2024\/10\/WhatsApp-Image-2024-10-17-at-10.53.54.jpeg?fit=1600%2C1066&ssl=1\",\"width\":1600,\"height\":1066},{\"@type\":\"BreadcrumbList\",\"@id\":\"https:\/\/elregionalvm.com.ar\/noticias-villa-maria\/hasta-el-31-de-octubre-se-encuentran-abiertas-las-inscripciones-para-la-segunda-edicion-del-villa-maria-sale\/#breadcrumb\",\"itemListElement\":[{\"@type\":\"ListItem\",\"position\":1,\"name\":\"Portada\",\"item\":\"https:\/\/elregionalvm.com.ar\/noticias-villa-maria\/\"},{\"@type\":\"ListItem\",\"position\":2,\"name\":\"Hasta el 31 de Octubre se encuentran abiertas las inscripciones para la segunda edici\u00f3n del \u00abVilla Mar\u00eda Sale\u00bb\"}]},{\"@type\":\"WebSite\",\"@id\":\"http:\/\/elregionalvm.com.ar\/noticias-villa-maria\/#website\",\"url\":\"http:\/\/elregionalvm.com.ar\/noticias-villa-maria\/\",\"name\":\"El Regional\",\"description\":\"Mucho m\u00e1s que informaci\u00f3n\",\"potentialAction\":[{\"@type\":\"SearchAction\",\"target\":{\"@type\":\"EntryPoint\",\"urlTemplate\":\"http:\/\/elregionalvm.com.ar\/noticias-villa-maria\/?s={search_term_string}\"},\"query-input\":{\"@type\":\"PropertyValueSpecification\",\"valueRequired\":true,\"valueName\":\"search_term_string\"}}],\"inLanguage\":\"es\"},{\"@type\":\"Person\",\"@id\":\"http:\/\/elregionalvm.com.ar\/noticias-villa-maria\/#\/schema\/person\/a0fb9c422317faca23d50163151bc354\",\"name\":\"Contenidos El Regional\",\"image\":{\"@type\":\"ImageObject\",\"inLanguage\":\"es\",\"@id\":\"http:\/\/elregionalvm.com.ar\/noticias-villa-maria\/#\/schema\/person\/image\/\",\"url\":\"https:\/\/secure.gravatar.com\/avatar\/265b27cb2209af7bb3a1318f03305787d7981a5cc6e6cd08fe5a4ecdf99d4b48?s=96&d=mm&r=g\",\"contentUrl\":\"https:\/\/secure.gravatar.com\/avatar\/265b27cb2209af7bb3a1318f03305787d7981a5cc6e6cd08fe5a4ecdf99d4b48?s=96&d=mm&r=g\",\"caption\":\"Contenidos El Regional\"},\"url\":\"https:\/\/elregionalvm.com.ar\/noticias-villa-maria\/author\/contenido\/\"}]}<\/script>\n<!-- \/ Yoast SEO plugin. -->","yoast_head_json":{"title":"Hasta el 31 de Octubre se encuentran abiertas las inscripciones para la segunda edici\u00f3n del \"Villa Mar\u00eda Sale\" - El Regional","robots":{"index":"index","follow":"follow","max-snippet":"max-snippet:-1","max-image-preview":"max-image-preview:large","max-video-preview":"max-video-preview:-1"},"canonical":"https:\/\/elregionalvm.com.ar\/noticias-villa-maria\/hasta-el-31-de-octubre-se-encuentran-abiertas-las-inscripciones-para-la-segunda-edicion-del-villa-maria-sale\/","og_locale":"es_ES","og_type":"article","og_title":"Hasta el 31 de Octubre se encuentran abiertas las inscripciones para la segunda edici\u00f3n del \"Villa Mar\u00eda Sale\" - El Regional","og_description":"La municipalidad de Villa Mar\u00eda informa que se encuentran abiertas las inscripciones para los comercios locales que deseen participar de la segunda edici\u00f3n del \u201cVilla Mar\u00eda Sale\u201d. El evento, organizado por el municipio junto a AERCA y ACOVIM, tendr\u00e1 lugar del 9 al 16 de noviembre y los interesados tienen tiempo de inscribirse hasta el [&hellip;]","og_url":"https:\/\/elregionalvm.com.ar\/noticias-villa-maria\/hasta-el-31-de-octubre-se-encuentran-abiertas-las-inscripciones-para-la-segunda-edicion-del-villa-maria-sale\/","og_site_name":"El Regional","article_publisher":"https:\/\/www.facebook.com\/elregionalvm","article_published_time":"2024-10-17T23:34:41+00:00","article_modified_time":"2024-10-17T23:34:43+00:00","og_image":[{"width":1600,"height":1066,"url":"https:\/\/elregionalvm.com.ar\/noticias-villa-maria\/wp-content\/uploads\/2024\/10\/WhatsApp-Image-2024-10-17-at-10.53.54.jpeg","type":"image\/jpeg"}],"author":"Contenidos El Regional","twitter_card":"summary_large_image","twitter_creator":"@elregionalvm1","twitter_site":"@elregionalvm1","twitter_misc":{"Escrito por":"Contenidos El Regional","Tiempo de lectura":"2 minutos"},"schema":{"@context":"https:\/\/schema.org","@graph":[{"@type":"Article","@id":"https:\/\/elregionalvm.com.ar\/noticias-villa-maria\/hasta-el-31-de-octubre-se-encuentran-abiertas-las-inscripciones-para-la-segunda-edicion-del-villa-maria-sale\/#article","isPartOf":{"@id":"https:\/\/elregionalvm.com.ar\/noticias-villa-maria\/hasta-el-31-de-octubre-se-encuentran-abiertas-las-inscripciones-para-la-segunda-edicion-del-villa-maria-sale\/"},"author":{"name":"Contenidos El Regional","@id":"http:\/\/elregionalvm.com.ar\/noticias-villa-maria\/#\/schema\/person\/a0fb9c422317faca23d50163151bc354"},"headline":"Hasta el 31 de Octubre se encuentran abiertas las inscripciones para la segunda edici\u00f3n del \u00abVilla Mar\u00eda Sale\u00bb","datePublished":"2024-10-17T23:34:41+00:00","dateModified":"2024-10-17T23:34:43+00:00","mainEntityOfPage":{"@id":"https:\/\/elregionalvm.com.ar\/noticias-villa-maria\/hasta-el-31-de-octubre-se-encuentran-abiertas-las-inscripciones-para-la-segunda-edicion-del-villa-maria-sale\/"},"wordCount":236,"commentCount":0,"image":{"@id":"https:\/\/elregionalvm.com.ar\/noticias-villa-maria\/hasta-el-31-de-octubre-se-encuentran-abiertas-las-inscripciones-para-la-segunda-edicion-del-villa-maria-sale\/#primaryimage"},"thumbnailUrl":"https:\/\/i0.wp.com\/elregionalvm.com.ar\/noticias-villa-maria\/wp-content\/uploads\/2024\/10\/WhatsApp-Image-2024-10-17-at-10.53.54.jpeg?fit=1600%2C1066&ssl=1","articleSection":["destacado","Sociedad","Villa Mar\u00eda"],"inLanguage":"es","potentialAction":[{"@type":"CommentAction","name":"Comment","target":["https:\/\/elregionalvm.com.ar\/noticias-villa-maria\/hasta-el-31-de-octubre-se-encuentran-abiertas-las-inscripciones-para-la-segunda-edicion-del-villa-maria-sale\/#respond"]}]},{"@type":"WebPage","@id":"https:\/\/elregionalvm.com.ar\/noticias-villa-maria\/hasta-el-31-de-octubre-se-encuentran-abiertas-las-inscripciones-para-la-segunda-edicion-del-villa-maria-sale\/","url":"https:\/\/elregionalvm.com.ar\/noticias-villa-maria\/hasta-el-31-de-octubre-se-encuentran-abiertas-las-inscripciones-para-la-segunda-edicion-del-villa-maria-sale\/","name":"Hasta el 31 de Octubre se encuentran abiertas las inscripciones para la segunda edici\u00f3n del \"Villa Mar\u00eda Sale\" - El Regional","isPartOf":{"@id":"http:\/\/elregionalvm.com.ar\/noticias-villa-maria\/#website"},"primaryImageOfPage":{"@id":"https:\/\/elregionalvm.com.ar\/noticias-villa-maria\/hasta-el-31-de-octubre-se-encuentran-abiertas-las-inscripciones-para-la-segunda-edicion-del-villa-maria-sale\/#primaryimage"},"image":{"@id":"https:\/\/elregionalvm.com.ar\/noticias-villa-maria\/hasta-el-31-de-octubre-se-encuentran-abiertas-las-inscripciones-para-la-segunda-edicion-del-villa-maria-sale\/#primaryimage"},"thumbnailUrl":"https:\/\/i0.wp.com\/elregionalvm.com.ar\/noticias-villa-maria\/wp-content\/uploads\/2024\/10\/WhatsApp-Image-2024-10-17-at-10.53.54.jpeg?fit=1600%2C1066&ssl=1","datePublished":"2024-10-17T23:34:41+00:00","dateModified":"2024-10-17T23:34:43+00:00","author":{"@id":"http:\/\/elregionalvm.com.ar\/noticias-villa-maria\/#\/schema\/person\/a0fb9c422317faca23d50163151bc354"},"breadcrumb":{"@id":"https:\/\/elregionalvm.com.ar\/noticias-villa-maria\/hasta-el-31-de-octubre-se-encuentran-abiertas-las-inscripciones-para-la-segunda-edicion-del-villa-maria-sale\/#breadcrumb"},"inLanguage":"es","potentialAction":[{"@type":"ReadAction","target":["https:\/\/elregionalvm.com.ar\/noticias-villa-maria\/hasta-el-31-de-octubre-se-encuentran-abiertas-las-inscripciones-para-la-segunda-edicion-del-villa-maria-sale\/"]}]},{"@type":"ImageObject","inLanguage":"es","@id":"https:\/\/elregionalvm.com.ar\/noticias-villa-maria\/hasta-el-31-de-octubre-se-encuentran-abiertas-las-inscripciones-para-la-segunda-edicion-del-villa-maria-sale\/#primaryimage","url":"https:\/\/i0.wp.com\/elregionalvm.com.ar\/noticias-villa-maria\/wp-content\/uploads\/2024\/10\/WhatsApp-Image-2024-10-17-at-10.53.54.jpeg?fit=1600%2C1066&ssl=1","contentUrl":"https:\/\/i0.wp.com\/elregionalvm.com.ar\/noticias-villa-maria\/wp-content\/uploads\/2024\/10\/WhatsApp-Image-2024-10-17-at-10.53.54.jpeg?fit=1600%2C1066&ssl=1","width":1600,"height":1066},{"@type":"BreadcrumbList","@id":"https:\/\/elregionalvm.com.ar\/noticias-villa-maria\/hasta-el-31-de-octubre-se-encuentran-abiertas-las-inscripciones-para-la-segunda-edicion-del-villa-maria-sale\/#breadcrumb","itemListElement":[{"@type":"ListItem","position":1,"name":"Portada","item":"https:\/\/elregionalvm.com.ar\/noticias-villa-maria\/"},{"@type":"ListItem","position":2,"name":"Hasta el 31 de Octubre se encuentran abiertas las inscripciones para la segunda edici\u00f3n del \u00abVilla Mar\u00eda Sale\u00bb"}]},{"@type":"WebSite","@id":"http:\/\/elregionalvm.com.ar\/noticias-villa-maria\/#website","url":"http:\/\/elregionalvm.com.ar\/noticias-villa-maria\/","name":"El Regional","description":"Mucho m\u00e1s que informaci\u00f3n","potentialAction":[{"@type":"SearchAction","target":{"@type":"EntryPoint","urlTemplate":"http:\/\/elregionalvm.com.ar\/noticias-villa-maria\/?s={search_term_string}"},"query-input":{"@type":"PropertyValueSpecification","valueRequired":true,"valueName":"search_term_string"}}],"inLanguage":"es"},{"@type":"Person","@id":"http:\/\/elregionalvm.com.ar\/noticias-villa-maria\/#\/schema\/person\/a0fb9c422317faca23d50163151bc354","name":"Contenidos El Regional","image":{"@type":"ImageObject","inLanguage":"es","@id":"http:\/\/elregionalvm.com.ar\/noticias-villa-maria\/#\/schema\/person\/image\/","url":"https:\/\/secure.gravatar.com\/avatar\/265b27cb2209af7bb3a1318f03305787d7981a5cc6e6cd08fe5a4ecdf99d4b48?s=96&d=mm&r=g","contentUrl":"https:\/\/secure.gravatar.com\/avatar\/265b27cb2209af7bb3a1318f03305787d7981a5cc6e6cd08fe5a4ecdf99d4b48?s=96&d=mm&r=g","caption":"Contenidos El Regional"},"url":"https:\/\/elregionalvm.com.ar\/noticias-villa-maria\/author\/contenido\/"}]}},"jetpack_featured_media_url":"https:\/\/i0.wp.com\/elregionalvm.com.ar\/noticias-villa-maria\/wp-content\/uploads\/2024\/10\/WhatsApp-Image-2024-10-17-at-10.53.54.jpeg?fit=1600%2C1066&ssl=1","jetpack_sharing_enabled":true,"_links":{"self":[{"href":"https:\/\/elregionalvm.com.ar\/noticias-villa-maria\/wp-json\/wp\/v2\/posts\/99792","targetHints":{"allow":["GET"]}}],"collection":[{"href":"https:\/\/elregionalvm.com.ar\/noticias-villa-maria\/wp-json\/wp\/v2\/posts"}],"about":[{"href":"https:\/\/elregionalvm.com.ar\/noticias-villa-maria\/wp-json\/wp\/v2\/types\/post"}],"author":[{"embeddable":true,"href":"https:\/\/elregionalvm.com.ar\/noticias-villa-maria\/wp-json\/wp\/v2\/users\/4"}],"replies":[{"embeddable":true,"href":"https:\/\/elregionalvm.com.ar\/noticias-villa-maria\/wp-json\/wp\/v2\/comments?post=99792"}],"version-history":[{"count":1,"href":"https:\/\/elregionalvm.com.ar\/noticias-villa-maria\/wp-json\/wp\/v2\/posts\/99792\/revisions"}],"predecessor-version":[{"id":99796,"href":"https:\/\/elregionalvm.com.ar\/noticias-villa-maria\/wp-json\/wp\/v2\/posts\/99792\/revisions\/99796"}],"wp:featuredmedia":[{"embeddable":true,"href":"https:\/\/elregionalvm.com.ar\/noticias-villa-maria\/wp-json\/wp\/v2\/media\/99795"}],"wp:attachment":[{"href":"https:\/\/elregionalvm.com.ar\/noticias-villa-maria\/wp-json\/wp\/v2\/media?parent=99792"}],"wp:term":[{"taxonomy":"category","embeddable":true,"href":"https:\/\/elregionalvm.com.ar\/noticias-villa-maria\/wp-json\/wp\/v2\/categories?post=99792"},{"taxonomy":"post_tag","embeddable":true,"href":"https:\/\/elregionalvm.com.ar\/noticias-villa-maria\/wp-json\/wp\/v2\/tags?post=99792"}],"curies":[{"name":"wp","href":"https:\/\/api.w.org\/{rel}","templated":true}]}}