{"id":99798,"date":"2024-10-17T23:37:43","date_gmt":"2024-10-17T23:37:43","guid":{"rendered":"https:\/\/elregionalvm.com.ar\/noticias-villa-maria\/?p=99798"},"modified":"2024-10-17T23:37:45","modified_gmt":"2024-10-17T23:37:45","slug":"concejales-aprobaron-de-manera-unanime-la-creacion-del-programa-de-fomento-al-emprendimiento-local","status":"publish","type":"post","link":"https:\/\/elregionalvm.com.ar\/noticias-villa-maria\/concejales-aprobaron-de-manera-unanime-la-creacion-del-programa-de-fomento-al-emprendimiento-local\/","title":{"rendered":"Concejales aprobaron de manera un\u00e1nime la creaci\u00f3n del \u00abPrograma de Fomento al Emprendimiento Local\u00bb"},"content":{"rendered":"\n<p>Pasado el mediod\u00eda de este jueves, se llev\u00f3 a cabo la habitual sesi\u00f3n del Concejo Deliberante. En primer t\u00e9rmino, los concejales aprobaron de manera un\u00e1nime la creaci\u00f3n del \u201cPrograma de Fomento al Emprendimiento Local\u201d.<\/p>\n\n\n\n<p>Tal como lo estipula el art\u00edculo 37 del Reglamento Interno del Poder Legislativo, el presidente del cuerpo no puede debatir ni emitir opiniones desde su asiento sobre el asunto que se delibera, pero tiene el derecho de tomar parte en la discusi\u00f3n, invitando a los vicepresidentes, por orden, a ocupar la presidencia.<\/p>\n\n\n\n<p>En ese sentido, el presidente del Concejo Deliberante, Juan Pablo Inglese, invit\u00f3 a la vicepresidenta 1\u00aa, Silvina Irusta, a ocupar la presidencia, y fue el propio Inglese quien baj\u00f3 al recinto para tomar la palabra sobre el \u201cPrograma de Fomento al Emprendimiento Local\u201d.<\/p>\n\n\n\n<p>Al hacer uso de la palabra, Inglese manifest\u00f3: \u00abVilla Mar\u00eda tiene una diferencia sustancial con muchas otras ciudades, y es su entramado productivo. La nuestra es una ciudad que se distingue por su impronta industrial, con una gran fuerza comercial y tambi\u00e9n en la generaci\u00f3n de servicios. Somos una ciudad en constante crecimiento en la econom\u00eda del conocimiento\u00bb.<\/p>\n\n\n\n<p>\u00abPero todo esto es consecuencia de una impronta emprendedora. Villa Mar\u00eda tiene un gen emprendedor que impulsa a siempre avanzar. Los emprendedores de nuestra ciudad tienen una fuerte vocaci\u00f3n de servicio. Este es un proyecto que cambia vidas. Y cuando encontramos coincidencias en una mesa de trabajo, lo principal siempre debe ser la gente\u00bb, continu\u00f3 Inglese.<\/p>\n\n\n\n<p>\u00abEste proyecto tiene como uno de sus principales objetivos el desarrollo de empleo, y para ello es necesario que todos los sectores nos pongamos de acuerdo, nos apoyemos mutuamente, para que Villa Mar\u00eda siga siendo una ciudad que genera oportunidades\u00bb, concluy\u00f3 Inglese.<\/p>\n\n\n\n<p>En detalle, el programa crea el Registro Local de Emprendedores, el cual estar\u00e1 disponible mediante un formulario digital que recopilar\u00e1 informaci\u00f3n como nombre, CUIL, nombre del emprendimiento, contacto, redes sociales, direcci\u00f3n, entre otros datos relevantes. Este registro estar\u00e1 publicado en la web de la Municipalidad de Villa Mar\u00eda, junto con los logos de los emprendimientos registrados.<\/p>\n\n\n\n<p>Adem\u00e1s, se implementa el Carnet de Emprendedor, que servir\u00e1 como identificaci\u00f3n oficial para los emprendedores locales, otorgando beneficios como acceso a capacitaciones gratuitas, asesoramiento t\u00e9cnico y legal, facilidades de financiamiento mediante el Fondo Municipal de Emprendedores, participaci\u00f3n en ferias y eventos, promoci\u00f3n a trav\u00e9s de medios municipales, y acceso a espacios de trabajo. Este carnet tendr\u00e1 una vigencia de seis meses y podr\u00e1 ser renovado.<\/p>\n\n\n\n<p>Para obtener el Carnet de Emprendedor, es necesario estar inscripto en el Registro Local de Emprendedores, tener un emprendimiento activo y, en el caso de quienes trabajen con alimentos, contar con el carnet de manipulador de alimentos vigente, seg\u00fan el tipo de riesgo que presente la actividad.<\/p>\n\n\n\n<p>Se llevar\u00e1n a cabo capacitaciones gratuitas en temas como administraci\u00f3n de emprendimientos, marketing digital, innovaci\u00f3n tecnol\u00f3gica y aspectos legales, para ofrecer a los emprendedores herramientas que potencien su crecimiento y sostenibilidad a largo plazo.<\/p>\n\n\n\n<p>Tambi\u00e9n se crea el Fondo Municipal para Emprendedores, que estar\u00e1 conformado por aportes p\u00fablicos y privados, y cuyo prop\u00f3sito es brindar apoyo financiero al desarrollo y crecimiento de los emprendimientos locales. Este fondo ser\u00e1 gestionado por la Subsecretar\u00eda de Desarrollo Productivo.<\/p>\n\n\n\n<p>Por \u00faltimo, se pone en marcha la Feria Municipal de Emprendedores, denominada \u00abNave Emprendedora\u00bb, cuyo objetivo es promover y comercializar los productos y servicios desarrollados en la ciudad. Adem\u00e1s, se impulsar\u00e1 la creaci\u00f3n de una Marca Comunitaria Local, que ser\u00e1 un sello de calidad para los productos elaborados en Villa Mar\u00eda, favoreciendo su comercializaci\u00f3n en la econom\u00eda formal.<\/p>\n\n\n\n<p>M\u00e1s adelante, siguiendo el orden del d\u00eda, los concejales aprobaron un Proyecto de Declaraci\u00f3n de Inter\u00e9s Municipal por la participaci\u00f3n de la Academia de Taekwondo Choi-Yong. Al respecto, la concejala Natalia Gonz\u00e1lez expres\u00f3: \u00abesta academia, bajo la direcci\u00f3n de Mart\u00edn D\u00edaz, fue fundada hace unos 14 a\u00f1os en nuestra ciudad, formando no solo campeones en esta disciplina de artes marciales, sino tambi\u00e9n personas deportistas con valores como el respeto, la perseverancia, la humildad y la disciplina\u00bb.<\/p>\n\n\n\n<p>\u00abAhora se enfrentan al desaf\u00edo de la Copa del Mundo, organizada por el Gran Maestro Omar Merodio, la cual promete ser un evento destacado en el \u00e1mbito deportivo. Este evento tendr\u00e1 lugar del 28 de octubre al 2 de noviembre en el Estadio Polideportivo Islas Malvinas, en la ciudad de Mar del Plata\u00bb, concluy\u00f3 Gonz\u00e1lez.<\/p>\n\n\n\n<p>Por otro lado, se aprobaron varias Declaraciones de Inter\u00e9s Municipal, entre ellas: la participaci\u00f3n del joven Santiago C\u00e1mpora en las Olimpiadas Internacionales de Matem\u00e1ticas \u201cAtalcar\u201d; la promoci\u00f3n de la disciplina deportiva calistenia y \u00abStreet Workout\u00bb; y la trayectoria de la Universidad Fasta.<\/p>\n\n\n\n<p>Tambi\u00e9n se aprobaron las Declaraciones de Inter\u00e9s Municipal por el 95\u00ba aniversario del IPET N\u00ba 49 \u201cDomingo Faustino Sarmiento\u201d, el 20\u00ba aniversario de Sume Salud y la conmemoraci\u00f3n del D\u00eda de la Mujer Rural.<\/p>\n\n\n\n<p>Continuando con la sesi\u00f3n del d\u00eda, los concejales aprobaron el convenio de regularizaci\u00f3n de construcciones, celebrado entre la Municipalidad de Villa Mar\u00eda, el Colegio de Arquitectos de la Provincia de C\u00f3rdoba, el Colegio de Ingenieros Civiles de la Provincia de C\u00f3rdoba, el Colegio de Maestros Mayores de Obra de la Provincia de C\u00f3rdoba, el Colegio de T\u00e9cnicos Constructores Universitarios y la Caja de Previsi\u00f3n de la Ingenier\u00eda y Arquitectura de la Provincia de C\u00f3rdoba.<\/p>\n\n\n\n<p>Adem\u00e1s, se aprobaron tres proyectos de ordenanza del Departamento Ejecutivo Municipal: uno ratificando contratos de obras celebrados entre el Ministerio de Educaci\u00f3n de la Provincia de C\u00f3rdoba y la Municipalidad de Villa Mar\u00eda; otro ratificando el contrato de sublocaci\u00f3n celebrado entre el Ente Regional de Desarrollo y la Municipalidad de Villa Mar\u00eda; y un tercero aprobando las bases y condiciones del concurso \u201cVilla Mar\u00eda se Convierte en Bandera\u201d.<\/p>\n\n\n\n<p>Acompa\u00f1aron la sesi\u00f3n de hoy el secretario de Econom\u00eda, Transformaci\u00f3n Digital y Desarrollo Productivo, Guillermo Pieckensteiner; el subsecretario de Desarrollo Productivo, Germ\u00e1n Tenedini; y el director de Industria y Comercio del Municipio, Jos\u00e9 Ignacio Salom\u00f3n, entre otros.<\/p>\n","protected":false},"excerpt":{"rendered":"<p>Pasado el mediod\u00eda de este jueves, se llev\u00f3 a cabo la habitual sesi\u00f3n del Concejo Deliberante. En primer t\u00e9rmino, los concejales aprobaron de manera un\u00e1nime la creaci\u00f3n del \u201cPrograma de Fomento al Emprendimiento Local\u201d. Tal como lo estipula el art\u00edculo 37 del Reglamento Interno del Poder Legislativo, el presidente del cuerpo no puede debatir ni [&hellip;]<\/p>\n","protected":false},"author":4,"featured_media":99799,"comment_status":"open","ping_status":"open","sticky":false,"template":"","format":"standard","meta":{"site-sidebar-layout":"default","site-content-layout":"","ast-site-content-layout":"default","site-content-style":"default","site-sidebar-style":"default","ast-global-header-display":"","ast-banner-title-visibility":"","ast-main-header-display":"","ast-hfb-above-header-display":"","ast-hfb-below-header-display":"","ast-hfb-mobile-header-display":"","site-post-title":"","ast-breadcrumbs-content":"","ast-featured-img":"","footer-sml-layout":"","ast-disable-related-posts":"","theme-transparent-header-meta":"","adv-header-id-meta":"","stick-header-meta":"","header-above-stick-meta":"","header-main-stick-meta":"","header-below-stick-meta":"","astra-migrate-meta-layouts":"set","ast-page-background-enabled":"default","ast-page-background-meta":{"desktop":{"background-color":"","background-image":"","background-repeat":"repeat","background-position":"center center","background-size":"auto","background-attachment":"scroll","background-type":"","background-media":"","overlay-type":"","overlay-color":"","overlay-opacity":"","overlay-gradient":""},"tablet":{"background-color":"","background-image":"","background-repeat":"repeat","background-position":"center center","background-size":"auto","background-attachment":"scroll","background-type":"","background-media":"","overlay-type":"","overlay-color":"","overlay-opacity":"","overlay-gradient":""},"mobile":{"background-color":"","background-image":"","background-repeat":"repeat","background-position":"center center","background-size":"auto","background-attachment":"scroll","background-type":"","background-media":"","overlay-type":"","overlay-color":"","overlay-opacity":"","overlay-gradient":""}},"ast-content-background-meta":{"desktop":{"background-color":"var(--ast-global-color-5)","background-image":"","background-repeat":"repeat","background-position":"center center","background-size":"auto","background-attachment":"scroll","background-type":"","background-media":"","overlay-type":"","overlay-color":"","overlay-opacity":"","overlay-gradient":""},"tablet":{"background-color":"var(--ast-global-color-5)","background-image":"","background-repeat":"repeat","background-position":"center center","background-size":"auto","background-attachment":"scroll","background-type":"","background-media":"","overlay-type":"","overlay-color":"","overlay-opacity":"","overlay-gradient":""},"mobile":{"background-color":"var(--ast-global-color-5)","background-image":"","background-repeat":"repeat","background-position":"center center","background-size":"auto","background-attachment":"scroll","background-type":"","background-media":"","overlay-type":"","overlay-color":"","overlay-opacity":"","overlay-gradient":""}},"_jetpack_memberships_contains_paid_content":false,"_joinchat":[],"footnotes":""},"categories":[15302,5,2],"tags":[],"class_list":["post-99798","post","type-post","status-publish","format-standard","has-post-thumbnail","hentry","category-destacado","category-sociedad","category-villa-maria"],"yoast_head":"<!-- This site is optimized with the Yoast SEO plugin v26.8 - https:\/\/yoast.com\/product\/yoast-seo-wordpress\/ -->\n<title>Concejales aprobaron de manera un\u00e1nime la creaci\u00f3n del &quot;Programa de Fomento al Emprendimiento Local&quot; - El Regional<\/title>\n<meta name=\"robots\" content=\"index, follow, max-snippet:-1, max-image-preview:large, max-video-preview:-1\" \/>\n<link rel=\"canonical\" href=\"https:\/\/elregionalvm.com.ar\/noticias-villa-maria\/concejales-aprobaron-de-manera-unanime-la-creacion-del-programa-de-fomento-al-emprendimiento-local\/\" \/>\n<meta property=\"og:locale\" content=\"es_ES\" \/>\n<meta property=\"og:type\" content=\"article\" \/>\n<meta property=\"og:title\" content=\"Concejales aprobaron de manera un\u00e1nime la creaci\u00f3n del &quot;Programa de Fomento al Emprendimiento Local&quot; - El Regional\" \/>\n<meta property=\"og:description\" content=\"Pasado el mediod\u00eda de este jueves, se llev\u00f3 a cabo la habitual sesi\u00f3n del Concejo Deliberante. En primer t\u00e9rmino, los concejales aprobaron de manera un\u00e1nime la creaci\u00f3n del \u201cPrograma de Fomento al Emprendimiento Local\u201d. Tal como lo estipula el art\u00edculo 37 del Reglamento Interno del Poder Legislativo, el presidente del cuerpo no puede debatir ni [&hellip;]\" \/>\n<meta property=\"og:url\" content=\"https:\/\/elregionalvm.com.ar\/noticias-villa-maria\/concejales-aprobaron-de-manera-unanime-la-creacion-del-programa-de-fomento-al-emprendimiento-local\/\" \/>\n<meta property=\"og:site_name\" content=\"El Regional\" \/>\n<meta property=\"article:publisher\" content=\"https:\/\/www.facebook.com\/elregionalvm\" \/>\n<meta property=\"article:published_time\" content=\"2024-10-17T23:37:43+00:00\" \/>\n<meta property=\"article:modified_time\" content=\"2024-10-17T23:37:45+00:00\" \/>\n<meta property=\"og:image\" content=\"https:\/\/elregionalvm.com.ar\/noticias-villa-maria\/wp-content\/uploads\/2024\/10\/WhatsApp-Image-2024-10-17-at-14.39.40-scaled.jpeg\" \/>\n\t<meta property=\"og:image:width\" content=\"2560\" \/>\n\t<meta property=\"og:image:height\" content=\"1920\" \/>\n\t<meta property=\"og:image:type\" content=\"image\/jpeg\" \/>\n<meta name=\"author\" content=\"Contenidos El Regional\" \/>\n<meta name=\"twitter:card\" content=\"summary_large_image\" \/>\n<meta name=\"twitter:creator\" content=\"@elregionalvm1\" \/>\n<meta name=\"twitter:site\" content=\"@elregionalvm1\" \/>\n<meta name=\"twitter:label1\" content=\"Escrito por\" \/>\n\t<meta name=\"twitter:data1\" content=\"Contenidos El Regional\" \/>\n\t<meta name=\"twitter:label2\" content=\"Tiempo de lectura\" \/>\n\t<meta name=\"twitter:data2\" content=\"5 minutos\" \/>\n<script type=\"application\/ld+json\" class=\"yoast-schema-graph\">{\"@context\":\"https:\/\/schema.org\",\"@graph\":[{\"@type\":\"Article\",\"@id\":\"https:\/\/elregionalvm.com.ar\/noticias-villa-maria\/concejales-aprobaron-de-manera-unanime-la-creacion-del-programa-de-fomento-al-emprendimiento-local\/#article\",\"isPartOf\":{\"@id\":\"https:\/\/elregionalvm.com.ar\/noticias-villa-maria\/concejales-aprobaron-de-manera-unanime-la-creacion-del-programa-de-fomento-al-emprendimiento-local\/\"},\"author\":{\"name\":\"Contenidos El Regional\",\"@id\":\"http:\/\/elregionalvm.com.ar\/noticias-villa-maria\/#\/schema\/person\/a0fb9c422317faca23d50163151bc354\"},\"headline\":\"Concejales aprobaron de manera un\u00e1nime la creaci\u00f3n del \u00abPrograma de Fomento al Emprendimiento Local\u00bb\",\"datePublished\":\"2024-10-17T23:37:43+00:00\",\"dateModified\":\"2024-10-17T23:37:45+00:00\",\"mainEntityOfPage\":{\"@id\":\"https:\/\/elregionalvm.com.ar\/noticias-villa-maria\/concejales-aprobaron-de-manera-unanime-la-creacion-del-programa-de-fomento-al-emprendimiento-local\/\"},\"wordCount\":1063,\"commentCount\":0,\"image\":{\"@id\":\"https:\/\/elregionalvm.com.ar\/noticias-villa-maria\/concejales-aprobaron-de-manera-unanime-la-creacion-del-programa-de-fomento-al-emprendimiento-local\/#primaryimage\"},\"thumbnailUrl\":\"https:\/\/i0.wp.com\/elregionalvm.com.ar\/noticias-villa-maria\/wp-content\/uploads\/2024\/10\/WhatsApp-Image-2024-10-17-at-14.39.40-scaled.jpeg?fit=2560%2C1920&ssl=1\",\"articleSection\":[\"destacado\",\"Sociedad\",\"Villa Mar\u00eda\"],\"inLanguage\":\"es\",\"potentialAction\":[{\"@type\":\"CommentAction\",\"name\":\"Comment\",\"target\":[\"https:\/\/elregionalvm.com.ar\/noticias-villa-maria\/concejales-aprobaron-de-manera-unanime-la-creacion-del-programa-de-fomento-al-emprendimiento-local\/#respond\"]}]},{\"@type\":\"WebPage\",\"@id\":\"https:\/\/elregionalvm.com.ar\/noticias-villa-maria\/concejales-aprobaron-de-manera-unanime-la-creacion-del-programa-de-fomento-al-emprendimiento-local\/\",\"url\":\"https:\/\/elregionalvm.com.ar\/noticias-villa-maria\/concejales-aprobaron-de-manera-unanime-la-creacion-del-programa-de-fomento-al-emprendimiento-local\/\",\"name\":\"Concejales aprobaron de manera un\u00e1nime la creaci\u00f3n del \\\"Programa de Fomento al Emprendimiento Local\\\" - El Regional\",\"isPartOf\":{\"@id\":\"http:\/\/elregionalvm.com.ar\/noticias-villa-maria\/#website\"},\"primaryImageOfPage\":{\"@id\":\"https:\/\/elregionalvm.com.ar\/noticias-villa-maria\/concejales-aprobaron-de-manera-unanime-la-creacion-del-programa-de-fomento-al-emprendimiento-local\/#primaryimage\"},\"image\":{\"@id\":\"https:\/\/elregionalvm.com.ar\/noticias-villa-maria\/concejales-aprobaron-de-manera-unanime-la-creacion-del-programa-de-fomento-al-emprendimiento-local\/#primaryimage\"},\"thumbnailUrl\":\"https:\/\/i0.wp.com\/elregionalvm.com.ar\/noticias-villa-maria\/wp-content\/uploads\/2024\/10\/WhatsApp-Image-2024-10-17-at-14.39.40-scaled.jpeg?fit=2560%2C1920&ssl=1\",\"datePublished\":\"2024-10-17T23:37:43+00:00\",\"dateModified\":\"2024-10-17T23:37:45+00:00\",\"author\":{\"@id\":\"http:\/\/elregionalvm.com.ar\/noticias-villa-maria\/#\/schema\/person\/a0fb9c422317faca23d50163151bc354\"},\"breadcrumb\":{\"@id\":\"https:\/\/elregionalvm.com.ar\/noticias-villa-maria\/concejales-aprobaron-de-manera-unanime-la-creacion-del-programa-de-fomento-al-emprendimiento-local\/#breadcrumb\"},\"inLanguage\":\"es\",\"potentialAction\":[{\"@type\":\"ReadAction\",\"target\":[\"https:\/\/elregionalvm.com.ar\/noticias-villa-maria\/concejales-aprobaron-de-manera-unanime-la-creacion-del-programa-de-fomento-al-emprendimiento-local\/\"]}]},{\"@type\":\"ImageObject\",\"inLanguage\":\"es\",\"@id\":\"https:\/\/elregionalvm.com.ar\/noticias-villa-maria\/concejales-aprobaron-de-manera-unanime-la-creacion-del-programa-de-fomento-al-emprendimiento-local\/#primaryimage\",\"url\":\"https:\/\/i0.wp.com\/elregionalvm.com.ar\/noticias-villa-maria\/wp-content\/uploads\/2024\/10\/WhatsApp-Image-2024-10-17-at-14.39.40-scaled.jpeg?fit=2560%2C1920&ssl=1\",\"contentUrl\":\"https:\/\/i0.wp.com\/elregionalvm.com.ar\/noticias-villa-maria\/wp-content\/uploads\/2024\/10\/WhatsApp-Image-2024-10-17-at-14.39.40-scaled.jpeg?fit=2560%2C1920&ssl=1\",\"width\":2560,\"height\":1920},{\"@type\":\"BreadcrumbList\",\"@id\":\"https:\/\/elregionalvm.com.ar\/noticias-villa-maria\/concejales-aprobaron-de-manera-unanime-la-creacion-del-programa-de-fomento-al-emprendimiento-local\/#breadcrumb\",\"itemListElement\":[{\"@type\":\"ListItem\",\"position\":1,\"name\":\"Portada\",\"item\":\"https:\/\/elregionalvm.com.ar\/noticias-villa-maria\/\"},{\"@type\":\"ListItem\",\"position\":2,\"name\":\"Concejales aprobaron de manera un\u00e1nime la creaci\u00f3n del \u00abPrograma de Fomento al Emprendimiento Local\u00bb\"}]},{\"@type\":\"WebSite\",\"@id\":\"http:\/\/elregionalvm.com.ar\/noticias-villa-maria\/#website\",\"url\":\"http:\/\/elregionalvm.com.ar\/noticias-villa-maria\/\",\"name\":\"El Regional\",\"description\":\"Mucho m\u00e1s que informaci\u00f3n\",\"potentialAction\":[{\"@type\":\"SearchAction\",\"target\":{\"@type\":\"EntryPoint\",\"urlTemplate\":\"http:\/\/elregionalvm.com.ar\/noticias-villa-maria\/?s={search_term_string}\"},\"query-input\":{\"@type\":\"PropertyValueSpecification\",\"valueRequired\":true,\"valueName\":\"search_term_string\"}}],\"inLanguage\":\"es\"},{\"@type\":\"Person\",\"@id\":\"http:\/\/elregionalvm.com.ar\/noticias-villa-maria\/#\/schema\/person\/a0fb9c422317faca23d50163151bc354\",\"name\":\"Contenidos El Regional\",\"image\":{\"@type\":\"ImageObject\",\"inLanguage\":\"es\",\"@id\":\"http:\/\/elregionalvm.com.ar\/noticias-villa-maria\/#\/schema\/person\/image\/\",\"url\":\"https:\/\/secure.gravatar.com\/avatar\/265b27cb2209af7bb3a1318f03305787d7981a5cc6e6cd08fe5a4ecdf99d4b48?s=96&d=mm&r=g\",\"contentUrl\":\"https:\/\/secure.gravatar.com\/avatar\/265b27cb2209af7bb3a1318f03305787d7981a5cc6e6cd08fe5a4ecdf99d4b48?s=96&d=mm&r=g\",\"caption\":\"Contenidos El Regional\"},\"url\":\"https:\/\/elregionalvm.com.ar\/noticias-villa-maria\/author\/contenido\/\"}]}<\/script>\n<!-- \/ Yoast SEO plugin. -->","yoast_head_json":{"title":"Concejales aprobaron de manera un\u00e1nime la creaci\u00f3n del \"Programa de Fomento al Emprendimiento Local\" - El Regional","robots":{"index":"index","follow":"follow","max-snippet":"max-snippet:-1","max-image-preview":"max-image-preview:large","max-video-preview":"max-video-preview:-1"},"canonical":"https:\/\/elregionalvm.com.ar\/noticias-villa-maria\/concejales-aprobaron-de-manera-unanime-la-creacion-del-programa-de-fomento-al-emprendimiento-local\/","og_locale":"es_ES","og_type":"article","og_title":"Concejales aprobaron de manera un\u00e1nime la creaci\u00f3n del \"Programa de Fomento al Emprendimiento Local\" - El Regional","og_description":"Pasado el mediod\u00eda de este jueves, se llev\u00f3 a cabo la habitual sesi\u00f3n del Concejo Deliberante. En primer t\u00e9rmino, los concejales aprobaron de manera un\u00e1nime la creaci\u00f3n del \u201cPrograma de Fomento al Emprendimiento Local\u201d. Tal como lo estipula el art\u00edculo 37 del Reglamento Interno del Poder Legislativo, el presidente del cuerpo no puede debatir ni [&hellip;]","og_url":"https:\/\/elregionalvm.com.ar\/noticias-villa-maria\/concejales-aprobaron-de-manera-unanime-la-creacion-del-programa-de-fomento-al-emprendimiento-local\/","og_site_name":"El Regional","article_publisher":"https:\/\/www.facebook.com\/elregionalvm","article_published_time":"2024-10-17T23:37:43+00:00","article_modified_time":"2024-10-17T23:37:45+00:00","og_image":[{"width":2560,"height":1920,"url":"https:\/\/elregionalvm.com.ar\/noticias-villa-maria\/wp-content\/uploads\/2024\/10\/WhatsApp-Image-2024-10-17-at-14.39.40-scaled.jpeg","type":"image\/jpeg"}],"author":"Contenidos El Regional","twitter_card":"summary_large_image","twitter_creator":"@elregionalvm1","twitter_site":"@elregionalvm1","twitter_misc":{"Escrito por":"Contenidos El Regional","Tiempo de lectura":"5 minutos"},"schema":{"@context":"https:\/\/schema.org","@graph":[{"@type":"Article","@id":"https:\/\/elregionalvm.com.ar\/noticias-villa-maria\/concejales-aprobaron-de-manera-unanime-la-creacion-del-programa-de-fomento-al-emprendimiento-local\/#article","isPartOf":{"@id":"https:\/\/elregionalvm.com.ar\/noticias-villa-maria\/concejales-aprobaron-de-manera-unanime-la-creacion-del-programa-de-fomento-al-emprendimiento-local\/"},"author":{"name":"Contenidos El Regional","@id":"http:\/\/elregionalvm.com.ar\/noticias-villa-maria\/#\/schema\/person\/a0fb9c422317faca23d50163151bc354"},"headline":"Concejales aprobaron de manera un\u00e1nime la creaci\u00f3n del \u00abPrograma de Fomento al Emprendimiento Local\u00bb","datePublished":"2024-10-17T23:37:43+00:00","dateModified":"2024-10-17T23:37:45+00:00","mainEntityOfPage":{"@id":"https:\/\/elregionalvm.com.ar\/noticias-villa-maria\/concejales-aprobaron-de-manera-unanime-la-creacion-del-programa-de-fomento-al-emprendimiento-local\/"},"wordCount":1063,"commentCount":0,"image":{"@id":"https:\/\/elregionalvm.com.ar\/noticias-villa-maria\/concejales-aprobaron-de-manera-unanime-la-creacion-del-programa-de-fomento-al-emprendimiento-local\/#primaryimage"},"thumbnailUrl":"https:\/\/i0.wp.com\/elregionalvm.com.ar\/noticias-villa-maria\/wp-content\/uploads\/2024\/10\/WhatsApp-Image-2024-10-17-at-14.39.40-scaled.jpeg?fit=2560%2C1920&ssl=1","articleSection":["destacado","Sociedad","Villa Mar\u00eda"],"inLanguage":"es","potentialAction":[{"@type":"CommentAction","name":"Comment","target":["https:\/\/elregionalvm.com.ar\/noticias-villa-maria\/concejales-aprobaron-de-manera-unanime-la-creacion-del-programa-de-fomento-al-emprendimiento-local\/#respond"]}]},{"@type":"WebPage","@id":"https:\/\/elregionalvm.com.ar\/noticias-villa-maria\/concejales-aprobaron-de-manera-unanime-la-creacion-del-programa-de-fomento-al-emprendimiento-local\/","url":"https:\/\/elregionalvm.com.ar\/noticias-villa-maria\/concejales-aprobaron-de-manera-unanime-la-creacion-del-programa-de-fomento-al-emprendimiento-local\/","name":"Concejales aprobaron de manera un\u00e1nime la creaci\u00f3n del \"Programa de Fomento al Emprendimiento Local\" - El Regional","isPartOf":{"@id":"http:\/\/elregionalvm.com.ar\/noticias-villa-maria\/#website"},"primaryImageOfPage":{"@id":"https:\/\/elregionalvm.com.ar\/noticias-villa-maria\/concejales-aprobaron-de-manera-unanime-la-creacion-del-programa-de-fomento-al-emprendimiento-local\/#primaryimage"},"image":{"@id":"https:\/\/elregionalvm.com.ar\/noticias-villa-maria\/concejales-aprobaron-de-manera-unanime-la-creacion-del-programa-de-fomento-al-emprendimiento-local\/#primaryimage"},"thumbnailUrl":"https:\/\/i0.wp.com\/elregionalvm.com.ar\/noticias-villa-maria\/wp-content\/uploads\/2024\/10\/WhatsApp-Image-2024-10-17-at-14.39.40-scaled.jpeg?fit=2560%2C1920&ssl=1","datePublished":"2024-10-17T23:37:43+00:00","dateModified":"2024-10-17T23:37:45+00:00","author":{"@id":"http:\/\/elregionalvm.com.ar\/noticias-villa-maria\/#\/schema\/person\/a0fb9c422317faca23d50163151bc354"},"breadcrumb":{"@id":"https:\/\/elregionalvm.com.ar\/noticias-villa-maria\/concejales-aprobaron-de-manera-unanime-la-creacion-del-programa-de-fomento-al-emprendimiento-local\/#breadcrumb"},"inLanguage":"es","potentialAction":[{"@type":"ReadAction","target":["https:\/\/elregionalvm.com.ar\/noticias-villa-maria\/concejales-aprobaron-de-manera-unanime-la-creacion-del-programa-de-fomento-al-emprendimiento-local\/"]}]},{"@type":"ImageObject","inLanguage":"es","@id":"https:\/\/elregionalvm.com.ar\/noticias-villa-maria\/concejales-aprobaron-de-manera-unanime-la-creacion-del-programa-de-fomento-al-emprendimiento-local\/#primaryimage","url":"https:\/\/i0.wp.com\/elregionalvm.com.ar\/noticias-villa-maria\/wp-content\/uploads\/2024\/10\/WhatsApp-Image-2024-10-17-at-14.39.40-scaled.jpeg?fit=2560%2C1920&ssl=1","contentUrl":"https:\/\/i0.wp.com\/elregionalvm.com.ar\/noticias-villa-maria\/wp-content\/uploads\/2024\/10\/WhatsApp-Image-2024-10-17-at-14.39.40-scaled.jpeg?fit=2560%2C1920&ssl=1","width":2560,"height":1920},{"@type":"BreadcrumbList","@id":"https:\/\/elregionalvm.com.ar\/noticias-villa-maria\/concejales-aprobaron-de-manera-unanime-la-creacion-del-programa-de-fomento-al-emprendimiento-local\/#breadcrumb","itemListElement":[{"@type":"ListItem","position":1,"name":"Portada","item":"https:\/\/elregionalvm.com.ar\/noticias-villa-maria\/"},{"@type":"ListItem","position":2,"name":"Concejales aprobaron de manera un\u00e1nime la creaci\u00f3n del \u00abPrograma de Fomento al Emprendimiento Local\u00bb"}]},{"@type":"WebSite","@id":"http:\/\/elregionalvm.com.ar\/noticias-villa-maria\/#website","url":"http:\/\/elregionalvm.com.ar\/noticias-villa-maria\/","name":"El Regional","description":"Mucho m\u00e1s que informaci\u00f3n","potentialAction":[{"@type":"SearchAction","target":{"@type":"EntryPoint","urlTemplate":"http:\/\/elregionalvm.com.ar\/noticias-villa-maria\/?s={search_term_string}"},"query-input":{"@type":"PropertyValueSpecification","valueRequired":true,"valueName":"search_term_string"}}],"inLanguage":"es"},{"@type":"Person","@id":"http:\/\/elregionalvm.com.ar\/noticias-villa-maria\/#\/schema\/person\/a0fb9c422317faca23d50163151bc354","name":"Contenidos El Regional","image":{"@type":"ImageObject","inLanguage":"es","@id":"http:\/\/elregionalvm.com.ar\/noticias-villa-maria\/#\/schema\/person\/image\/","url":"https:\/\/secure.gravatar.com\/avatar\/265b27cb2209af7bb3a1318f03305787d7981a5cc6e6cd08fe5a4ecdf99d4b48?s=96&d=mm&r=g","contentUrl":"https:\/\/secure.gravatar.com\/avatar\/265b27cb2209af7bb3a1318f03305787d7981a5cc6e6cd08fe5a4ecdf99d4b48?s=96&d=mm&r=g","caption":"Contenidos El Regional"},"url":"https:\/\/elregionalvm.com.ar\/noticias-villa-maria\/author\/contenido\/"}]}},"jetpack_featured_media_url":"https:\/\/i0.wp.com\/elregionalvm.com.ar\/noticias-villa-maria\/wp-content\/uploads\/2024\/10\/WhatsApp-Image-2024-10-17-at-14.39.40-scaled.jpeg?fit=2560%2C1920&ssl=1","jetpack_sharing_enabled":true,"_links":{"self":[{"href":"https:\/\/elregionalvm.com.ar\/noticias-villa-maria\/wp-json\/wp\/v2\/posts\/99798","targetHints":{"allow":["GET"]}}],"collection":[{"href":"https:\/\/elregionalvm.com.ar\/noticias-villa-maria\/wp-json\/wp\/v2\/posts"}],"about":[{"href":"https:\/\/elregionalvm.com.ar\/noticias-villa-maria\/wp-json\/wp\/v2\/types\/post"}],"author":[{"embeddable":true,"href":"https:\/\/elregionalvm.com.ar\/noticias-villa-maria\/wp-json\/wp\/v2\/users\/4"}],"replies":[{"embeddable":true,"href":"https:\/\/elregionalvm.com.ar\/noticias-villa-maria\/wp-json\/wp\/v2\/comments?post=99798"}],"version-history":[{"count":1,"href":"https:\/\/elregionalvm.com.ar\/noticias-villa-maria\/wp-json\/wp\/v2\/posts\/99798\/revisions"}],"predecessor-version":[{"id":99800,"href":"https:\/\/elregionalvm.com.ar\/noticias-villa-maria\/wp-json\/wp\/v2\/posts\/99798\/revisions\/99800"}],"wp:featuredmedia":[{"embeddable":true,"href":"https:\/\/elregionalvm.com.ar\/noticias-villa-maria\/wp-json\/wp\/v2\/media\/99799"}],"wp:attachment":[{"href":"https:\/\/elregionalvm.com.ar\/noticias-villa-maria\/wp-json\/wp\/v2\/media?parent=99798"}],"wp:term":[{"taxonomy":"category","embeddable":true,"href":"https:\/\/elregionalvm.com.ar\/noticias-villa-maria\/wp-json\/wp\/v2\/categories?post=99798"},{"taxonomy":"post_tag","embeddable":true,"href":"https:\/\/elregionalvm.com.ar\/noticias-villa-maria\/wp-json\/wp\/v2\/tags?post=99798"}],"curies":[{"name":"wp","href":"https:\/\/api.w.org\/{rel}","templated":true}]}}