{"id":99809,"date":"2024-10-17T23:50:53","date_gmt":"2024-10-17T23:50:53","guid":{"rendered":"https:\/\/elregionalvm.com.ar\/noticias-villa-maria\/?p=99809"},"modified":"2024-10-21T11:22:52","modified_gmt":"2024-10-21T11:22:52","slug":"el-municipio-de-villa-nueva-anuncia-la-participacion-de-fabricio-rodriguez-en-la-fiesta-nacional-de-la-cerveza","status":"publish","type":"post","link":"https:\/\/elregionalvm.com.ar\/noticias-villa-maria\/el-municipio-de-villa-nueva-anuncia-la-participacion-de-fabricio-rodriguez-en-la-fiesta-nacional-de-la-cerveza\/","title":{"rendered":"Fabricio Rodr\u00edguez estar\u00e1 en la Fiesta Nacional de la Cerveza"},"content":{"rendered":"\n<p>Con gran entusiasmo, el municipio de Villa Nueva comunica que el reconocido armoniquista Fabricio Rodr\u00edguez, una de las figuras m\u00e1s destacadas en su g\u00e9nero en el pa\u00eds, se suma a la grilla de artistas de la pr\u00f3xima edici\u00f3n de la Fiesta Nacional de la Cerveza, un evento que se consolidada y cada vez elegido por el p\u00fablico cordob\u00e9s.<\/p>\n\n\n\n<p>Este festival gratuito, que se realiza en un ambiente familiar y festivo, ha ido creciendo a\u00f1o tras a\u00f1o, y la participaci\u00f3n de artistas de la talla de Fabricio Rodr\u00edguez asegura que esta edici\u00f3n tambi\u00e9n ser\u00e1 de gran nivel. Con su maestr\u00eda en la arm\u00f3nica y su capacidad para fusionar g\u00e9neros musicales, Rodr\u00edguez promete<br>un gran espect\u00e1culo, que resalta la riqueza de la m\u00fasica popular argentina.<\/p>\n\n\n\n<p>Adem\u00e1s, ya se hab\u00eda confirmado la presencia de la m\u00edtica banda Bersuit Vergarabat, quienes traer\u00e1n todo su repertorio cargado de \u00e9xitos, energ\u00eda y compromiso social. Su participaci\u00f3n augura una verdadera fiesta sobre el escenario, como ya es tradici\u00f3n en este encuentro multitudinario que re\u00fane m\u00fasica, tradici\u00f3n y gastronom\u00eda.<\/p>\n\n\n\n<p>La Fiesta Nacional de la Cerveza, elegida a\u00f1o tras a\u00f1o por miles de personas, se ha convertido en uno de los eventos m\u00e1s importantes de la provincia de C\u00f3rdoba, no solo por la calidad de su propuesta art\u00edstica, sino tambi\u00e9n por el ambiente inclusivo y diverso que convoca a familias, j\u00f3venes y adultos a celebrar juntos en un marco de alegr\u00eda y convivencia.<\/p>\n\n\n\n<p>Pronto habr\u00e1 m\u00e1s novedades sobre esta fiesta que cada a\u00f1o nos invita a disfrutar de lo mejor de la m\u00fasica, la cultura y la gastronom\u00eda, consolid\u00e1ndose como una cita ineludible en el calendario cultural de C\u00f3rdoba.<\/p>\n","protected":false},"excerpt":{"rendered":"<p>Con gran entusiasmo, el municipio de Villa Nueva comunica que el reconocido armoniquista Fabricio Rodr\u00edguez, una de las figuras m\u00e1s destacadas en su g\u00e9nero en el pa\u00eds, se suma a la grilla de artistas de la pr\u00f3xima edici\u00f3n de la Fiesta Nacional de la Cerveza, un evento que se consolidada y cada vez elegido por [&hellip;]<\/p>\n","protected":false},"author":4,"featured_media":78014,"comment_status":"open","ping_status":"open","sticky":false,"template":"","format":"standard","meta":{"site-sidebar-layout":"default","site-content-layout":"","ast-site-content-layout":"default","site-content-style":"default","site-sidebar-style":"default","ast-global-header-display":"","ast-banner-title-visibility":"","ast-main-header-display":"","ast-hfb-above-header-display":"","ast-hfb-below-header-display":"","ast-hfb-mobile-header-display":"","site-post-title":"","ast-breadcrumbs-content":"","ast-featured-img":"","footer-sml-layout":"","ast-disable-related-posts":"","theme-transparent-header-meta":"","adv-header-id-meta":"","stick-header-meta":"","header-above-stick-meta":"","header-main-stick-meta":"","header-below-stick-meta":"","astra-migrate-meta-layouts":"set","ast-page-background-enabled":"default","ast-page-background-meta":{"desktop":{"background-color":"","background-image":"","background-repeat":"repeat","background-position":"center center","background-size":"auto","background-attachment":"scroll","background-type":"","background-media":"","overlay-type":"","overlay-color":"","overlay-opacity":"","overlay-gradient":""},"tablet":{"background-color":"","background-image":"","background-repeat":"repeat","background-position":"center center","background-size":"auto","background-attachment":"scroll","background-type":"","background-media":"","overlay-type":"","overlay-color":"","overlay-opacity":"","overlay-gradient":""},"mobile":{"background-color":"","background-image":"","background-repeat":"repeat","background-position":"center center","background-size":"auto","background-attachment":"scroll","background-type":"","background-media":"","overlay-type":"","overlay-color":"","overlay-opacity":"","overlay-gradient":""}},"ast-content-background-meta":{"desktop":{"background-color":"var(--ast-global-color-5)","background-image":"","background-repeat":"repeat","background-position":"center center","background-size":"auto","background-attachment":"scroll","background-type":"","background-media":"","overlay-type":"","overlay-color":"","overlay-opacity":"","overlay-gradient":""},"tablet":{"background-color":"var(--ast-global-color-5)","background-image":"","background-repeat":"repeat","background-position":"center center","background-size":"auto","background-attachment":"scroll","background-type":"","background-media":"","overlay-type":"","overlay-color":"","overlay-opacity":"","overlay-gradient":""},"mobile":{"background-color":"var(--ast-global-color-5)","background-image":"","background-repeat":"repeat","background-position":"center center","background-size":"auto","background-attachment":"scroll","background-type":"","background-media":"","overlay-type":"","overlay-color":"","overlay-opacity":"","overlay-gradient":""}},"_jetpack_memberships_contains_paid_content":false,"_joinchat":[],"footnotes":""},"categories":[2068,15302,5,1408],"tags":[],"class_list":["post-99809","post","type-post","status-publish","format-standard","has-post-thumbnail","hentry","category-cultura-deporte","category-destacado","category-sociedad","category-villa-nueva"],"yoast_head":"<!-- This site is optimized with the Yoast SEO plugin v26.8 - https:\/\/yoast.com\/product\/yoast-seo-wordpress\/ -->\n<title>Fabricio Rodr\u00edguez estar\u00e1 en la Fiesta Nacional de la Cerveza - El Regional<\/title>\n<meta name=\"robots\" content=\"index, follow, max-snippet:-1, max-image-preview:large, max-video-preview:-1\" \/>\n<link rel=\"canonical\" href=\"https:\/\/elregionalvm.com.ar\/noticias-villa-maria\/el-municipio-de-villa-nueva-anuncia-la-participacion-de-fabricio-rodriguez-en-la-fiesta-nacional-de-la-cerveza\/\" \/>\n<meta property=\"og:locale\" content=\"es_ES\" \/>\n<meta property=\"og:type\" content=\"article\" \/>\n<meta property=\"og:title\" content=\"Fabricio Rodr\u00edguez estar\u00e1 en la Fiesta Nacional de la Cerveza - El Regional\" \/>\n<meta property=\"og:description\" content=\"Con gran entusiasmo, el municipio de Villa Nueva comunica que el reconocido armoniquista Fabricio Rodr\u00edguez, una de las figuras m\u00e1s destacadas en su g\u00e9nero en el pa\u00eds, se suma a la grilla de artistas de la pr\u00f3xima edici\u00f3n de la Fiesta Nacional de la Cerveza, un evento que se consolidada y cada vez elegido por [&hellip;]\" \/>\n<meta property=\"og:url\" content=\"https:\/\/elregionalvm.com.ar\/noticias-villa-maria\/el-municipio-de-villa-nueva-anuncia-la-participacion-de-fabricio-rodriguez-en-la-fiesta-nacional-de-la-cerveza\/\" \/>\n<meta property=\"og:site_name\" content=\"El Regional\" \/>\n<meta property=\"article:publisher\" content=\"https:\/\/www.facebook.com\/elregionalvm\" \/>\n<meta property=\"article:published_time\" content=\"2024-10-17T23:50:53+00:00\" \/>\n<meta property=\"article:modified_time\" content=\"2024-10-21T11:22:52+00:00\" \/>\n<meta property=\"og:image\" content=\"https:\/\/elregionalvm.com.ar\/noticias-villa-maria\/wp-content\/uploads\/2023\/06\/Fabricio-Rodriguez-recital-Lalcec-2.jpeg\" \/>\n\t<meta property=\"og:image:width\" content=\"1200\" \/>\n\t<meta property=\"og:image:height\" content=\"810\" \/>\n\t<meta property=\"og:image:type\" content=\"image\/jpeg\" \/>\n<meta name=\"author\" content=\"Contenidos El Regional\" \/>\n<meta name=\"twitter:card\" content=\"summary_large_image\" \/>\n<meta name=\"twitter:creator\" content=\"@elregionalvm1\" \/>\n<meta name=\"twitter:site\" content=\"@elregionalvm1\" \/>\n<meta name=\"twitter:label1\" content=\"Escrito por\" \/>\n\t<meta name=\"twitter:data1\" content=\"Contenidos El Regional\" \/>\n\t<meta name=\"twitter:label2\" content=\"Tiempo de lectura\" \/>\n\t<meta name=\"twitter:data2\" content=\"2 minutos\" \/>\n<script type=\"application\/ld+json\" class=\"yoast-schema-graph\">{\"@context\":\"https:\/\/schema.org\",\"@graph\":[{\"@type\":\"Article\",\"@id\":\"https:\/\/elregionalvm.com.ar\/noticias-villa-maria\/el-municipio-de-villa-nueva-anuncia-la-participacion-de-fabricio-rodriguez-en-la-fiesta-nacional-de-la-cerveza\/#article\",\"isPartOf\":{\"@id\":\"https:\/\/elregionalvm.com.ar\/noticias-villa-maria\/el-municipio-de-villa-nueva-anuncia-la-participacion-de-fabricio-rodriguez-en-la-fiesta-nacional-de-la-cerveza\/\"},\"author\":{\"name\":\"Contenidos El Regional\",\"@id\":\"http:\/\/elregionalvm.com.ar\/noticias-villa-maria\/#\/schema\/person\/a0fb9c422317faca23d50163151bc354\"},\"headline\":\"Fabricio Rodr\u00edguez estar\u00e1 en la Fiesta Nacional de la Cerveza\",\"datePublished\":\"2024-10-17T23:50:53+00:00\",\"dateModified\":\"2024-10-21T11:22:52+00:00\",\"mainEntityOfPage\":{\"@id\":\"https:\/\/elregionalvm.com.ar\/noticias-villa-maria\/el-municipio-de-villa-nueva-anuncia-la-participacion-de-fabricio-rodriguez-en-la-fiesta-nacional-de-la-cerveza\/\"},\"wordCount\":325,\"commentCount\":0,\"image\":{\"@id\":\"https:\/\/elregionalvm.com.ar\/noticias-villa-maria\/el-municipio-de-villa-nueva-anuncia-la-participacion-de-fabricio-rodriguez-en-la-fiesta-nacional-de-la-cerveza\/#primaryimage\"},\"thumbnailUrl\":\"https:\/\/i0.wp.com\/elregionalvm.com.ar\/noticias-villa-maria\/wp-content\/uploads\/2023\/06\/Fabricio-Rodriguez-recital-Lalcec-2.jpeg?fit=1200%2C810&ssl=1\",\"articleSection\":[\"Cultura\",\"destacado\",\"Sociedad\",\"Villa Nueva\"],\"inLanguage\":\"es\",\"potentialAction\":[{\"@type\":\"CommentAction\",\"name\":\"Comment\",\"target\":[\"https:\/\/elregionalvm.com.ar\/noticias-villa-maria\/el-municipio-de-villa-nueva-anuncia-la-participacion-de-fabricio-rodriguez-en-la-fiesta-nacional-de-la-cerveza\/#respond\"]}]},{\"@type\":\"WebPage\",\"@id\":\"https:\/\/elregionalvm.com.ar\/noticias-villa-maria\/el-municipio-de-villa-nueva-anuncia-la-participacion-de-fabricio-rodriguez-en-la-fiesta-nacional-de-la-cerveza\/\",\"url\":\"https:\/\/elregionalvm.com.ar\/noticias-villa-maria\/el-municipio-de-villa-nueva-anuncia-la-participacion-de-fabricio-rodriguez-en-la-fiesta-nacional-de-la-cerveza\/\",\"name\":\"Fabricio Rodr\u00edguez estar\u00e1 en la Fiesta Nacional de la Cerveza - El Regional\",\"isPartOf\":{\"@id\":\"http:\/\/elregionalvm.com.ar\/noticias-villa-maria\/#website\"},\"primaryImageOfPage\":{\"@id\":\"https:\/\/elregionalvm.com.ar\/noticias-villa-maria\/el-municipio-de-villa-nueva-anuncia-la-participacion-de-fabricio-rodriguez-en-la-fiesta-nacional-de-la-cerveza\/#primaryimage\"},\"image\":{\"@id\":\"https:\/\/elregionalvm.com.ar\/noticias-villa-maria\/el-municipio-de-villa-nueva-anuncia-la-participacion-de-fabricio-rodriguez-en-la-fiesta-nacional-de-la-cerveza\/#primaryimage\"},\"thumbnailUrl\":\"https:\/\/i0.wp.com\/elregionalvm.com.ar\/noticias-villa-maria\/wp-content\/uploads\/2023\/06\/Fabricio-Rodriguez-recital-Lalcec-2.jpeg?fit=1200%2C810&ssl=1\",\"datePublished\":\"2024-10-17T23:50:53+00:00\",\"dateModified\":\"2024-10-21T11:22:52+00:00\",\"author\":{\"@id\":\"http:\/\/elregionalvm.com.ar\/noticias-villa-maria\/#\/schema\/person\/a0fb9c422317faca23d50163151bc354\"},\"breadcrumb\":{\"@id\":\"https:\/\/elregionalvm.com.ar\/noticias-villa-maria\/el-municipio-de-villa-nueva-anuncia-la-participacion-de-fabricio-rodriguez-en-la-fiesta-nacional-de-la-cerveza\/#breadcrumb\"},\"inLanguage\":\"es\",\"potentialAction\":[{\"@type\":\"ReadAction\",\"target\":[\"https:\/\/elregionalvm.com.ar\/noticias-villa-maria\/el-municipio-de-villa-nueva-anuncia-la-participacion-de-fabricio-rodriguez-en-la-fiesta-nacional-de-la-cerveza\/\"]}]},{\"@type\":\"ImageObject\",\"inLanguage\":\"es\",\"@id\":\"https:\/\/elregionalvm.com.ar\/noticias-villa-maria\/el-municipio-de-villa-nueva-anuncia-la-participacion-de-fabricio-rodriguez-en-la-fiesta-nacional-de-la-cerveza\/#primaryimage\",\"url\":\"https:\/\/i0.wp.com\/elregionalvm.com.ar\/noticias-villa-maria\/wp-content\/uploads\/2023\/06\/Fabricio-Rodriguez-recital-Lalcec-2.jpeg?fit=1200%2C810&ssl=1\",\"contentUrl\":\"https:\/\/i0.wp.com\/elregionalvm.com.ar\/noticias-villa-maria\/wp-content\/uploads\/2023\/06\/Fabricio-Rodriguez-recital-Lalcec-2.jpeg?fit=1200%2C810&ssl=1\",\"width\":1200,\"height\":810},{\"@type\":\"BreadcrumbList\",\"@id\":\"https:\/\/elregionalvm.com.ar\/noticias-villa-maria\/el-municipio-de-villa-nueva-anuncia-la-participacion-de-fabricio-rodriguez-en-la-fiesta-nacional-de-la-cerveza\/#breadcrumb\",\"itemListElement\":[{\"@type\":\"ListItem\",\"position\":1,\"name\":\"Portada\",\"item\":\"https:\/\/elregionalvm.com.ar\/noticias-villa-maria\/\"},{\"@type\":\"ListItem\",\"position\":2,\"name\":\"Fabricio Rodr\u00edguez estar\u00e1 en la Fiesta Nacional de la Cerveza\"}]},{\"@type\":\"WebSite\",\"@id\":\"http:\/\/elregionalvm.com.ar\/noticias-villa-maria\/#website\",\"url\":\"http:\/\/elregionalvm.com.ar\/noticias-villa-maria\/\",\"name\":\"El Regional\",\"description\":\"Mucho m\u00e1s que informaci\u00f3n\",\"potentialAction\":[{\"@type\":\"SearchAction\",\"target\":{\"@type\":\"EntryPoint\",\"urlTemplate\":\"http:\/\/elregionalvm.com.ar\/noticias-villa-maria\/?s={search_term_string}\"},\"query-input\":{\"@type\":\"PropertyValueSpecification\",\"valueRequired\":true,\"valueName\":\"search_term_string\"}}],\"inLanguage\":\"es\"},{\"@type\":\"Person\",\"@id\":\"http:\/\/elregionalvm.com.ar\/noticias-villa-maria\/#\/schema\/person\/a0fb9c422317faca23d50163151bc354\",\"name\":\"Contenidos El Regional\",\"image\":{\"@type\":\"ImageObject\",\"inLanguage\":\"es\",\"@id\":\"http:\/\/elregionalvm.com.ar\/noticias-villa-maria\/#\/schema\/person\/image\/\",\"url\":\"https:\/\/secure.gravatar.com\/avatar\/265b27cb2209af7bb3a1318f03305787d7981a5cc6e6cd08fe5a4ecdf99d4b48?s=96&d=mm&r=g\",\"contentUrl\":\"https:\/\/secure.gravatar.com\/avatar\/265b27cb2209af7bb3a1318f03305787d7981a5cc6e6cd08fe5a4ecdf99d4b48?s=96&d=mm&r=g\",\"caption\":\"Contenidos El Regional\"},\"url\":\"https:\/\/elregionalvm.com.ar\/noticias-villa-maria\/author\/contenido\/\"}]}<\/script>\n<!-- \/ Yoast SEO plugin. -->","yoast_head_json":{"title":"Fabricio Rodr\u00edguez estar\u00e1 en la Fiesta Nacional de la Cerveza - El Regional","robots":{"index":"index","follow":"follow","max-snippet":"max-snippet:-1","max-image-preview":"max-image-preview:large","max-video-preview":"max-video-preview:-1"},"canonical":"https:\/\/elregionalvm.com.ar\/noticias-villa-maria\/el-municipio-de-villa-nueva-anuncia-la-participacion-de-fabricio-rodriguez-en-la-fiesta-nacional-de-la-cerveza\/","og_locale":"es_ES","og_type":"article","og_title":"Fabricio Rodr\u00edguez estar\u00e1 en la Fiesta Nacional de la Cerveza - El Regional","og_description":"Con gran entusiasmo, el municipio de Villa Nueva comunica que el reconocido armoniquista Fabricio Rodr\u00edguez, una de las figuras m\u00e1s destacadas en su g\u00e9nero en el pa\u00eds, se suma a la grilla de artistas de la pr\u00f3xima edici\u00f3n de la Fiesta Nacional de la Cerveza, un evento que se consolidada y cada vez elegido por [&hellip;]","og_url":"https:\/\/elregionalvm.com.ar\/noticias-villa-maria\/el-municipio-de-villa-nueva-anuncia-la-participacion-de-fabricio-rodriguez-en-la-fiesta-nacional-de-la-cerveza\/","og_site_name":"El Regional","article_publisher":"https:\/\/www.facebook.com\/elregionalvm","article_published_time":"2024-10-17T23:50:53+00:00","article_modified_time":"2024-10-21T11:22:52+00:00","og_image":[{"width":1200,"height":810,"url":"https:\/\/elregionalvm.com.ar\/noticias-villa-maria\/wp-content\/uploads\/2023\/06\/Fabricio-Rodriguez-recital-Lalcec-2.jpeg","type":"image\/jpeg"}],"author":"Contenidos El Regional","twitter_card":"summary_large_image","twitter_creator":"@elregionalvm1","twitter_site":"@elregionalvm1","twitter_misc":{"Escrito por":"Contenidos El Regional","Tiempo de lectura":"2 minutos"},"schema":{"@context":"https:\/\/schema.org","@graph":[{"@type":"Article","@id":"https:\/\/elregionalvm.com.ar\/noticias-villa-maria\/el-municipio-de-villa-nueva-anuncia-la-participacion-de-fabricio-rodriguez-en-la-fiesta-nacional-de-la-cerveza\/#article","isPartOf":{"@id":"https:\/\/elregionalvm.com.ar\/noticias-villa-maria\/el-municipio-de-villa-nueva-anuncia-la-participacion-de-fabricio-rodriguez-en-la-fiesta-nacional-de-la-cerveza\/"},"author":{"name":"Contenidos El Regional","@id":"http:\/\/elregionalvm.com.ar\/noticias-villa-maria\/#\/schema\/person\/a0fb9c422317faca23d50163151bc354"},"headline":"Fabricio Rodr\u00edguez estar\u00e1 en la Fiesta Nacional de la Cerveza","datePublished":"2024-10-17T23:50:53+00:00","dateModified":"2024-10-21T11:22:52+00:00","mainEntityOfPage":{"@id":"https:\/\/elregionalvm.com.ar\/noticias-villa-maria\/el-municipio-de-villa-nueva-anuncia-la-participacion-de-fabricio-rodriguez-en-la-fiesta-nacional-de-la-cerveza\/"},"wordCount":325,"commentCount":0,"image":{"@id":"https:\/\/elregionalvm.com.ar\/noticias-villa-maria\/el-municipio-de-villa-nueva-anuncia-la-participacion-de-fabricio-rodriguez-en-la-fiesta-nacional-de-la-cerveza\/#primaryimage"},"thumbnailUrl":"https:\/\/i0.wp.com\/elregionalvm.com.ar\/noticias-villa-maria\/wp-content\/uploads\/2023\/06\/Fabricio-Rodriguez-recital-Lalcec-2.jpeg?fit=1200%2C810&ssl=1","articleSection":["Cultura","destacado","Sociedad","Villa Nueva"],"inLanguage":"es","potentialAction":[{"@type":"CommentAction","name":"Comment","target":["https:\/\/elregionalvm.com.ar\/noticias-villa-maria\/el-municipio-de-villa-nueva-anuncia-la-participacion-de-fabricio-rodriguez-en-la-fiesta-nacional-de-la-cerveza\/#respond"]}]},{"@type":"WebPage","@id":"https:\/\/elregionalvm.com.ar\/noticias-villa-maria\/el-municipio-de-villa-nueva-anuncia-la-participacion-de-fabricio-rodriguez-en-la-fiesta-nacional-de-la-cerveza\/","url":"https:\/\/elregionalvm.com.ar\/noticias-villa-maria\/el-municipio-de-villa-nueva-anuncia-la-participacion-de-fabricio-rodriguez-en-la-fiesta-nacional-de-la-cerveza\/","name":"Fabricio Rodr\u00edguez estar\u00e1 en la Fiesta Nacional de la Cerveza - El Regional","isPartOf":{"@id":"http:\/\/elregionalvm.com.ar\/noticias-villa-maria\/#website"},"primaryImageOfPage":{"@id":"https:\/\/elregionalvm.com.ar\/noticias-villa-maria\/el-municipio-de-villa-nueva-anuncia-la-participacion-de-fabricio-rodriguez-en-la-fiesta-nacional-de-la-cerveza\/#primaryimage"},"image":{"@id":"https:\/\/elregionalvm.com.ar\/noticias-villa-maria\/el-municipio-de-villa-nueva-anuncia-la-participacion-de-fabricio-rodriguez-en-la-fiesta-nacional-de-la-cerveza\/#primaryimage"},"thumbnailUrl":"https:\/\/i0.wp.com\/elregionalvm.com.ar\/noticias-villa-maria\/wp-content\/uploads\/2023\/06\/Fabricio-Rodriguez-recital-Lalcec-2.jpeg?fit=1200%2C810&ssl=1","datePublished":"2024-10-17T23:50:53+00:00","dateModified":"2024-10-21T11:22:52+00:00","author":{"@id":"http:\/\/elregionalvm.com.ar\/noticias-villa-maria\/#\/schema\/person\/a0fb9c422317faca23d50163151bc354"},"breadcrumb":{"@id":"https:\/\/elregionalvm.com.ar\/noticias-villa-maria\/el-municipio-de-villa-nueva-anuncia-la-participacion-de-fabricio-rodriguez-en-la-fiesta-nacional-de-la-cerveza\/#breadcrumb"},"inLanguage":"es","potentialAction":[{"@type":"ReadAction","target":["https:\/\/elregionalvm.com.ar\/noticias-villa-maria\/el-municipio-de-villa-nueva-anuncia-la-participacion-de-fabricio-rodriguez-en-la-fiesta-nacional-de-la-cerveza\/"]}]},{"@type":"ImageObject","inLanguage":"es","@id":"https:\/\/elregionalvm.com.ar\/noticias-villa-maria\/el-municipio-de-villa-nueva-anuncia-la-participacion-de-fabricio-rodriguez-en-la-fiesta-nacional-de-la-cerveza\/#primaryimage","url":"https:\/\/i0.wp.com\/elregionalvm.com.ar\/noticias-villa-maria\/wp-content\/uploads\/2023\/06\/Fabricio-Rodriguez-recital-Lalcec-2.jpeg?fit=1200%2C810&ssl=1","contentUrl":"https:\/\/i0.wp.com\/elregionalvm.com.ar\/noticias-villa-maria\/wp-content\/uploads\/2023\/06\/Fabricio-Rodriguez-recital-Lalcec-2.jpeg?fit=1200%2C810&ssl=1","width":1200,"height":810},{"@type":"BreadcrumbList","@id":"https:\/\/elregionalvm.com.ar\/noticias-villa-maria\/el-municipio-de-villa-nueva-anuncia-la-participacion-de-fabricio-rodriguez-en-la-fiesta-nacional-de-la-cerveza\/#breadcrumb","itemListElement":[{"@type":"ListItem","position":1,"name":"Portada","item":"https:\/\/elregionalvm.com.ar\/noticias-villa-maria\/"},{"@type":"ListItem","position":2,"name":"Fabricio Rodr\u00edguez estar\u00e1 en la Fiesta Nacional de la Cerveza"}]},{"@type":"WebSite","@id":"http:\/\/elregionalvm.com.ar\/noticias-villa-maria\/#website","url":"http:\/\/elregionalvm.com.ar\/noticias-villa-maria\/","name":"El Regional","description":"Mucho m\u00e1s que informaci\u00f3n","potentialAction":[{"@type":"SearchAction","target":{"@type":"EntryPoint","urlTemplate":"http:\/\/elregionalvm.com.ar\/noticias-villa-maria\/?s={search_term_string}"},"query-input":{"@type":"PropertyValueSpecification","valueRequired":true,"valueName":"search_term_string"}}],"inLanguage":"es"},{"@type":"Person","@id":"http:\/\/elregionalvm.com.ar\/noticias-villa-maria\/#\/schema\/person\/a0fb9c422317faca23d50163151bc354","name":"Contenidos El Regional","image":{"@type":"ImageObject","inLanguage":"es","@id":"http:\/\/elregionalvm.com.ar\/noticias-villa-maria\/#\/schema\/person\/image\/","url":"https:\/\/secure.gravatar.com\/avatar\/265b27cb2209af7bb3a1318f03305787d7981a5cc6e6cd08fe5a4ecdf99d4b48?s=96&d=mm&r=g","contentUrl":"https:\/\/secure.gravatar.com\/avatar\/265b27cb2209af7bb3a1318f03305787d7981a5cc6e6cd08fe5a4ecdf99d4b48?s=96&d=mm&r=g","caption":"Contenidos El Regional"},"url":"https:\/\/elregionalvm.com.ar\/noticias-villa-maria\/author\/contenido\/"}]}},"jetpack_featured_media_url":"https:\/\/i0.wp.com\/elregionalvm.com.ar\/noticias-villa-maria\/wp-content\/uploads\/2023\/06\/Fabricio-Rodriguez-recital-Lalcec-2.jpeg?fit=1200%2C810&ssl=1","jetpack_sharing_enabled":true,"_links":{"self":[{"href":"https:\/\/elregionalvm.com.ar\/noticias-villa-maria\/wp-json\/wp\/v2\/posts\/99809","targetHints":{"allow":["GET"]}}],"collection":[{"href":"https:\/\/elregionalvm.com.ar\/noticias-villa-maria\/wp-json\/wp\/v2\/posts"}],"about":[{"href":"https:\/\/elregionalvm.com.ar\/noticias-villa-maria\/wp-json\/wp\/v2\/types\/post"}],"author":[{"embeddable":true,"href":"https:\/\/elregionalvm.com.ar\/noticias-villa-maria\/wp-json\/wp\/v2\/users\/4"}],"replies":[{"embeddable":true,"href":"https:\/\/elregionalvm.com.ar\/noticias-villa-maria\/wp-json\/wp\/v2\/comments?post=99809"}],"version-history":[{"count":2,"href":"https:\/\/elregionalvm.com.ar\/noticias-villa-maria\/wp-json\/wp\/v2\/posts\/99809\/revisions"}],"predecessor-version":[{"id":99849,"href":"https:\/\/elregionalvm.com.ar\/noticias-villa-maria\/wp-json\/wp\/v2\/posts\/99809\/revisions\/99849"}],"wp:featuredmedia":[{"embeddable":true,"href":"https:\/\/elregionalvm.com.ar\/noticias-villa-maria\/wp-json\/wp\/v2\/media\/78014"}],"wp:attachment":[{"href":"https:\/\/elregionalvm.com.ar\/noticias-villa-maria\/wp-json\/wp\/v2\/media?parent=99809"}],"wp:term":[{"taxonomy":"category","embeddable":true,"href":"https:\/\/elregionalvm.com.ar\/noticias-villa-maria\/wp-json\/wp\/v2\/categories?post=99809"},{"taxonomy":"post_tag","embeddable":true,"href":"https:\/\/elregionalvm.com.ar\/noticias-villa-maria\/wp-json\/wp\/v2\/tags?post=99809"}],"curies":[{"name":"wp","href":"https:\/\/api.w.org\/{rel}","templated":true}]}}