{"id":99811,"date":"2024-10-18T21:01:47","date_gmt":"2024-10-18T21:01:47","guid":{"rendered":"https:\/\/elregionalvm.com.ar\/noticias-villa-maria\/?p=99811"},"modified":"2024-10-18T21:01:49","modified_gmt":"2024-10-18T21:01:49","slug":"la-policia-encontro-un-auto-que-habia-sido-robado-en-el-barrio-palermo-y-detuvo-a-un-hombre-de-32-anos","status":"publish","type":"post","link":"https:\/\/elregionalvm.com.ar\/noticias-villa-maria\/la-policia-encontro-un-auto-que-habia-sido-robado-en-el-barrio-palermo-y-detuvo-a-un-hombre-de-32-anos\/","title":{"rendered":"La polic\u00eda encontr\u00f3 un auto que hab\u00eda sido robado en el barrio Palermo y detuvo a un hombre de 32 a\u00f1os"},"content":{"rendered":"\n<p>Siendo aproximadamente las 17:00 hs de la v\u00edspera, personal policial perteneciente a la Comisaria de Villa Cura Brochero, procedi\u00f3 a materializar la detenci\u00f3n de un hombre de 32 de edad por supuesto autor del delito de \u00abRobo\u00bb. El accionar policial tuvo lugar en momentos en que los efectivos policiales de esa localidad, procedieron al control de un veh\u00edculo VW Gol, el cual al ser consultado por sistema inform\u00e1tico policial arrojaba pedido de secuestro vigente solicitado desde la Unidad Judicial de Villa Mar\u00eda, desde fecha 14\/10\/2024, en el marco de una investigaci\u00f3n por un hecho de Robo donde result\u00f3 damnificada una familia con residencia en B\u00b0 Palermo de esta ciudad.<\/p>\n\n\n\n<p>Cabo mencionar que se encuentra en curso una investigaci\u00f3n instruida por la Fiscal\u00eda de Instrucci\u00f3n de Segundo Turno a cargo de la Dra. Juliana Companys, Sec. a cargo del Dra. M. Florencia Bortolussi, quien ha impartido directivas cumplimentadas por personal policial de Divisi\u00f3n Investigaciones, quienes realizando una minuciosa labor investigativa habr\u00edan logrado la identificaci\u00f3n de los posibles autores del hecho, logrando en la fecha materializar la detenci\u00f3n de uno de ellos.<\/p>\n\n\n\n<p>Se labran actuaciones a disposici\u00f3n de Magistrada interviniente.<\/p>\n","protected":false},"excerpt":{"rendered":"<p>Siendo aproximadamente las 17:00 hs de la v\u00edspera, personal policial perteneciente a la Comisaria de Villa Cura Brochero, procedi\u00f3 a materializar la detenci\u00f3n de un hombre de 32 de edad por supuesto autor del delito de \u00abRobo\u00bb. El accionar policial tuvo lugar en momentos en que los efectivos policiales de esa localidad, procedieron al control [&hellip;]<\/p>\n","protected":false},"author":4,"featured_media":99812,"comment_status":"open","ping_status":"open","sticky":false,"template":"","format":"standard","meta":{"site-sidebar-layout":"default","site-content-layout":"","ast-site-content-layout":"default","site-content-style":"default","site-sidebar-style":"default","ast-global-header-display":"","ast-banner-title-visibility":"","ast-main-header-display":"","ast-hfb-above-header-display":"","ast-hfb-below-header-display":"","ast-hfb-mobile-header-display":"","site-post-title":"","ast-breadcrumbs-content":"","ast-featured-img":"","footer-sml-layout":"","ast-disable-related-posts":"","theme-transparent-header-meta":"","adv-header-id-meta":"","stick-header-meta":"","header-above-stick-meta":"","header-main-stick-meta":"","header-below-stick-meta":"","astra-migrate-meta-layouts":"set","ast-page-background-enabled":"default","ast-page-background-meta":{"desktop":{"background-color":"","background-image":"","background-repeat":"repeat","background-position":"center center","background-size":"auto","background-attachment":"scroll","background-type":"","background-media":"","overlay-type":"","overlay-color":"","overlay-opacity":"","overlay-gradient":""},"tablet":{"background-color":"","background-image":"","background-repeat":"repeat","background-position":"center center","background-size":"auto","background-attachment":"scroll","background-type":"","background-media":"","overlay-type":"","overlay-color":"","overlay-opacity":"","overlay-gradient":""},"mobile":{"background-color":"","background-image":"","background-repeat":"repeat","background-position":"center center","background-size":"auto","background-attachment":"scroll","background-type":"","background-media":"","overlay-type":"","overlay-color":"","overlay-opacity":"","overlay-gradient":""}},"ast-content-background-meta":{"desktop":{"background-color":"var(--ast-global-color-5)","background-image":"","background-repeat":"repeat","background-position":"center center","background-size":"auto","background-attachment":"scroll","background-type":"","background-media":"","overlay-type":"","overlay-color":"","overlay-opacity":"","overlay-gradient":""},"tablet":{"background-color":"var(--ast-global-color-5)","background-image":"","background-repeat":"repeat","background-position":"center center","background-size":"auto","background-attachment":"scroll","background-type":"","background-media":"","overlay-type":"","overlay-color":"","overlay-opacity":"","overlay-gradient":""},"mobile":{"background-color":"var(--ast-global-color-5)","background-image":"","background-repeat":"repeat","background-position":"center center","background-size":"auto","background-attachment":"scroll","background-type":"","background-media":"","overlay-type":"","overlay-color":"","overlay-opacity":"","overlay-gradient":""}},"_jetpack_memberships_contains_paid_content":false,"_joinchat":[],"footnotes":""},"categories":[15302,2234,5,2],"tags":[],"class_list":["post-99811","post","type-post","status-publish","format-standard","has-post-thumbnail","hentry","category-destacado","category-policiales","category-sociedad","category-villa-maria"],"yoast_head":"<!-- This site is optimized with the Yoast SEO plugin v26.8 - https:\/\/yoast.com\/product\/yoast-seo-wordpress\/ -->\n<title>La polic\u00eda encontr\u00f3 un auto que hab\u00eda sido robado en el barrio Palermo y detuvo a un hombre de 32 a\u00f1os - El Regional<\/title>\n<meta name=\"robots\" content=\"index, follow, max-snippet:-1, max-image-preview:large, max-video-preview:-1\" \/>\n<link rel=\"canonical\" href=\"https:\/\/elregionalvm.com.ar\/noticias-villa-maria\/la-policia-encontro-un-auto-que-habia-sido-robado-en-el-barrio-palermo-y-detuvo-a-un-hombre-de-32-anos\/\" \/>\n<meta property=\"og:locale\" content=\"es_ES\" \/>\n<meta property=\"og:type\" content=\"article\" \/>\n<meta property=\"og:title\" content=\"La polic\u00eda encontr\u00f3 un auto que hab\u00eda sido robado en el barrio Palermo y detuvo a un hombre de 32 a\u00f1os - El Regional\" \/>\n<meta property=\"og:description\" content=\"Siendo aproximadamente las 17:00 hs de la v\u00edspera, personal policial perteneciente a la Comisaria de Villa Cura Brochero, procedi\u00f3 a materializar la detenci\u00f3n de un hombre de 32 de edad por supuesto autor del delito de \u00abRobo\u00bb. El accionar policial tuvo lugar en momentos en que los efectivos policiales de esa localidad, procedieron al control [&hellip;]\" \/>\n<meta property=\"og:url\" content=\"https:\/\/elregionalvm.com.ar\/noticias-villa-maria\/la-policia-encontro-un-auto-que-habia-sido-robado-en-el-barrio-palermo-y-detuvo-a-un-hombre-de-32-anos\/\" \/>\n<meta property=\"og:site_name\" content=\"El Regional\" \/>\n<meta property=\"article:publisher\" content=\"https:\/\/www.facebook.com\/elregionalvm\" \/>\n<meta property=\"article:published_time\" content=\"2024-10-18T21:01:47+00:00\" \/>\n<meta property=\"article:modified_time\" content=\"2024-10-18T21:01:49+00:00\" \/>\n<meta property=\"og:image\" content=\"https:\/\/elregionalvm.com.ar\/noticias-villa-maria\/wp-content\/uploads\/2024\/10\/WhatsApp-Image-2024-10-18-at-10.36.16.jpeg\" \/>\n\t<meta property=\"og:image:width\" content=\"1079\" \/>\n\t<meta property=\"og:image:height\" content=\"802\" \/>\n\t<meta property=\"og:image:type\" content=\"image\/jpeg\" \/>\n<meta name=\"author\" content=\"Contenidos El Regional\" \/>\n<meta name=\"twitter:card\" content=\"summary_large_image\" \/>\n<meta name=\"twitter:creator\" content=\"@elregionalvm1\" \/>\n<meta name=\"twitter:site\" content=\"@elregionalvm1\" \/>\n<meta name=\"twitter:label1\" content=\"Escrito por\" \/>\n\t<meta name=\"twitter:data1\" content=\"Contenidos El Regional\" \/>\n\t<meta name=\"twitter:label2\" content=\"Tiempo de lectura\" \/>\n\t<meta name=\"twitter:data2\" content=\"2 minutos\" \/>\n<script type=\"application\/ld+json\" class=\"yoast-schema-graph\">{\"@context\":\"https:\/\/schema.org\",\"@graph\":[{\"@type\":\"Article\",\"@id\":\"https:\/\/elregionalvm.com.ar\/noticias-villa-maria\/la-policia-encontro-un-auto-que-habia-sido-robado-en-el-barrio-palermo-y-detuvo-a-un-hombre-de-32-anos\/#article\",\"isPartOf\":{\"@id\":\"https:\/\/elregionalvm.com.ar\/noticias-villa-maria\/la-policia-encontro-un-auto-que-habia-sido-robado-en-el-barrio-palermo-y-detuvo-a-un-hombre-de-32-anos\/\"},\"author\":{\"name\":\"Contenidos El Regional\",\"@id\":\"http:\/\/elregionalvm.com.ar\/noticias-villa-maria\/#\/schema\/person\/a0fb9c422317faca23d50163151bc354\"},\"headline\":\"La polic\u00eda encontr\u00f3 un auto que hab\u00eda sido robado en el barrio Palermo y detuvo a un hombre de 32 a\u00f1os\",\"datePublished\":\"2024-10-18T21:01:47+00:00\",\"dateModified\":\"2024-10-18T21:01:49+00:00\",\"mainEntityOfPage\":{\"@id\":\"https:\/\/elregionalvm.com.ar\/noticias-villa-maria\/la-policia-encontro-un-auto-que-habia-sido-robado-en-el-barrio-palermo-y-detuvo-a-un-hombre-de-32-anos\/\"},\"wordCount\":222,\"commentCount\":0,\"image\":{\"@id\":\"https:\/\/elregionalvm.com.ar\/noticias-villa-maria\/la-policia-encontro-un-auto-que-habia-sido-robado-en-el-barrio-palermo-y-detuvo-a-un-hombre-de-32-anos\/#primaryimage\"},\"thumbnailUrl\":\"https:\/\/i0.wp.com\/elregionalvm.com.ar\/noticias-villa-maria\/wp-content\/uploads\/2024\/10\/WhatsApp-Image-2024-10-18-at-10.36.16.jpeg?fit=1079%2C802&ssl=1\",\"articleSection\":[\"destacado\",\"Policiales\",\"Sociedad\",\"Villa Mar\u00eda\"],\"inLanguage\":\"es\",\"potentialAction\":[{\"@type\":\"CommentAction\",\"name\":\"Comment\",\"target\":[\"https:\/\/elregionalvm.com.ar\/noticias-villa-maria\/la-policia-encontro-un-auto-que-habia-sido-robado-en-el-barrio-palermo-y-detuvo-a-un-hombre-de-32-anos\/#respond\"]}]},{\"@type\":\"WebPage\",\"@id\":\"https:\/\/elregionalvm.com.ar\/noticias-villa-maria\/la-policia-encontro-un-auto-que-habia-sido-robado-en-el-barrio-palermo-y-detuvo-a-un-hombre-de-32-anos\/\",\"url\":\"https:\/\/elregionalvm.com.ar\/noticias-villa-maria\/la-policia-encontro-un-auto-que-habia-sido-robado-en-el-barrio-palermo-y-detuvo-a-un-hombre-de-32-anos\/\",\"name\":\"La polic\u00eda encontr\u00f3 un auto que hab\u00eda sido robado en el barrio Palermo y detuvo a un hombre de 32 a\u00f1os - El Regional\",\"isPartOf\":{\"@id\":\"http:\/\/elregionalvm.com.ar\/noticias-villa-maria\/#website\"},\"primaryImageOfPage\":{\"@id\":\"https:\/\/elregionalvm.com.ar\/noticias-villa-maria\/la-policia-encontro-un-auto-que-habia-sido-robado-en-el-barrio-palermo-y-detuvo-a-un-hombre-de-32-anos\/#primaryimage\"},\"image\":{\"@id\":\"https:\/\/elregionalvm.com.ar\/noticias-villa-maria\/la-policia-encontro-un-auto-que-habia-sido-robado-en-el-barrio-palermo-y-detuvo-a-un-hombre-de-32-anos\/#primaryimage\"},\"thumbnailUrl\":\"https:\/\/i0.wp.com\/elregionalvm.com.ar\/noticias-villa-maria\/wp-content\/uploads\/2024\/10\/WhatsApp-Image-2024-10-18-at-10.36.16.jpeg?fit=1079%2C802&ssl=1\",\"datePublished\":\"2024-10-18T21:01:47+00:00\",\"dateModified\":\"2024-10-18T21:01:49+00:00\",\"author\":{\"@id\":\"http:\/\/elregionalvm.com.ar\/noticias-villa-maria\/#\/schema\/person\/a0fb9c422317faca23d50163151bc354\"},\"breadcrumb\":{\"@id\":\"https:\/\/elregionalvm.com.ar\/noticias-villa-maria\/la-policia-encontro-un-auto-que-habia-sido-robado-en-el-barrio-palermo-y-detuvo-a-un-hombre-de-32-anos\/#breadcrumb\"},\"inLanguage\":\"es\",\"potentialAction\":[{\"@type\":\"ReadAction\",\"target\":[\"https:\/\/elregionalvm.com.ar\/noticias-villa-maria\/la-policia-encontro-un-auto-que-habia-sido-robado-en-el-barrio-palermo-y-detuvo-a-un-hombre-de-32-anos\/\"]}]},{\"@type\":\"ImageObject\",\"inLanguage\":\"es\",\"@id\":\"https:\/\/elregionalvm.com.ar\/noticias-villa-maria\/la-policia-encontro-un-auto-que-habia-sido-robado-en-el-barrio-palermo-y-detuvo-a-un-hombre-de-32-anos\/#primaryimage\",\"url\":\"https:\/\/i0.wp.com\/elregionalvm.com.ar\/noticias-villa-maria\/wp-content\/uploads\/2024\/10\/WhatsApp-Image-2024-10-18-at-10.36.16.jpeg?fit=1079%2C802&ssl=1\",\"contentUrl\":\"https:\/\/i0.wp.com\/elregionalvm.com.ar\/noticias-villa-maria\/wp-content\/uploads\/2024\/10\/WhatsApp-Image-2024-10-18-at-10.36.16.jpeg?fit=1079%2C802&ssl=1\",\"width\":1079,\"height\":802},{\"@type\":\"BreadcrumbList\",\"@id\":\"https:\/\/elregionalvm.com.ar\/noticias-villa-maria\/la-policia-encontro-un-auto-que-habia-sido-robado-en-el-barrio-palermo-y-detuvo-a-un-hombre-de-32-anos\/#breadcrumb\",\"itemListElement\":[{\"@type\":\"ListItem\",\"position\":1,\"name\":\"Portada\",\"item\":\"https:\/\/elregionalvm.com.ar\/noticias-villa-maria\/\"},{\"@type\":\"ListItem\",\"position\":2,\"name\":\"La polic\u00eda encontr\u00f3 un auto que hab\u00eda sido robado en el barrio Palermo y detuvo a un hombre de 32 a\u00f1os\"}]},{\"@type\":\"WebSite\",\"@id\":\"http:\/\/elregionalvm.com.ar\/noticias-villa-maria\/#website\",\"url\":\"http:\/\/elregionalvm.com.ar\/noticias-villa-maria\/\",\"name\":\"El Regional\",\"description\":\"Mucho m\u00e1s que informaci\u00f3n\",\"potentialAction\":[{\"@type\":\"SearchAction\",\"target\":{\"@type\":\"EntryPoint\",\"urlTemplate\":\"http:\/\/elregionalvm.com.ar\/noticias-villa-maria\/?s={search_term_string}\"},\"query-input\":{\"@type\":\"PropertyValueSpecification\",\"valueRequired\":true,\"valueName\":\"search_term_string\"}}],\"inLanguage\":\"es\"},{\"@type\":\"Person\",\"@id\":\"http:\/\/elregionalvm.com.ar\/noticias-villa-maria\/#\/schema\/person\/a0fb9c422317faca23d50163151bc354\",\"name\":\"Contenidos El Regional\",\"image\":{\"@type\":\"ImageObject\",\"inLanguage\":\"es\",\"@id\":\"http:\/\/elregionalvm.com.ar\/noticias-villa-maria\/#\/schema\/person\/image\/\",\"url\":\"https:\/\/secure.gravatar.com\/avatar\/265b27cb2209af7bb3a1318f03305787d7981a5cc6e6cd08fe5a4ecdf99d4b48?s=96&d=mm&r=g\",\"contentUrl\":\"https:\/\/secure.gravatar.com\/avatar\/265b27cb2209af7bb3a1318f03305787d7981a5cc6e6cd08fe5a4ecdf99d4b48?s=96&d=mm&r=g\",\"caption\":\"Contenidos El Regional\"},\"url\":\"https:\/\/elregionalvm.com.ar\/noticias-villa-maria\/author\/contenido\/\"}]}<\/script>\n<!-- \/ Yoast SEO plugin. -->","yoast_head_json":{"title":"La polic\u00eda encontr\u00f3 un auto que hab\u00eda sido robado en el barrio Palermo y detuvo a un hombre de 32 a\u00f1os - El Regional","robots":{"index":"index","follow":"follow","max-snippet":"max-snippet:-1","max-image-preview":"max-image-preview:large","max-video-preview":"max-video-preview:-1"},"canonical":"https:\/\/elregionalvm.com.ar\/noticias-villa-maria\/la-policia-encontro-un-auto-que-habia-sido-robado-en-el-barrio-palermo-y-detuvo-a-un-hombre-de-32-anos\/","og_locale":"es_ES","og_type":"article","og_title":"La polic\u00eda encontr\u00f3 un auto que hab\u00eda sido robado en el barrio Palermo y detuvo a un hombre de 32 a\u00f1os - El Regional","og_description":"Siendo aproximadamente las 17:00 hs de la v\u00edspera, personal policial perteneciente a la Comisaria de Villa Cura Brochero, procedi\u00f3 a materializar la detenci\u00f3n de un hombre de 32 de edad por supuesto autor del delito de \u00abRobo\u00bb. El accionar policial tuvo lugar en momentos en que los efectivos policiales de esa localidad, procedieron al control [&hellip;]","og_url":"https:\/\/elregionalvm.com.ar\/noticias-villa-maria\/la-policia-encontro-un-auto-que-habia-sido-robado-en-el-barrio-palermo-y-detuvo-a-un-hombre-de-32-anos\/","og_site_name":"El Regional","article_publisher":"https:\/\/www.facebook.com\/elregionalvm","article_published_time":"2024-10-18T21:01:47+00:00","article_modified_time":"2024-10-18T21:01:49+00:00","og_image":[{"width":1079,"height":802,"url":"https:\/\/elregionalvm.com.ar\/noticias-villa-maria\/wp-content\/uploads\/2024\/10\/WhatsApp-Image-2024-10-18-at-10.36.16.jpeg","type":"image\/jpeg"}],"author":"Contenidos El Regional","twitter_card":"summary_large_image","twitter_creator":"@elregionalvm1","twitter_site":"@elregionalvm1","twitter_misc":{"Escrito por":"Contenidos El Regional","Tiempo de lectura":"2 minutos"},"schema":{"@context":"https:\/\/schema.org","@graph":[{"@type":"Article","@id":"https:\/\/elregionalvm.com.ar\/noticias-villa-maria\/la-policia-encontro-un-auto-que-habia-sido-robado-en-el-barrio-palermo-y-detuvo-a-un-hombre-de-32-anos\/#article","isPartOf":{"@id":"https:\/\/elregionalvm.com.ar\/noticias-villa-maria\/la-policia-encontro-un-auto-que-habia-sido-robado-en-el-barrio-palermo-y-detuvo-a-un-hombre-de-32-anos\/"},"author":{"name":"Contenidos El Regional","@id":"http:\/\/elregionalvm.com.ar\/noticias-villa-maria\/#\/schema\/person\/a0fb9c422317faca23d50163151bc354"},"headline":"La polic\u00eda encontr\u00f3 un auto que hab\u00eda sido robado en el barrio Palermo y detuvo a un hombre de 32 a\u00f1os","datePublished":"2024-10-18T21:01:47+00:00","dateModified":"2024-10-18T21:01:49+00:00","mainEntityOfPage":{"@id":"https:\/\/elregionalvm.com.ar\/noticias-villa-maria\/la-policia-encontro-un-auto-que-habia-sido-robado-en-el-barrio-palermo-y-detuvo-a-un-hombre-de-32-anos\/"},"wordCount":222,"commentCount":0,"image":{"@id":"https:\/\/elregionalvm.com.ar\/noticias-villa-maria\/la-policia-encontro-un-auto-que-habia-sido-robado-en-el-barrio-palermo-y-detuvo-a-un-hombre-de-32-anos\/#primaryimage"},"thumbnailUrl":"https:\/\/i0.wp.com\/elregionalvm.com.ar\/noticias-villa-maria\/wp-content\/uploads\/2024\/10\/WhatsApp-Image-2024-10-18-at-10.36.16.jpeg?fit=1079%2C802&ssl=1","articleSection":["destacado","Policiales","Sociedad","Villa Mar\u00eda"],"inLanguage":"es","potentialAction":[{"@type":"CommentAction","name":"Comment","target":["https:\/\/elregionalvm.com.ar\/noticias-villa-maria\/la-policia-encontro-un-auto-que-habia-sido-robado-en-el-barrio-palermo-y-detuvo-a-un-hombre-de-32-anos\/#respond"]}]},{"@type":"WebPage","@id":"https:\/\/elregionalvm.com.ar\/noticias-villa-maria\/la-policia-encontro-un-auto-que-habia-sido-robado-en-el-barrio-palermo-y-detuvo-a-un-hombre-de-32-anos\/","url":"https:\/\/elregionalvm.com.ar\/noticias-villa-maria\/la-policia-encontro-un-auto-que-habia-sido-robado-en-el-barrio-palermo-y-detuvo-a-un-hombre-de-32-anos\/","name":"La polic\u00eda encontr\u00f3 un auto que hab\u00eda sido robado en el barrio Palermo y detuvo a un hombre de 32 a\u00f1os - El Regional","isPartOf":{"@id":"http:\/\/elregionalvm.com.ar\/noticias-villa-maria\/#website"},"primaryImageOfPage":{"@id":"https:\/\/elregionalvm.com.ar\/noticias-villa-maria\/la-policia-encontro-un-auto-que-habia-sido-robado-en-el-barrio-palermo-y-detuvo-a-un-hombre-de-32-anos\/#primaryimage"},"image":{"@id":"https:\/\/elregionalvm.com.ar\/noticias-villa-maria\/la-policia-encontro-un-auto-que-habia-sido-robado-en-el-barrio-palermo-y-detuvo-a-un-hombre-de-32-anos\/#primaryimage"},"thumbnailUrl":"https:\/\/i0.wp.com\/elregionalvm.com.ar\/noticias-villa-maria\/wp-content\/uploads\/2024\/10\/WhatsApp-Image-2024-10-18-at-10.36.16.jpeg?fit=1079%2C802&ssl=1","datePublished":"2024-10-18T21:01:47+00:00","dateModified":"2024-10-18T21:01:49+00:00","author":{"@id":"http:\/\/elregionalvm.com.ar\/noticias-villa-maria\/#\/schema\/person\/a0fb9c422317faca23d50163151bc354"},"breadcrumb":{"@id":"https:\/\/elregionalvm.com.ar\/noticias-villa-maria\/la-policia-encontro-un-auto-que-habia-sido-robado-en-el-barrio-palermo-y-detuvo-a-un-hombre-de-32-anos\/#breadcrumb"},"inLanguage":"es","potentialAction":[{"@type":"ReadAction","target":["https:\/\/elregionalvm.com.ar\/noticias-villa-maria\/la-policia-encontro-un-auto-que-habia-sido-robado-en-el-barrio-palermo-y-detuvo-a-un-hombre-de-32-anos\/"]}]},{"@type":"ImageObject","inLanguage":"es","@id":"https:\/\/elregionalvm.com.ar\/noticias-villa-maria\/la-policia-encontro-un-auto-que-habia-sido-robado-en-el-barrio-palermo-y-detuvo-a-un-hombre-de-32-anos\/#primaryimage","url":"https:\/\/i0.wp.com\/elregionalvm.com.ar\/noticias-villa-maria\/wp-content\/uploads\/2024\/10\/WhatsApp-Image-2024-10-18-at-10.36.16.jpeg?fit=1079%2C802&ssl=1","contentUrl":"https:\/\/i0.wp.com\/elregionalvm.com.ar\/noticias-villa-maria\/wp-content\/uploads\/2024\/10\/WhatsApp-Image-2024-10-18-at-10.36.16.jpeg?fit=1079%2C802&ssl=1","width":1079,"height":802},{"@type":"BreadcrumbList","@id":"https:\/\/elregionalvm.com.ar\/noticias-villa-maria\/la-policia-encontro-un-auto-que-habia-sido-robado-en-el-barrio-palermo-y-detuvo-a-un-hombre-de-32-anos\/#breadcrumb","itemListElement":[{"@type":"ListItem","position":1,"name":"Portada","item":"https:\/\/elregionalvm.com.ar\/noticias-villa-maria\/"},{"@type":"ListItem","position":2,"name":"La polic\u00eda encontr\u00f3 un auto que hab\u00eda sido robado en el barrio Palermo y detuvo a un hombre de 32 a\u00f1os"}]},{"@type":"WebSite","@id":"http:\/\/elregionalvm.com.ar\/noticias-villa-maria\/#website","url":"http:\/\/elregionalvm.com.ar\/noticias-villa-maria\/","name":"El Regional","description":"Mucho m\u00e1s que informaci\u00f3n","potentialAction":[{"@type":"SearchAction","target":{"@type":"EntryPoint","urlTemplate":"http:\/\/elregionalvm.com.ar\/noticias-villa-maria\/?s={search_term_string}"},"query-input":{"@type":"PropertyValueSpecification","valueRequired":true,"valueName":"search_term_string"}}],"inLanguage":"es"},{"@type":"Person","@id":"http:\/\/elregionalvm.com.ar\/noticias-villa-maria\/#\/schema\/person\/a0fb9c422317faca23d50163151bc354","name":"Contenidos El Regional","image":{"@type":"ImageObject","inLanguage":"es","@id":"http:\/\/elregionalvm.com.ar\/noticias-villa-maria\/#\/schema\/person\/image\/","url":"https:\/\/secure.gravatar.com\/avatar\/265b27cb2209af7bb3a1318f03305787d7981a5cc6e6cd08fe5a4ecdf99d4b48?s=96&d=mm&r=g","contentUrl":"https:\/\/secure.gravatar.com\/avatar\/265b27cb2209af7bb3a1318f03305787d7981a5cc6e6cd08fe5a4ecdf99d4b48?s=96&d=mm&r=g","caption":"Contenidos El Regional"},"url":"https:\/\/elregionalvm.com.ar\/noticias-villa-maria\/author\/contenido\/"}]}},"jetpack_featured_media_url":"https:\/\/i0.wp.com\/elregionalvm.com.ar\/noticias-villa-maria\/wp-content\/uploads\/2024\/10\/WhatsApp-Image-2024-10-18-at-10.36.16.jpeg?fit=1079%2C802&ssl=1","jetpack_sharing_enabled":true,"_links":{"self":[{"href":"https:\/\/elregionalvm.com.ar\/noticias-villa-maria\/wp-json\/wp\/v2\/posts\/99811","targetHints":{"allow":["GET"]}}],"collection":[{"href":"https:\/\/elregionalvm.com.ar\/noticias-villa-maria\/wp-json\/wp\/v2\/posts"}],"about":[{"href":"https:\/\/elregionalvm.com.ar\/noticias-villa-maria\/wp-json\/wp\/v2\/types\/post"}],"author":[{"embeddable":true,"href":"https:\/\/elregionalvm.com.ar\/noticias-villa-maria\/wp-json\/wp\/v2\/users\/4"}],"replies":[{"embeddable":true,"href":"https:\/\/elregionalvm.com.ar\/noticias-villa-maria\/wp-json\/wp\/v2\/comments?post=99811"}],"version-history":[{"count":1,"href":"https:\/\/elregionalvm.com.ar\/noticias-villa-maria\/wp-json\/wp\/v2\/posts\/99811\/revisions"}],"predecessor-version":[{"id":99813,"href":"https:\/\/elregionalvm.com.ar\/noticias-villa-maria\/wp-json\/wp\/v2\/posts\/99811\/revisions\/99813"}],"wp:featuredmedia":[{"embeddable":true,"href":"https:\/\/elregionalvm.com.ar\/noticias-villa-maria\/wp-json\/wp\/v2\/media\/99812"}],"wp:attachment":[{"href":"https:\/\/elregionalvm.com.ar\/noticias-villa-maria\/wp-json\/wp\/v2\/media?parent=99811"}],"wp:term":[{"taxonomy":"category","embeddable":true,"href":"https:\/\/elregionalvm.com.ar\/noticias-villa-maria\/wp-json\/wp\/v2\/categories?post=99811"},{"taxonomy":"post_tag","embeddable":true,"href":"https:\/\/elregionalvm.com.ar\/noticias-villa-maria\/wp-json\/wp\/v2\/tags?post=99811"}],"curies":[{"name":"wp","href":"https:\/\/api.w.org\/{rel}","templated":true}]}}