{"id":99826,"date":"2024-10-18T21:36:41","date_gmt":"2024-10-18T21:36:41","guid":{"rendered":"https:\/\/elregionalvm.com.ar\/noticias-villa-maria\/?p=99826"},"modified":"2024-10-18T21:36:43","modified_gmt":"2024-10-18T21:36:43","slug":"dos-menores-de-edad-uno-de-14-y-otro-de-17-anos-quisieron-entrar-a-robar-a-un-complejo-habitacional","status":"publish","type":"post","link":"https:\/\/elregionalvm.com.ar\/noticias-villa-maria\/dos-menores-de-edad-uno-de-14-y-otro-de-17-anos-quisieron-entrar-a-robar-a-un-complejo-habitacional\/","title":{"rendered":"Dos menores de edad, uno de 14 y otro de 17 a\u00f1os quisieron entrar a robar a un complejo habitacional"},"content":{"rendered":"\n<p>Siendo aproximadamente las 03:00 horas de la fecha, personal de la Patrulla Preventiva en la intersecci\u00f3n de calles P. Ortiz y Jujuy procedi\u00f3 a la detenci\u00f3n de un adolescente de 17 a\u00f1os de edad por supuesto autor del delito de \u201cRobo en grado de Tentativa\u201d.<\/p>\n\n\n\n<figure class=\"wp-block-image size-large\"><img data-recalc-dims=\"1\" fetchpriority=\"high\" decoding=\"async\" width=\"576\" height=\"1024\" src=\"https:\/\/i0.wp.com\/elregionalvm.com.ar\/noticias-villa-maria\/wp-content\/uploads\/2024\/10\/WhatsApp-Image-2024-10-18-at-16.43.45-1.jpeg?resize=576%2C1024&#038;ssl=1\" alt=\"\" class=\"wp-image-99827\" srcset=\"https:\/\/i0.wp.com\/elregionalvm.com.ar\/noticias-villa-maria\/wp-content\/uploads\/2024\/10\/WhatsApp-Image-2024-10-18-at-16.43.45-1.jpeg?resize=576%2C1024&amp;ssl=1 576w, https:\/\/i0.wp.com\/elregionalvm.com.ar\/noticias-villa-maria\/wp-content\/uploads\/2024\/10\/WhatsApp-Image-2024-10-18-at-16.43.45-1.jpeg?resize=169%2C300&amp;ssl=1 169w, https:\/\/i0.wp.com\/elregionalvm.com.ar\/noticias-villa-maria\/wp-content\/uploads\/2024\/10\/WhatsApp-Image-2024-10-18-at-16.43.45-1.jpeg?resize=768%2C1366&amp;ssl=1 768w, https:\/\/i0.wp.com\/elregionalvm.com.ar\/noticias-villa-maria\/wp-content\/uploads\/2024\/10\/WhatsApp-Image-2024-10-18-at-16.43.45-1.jpeg?resize=864%2C1536&amp;ssl=1 864w, https:\/\/i0.wp.com\/elregionalvm.com.ar\/noticias-villa-maria\/wp-content\/uploads\/2024\/10\/WhatsApp-Image-2024-10-18-at-16.43.45-1.jpeg?w=899&amp;ssl=1 899w\" sizes=\"(max-width: 576px) 100vw, 576px\" \/><\/figure>\n\n\n\n<p> Ya que en momentos antes habr\u00eda intentado abrir por la fuerza el port\u00f3n de un complejo habitacional del sector, siendo sorprendido por un vecino que alert\u00f3 al personal policial aportando las caracter\u00edsticas, lo que permiti\u00f3 que instantes posteriores procediera a la detenci\u00f3n del mismo, al que se le secuestro por tener en su poder una ganz\u00faa; \u00e9ste se encontraba acompa\u00f1ado a su vez por un menor de 14 a\u00f1os de edad que fue trasladado a disposici\u00f3n de personal de SENAF para la adopci\u00f3n de medidas de protecci\u00f3n de sus derechos con conocimiento del Juzgado de Juventud, Ni\u00f1ez, Adolescencia y Familia de esta ciudad..<\/p>\n\n\n\n<p>Se labran actuaciones a disposici\u00f3n de la Fiscal\u00eda de Instrucci\u00f3n de Tercer Turno a cargo del Dr. Rene Bosio, Sec. Dra. Soledad Pepino.<\/p>\n","protected":false},"excerpt":{"rendered":"<p>Siendo aproximadamente las 03:00 horas de la fecha, personal de la Patrulla Preventiva en la intersecci\u00f3n de calles P. Ortiz y Jujuy procedi\u00f3 a la detenci\u00f3n de un adolescente de 17 a\u00f1os de edad por supuesto autor del delito de \u201cRobo en grado de Tentativa\u201d. Ya que en momentos antes habr\u00eda intentado abrir por la [&hellip;]<\/p>\n","protected":false},"author":4,"featured_media":99828,"comment_status":"open","ping_status":"open","sticky":false,"template":"","format":"standard","meta":{"site-sidebar-layout":"default","site-content-layout":"","ast-site-content-layout":"default","site-content-style":"default","site-sidebar-style":"default","ast-global-header-display":"","ast-banner-title-visibility":"","ast-main-header-display":"","ast-hfb-above-header-display":"","ast-hfb-below-header-display":"","ast-hfb-mobile-header-display":"","site-post-title":"","ast-breadcrumbs-content":"","ast-featured-img":"","footer-sml-layout":"","ast-disable-related-posts":"","theme-transparent-header-meta":"","adv-header-id-meta":"","stick-header-meta":"","header-above-stick-meta":"","header-main-stick-meta":"","header-below-stick-meta":"","astra-migrate-meta-layouts":"set","ast-page-background-enabled":"default","ast-page-background-meta":{"desktop":{"background-color":"","background-image":"","background-repeat":"repeat","background-position":"center center","background-size":"auto","background-attachment":"scroll","background-type":"","background-media":"","overlay-type":"","overlay-color":"","overlay-opacity":"","overlay-gradient":""},"tablet":{"background-color":"","background-image":"","background-repeat":"repeat","background-position":"center center","background-size":"auto","background-attachment":"scroll","background-type":"","background-media":"","overlay-type":"","overlay-color":"","overlay-opacity":"","overlay-gradient":""},"mobile":{"background-color":"","background-image":"","background-repeat":"repeat","background-position":"center center","background-size":"auto","background-attachment":"scroll","background-type":"","background-media":"","overlay-type":"","overlay-color":"","overlay-opacity":"","overlay-gradient":""}},"ast-content-background-meta":{"desktop":{"background-color":"var(--ast-global-color-5)","background-image":"","background-repeat":"repeat","background-position":"center center","background-size":"auto","background-attachment":"scroll","background-type":"","background-media":"","overlay-type":"","overlay-color":"","overlay-opacity":"","overlay-gradient":""},"tablet":{"background-color":"var(--ast-global-color-5)","background-image":"","background-repeat":"repeat","background-position":"center center","background-size":"auto","background-attachment":"scroll","background-type":"","background-media":"","overlay-type":"","overlay-color":"","overlay-opacity":"","overlay-gradient":""},"mobile":{"background-color":"var(--ast-global-color-5)","background-image":"","background-repeat":"repeat","background-position":"center center","background-size":"auto","background-attachment":"scroll","background-type":"","background-media":"","overlay-type":"","overlay-color":"","overlay-opacity":"","overlay-gradient":""}},"_jetpack_memberships_contains_paid_content":false,"_joinchat":[],"footnotes":""},"categories":[15302,2234,5,2],"tags":[],"class_list":["post-99826","post","type-post","status-publish","format-standard","has-post-thumbnail","hentry","category-destacado","category-policiales","category-sociedad","category-villa-maria"],"yoast_head":"<!-- This site is optimized with the Yoast SEO plugin v26.8 - https:\/\/yoast.com\/product\/yoast-seo-wordpress\/ -->\n<title>Dos menores de edad, uno de 14 y otro de 17 a\u00f1os quisieron entrar a robar a un complejo habitacional - El Regional<\/title>\n<meta name=\"robots\" content=\"index, follow, max-snippet:-1, max-image-preview:large, max-video-preview:-1\" \/>\n<link rel=\"canonical\" href=\"https:\/\/elregionalvm.com.ar\/noticias-villa-maria\/dos-menores-de-edad-uno-de-14-y-otro-de-17-anos-quisieron-entrar-a-robar-a-un-complejo-habitacional\/\" \/>\n<meta property=\"og:locale\" content=\"es_ES\" \/>\n<meta property=\"og:type\" content=\"article\" \/>\n<meta property=\"og:title\" content=\"Dos menores de edad, uno de 14 y otro de 17 a\u00f1os quisieron entrar a robar a un complejo habitacional - El Regional\" \/>\n<meta property=\"og:description\" content=\"Siendo aproximadamente las 03:00 horas de la fecha, personal de la Patrulla Preventiva en la intersecci\u00f3n de calles P. Ortiz y Jujuy procedi\u00f3 a la detenci\u00f3n de un adolescente de 17 a\u00f1os de edad por supuesto autor del delito de \u201cRobo en grado de Tentativa\u201d. Ya que en momentos antes habr\u00eda intentado abrir por la [&hellip;]\" \/>\n<meta property=\"og:url\" content=\"https:\/\/elregionalvm.com.ar\/noticias-villa-maria\/dos-menores-de-edad-uno-de-14-y-otro-de-17-anos-quisieron-entrar-a-robar-a-un-complejo-habitacional\/\" \/>\n<meta property=\"og:site_name\" content=\"El Regional\" \/>\n<meta property=\"article:publisher\" content=\"https:\/\/www.facebook.com\/elregionalvm\" \/>\n<meta property=\"article:published_time\" content=\"2024-10-18T21:36:41+00:00\" \/>\n<meta property=\"article:modified_time\" content=\"2024-10-18T21:36:43+00:00\" \/>\n<meta property=\"og:image\" content=\"https:\/\/elregionalvm.com.ar\/noticias-villa-maria\/wp-content\/uploads\/2024\/10\/WhatsApp-Image-2024-10-18-at-16.43.45.jpeg\" \/>\n\t<meta property=\"og:image:width\" content=\"1600\" \/>\n\t<meta property=\"og:image:height\" content=\"1200\" \/>\n\t<meta property=\"og:image:type\" content=\"image\/jpeg\" \/>\n<meta name=\"author\" content=\"Contenidos El Regional\" \/>\n<meta name=\"twitter:card\" content=\"summary_large_image\" \/>\n<meta name=\"twitter:creator\" content=\"@elregionalvm1\" \/>\n<meta name=\"twitter:site\" content=\"@elregionalvm1\" \/>\n<meta name=\"twitter:label1\" content=\"Escrito por\" \/>\n\t<meta name=\"twitter:data1\" content=\"Contenidos El Regional\" \/>\n\t<meta name=\"twitter:label2\" content=\"Tiempo de lectura\" \/>\n\t<meta name=\"twitter:data2\" content=\"2 minutos\" \/>\n<script type=\"application\/ld+json\" class=\"yoast-schema-graph\">{\"@context\":\"https:\/\/schema.org\",\"@graph\":[{\"@type\":\"Article\",\"@id\":\"https:\/\/elregionalvm.com.ar\/noticias-villa-maria\/dos-menores-de-edad-uno-de-14-y-otro-de-17-anos-quisieron-entrar-a-robar-a-un-complejo-habitacional\/#article\",\"isPartOf\":{\"@id\":\"https:\/\/elregionalvm.com.ar\/noticias-villa-maria\/dos-menores-de-edad-uno-de-14-y-otro-de-17-anos-quisieron-entrar-a-robar-a-un-complejo-habitacional\/\"},\"author\":{\"name\":\"Contenidos El Regional\",\"@id\":\"http:\/\/elregionalvm.com.ar\/noticias-villa-maria\/#\/schema\/person\/a0fb9c422317faca23d50163151bc354\"},\"headline\":\"Dos menores de edad, uno de 14 y otro de 17 a\u00f1os quisieron entrar a robar a un complejo habitacional\",\"datePublished\":\"2024-10-18T21:36:41+00:00\",\"dateModified\":\"2024-10-18T21:36:43+00:00\",\"mainEntityOfPage\":{\"@id\":\"https:\/\/elregionalvm.com.ar\/noticias-villa-maria\/dos-menores-de-edad-uno-de-14-y-otro-de-17-anos-quisieron-entrar-a-robar-a-un-complejo-habitacional\/\"},\"wordCount\":204,\"commentCount\":0,\"image\":{\"@id\":\"https:\/\/elregionalvm.com.ar\/noticias-villa-maria\/dos-menores-de-edad-uno-de-14-y-otro-de-17-anos-quisieron-entrar-a-robar-a-un-complejo-habitacional\/#primaryimage\"},\"thumbnailUrl\":\"https:\/\/i0.wp.com\/elregionalvm.com.ar\/noticias-villa-maria\/wp-content\/uploads\/2024\/10\/WhatsApp-Image-2024-10-18-at-16.43.45.jpeg?fit=1600%2C1200&ssl=1\",\"articleSection\":[\"destacado\",\"Policiales\",\"Sociedad\",\"Villa Mar\u00eda\"],\"inLanguage\":\"es\",\"potentialAction\":[{\"@type\":\"CommentAction\",\"name\":\"Comment\",\"target\":[\"https:\/\/elregionalvm.com.ar\/noticias-villa-maria\/dos-menores-de-edad-uno-de-14-y-otro-de-17-anos-quisieron-entrar-a-robar-a-un-complejo-habitacional\/#respond\"]}]},{\"@type\":\"WebPage\",\"@id\":\"https:\/\/elregionalvm.com.ar\/noticias-villa-maria\/dos-menores-de-edad-uno-de-14-y-otro-de-17-anos-quisieron-entrar-a-robar-a-un-complejo-habitacional\/\",\"url\":\"https:\/\/elregionalvm.com.ar\/noticias-villa-maria\/dos-menores-de-edad-uno-de-14-y-otro-de-17-anos-quisieron-entrar-a-robar-a-un-complejo-habitacional\/\",\"name\":\"Dos menores de edad, uno de 14 y otro de 17 a\u00f1os quisieron entrar a robar a un complejo habitacional - El Regional\",\"isPartOf\":{\"@id\":\"http:\/\/elregionalvm.com.ar\/noticias-villa-maria\/#website\"},\"primaryImageOfPage\":{\"@id\":\"https:\/\/elregionalvm.com.ar\/noticias-villa-maria\/dos-menores-de-edad-uno-de-14-y-otro-de-17-anos-quisieron-entrar-a-robar-a-un-complejo-habitacional\/#primaryimage\"},\"image\":{\"@id\":\"https:\/\/elregionalvm.com.ar\/noticias-villa-maria\/dos-menores-de-edad-uno-de-14-y-otro-de-17-anos-quisieron-entrar-a-robar-a-un-complejo-habitacional\/#primaryimage\"},\"thumbnailUrl\":\"https:\/\/i0.wp.com\/elregionalvm.com.ar\/noticias-villa-maria\/wp-content\/uploads\/2024\/10\/WhatsApp-Image-2024-10-18-at-16.43.45.jpeg?fit=1600%2C1200&ssl=1\",\"datePublished\":\"2024-10-18T21:36:41+00:00\",\"dateModified\":\"2024-10-18T21:36:43+00:00\",\"author\":{\"@id\":\"http:\/\/elregionalvm.com.ar\/noticias-villa-maria\/#\/schema\/person\/a0fb9c422317faca23d50163151bc354\"},\"breadcrumb\":{\"@id\":\"https:\/\/elregionalvm.com.ar\/noticias-villa-maria\/dos-menores-de-edad-uno-de-14-y-otro-de-17-anos-quisieron-entrar-a-robar-a-un-complejo-habitacional\/#breadcrumb\"},\"inLanguage\":\"es\",\"potentialAction\":[{\"@type\":\"ReadAction\",\"target\":[\"https:\/\/elregionalvm.com.ar\/noticias-villa-maria\/dos-menores-de-edad-uno-de-14-y-otro-de-17-anos-quisieron-entrar-a-robar-a-un-complejo-habitacional\/\"]}]},{\"@type\":\"ImageObject\",\"inLanguage\":\"es\",\"@id\":\"https:\/\/elregionalvm.com.ar\/noticias-villa-maria\/dos-menores-de-edad-uno-de-14-y-otro-de-17-anos-quisieron-entrar-a-robar-a-un-complejo-habitacional\/#primaryimage\",\"url\":\"https:\/\/i0.wp.com\/elregionalvm.com.ar\/noticias-villa-maria\/wp-content\/uploads\/2024\/10\/WhatsApp-Image-2024-10-18-at-16.43.45.jpeg?fit=1600%2C1200&ssl=1\",\"contentUrl\":\"https:\/\/i0.wp.com\/elregionalvm.com.ar\/noticias-villa-maria\/wp-content\/uploads\/2024\/10\/WhatsApp-Image-2024-10-18-at-16.43.45.jpeg?fit=1600%2C1200&ssl=1\",\"width\":1600,\"height\":1200},{\"@type\":\"BreadcrumbList\",\"@id\":\"https:\/\/elregionalvm.com.ar\/noticias-villa-maria\/dos-menores-de-edad-uno-de-14-y-otro-de-17-anos-quisieron-entrar-a-robar-a-un-complejo-habitacional\/#breadcrumb\",\"itemListElement\":[{\"@type\":\"ListItem\",\"position\":1,\"name\":\"Portada\",\"item\":\"https:\/\/elregionalvm.com.ar\/noticias-villa-maria\/\"},{\"@type\":\"ListItem\",\"position\":2,\"name\":\"Dos menores de edad, uno de 14 y otro de 17 a\u00f1os quisieron entrar a robar a un complejo habitacional\"}]},{\"@type\":\"WebSite\",\"@id\":\"http:\/\/elregionalvm.com.ar\/noticias-villa-maria\/#website\",\"url\":\"http:\/\/elregionalvm.com.ar\/noticias-villa-maria\/\",\"name\":\"El Regional\",\"description\":\"Mucho m\u00e1s que informaci\u00f3n\",\"potentialAction\":[{\"@type\":\"SearchAction\",\"target\":{\"@type\":\"EntryPoint\",\"urlTemplate\":\"http:\/\/elregionalvm.com.ar\/noticias-villa-maria\/?s={search_term_string}\"},\"query-input\":{\"@type\":\"PropertyValueSpecification\",\"valueRequired\":true,\"valueName\":\"search_term_string\"}}],\"inLanguage\":\"es\"},{\"@type\":\"Person\",\"@id\":\"http:\/\/elregionalvm.com.ar\/noticias-villa-maria\/#\/schema\/person\/a0fb9c422317faca23d50163151bc354\",\"name\":\"Contenidos El Regional\",\"image\":{\"@type\":\"ImageObject\",\"inLanguage\":\"es\",\"@id\":\"http:\/\/elregionalvm.com.ar\/noticias-villa-maria\/#\/schema\/person\/image\/\",\"url\":\"https:\/\/secure.gravatar.com\/avatar\/265b27cb2209af7bb3a1318f03305787d7981a5cc6e6cd08fe5a4ecdf99d4b48?s=96&d=mm&r=g\",\"contentUrl\":\"https:\/\/secure.gravatar.com\/avatar\/265b27cb2209af7bb3a1318f03305787d7981a5cc6e6cd08fe5a4ecdf99d4b48?s=96&d=mm&r=g\",\"caption\":\"Contenidos El Regional\"},\"url\":\"https:\/\/elregionalvm.com.ar\/noticias-villa-maria\/author\/contenido\/\"}]}<\/script>\n<!-- \/ Yoast SEO plugin. -->","yoast_head_json":{"title":"Dos menores de edad, uno de 14 y otro de 17 a\u00f1os quisieron entrar a robar a un complejo habitacional - El Regional","robots":{"index":"index","follow":"follow","max-snippet":"max-snippet:-1","max-image-preview":"max-image-preview:large","max-video-preview":"max-video-preview:-1"},"canonical":"https:\/\/elregionalvm.com.ar\/noticias-villa-maria\/dos-menores-de-edad-uno-de-14-y-otro-de-17-anos-quisieron-entrar-a-robar-a-un-complejo-habitacional\/","og_locale":"es_ES","og_type":"article","og_title":"Dos menores de edad, uno de 14 y otro de 17 a\u00f1os quisieron entrar a robar a un complejo habitacional - El Regional","og_description":"Siendo aproximadamente las 03:00 horas de la fecha, personal de la Patrulla Preventiva en la intersecci\u00f3n de calles P. Ortiz y Jujuy procedi\u00f3 a la detenci\u00f3n de un adolescente de 17 a\u00f1os de edad por supuesto autor del delito de \u201cRobo en grado de Tentativa\u201d. Ya que en momentos antes habr\u00eda intentado abrir por la [&hellip;]","og_url":"https:\/\/elregionalvm.com.ar\/noticias-villa-maria\/dos-menores-de-edad-uno-de-14-y-otro-de-17-anos-quisieron-entrar-a-robar-a-un-complejo-habitacional\/","og_site_name":"El Regional","article_publisher":"https:\/\/www.facebook.com\/elregionalvm","article_published_time":"2024-10-18T21:36:41+00:00","article_modified_time":"2024-10-18T21:36:43+00:00","og_image":[{"width":1600,"height":1200,"url":"https:\/\/elregionalvm.com.ar\/noticias-villa-maria\/wp-content\/uploads\/2024\/10\/WhatsApp-Image-2024-10-18-at-16.43.45.jpeg","type":"image\/jpeg"}],"author":"Contenidos El Regional","twitter_card":"summary_large_image","twitter_creator":"@elregionalvm1","twitter_site":"@elregionalvm1","twitter_misc":{"Escrito por":"Contenidos El Regional","Tiempo de lectura":"2 minutos"},"schema":{"@context":"https:\/\/schema.org","@graph":[{"@type":"Article","@id":"https:\/\/elregionalvm.com.ar\/noticias-villa-maria\/dos-menores-de-edad-uno-de-14-y-otro-de-17-anos-quisieron-entrar-a-robar-a-un-complejo-habitacional\/#article","isPartOf":{"@id":"https:\/\/elregionalvm.com.ar\/noticias-villa-maria\/dos-menores-de-edad-uno-de-14-y-otro-de-17-anos-quisieron-entrar-a-robar-a-un-complejo-habitacional\/"},"author":{"name":"Contenidos El Regional","@id":"http:\/\/elregionalvm.com.ar\/noticias-villa-maria\/#\/schema\/person\/a0fb9c422317faca23d50163151bc354"},"headline":"Dos menores de edad, uno de 14 y otro de 17 a\u00f1os quisieron entrar a robar a un complejo habitacional","datePublished":"2024-10-18T21:36:41+00:00","dateModified":"2024-10-18T21:36:43+00:00","mainEntityOfPage":{"@id":"https:\/\/elregionalvm.com.ar\/noticias-villa-maria\/dos-menores-de-edad-uno-de-14-y-otro-de-17-anos-quisieron-entrar-a-robar-a-un-complejo-habitacional\/"},"wordCount":204,"commentCount":0,"image":{"@id":"https:\/\/elregionalvm.com.ar\/noticias-villa-maria\/dos-menores-de-edad-uno-de-14-y-otro-de-17-anos-quisieron-entrar-a-robar-a-un-complejo-habitacional\/#primaryimage"},"thumbnailUrl":"https:\/\/i0.wp.com\/elregionalvm.com.ar\/noticias-villa-maria\/wp-content\/uploads\/2024\/10\/WhatsApp-Image-2024-10-18-at-16.43.45.jpeg?fit=1600%2C1200&ssl=1","articleSection":["destacado","Policiales","Sociedad","Villa Mar\u00eda"],"inLanguage":"es","potentialAction":[{"@type":"CommentAction","name":"Comment","target":["https:\/\/elregionalvm.com.ar\/noticias-villa-maria\/dos-menores-de-edad-uno-de-14-y-otro-de-17-anos-quisieron-entrar-a-robar-a-un-complejo-habitacional\/#respond"]}]},{"@type":"WebPage","@id":"https:\/\/elregionalvm.com.ar\/noticias-villa-maria\/dos-menores-de-edad-uno-de-14-y-otro-de-17-anos-quisieron-entrar-a-robar-a-un-complejo-habitacional\/","url":"https:\/\/elregionalvm.com.ar\/noticias-villa-maria\/dos-menores-de-edad-uno-de-14-y-otro-de-17-anos-quisieron-entrar-a-robar-a-un-complejo-habitacional\/","name":"Dos menores de edad, uno de 14 y otro de 17 a\u00f1os quisieron entrar a robar a un complejo habitacional - El Regional","isPartOf":{"@id":"http:\/\/elregionalvm.com.ar\/noticias-villa-maria\/#website"},"primaryImageOfPage":{"@id":"https:\/\/elregionalvm.com.ar\/noticias-villa-maria\/dos-menores-de-edad-uno-de-14-y-otro-de-17-anos-quisieron-entrar-a-robar-a-un-complejo-habitacional\/#primaryimage"},"image":{"@id":"https:\/\/elregionalvm.com.ar\/noticias-villa-maria\/dos-menores-de-edad-uno-de-14-y-otro-de-17-anos-quisieron-entrar-a-robar-a-un-complejo-habitacional\/#primaryimage"},"thumbnailUrl":"https:\/\/i0.wp.com\/elregionalvm.com.ar\/noticias-villa-maria\/wp-content\/uploads\/2024\/10\/WhatsApp-Image-2024-10-18-at-16.43.45.jpeg?fit=1600%2C1200&ssl=1","datePublished":"2024-10-18T21:36:41+00:00","dateModified":"2024-10-18T21:36:43+00:00","author":{"@id":"http:\/\/elregionalvm.com.ar\/noticias-villa-maria\/#\/schema\/person\/a0fb9c422317faca23d50163151bc354"},"breadcrumb":{"@id":"https:\/\/elregionalvm.com.ar\/noticias-villa-maria\/dos-menores-de-edad-uno-de-14-y-otro-de-17-anos-quisieron-entrar-a-robar-a-un-complejo-habitacional\/#breadcrumb"},"inLanguage":"es","potentialAction":[{"@type":"ReadAction","target":["https:\/\/elregionalvm.com.ar\/noticias-villa-maria\/dos-menores-de-edad-uno-de-14-y-otro-de-17-anos-quisieron-entrar-a-robar-a-un-complejo-habitacional\/"]}]},{"@type":"ImageObject","inLanguage":"es","@id":"https:\/\/elregionalvm.com.ar\/noticias-villa-maria\/dos-menores-de-edad-uno-de-14-y-otro-de-17-anos-quisieron-entrar-a-robar-a-un-complejo-habitacional\/#primaryimage","url":"https:\/\/i0.wp.com\/elregionalvm.com.ar\/noticias-villa-maria\/wp-content\/uploads\/2024\/10\/WhatsApp-Image-2024-10-18-at-16.43.45.jpeg?fit=1600%2C1200&ssl=1","contentUrl":"https:\/\/i0.wp.com\/elregionalvm.com.ar\/noticias-villa-maria\/wp-content\/uploads\/2024\/10\/WhatsApp-Image-2024-10-18-at-16.43.45.jpeg?fit=1600%2C1200&ssl=1","width":1600,"height":1200},{"@type":"BreadcrumbList","@id":"https:\/\/elregionalvm.com.ar\/noticias-villa-maria\/dos-menores-de-edad-uno-de-14-y-otro-de-17-anos-quisieron-entrar-a-robar-a-un-complejo-habitacional\/#breadcrumb","itemListElement":[{"@type":"ListItem","position":1,"name":"Portada","item":"https:\/\/elregionalvm.com.ar\/noticias-villa-maria\/"},{"@type":"ListItem","position":2,"name":"Dos menores de edad, uno de 14 y otro de 17 a\u00f1os quisieron entrar a robar a un complejo habitacional"}]},{"@type":"WebSite","@id":"http:\/\/elregionalvm.com.ar\/noticias-villa-maria\/#website","url":"http:\/\/elregionalvm.com.ar\/noticias-villa-maria\/","name":"El Regional","description":"Mucho m\u00e1s que informaci\u00f3n","potentialAction":[{"@type":"SearchAction","target":{"@type":"EntryPoint","urlTemplate":"http:\/\/elregionalvm.com.ar\/noticias-villa-maria\/?s={search_term_string}"},"query-input":{"@type":"PropertyValueSpecification","valueRequired":true,"valueName":"search_term_string"}}],"inLanguage":"es"},{"@type":"Person","@id":"http:\/\/elregionalvm.com.ar\/noticias-villa-maria\/#\/schema\/person\/a0fb9c422317faca23d50163151bc354","name":"Contenidos El Regional","image":{"@type":"ImageObject","inLanguage":"es","@id":"http:\/\/elregionalvm.com.ar\/noticias-villa-maria\/#\/schema\/person\/image\/","url":"https:\/\/secure.gravatar.com\/avatar\/265b27cb2209af7bb3a1318f03305787d7981a5cc6e6cd08fe5a4ecdf99d4b48?s=96&d=mm&r=g","contentUrl":"https:\/\/secure.gravatar.com\/avatar\/265b27cb2209af7bb3a1318f03305787d7981a5cc6e6cd08fe5a4ecdf99d4b48?s=96&d=mm&r=g","caption":"Contenidos El Regional"},"url":"https:\/\/elregionalvm.com.ar\/noticias-villa-maria\/author\/contenido\/"}]}},"jetpack_featured_media_url":"https:\/\/i0.wp.com\/elregionalvm.com.ar\/noticias-villa-maria\/wp-content\/uploads\/2024\/10\/WhatsApp-Image-2024-10-18-at-16.43.45.jpeg?fit=1600%2C1200&ssl=1","jetpack_sharing_enabled":true,"_links":{"self":[{"href":"https:\/\/elregionalvm.com.ar\/noticias-villa-maria\/wp-json\/wp\/v2\/posts\/99826","targetHints":{"allow":["GET"]}}],"collection":[{"href":"https:\/\/elregionalvm.com.ar\/noticias-villa-maria\/wp-json\/wp\/v2\/posts"}],"about":[{"href":"https:\/\/elregionalvm.com.ar\/noticias-villa-maria\/wp-json\/wp\/v2\/types\/post"}],"author":[{"embeddable":true,"href":"https:\/\/elregionalvm.com.ar\/noticias-villa-maria\/wp-json\/wp\/v2\/users\/4"}],"replies":[{"embeddable":true,"href":"https:\/\/elregionalvm.com.ar\/noticias-villa-maria\/wp-json\/wp\/v2\/comments?post=99826"}],"version-history":[{"count":1,"href":"https:\/\/elregionalvm.com.ar\/noticias-villa-maria\/wp-json\/wp\/v2\/posts\/99826\/revisions"}],"predecessor-version":[{"id":99829,"href":"https:\/\/elregionalvm.com.ar\/noticias-villa-maria\/wp-json\/wp\/v2\/posts\/99826\/revisions\/99829"}],"wp:featuredmedia":[{"embeddable":true,"href":"https:\/\/elregionalvm.com.ar\/noticias-villa-maria\/wp-json\/wp\/v2\/media\/99828"}],"wp:attachment":[{"href":"https:\/\/elregionalvm.com.ar\/noticias-villa-maria\/wp-json\/wp\/v2\/media?parent=99826"}],"wp:term":[{"taxonomy":"category","embeddable":true,"href":"https:\/\/elregionalvm.com.ar\/noticias-villa-maria\/wp-json\/wp\/v2\/categories?post=99826"},{"taxonomy":"post_tag","embeddable":true,"href":"https:\/\/elregionalvm.com.ar\/noticias-villa-maria\/wp-json\/wp\/v2\/tags?post=99826"}],"curies":[{"name":"wp","href":"https:\/\/api.w.org\/{rel}","templated":true}]}}