{"id":99830,"date":"2024-10-18T21:52:18","date_gmt":"2024-10-18T21:52:18","guid":{"rendered":"https:\/\/elregionalvm.com.ar\/noticias-villa-maria\/?p=99830"},"modified":"2024-10-18T21:52:20","modified_gmt":"2024-10-18T21:52:20","slug":"se-desarrollaron-las-27-olimpiadas-deportivas-para-personas-con-discapacidad","status":"publish","type":"post","link":"https:\/\/elregionalvm.com.ar\/noticias-villa-maria\/se-desarrollaron-las-27-olimpiadas-deportivas-para-personas-con-discapacidad\/","title":{"rendered":"Se desarrollaron las 27\u00b0 Olimp\u00edadas Deportivas para personas con discapacidad"},"content":{"rendered":"\n<p>Con la participaci\u00f3n de m\u00e1s de 350 personas de Villa Mar\u00eda y la regi\u00f3n, la actividad implic\u00f3 disciplinas deportivas y recreativas, a lo largo de toda una jornada<\/p>\n\n\n\n<figure class=\"wp-block-image size-large\"><img data-recalc-dims=\"1\" fetchpriority=\"high\" decoding=\"async\" width=\"998\" height=\"1024\" src=\"https:\/\/i0.wp.com\/elregionalvm.com.ar\/noticias-villa-maria\/wp-content\/uploads\/2024\/10\/WhatsApp-Image-2024-10-18-at-18.11.04.jpeg?resize=998%2C1024&#038;ssl=1\" alt=\"\" class=\"wp-image-99833\" srcset=\"https:\/\/i0.wp.com\/elregionalvm.com.ar\/noticias-villa-maria\/wp-content\/uploads\/2024\/10\/WhatsApp-Image-2024-10-18-at-18.11.04.jpeg?resize=998%2C1024&amp;ssl=1 998w, https:\/\/i0.wp.com\/elregionalvm.com.ar\/noticias-villa-maria\/wp-content\/uploads\/2024\/10\/WhatsApp-Image-2024-10-18-at-18.11.04.jpeg?resize=292%2C300&amp;ssl=1 292w, https:\/\/i0.wp.com\/elregionalvm.com.ar\/noticias-villa-maria\/wp-content\/uploads\/2024\/10\/WhatsApp-Image-2024-10-18-at-18.11.04.jpeg?resize=768%2C788&amp;ssl=1 768w, https:\/\/i0.wp.com\/elregionalvm.com.ar\/noticias-villa-maria\/wp-content\/uploads\/2024\/10\/WhatsApp-Image-2024-10-18-at-18.11.04.jpeg?resize=1497%2C1536&amp;ssl=1 1497w, https:\/\/i0.wp.com\/elregionalvm.com.ar\/noticias-villa-maria\/wp-content\/uploads\/2024\/10\/WhatsApp-Image-2024-10-18-at-18.11.04.jpeg?w=1559&amp;ssl=1 1559w\" sizes=\"(max-width: 998px) 100vw, 998px\" \/><\/figure>\n\n\n\n<p>La Municipalidad de Villa Mar\u00eda informa que se desarrollaron las 27\u00b0 Olimp\u00edadas Deportivas para Personas con Discapacidad en el Sal\u00f3n de los Deportes, que tienen por objetivo la inclusi\u00f3n y recreaci\u00f3n a trav\u00e9s del deporte y las actividades compartidas, entre personas que integran distintas instituciones.<\/p>\n\n\n\n<p>De la actividad, participaron m\u00e1s de 350 atletas que compitieron en diversas disciplinas, postas deportivas y recreativas, acompa\u00f1ados por m\u00e1s de 100 profesores y colaboradores de la Escuela Municipal de Deporte, del Instituto Secundario Bernardino Rivadavia especialidad Educaci\u00f3n F\u00edsica, del profesorado de Educaci\u00f3n F\u00edsica del \u00abInstituto La Sant\u00edsima Trinidad\u00bb y \u00abGabriela Mistral\u00bb, junto a las Escuelas de Rugby San Jos\u00e9 y San Mart\u00edn.<\/p>\n\n\n\n<figure class=\"wp-block-image size-large\"><img data-recalc-dims=\"1\" decoding=\"async\" width=\"1024\" height=\"576\" src=\"https:\/\/i0.wp.com\/elregionalvm.com.ar\/noticias-villa-maria\/wp-content\/uploads\/2024\/10\/WhatsApp-Image-2024-10-18-at-18.11.06-1.jpeg?resize=1024%2C576&#038;ssl=1\" alt=\"\" class=\"wp-image-99831\" srcset=\"https:\/\/i0.wp.com\/elregionalvm.com.ar\/noticias-villa-maria\/wp-content\/uploads\/2024\/10\/WhatsApp-Image-2024-10-18-at-18.11.06-1.jpeg?resize=1024%2C576&amp;ssl=1 1024w, https:\/\/i0.wp.com\/elregionalvm.com.ar\/noticias-villa-maria\/wp-content\/uploads\/2024\/10\/WhatsApp-Image-2024-10-18-at-18.11.06-1.jpeg?resize=300%2C169&amp;ssl=1 300w, https:\/\/i0.wp.com\/elregionalvm.com.ar\/noticias-villa-maria\/wp-content\/uploads\/2024\/10\/WhatsApp-Image-2024-10-18-at-18.11.06-1.jpeg?resize=768%2C432&amp;ssl=1 768w, https:\/\/i0.wp.com\/elregionalvm.com.ar\/noticias-villa-maria\/wp-content\/uploads\/2024\/10\/WhatsApp-Image-2024-10-18-at-18.11.06-1.jpeg?w=1280&amp;ssl=1 1280w\" sizes=\"(max-width: 1000px) 100vw, 1000px\" \/><\/figure>\n\n\n\n<p>En este marco, el presidente del Ente Villa Mar\u00eda Deporte y Turismo, Alejandro Mana, coment\u00f3: \u201cEstamos muy contentos de recibir a las instituciones que hacen un gran esfuerzo para venir, la idea es que sea un d\u00eda para ellos, que la pasen de la mejor manera, disfrutando de las actividades que se han preparado, del almuerzo y la merienda. Todos recibieron una medalla, porque consideramos que en Villa Mar\u00eda ganan todos\u201d<\/p>\n\n\n\n<p>Luego, continu\u00f3: \u201cNuestro intendente Eduardo Accastello nos pidi\u00f3 que todos tengan posibilidades en el deporte, que todos puedan pasarla bien, y elegimos la actividad f\u00edsica como herramienta de inclusi\u00f3n\u201d.<\/p>\n\n\n\n<p>La jornada concluy\u00f3 con un baile ol\u00edmpico, del cual participaron todas las delegaciones.<\/p>\n\n\n\n<p>Cabe mencionar que formaron parte de las Olimpiadas Deportivas representantes de las instituciones locales: El And\u00e9n, Escuela Especial Clotilde Sabattini, Instituto del Rosario, Leo Kanner, CEMDI y la Escuela Deportiva Municipal para Personas con Discapacidad.<\/p>\n\n\n\n<p>Tambi\u00e9n formaron parte el Centro de D\u00eda CENIR (Oncativo), Deportes Laboulaye (Laboulaye),Deporte Adaptado (Devoto) y Actividad F\u00edsica Adaptada (Bell Ville).<\/p>\n\n\n\n<p>Ademas, estuvieron presentes la secretaria de Educaci\u00f3n e Igualdad, Adela Guirardelli; la subsecretaria de Pol\u00edticas de Igualdad, Melina Mosquera; la directora del del Centro Municipal para el Desarrollo Integral de las Personas con Discapacidad (CEMDI), Sara Chiasi; el director del Ente Villa Mar\u00eda Deporte y Turismo, Eduardo Piazza y el director de Deportes, Fernando Badran.<\/p>\n","protected":false},"excerpt":{"rendered":"<p>Con la participaci\u00f3n de m\u00e1s de 350 personas de Villa Mar\u00eda y la regi\u00f3n, la actividad implic\u00f3 disciplinas deportivas y recreativas, a lo largo de toda una jornada La Municipalidad de Villa Mar\u00eda informa que se desarrollaron las 27\u00b0 Olimp\u00edadas Deportivas para Personas con Discapacidad en el Sal\u00f3n de los Deportes, que tienen por objetivo [&hellip;]<\/p>\n","protected":false},"author":4,"featured_media":99832,"comment_status":"open","ping_status":"open","sticky":false,"template":"","format":"standard","meta":{"site-sidebar-layout":"default","site-content-layout":"","ast-site-content-layout":"default","site-content-style":"default","site-sidebar-style":"default","ast-global-header-display":"","ast-banner-title-visibility":"","ast-main-header-display":"","ast-hfb-above-header-display":"","ast-hfb-below-header-display":"","ast-hfb-mobile-header-display":"","site-post-title":"","ast-breadcrumbs-content":"","ast-featured-img":"","footer-sml-layout":"","ast-disable-related-posts":"","theme-transparent-header-meta":"","adv-header-id-meta":"","stick-header-meta":"","header-above-stick-meta":"","header-main-stick-meta":"","header-below-stick-meta":"","astra-migrate-meta-layouts":"set","ast-page-background-enabled":"default","ast-page-background-meta":{"desktop":{"background-color":"","background-image":"","background-repeat":"repeat","background-position":"center center","background-size":"auto","background-attachment":"scroll","background-type":"","background-media":"","overlay-type":"","overlay-color":"","overlay-opacity":"","overlay-gradient":""},"tablet":{"background-color":"","background-image":"","background-repeat":"repeat","background-position":"center center","background-size":"auto","background-attachment":"scroll","background-type":"","background-media":"","overlay-type":"","overlay-color":"","overlay-opacity":"","overlay-gradient":""},"mobile":{"background-color":"","background-image":"","background-repeat":"repeat","background-position":"center center","background-size":"auto","background-attachment":"scroll","background-type":"","background-media":"","overlay-type":"","overlay-color":"","overlay-opacity":"","overlay-gradient":""}},"ast-content-background-meta":{"desktop":{"background-color":"var(--ast-global-color-5)","background-image":"","background-repeat":"repeat","background-position":"center center","background-size":"auto","background-attachment":"scroll","background-type":"","background-media":"","overlay-type":"","overlay-color":"","overlay-opacity":"","overlay-gradient":""},"tablet":{"background-color":"var(--ast-global-color-5)","background-image":"","background-repeat":"repeat","background-position":"center center","background-size":"auto","background-attachment":"scroll","background-type":"","background-media":"","overlay-type":"","overlay-color":"","overlay-opacity":"","overlay-gradient":""},"mobile":{"background-color":"var(--ast-global-color-5)","background-image":"","background-repeat":"repeat","background-position":"center center","background-size":"auto","background-attachment":"scroll","background-type":"","background-media":"","overlay-type":"","overlay-color":"","overlay-opacity":"","overlay-gradient":""}},"_jetpack_memberships_contains_paid_content":false,"_joinchat":[],"footnotes":""},"categories":[15158,5,2],"tags":[],"class_list":["post-99830","post","type-post","status-publish","format-standard","has-post-thumbnail","hentry","category-deporte","category-sociedad","category-villa-maria"],"yoast_head":"<!-- This site is optimized with the Yoast SEO plugin v26.8 - https:\/\/yoast.com\/product\/yoast-seo-wordpress\/ -->\n<title>Se desarrollaron las 27\u00b0 Olimp\u00edadas Deportivas para personas con discapacidad - El Regional<\/title>\n<meta name=\"robots\" content=\"index, follow, max-snippet:-1, max-image-preview:large, max-video-preview:-1\" \/>\n<link rel=\"canonical\" href=\"https:\/\/elregionalvm.com.ar\/noticias-villa-maria\/se-desarrollaron-las-27-olimpiadas-deportivas-para-personas-con-discapacidad\/\" \/>\n<meta property=\"og:locale\" content=\"es_ES\" \/>\n<meta property=\"og:type\" content=\"article\" \/>\n<meta property=\"og:title\" content=\"Se desarrollaron las 27\u00b0 Olimp\u00edadas Deportivas para personas con discapacidad - El Regional\" \/>\n<meta property=\"og:description\" content=\"Con la participaci\u00f3n de m\u00e1s de 350 personas de Villa Mar\u00eda y la regi\u00f3n, la actividad implic\u00f3 disciplinas deportivas y recreativas, a lo largo de toda una jornada La Municipalidad de Villa Mar\u00eda informa que se desarrollaron las 27\u00b0 Olimp\u00edadas Deportivas para Personas con Discapacidad en el Sal\u00f3n de los Deportes, que tienen por objetivo [&hellip;]\" \/>\n<meta property=\"og:url\" content=\"https:\/\/elregionalvm.com.ar\/noticias-villa-maria\/se-desarrollaron-las-27-olimpiadas-deportivas-para-personas-con-discapacidad\/\" \/>\n<meta property=\"og:site_name\" content=\"El Regional\" \/>\n<meta property=\"article:publisher\" content=\"https:\/\/www.facebook.com\/elregionalvm\" \/>\n<meta property=\"article:published_time\" content=\"2024-10-18T21:52:18+00:00\" \/>\n<meta property=\"article:modified_time\" content=\"2024-10-18T21:52:20+00:00\" \/>\n<meta property=\"og:image\" content=\"https:\/\/elregionalvm.com.ar\/noticias-villa-maria\/wp-content\/uploads\/2024\/10\/WhatsApp-Image-2024-10-18-at-18.11.06-scaled.jpeg\" \/>\n\t<meta property=\"og:image:width\" content=\"2560\" \/>\n\t<meta property=\"og:image:height\" content=\"1737\" \/>\n\t<meta property=\"og:image:type\" content=\"image\/jpeg\" \/>\n<meta name=\"author\" content=\"Contenidos El Regional\" \/>\n<meta name=\"twitter:card\" content=\"summary_large_image\" \/>\n<meta name=\"twitter:creator\" content=\"@elregionalvm1\" \/>\n<meta name=\"twitter:site\" content=\"@elregionalvm1\" \/>\n<meta name=\"twitter:label1\" content=\"Escrito por\" \/>\n\t<meta name=\"twitter:data1\" content=\"Contenidos El Regional\" \/>\n\t<meta name=\"twitter:label2\" content=\"Tiempo de lectura\" \/>\n\t<meta name=\"twitter:data2\" content=\"3 minutos\" \/>\n<script type=\"application\/ld+json\" class=\"yoast-schema-graph\">{\"@context\":\"https:\/\/schema.org\",\"@graph\":[{\"@type\":\"Article\",\"@id\":\"https:\/\/elregionalvm.com.ar\/noticias-villa-maria\/se-desarrollaron-las-27-olimpiadas-deportivas-para-personas-con-discapacidad\/#article\",\"isPartOf\":{\"@id\":\"https:\/\/elregionalvm.com.ar\/noticias-villa-maria\/se-desarrollaron-las-27-olimpiadas-deportivas-para-personas-con-discapacidad\/\"},\"author\":{\"name\":\"Contenidos El Regional\",\"@id\":\"http:\/\/elregionalvm.com.ar\/noticias-villa-maria\/#\/schema\/person\/a0fb9c422317faca23d50163151bc354\"},\"headline\":\"Se desarrollaron las 27\u00b0 Olimp\u00edadas Deportivas para personas con discapacidad\",\"datePublished\":\"2024-10-18T21:52:18+00:00\",\"dateModified\":\"2024-10-18T21:52:20+00:00\",\"mainEntityOfPage\":{\"@id\":\"https:\/\/elregionalvm.com.ar\/noticias-villa-maria\/se-desarrollaron-las-27-olimpiadas-deportivas-para-personas-con-discapacidad\/\"},\"wordCount\":398,\"commentCount\":0,\"image\":{\"@id\":\"https:\/\/elregionalvm.com.ar\/noticias-villa-maria\/se-desarrollaron-las-27-olimpiadas-deportivas-para-personas-con-discapacidad\/#primaryimage\"},\"thumbnailUrl\":\"https:\/\/i0.wp.com\/elregionalvm.com.ar\/noticias-villa-maria\/wp-content\/uploads\/2024\/10\/WhatsApp-Image-2024-10-18-at-18.11.06-scaled.jpeg?fit=2560%2C1737&ssl=1\",\"articleSection\":[\"Deporte\",\"Sociedad\",\"Villa Mar\u00eda\"],\"inLanguage\":\"es\",\"potentialAction\":[{\"@type\":\"CommentAction\",\"name\":\"Comment\",\"target\":[\"https:\/\/elregionalvm.com.ar\/noticias-villa-maria\/se-desarrollaron-las-27-olimpiadas-deportivas-para-personas-con-discapacidad\/#respond\"]}]},{\"@type\":\"WebPage\",\"@id\":\"https:\/\/elregionalvm.com.ar\/noticias-villa-maria\/se-desarrollaron-las-27-olimpiadas-deportivas-para-personas-con-discapacidad\/\",\"url\":\"https:\/\/elregionalvm.com.ar\/noticias-villa-maria\/se-desarrollaron-las-27-olimpiadas-deportivas-para-personas-con-discapacidad\/\",\"name\":\"Se desarrollaron las 27\u00b0 Olimp\u00edadas Deportivas para personas con discapacidad - El Regional\",\"isPartOf\":{\"@id\":\"http:\/\/elregionalvm.com.ar\/noticias-villa-maria\/#website\"},\"primaryImageOfPage\":{\"@id\":\"https:\/\/elregionalvm.com.ar\/noticias-villa-maria\/se-desarrollaron-las-27-olimpiadas-deportivas-para-personas-con-discapacidad\/#primaryimage\"},\"image\":{\"@id\":\"https:\/\/elregionalvm.com.ar\/noticias-villa-maria\/se-desarrollaron-las-27-olimpiadas-deportivas-para-personas-con-discapacidad\/#primaryimage\"},\"thumbnailUrl\":\"https:\/\/i0.wp.com\/elregionalvm.com.ar\/noticias-villa-maria\/wp-content\/uploads\/2024\/10\/WhatsApp-Image-2024-10-18-at-18.11.06-scaled.jpeg?fit=2560%2C1737&ssl=1\",\"datePublished\":\"2024-10-18T21:52:18+00:00\",\"dateModified\":\"2024-10-18T21:52:20+00:00\",\"author\":{\"@id\":\"http:\/\/elregionalvm.com.ar\/noticias-villa-maria\/#\/schema\/person\/a0fb9c422317faca23d50163151bc354\"},\"breadcrumb\":{\"@id\":\"https:\/\/elregionalvm.com.ar\/noticias-villa-maria\/se-desarrollaron-las-27-olimpiadas-deportivas-para-personas-con-discapacidad\/#breadcrumb\"},\"inLanguage\":\"es\",\"potentialAction\":[{\"@type\":\"ReadAction\",\"target\":[\"https:\/\/elregionalvm.com.ar\/noticias-villa-maria\/se-desarrollaron-las-27-olimpiadas-deportivas-para-personas-con-discapacidad\/\"]}]},{\"@type\":\"ImageObject\",\"inLanguage\":\"es\",\"@id\":\"https:\/\/elregionalvm.com.ar\/noticias-villa-maria\/se-desarrollaron-las-27-olimpiadas-deportivas-para-personas-con-discapacidad\/#primaryimage\",\"url\":\"https:\/\/i0.wp.com\/elregionalvm.com.ar\/noticias-villa-maria\/wp-content\/uploads\/2024\/10\/WhatsApp-Image-2024-10-18-at-18.11.06-scaled.jpeg?fit=2560%2C1737&ssl=1\",\"contentUrl\":\"https:\/\/i0.wp.com\/elregionalvm.com.ar\/noticias-villa-maria\/wp-content\/uploads\/2024\/10\/WhatsApp-Image-2024-10-18-at-18.11.06-scaled.jpeg?fit=2560%2C1737&ssl=1\",\"width\":2560,\"height\":1737},{\"@type\":\"BreadcrumbList\",\"@id\":\"https:\/\/elregionalvm.com.ar\/noticias-villa-maria\/se-desarrollaron-las-27-olimpiadas-deportivas-para-personas-con-discapacidad\/#breadcrumb\",\"itemListElement\":[{\"@type\":\"ListItem\",\"position\":1,\"name\":\"Portada\",\"item\":\"https:\/\/elregionalvm.com.ar\/noticias-villa-maria\/\"},{\"@type\":\"ListItem\",\"position\":2,\"name\":\"Se desarrollaron las 27\u00b0 Olimp\u00edadas Deportivas para personas con discapacidad\"}]},{\"@type\":\"WebSite\",\"@id\":\"http:\/\/elregionalvm.com.ar\/noticias-villa-maria\/#website\",\"url\":\"http:\/\/elregionalvm.com.ar\/noticias-villa-maria\/\",\"name\":\"El Regional\",\"description\":\"Mucho m\u00e1s que informaci\u00f3n\",\"potentialAction\":[{\"@type\":\"SearchAction\",\"target\":{\"@type\":\"EntryPoint\",\"urlTemplate\":\"http:\/\/elregionalvm.com.ar\/noticias-villa-maria\/?s={search_term_string}\"},\"query-input\":{\"@type\":\"PropertyValueSpecification\",\"valueRequired\":true,\"valueName\":\"search_term_string\"}}],\"inLanguage\":\"es\"},{\"@type\":\"Person\",\"@id\":\"http:\/\/elregionalvm.com.ar\/noticias-villa-maria\/#\/schema\/person\/a0fb9c422317faca23d50163151bc354\",\"name\":\"Contenidos El Regional\",\"image\":{\"@type\":\"ImageObject\",\"inLanguage\":\"es\",\"@id\":\"http:\/\/elregionalvm.com.ar\/noticias-villa-maria\/#\/schema\/person\/image\/\",\"url\":\"https:\/\/secure.gravatar.com\/avatar\/265b27cb2209af7bb3a1318f03305787d7981a5cc6e6cd08fe5a4ecdf99d4b48?s=96&d=mm&r=g\",\"contentUrl\":\"https:\/\/secure.gravatar.com\/avatar\/265b27cb2209af7bb3a1318f03305787d7981a5cc6e6cd08fe5a4ecdf99d4b48?s=96&d=mm&r=g\",\"caption\":\"Contenidos El Regional\"},\"url\":\"https:\/\/elregionalvm.com.ar\/noticias-villa-maria\/author\/contenido\/\"}]}<\/script>\n<!-- \/ Yoast SEO plugin. -->","yoast_head_json":{"title":"Se desarrollaron las 27\u00b0 Olimp\u00edadas Deportivas para personas con discapacidad - El Regional","robots":{"index":"index","follow":"follow","max-snippet":"max-snippet:-1","max-image-preview":"max-image-preview:large","max-video-preview":"max-video-preview:-1"},"canonical":"https:\/\/elregionalvm.com.ar\/noticias-villa-maria\/se-desarrollaron-las-27-olimpiadas-deportivas-para-personas-con-discapacidad\/","og_locale":"es_ES","og_type":"article","og_title":"Se desarrollaron las 27\u00b0 Olimp\u00edadas Deportivas para personas con discapacidad - El Regional","og_description":"Con la participaci\u00f3n de m\u00e1s de 350 personas de Villa Mar\u00eda y la regi\u00f3n, la actividad implic\u00f3 disciplinas deportivas y recreativas, a lo largo de toda una jornada La Municipalidad de Villa Mar\u00eda informa que se desarrollaron las 27\u00b0 Olimp\u00edadas Deportivas para Personas con Discapacidad en el Sal\u00f3n de los Deportes, que tienen por objetivo [&hellip;]","og_url":"https:\/\/elregionalvm.com.ar\/noticias-villa-maria\/se-desarrollaron-las-27-olimpiadas-deportivas-para-personas-con-discapacidad\/","og_site_name":"El Regional","article_publisher":"https:\/\/www.facebook.com\/elregionalvm","article_published_time":"2024-10-18T21:52:18+00:00","article_modified_time":"2024-10-18T21:52:20+00:00","og_image":[{"width":2560,"height":1737,"url":"https:\/\/elregionalvm.com.ar\/noticias-villa-maria\/wp-content\/uploads\/2024\/10\/WhatsApp-Image-2024-10-18-at-18.11.06-scaled.jpeg","type":"image\/jpeg"}],"author":"Contenidos El Regional","twitter_card":"summary_large_image","twitter_creator":"@elregionalvm1","twitter_site":"@elregionalvm1","twitter_misc":{"Escrito por":"Contenidos El Regional","Tiempo de lectura":"3 minutos"},"schema":{"@context":"https:\/\/schema.org","@graph":[{"@type":"Article","@id":"https:\/\/elregionalvm.com.ar\/noticias-villa-maria\/se-desarrollaron-las-27-olimpiadas-deportivas-para-personas-con-discapacidad\/#article","isPartOf":{"@id":"https:\/\/elregionalvm.com.ar\/noticias-villa-maria\/se-desarrollaron-las-27-olimpiadas-deportivas-para-personas-con-discapacidad\/"},"author":{"name":"Contenidos El Regional","@id":"http:\/\/elregionalvm.com.ar\/noticias-villa-maria\/#\/schema\/person\/a0fb9c422317faca23d50163151bc354"},"headline":"Se desarrollaron las 27\u00b0 Olimp\u00edadas Deportivas para personas con discapacidad","datePublished":"2024-10-18T21:52:18+00:00","dateModified":"2024-10-18T21:52:20+00:00","mainEntityOfPage":{"@id":"https:\/\/elregionalvm.com.ar\/noticias-villa-maria\/se-desarrollaron-las-27-olimpiadas-deportivas-para-personas-con-discapacidad\/"},"wordCount":398,"commentCount":0,"image":{"@id":"https:\/\/elregionalvm.com.ar\/noticias-villa-maria\/se-desarrollaron-las-27-olimpiadas-deportivas-para-personas-con-discapacidad\/#primaryimage"},"thumbnailUrl":"https:\/\/i0.wp.com\/elregionalvm.com.ar\/noticias-villa-maria\/wp-content\/uploads\/2024\/10\/WhatsApp-Image-2024-10-18-at-18.11.06-scaled.jpeg?fit=2560%2C1737&ssl=1","articleSection":["Deporte","Sociedad","Villa Mar\u00eda"],"inLanguage":"es","potentialAction":[{"@type":"CommentAction","name":"Comment","target":["https:\/\/elregionalvm.com.ar\/noticias-villa-maria\/se-desarrollaron-las-27-olimpiadas-deportivas-para-personas-con-discapacidad\/#respond"]}]},{"@type":"WebPage","@id":"https:\/\/elregionalvm.com.ar\/noticias-villa-maria\/se-desarrollaron-las-27-olimpiadas-deportivas-para-personas-con-discapacidad\/","url":"https:\/\/elregionalvm.com.ar\/noticias-villa-maria\/se-desarrollaron-las-27-olimpiadas-deportivas-para-personas-con-discapacidad\/","name":"Se desarrollaron las 27\u00b0 Olimp\u00edadas Deportivas para personas con discapacidad - El Regional","isPartOf":{"@id":"http:\/\/elregionalvm.com.ar\/noticias-villa-maria\/#website"},"primaryImageOfPage":{"@id":"https:\/\/elregionalvm.com.ar\/noticias-villa-maria\/se-desarrollaron-las-27-olimpiadas-deportivas-para-personas-con-discapacidad\/#primaryimage"},"image":{"@id":"https:\/\/elregionalvm.com.ar\/noticias-villa-maria\/se-desarrollaron-las-27-olimpiadas-deportivas-para-personas-con-discapacidad\/#primaryimage"},"thumbnailUrl":"https:\/\/i0.wp.com\/elregionalvm.com.ar\/noticias-villa-maria\/wp-content\/uploads\/2024\/10\/WhatsApp-Image-2024-10-18-at-18.11.06-scaled.jpeg?fit=2560%2C1737&ssl=1","datePublished":"2024-10-18T21:52:18+00:00","dateModified":"2024-10-18T21:52:20+00:00","author":{"@id":"http:\/\/elregionalvm.com.ar\/noticias-villa-maria\/#\/schema\/person\/a0fb9c422317faca23d50163151bc354"},"breadcrumb":{"@id":"https:\/\/elregionalvm.com.ar\/noticias-villa-maria\/se-desarrollaron-las-27-olimpiadas-deportivas-para-personas-con-discapacidad\/#breadcrumb"},"inLanguage":"es","potentialAction":[{"@type":"ReadAction","target":["https:\/\/elregionalvm.com.ar\/noticias-villa-maria\/se-desarrollaron-las-27-olimpiadas-deportivas-para-personas-con-discapacidad\/"]}]},{"@type":"ImageObject","inLanguage":"es","@id":"https:\/\/elregionalvm.com.ar\/noticias-villa-maria\/se-desarrollaron-las-27-olimpiadas-deportivas-para-personas-con-discapacidad\/#primaryimage","url":"https:\/\/i0.wp.com\/elregionalvm.com.ar\/noticias-villa-maria\/wp-content\/uploads\/2024\/10\/WhatsApp-Image-2024-10-18-at-18.11.06-scaled.jpeg?fit=2560%2C1737&ssl=1","contentUrl":"https:\/\/i0.wp.com\/elregionalvm.com.ar\/noticias-villa-maria\/wp-content\/uploads\/2024\/10\/WhatsApp-Image-2024-10-18-at-18.11.06-scaled.jpeg?fit=2560%2C1737&ssl=1","width":2560,"height":1737},{"@type":"BreadcrumbList","@id":"https:\/\/elregionalvm.com.ar\/noticias-villa-maria\/se-desarrollaron-las-27-olimpiadas-deportivas-para-personas-con-discapacidad\/#breadcrumb","itemListElement":[{"@type":"ListItem","position":1,"name":"Portada","item":"https:\/\/elregionalvm.com.ar\/noticias-villa-maria\/"},{"@type":"ListItem","position":2,"name":"Se desarrollaron las 27\u00b0 Olimp\u00edadas Deportivas para personas con discapacidad"}]},{"@type":"WebSite","@id":"http:\/\/elregionalvm.com.ar\/noticias-villa-maria\/#website","url":"http:\/\/elregionalvm.com.ar\/noticias-villa-maria\/","name":"El Regional","description":"Mucho m\u00e1s que informaci\u00f3n","potentialAction":[{"@type":"SearchAction","target":{"@type":"EntryPoint","urlTemplate":"http:\/\/elregionalvm.com.ar\/noticias-villa-maria\/?s={search_term_string}"},"query-input":{"@type":"PropertyValueSpecification","valueRequired":true,"valueName":"search_term_string"}}],"inLanguage":"es"},{"@type":"Person","@id":"http:\/\/elregionalvm.com.ar\/noticias-villa-maria\/#\/schema\/person\/a0fb9c422317faca23d50163151bc354","name":"Contenidos El Regional","image":{"@type":"ImageObject","inLanguage":"es","@id":"http:\/\/elregionalvm.com.ar\/noticias-villa-maria\/#\/schema\/person\/image\/","url":"https:\/\/secure.gravatar.com\/avatar\/265b27cb2209af7bb3a1318f03305787d7981a5cc6e6cd08fe5a4ecdf99d4b48?s=96&d=mm&r=g","contentUrl":"https:\/\/secure.gravatar.com\/avatar\/265b27cb2209af7bb3a1318f03305787d7981a5cc6e6cd08fe5a4ecdf99d4b48?s=96&d=mm&r=g","caption":"Contenidos El Regional"},"url":"https:\/\/elregionalvm.com.ar\/noticias-villa-maria\/author\/contenido\/"}]}},"jetpack_featured_media_url":"https:\/\/i0.wp.com\/elregionalvm.com.ar\/noticias-villa-maria\/wp-content\/uploads\/2024\/10\/WhatsApp-Image-2024-10-18-at-18.11.06-scaled.jpeg?fit=2560%2C1737&ssl=1","jetpack_sharing_enabled":true,"_links":{"self":[{"href":"https:\/\/elregionalvm.com.ar\/noticias-villa-maria\/wp-json\/wp\/v2\/posts\/99830","targetHints":{"allow":["GET"]}}],"collection":[{"href":"https:\/\/elregionalvm.com.ar\/noticias-villa-maria\/wp-json\/wp\/v2\/posts"}],"about":[{"href":"https:\/\/elregionalvm.com.ar\/noticias-villa-maria\/wp-json\/wp\/v2\/types\/post"}],"author":[{"embeddable":true,"href":"https:\/\/elregionalvm.com.ar\/noticias-villa-maria\/wp-json\/wp\/v2\/users\/4"}],"replies":[{"embeddable":true,"href":"https:\/\/elregionalvm.com.ar\/noticias-villa-maria\/wp-json\/wp\/v2\/comments?post=99830"}],"version-history":[{"count":1,"href":"https:\/\/elregionalvm.com.ar\/noticias-villa-maria\/wp-json\/wp\/v2\/posts\/99830\/revisions"}],"predecessor-version":[{"id":99834,"href":"https:\/\/elregionalvm.com.ar\/noticias-villa-maria\/wp-json\/wp\/v2\/posts\/99830\/revisions\/99834"}],"wp:featuredmedia":[{"embeddable":true,"href":"https:\/\/elregionalvm.com.ar\/noticias-villa-maria\/wp-json\/wp\/v2\/media\/99832"}],"wp:attachment":[{"href":"https:\/\/elregionalvm.com.ar\/noticias-villa-maria\/wp-json\/wp\/v2\/media?parent=99830"}],"wp:term":[{"taxonomy":"category","embeddable":true,"href":"https:\/\/elregionalvm.com.ar\/noticias-villa-maria\/wp-json\/wp\/v2\/categories?post=99830"},{"taxonomy":"post_tag","embeddable":true,"href":"https:\/\/elregionalvm.com.ar\/noticias-villa-maria\/wp-json\/wp\/v2\/tags?post=99830"}],"curies":[{"name":"wp","href":"https:\/\/api.w.org\/{rel}","templated":true}]}}