{"id":99945,"date":"2024-10-22T23:26:48","date_gmt":"2024-10-22T23:26:48","guid":{"rendered":"https:\/\/elregionalvm.com.ar\/noticias-villa-maria\/?p=99945"},"modified":"2024-10-22T23:26:50","modified_gmt":"2024-10-22T23:26:50","slug":"se-llevara-a-cabo-una-nueva-edicion-de-las-olimpiadas-recreativas-para-personas-mayores","status":"publish","type":"post","link":"https:\/\/elregionalvm.com.ar\/noticias-villa-maria\/se-llevara-a-cabo-una-nueva-edicion-de-las-olimpiadas-recreativas-para-personas-mayores\/","title":{"rendered":"Se llevar\u00e1 a cabo una nueva edici\u00f3n de las olimp\u00edadas recreativas para personas mayores"},"content":{"rendered":"\n<p>Tendr\u00e1n lugar el pr\u00f3ximo s\u00e1bado en el Parque de la Vida, y est\u00e1n destinadas a personas mayores y sus familias<\/p>\n\n\n\n<p>La Municipalidad de Villa Mar\u00eda, a trav\u00e9s de la Secretar\u00eda de Educaci\u00f3n e Igualdad junto al Ente Villa Mar\u00eda Deporte y Turismo, invita a participar de las tradicionales Olimp\u00edadas Recreativas para Personas Mayores, que tienen por objetivo concientizar sobre el rol de las personas mayores en la construcci\u00f3n social, y promover su inclusi\u00f3n a trav\u00e9s de la actividad f\u00edsica y recreativa.<\/p>\n\n\n\n<figure class=\"wp-block-image size-large\"><img data-recalc-dims=\"1\" fetchpriority=\"high\" decoding=\"async\" width=\"819\" height=\"1024\" src=\"https:\/\/i0.wp.com\/elregionalvm.com.ar\/noticias-villa-maria\/wp-content\/uploads\/2024\/10\/WhatsApp-Image-2024-10-22-at-09.20.37.jpeg?resize=819%2C1024&#038;ssl=1\" alt=\"\" class=\"wp-image-99946\" srcset=\"https:\/\/i0.wp.com\/elregionalvm.com.ar\/noticias-villa-maria\/wp-content\/uploads\/2024\/10\/WhatsApp-Image-2024-10-22-at-09.20.37.jpeg?resize=819%2C1024&amp;ssl=1 819w, https:\/\/i0.wp.com\/elregionalvm.com.ar\/noticias-villa-maria\/wp-content\/uploads\/2024\/10\/WhatsApp-Image-2024-10-22-at-09.20.37.jpeg?resize=240%2C300&amp;ssl=1 240w, https:\/\/i0.wp.com\/elregionalvm.com.ar\/noticias-villa-maria\/wp-content\/uploads\/2024\/10\/WhatsApp-Image-2024-10-22-at-09.20.37.jpeg?resize=768%2C960&amp;ssl=1 768w, https:\/\/i0.wp.com\/elregionalvm.com.ar\/noticias-villa-maria\/wp-content\/uploads\/2024\/10\/WhatsApp-Image-2024-10-22-at-09.20.37.jpeg?w=1080&amp;ssl=1 1080w\" sizes=\"(max-width: 819px) 100vw, 819px\" \/><\/figure>\n\n\n\n<p>Por tal motivo, la propuesta est\u00e1 dirigida a personas mayores y a todas las familias de la ciudad, y se desarrollar\u00e1 el s\u00e1bado 26 de octubre desde las 17:00 horas, en el Parque de la Vida.<\/p>\n\n\n\n<p>All\u00ed, podr\u00e1n participar de juegos de estimulaci\u00f3n cognitiva, metegol, sapo, tejo, truco, chinch\u00f3n, canasta, ajedrez, caminatas, postas deportivas, realidad virtual, entre otras propuestas. Tambi\u00e9n habr\u00e1 DJ en vivo y la oferta gastron\u00f3mica de los food trucks.<\/p>\n\n\n\n<p>Ademas, disfrutar\u00e1n de una clases abierta a trav\u00e9s del programa \u201cMovete a tu Ritmo\u201d, mientras que el \u201cBallet Oficial de Personas Mayores\u201d y el popular cantante villamariense que trascendi\u00f3 los escenarios de la provincia, \u201cPalito Sanchez\u201d, brindar\u00e1n un cierre musical.<\/p>\n\n\n\n<p>Cabe mencionar que esta propuesta se enmarca en el mes dentro del cual se conmemora a nivel mundial el \u201cD\u00eda de la Personas Mayores\u201d.<\/p>\n","protected":false},"excerpt":{"rendered":"<p>Tendr\u00e1n lugar el pr\u00f3ximo s\u00e1bado en el Parque de la Vida, y est\u00e1n destinadas a personas mayores y sus familias La Municipalidad de Villa Mar\u00eda, a trav\u00e9s de la Secretar\u00eda de Educaci\u00f3n e Igualdad junto al Ente Villa Mar\u00eda Deporte y Turismo, invita a participar de las tradicionales Olimp\u00edadas Recreativas para Personas Mayores, que tienen [&hellip;]<\/p>\n","protected":false},"author":4,"featured_media":99947,"comment_status":"open","ping_status":"open","sticky":false,"template":"","format":"standard","meta":{"site-sidebar-layout":"default","site-content-layout":"","ast-site-content-layout":"default","site-content-style":"default","site-sidebar-style":"default","ast-global-header-display":"","ast-banner-title-visibility":"","ast-main-header-display":"","ast-hfb-above-header-display":"","ast-hfb-below-header-display":"","ast-hfb-mobile-header-display":"","site-post-title":"","ast-breadcrumbs-content":"","ast-featured-img":"","footer-sml-layout":"","ast-disable-related-posts":"","theme-transparent-header-meta":"","adv-header-id-meta":"","stick-header-meta":"","header-above-stick-meta":"","header-main-stick-meta":"","header-below-stick-meta":"","astra-migrate-meta-layouts":"set","ast-page-background-enabled":"default","ast-page-background-meta":{"desktop":{"background-color":"","background-image":"","background-repeat":"repeat","background-position":"center center","background-size":"auto","background-attachment":"scroll","background-type":"","background-media":"","overlay-type":"","overlay-color":"","overlay-opacity":"","overlay-gradient":""},"tablet":{"background-color":"","background-image":"","background-repeat":"repeat","background-position":"center center","background-size":"auto","background-attachment":"scroll","background-type":"","background-media":"","overlay-type":"","overlay-color":"","overlay-opacity":"","overlay-gradient":""},"mobile":{"background-color":"","background-image":"","background-repeat":"repeat","background-position":"center center","background-size":"auto","background-attachment":"scroll","background-type":"","background-media":"","overlay-type":"","overlay-color":"","overlay-opacity":"","overlay-gradient":""}},"ast-content-background-meta":{"desktop":{"background-color":"var(--ast-global-color-5)","background-image":"","background-repeat":"repeat","background-position":"center center","background-size":"auto","background-attachment":"scroll","background-type":"","background-media":"","overlay-type":"","overlay-color":"","overlay-opacity":"","overlay-gradient":""},"tablet":{"background-color":"var(--ast-global-color-5)","background-image":"","background-repeat":"repeat","background-position":"center center","background-size":"auto","background-attachment":"scroll","background-type":"","background-media":"","overlay-type":"","overlay-color":"","overlay-opacity":"","overlay-gradient":""},"mobile":{"background-color":"var(--ast-global-color-5)","background-image":"","background-repeat":"repeat","background-position":"center center","background-size":"auto","background-attachment":"scroll","background-type":"","background-media":"","overlay-type":"","overlay-color":"","overlay-opacity":"","overlay-gradient":""}},"_jetpack_memberships_contains_paid_content":false,"_joinchat":[],"footnotes":""},"categories":[2068,5,2],"tags":[],"class_list":["post-99945","post","type-post","status-publish","format-standard","has-post-thumbnail","hentry","category-cultura-deporte","category-sociedad","category-villa-maria"],"yoast_head":"<!-- This site is optimized with the Yoast SEO plugin v26.8 - https:\/\/yoast.com\/product\/yoast-seo-wordpress\/ -->\n<title>Se llevar\u00e1 a cabo una nueva edici\u00f3n de las olimp\u00edadas recreativas para personas mayores - El Regional<\/title>\n<meta name=\"robots\" content=\"index, follow, max-snippet:-1, max-image-preview:large, max-video-preview:-1\" \/>\n<link rel=\"canonical\" href=\"https:\/\/elregionalvm.com.ar\/noticias-villa-maria\/se-llevara-a-cabo-una-nueva-edicion-de-las-olimpiadas-recreativas-para-personas-mayores\/\" \/>\n<meta property=\"og:locale\" content=\"es_ES\" \/>\n<meta property=\"og:type\" content=\"article\" \/>\n<meta property=\"og:title\" content=\"Se llevar\u00e1 a cabo una nueva edici\u00f3n de las olimp\u00edadas recreativas para personas mayores - El Regional\" \/>\n<meta property=\"og:description\" content=\"Tendr\u00e1n lugar el pr\u00f3ximo s\u00e1bado en el Parque de la Vida, y est\u00e1n destinadas a personas mayores y sus familias La Municipalidad de Villa Mar\u00eda, a trav\u00e9s de la Secretar\u00eda de Educaci\u00f3n e Igualdad junto al Ente Villa Mar\u00eda Deporte y Turismo, invita a participar de las tradicionales Olimp\u00edadas Recreativas para Personas Mayores, que tienen [&hellip;]\" \/>\n<meta property=\"og:url\" content=\"https:\/\/elregionalvm.com.ar\/noticias-villa-maria\/se-llevara-a-cabo-una-nueva-edicion-de-las-olimpiadas-recreativas-para-personas-mayores\/\" \/>\n<meta property=\"og:site_name\" content=\"El Regional\" \/>\n<meta property=\"article:publisher\" content=\"https:\/\/www.facebook.com\/elregionalvm\" \/>\n<meta property=\"article:published_time\" content=\"2024-10-22T23:26:48+00:00\" \/>\n<meta property=\"article:modified_time\" content=\"2024-10-22T23:26:50+00:00\" \/>\n<meta property=\"og:image\" content=\"https:\/\/elregionalvm.com.ar\/noticias-villa-maria\/wp-content\/uploads\/2024\/10\/WhatsApp-Image-2024-10-22-at-09.20.36.jpeg\" \/>\n\t<meta property=\"og:image:width\" content=\"1080\" \/>\n\t<meta property=\"og:image:height\" content=\"1350\" \/>\n\t<meta property=\"og:image:type\" content=\"image\/jpeg\" \/>\n<meta name=\"author\" content=\"Contenidos El Regional\" \/>\n<meta name=\"twitter:card\" content=\"summary_large_image\" \/>\n<meta name=\"twitter:creator\" content=\"@elregionalvm1\" \/>\n<meta name=\"twitter:site\" content=\"@elregionalvm1\" \/>\n<meta name=\"twitter:label1\" content=\"Escrito por\" \/>\n\t<meta name=\"twitter:data1\" content=\"Contenidos El Regional\" \/>\n\t<meta name=\"twitter:label2\" content=\"Tiempo de lectura\" \/>\n\t<meta name=\"twitter:data2\" content=\"2 minutos\" \/>\n<script type=\"application\/ld+json\" class=\"yoast-schema-graph\">{\"@context\":\"https:\/\/schema.org\",\"@graph\":[{\"@type\":\"Article\",\"@id\":\"https:\/\/elregionalvm.com.ar\/noticias-villa-maria\/se-llevara-a-cabo-una-nueva-edicion-de-las-olimpiadas-recreativas-para-personas-mayores\/#article\",\"isPartOf\":{\"@id\":\"https:\/\/elregionalvm.com.ar\/noticias-villa-maria\/se-llevara-a-cabo-una-nueva-edicion-de-las-olimpiadas-recreativas-para-personas-mayores\/\"},\"author\":{\"name\":\"Contenidos El Regional\",\"@id\":\"http:\/\/elregionalvm.com.ar\/noticias-villa-maria\/#\/schema\/person\/a0fb9c422317faca23d50163151bc354\"},\"headline\":\"Se llevar\u00e1 a cabo una nueva edici\u00f3n de las olimp\u00edadas recreativas para personas mayores\",\"datePublished\":\"2024-10-22T23:26:48+00:00\",\"dateModified\":\"2024-10-22T23:26:50+00:00\",\"mainEntityOfPage\":{\"@id\":\"https:\/\/elregionalvm.com.ar\/noticias-villa-maria\/se-llevara-a-cabo-una-nueva-edicion-de-las-olimpiadas-recreativas-para-personas-mayores\/\"},\"wordCount\":255,\"commentCount\":0,\"image\":{\"@id\":\"https:\/\/elregionalvm.com.ar\/noticias-villa-maria\/se-llevara-a-cabo-una-nueva-edicion-de-las-olimpiadas-recreativas-para-personas-mayores\/#primaryimage\"},\"thumbnailUrl\":\"https:\/\/i0.wp.com\/elregionalvm.com.ar\/noticias-villa-maria\/wp-content\/uploads\/2024\/10\/WhatsApp-Image-2024-10-22-at-09.20.36.jpeg?fit=1080%2C1350&ssl=1\",\"articleSection\":[\"Cultura\",\"Sociedad\",\"Villa Mar\u00eda\"],\"inLanguage\":\"es\",\"potentialAction\":[{\"@type\":\"CommentAction\",\"name\":\"Comment\",\"target\":[\"https:\/\/elregionalvm.com.ar\/noticias-villa-maria\/se-llevara-a-cabo-una-nueva-edicion-de-las-olimpiadas-recreativas-para-personas-mayores\/#respond\"]}]},{\"@type\":\"WebPage\",\"@id\":\"https:\/\/elregionalvm.com.ar\/noticias-villa-maria\/se-llevara-a-cabo-una-nueva-edicion-de-las-olimpiadas-recreativas-para-personas-mayores\/\",\"url\":\"https:\/\/elregionalvm.com.ar\/noticias-villa-maria\/se-llevara-a-cabo-una-nueva-edicion-de-las-olimpiadas-recreativas-para-personas-mayores\/\",\"name\":\"Se llevar\u00e1 a cabo una nueva edici\u00f3n de las olimp\u00edadas recreativas para personas mayores - El Regional\",\"isPartOf\":{\"@id\":\"http:\/\/elregionalvm.com.ar\/noticias-villa-maria\/#website\"},\"primaryImageOfPage\":{\"@id\":\"https:\/\/elregionalvm.com.ar\/noticias-villa-maria\/se-llevara-a-cabo-una-nueva-edicion-de-las-olimpiadas-recreativas-para-personas-mayores\/#primaryimage\"},\"image\":{\"@id\":\"https:\/\/elregionalvm.com.ar\/noticias-villa-maria\/se-llevara-a-cabo-una-nueva-edicion-de-las-olimpiadas-recreativas-para-personas-mayores\/#primaryimage\"},\"thumbnailUrl\":\"https:\/\/i0.wp.com\/elregionalvm.com.ar\/noticias-villa-maria\/wp-content\/uploads\/2024\/10\/WhatsApp-Image-2024-10-22-at-09.20.36.jpeg?fit=1080%2C1350&ssl=1\",\"datePublished\":\"2024-10-22T23:26:48+00:00\",\"dateModified\":\"2024-10-22T23:26:50+00:00\",\"author\":{\"@id\":\"http:\/\/elregionalvm.com.ar\/noticias-villa-maria\/#\/schema\/person\/a0fb9c422317faca23d50163151bc354\"},\"breadcrumb\":{\"@id\":\"https:\/\/elregionalvm.com.ar\/noticias-villa-maria\/se-llevara-a-cabo-una-nueva-edicion-de-las-olimpiadas-recreativas-para-personas-mayores\/#breadcrumb\"},\"inLanguage\":\"es\",\"potentialAction\":[{\"@type\":\"ReadAction\",\"target\":[\"https:\/\/elregionalvm.com.ar\/noticias-villa-maria\/se-llevara-a-cabo-una-nueva-edicion-de-las-olimpiadas-recreativas-para-personas-mayores\/\"]}]},{\"@type\":\"ImageObject\",\"inLanguage\":\"es\",\"@id\":\"https:\/\/elregionalvm.com.ar\/noticias-villa-maria\/se-llevara-a-cabo-una-nueva-edicion-de-las-olimpiadas-recreativas-para-personas-mayores\/#primaryimage\",\"url\":\"https:\/\/i0.wp.com\/elregionalvm.com.ar\/noticias-villa-maria\/wp-content\/uploads\/2024\/10\/WhatsApp-Image-2024-10-22-at-09.20.36.jpeg?fit=1080%2C1350&ssl=1\",\"contentUrl\":\"https:\/\/i0.wp.com\/elregionalvm.com.ar\/noticias-villa-maria\/wp-content\/uploads\/2024\/10\/WhatsApp-Image-2024-10-22-at-09.20.36.jpeg?fit=1080%2C1350&ssl=1\",\"width\":1080,\"height\":1350},{\"@type\":\"BreadcrumbList\",\"@id\":\"https:\/\/elregionalvm.com.ar\/noticias-villa-maria\/se-llevara-a-cabo-una-nueva-edicion-de-las-olimpiadas-recreativas-para-personas-mayores\/#breadcrumb\",\"itemListElement\":[{\"@type\":\"ListItem\",\"position\":1,\"name\":\"Portada\",\"item\":\"https:\/\/elregionalvm.com.ar\/noticias-villa-maria\/\"},{\"@type\":\"ListItem\",\"position\":2,\"name\":\"Se llevar\u00e1 a cabo una nueva edici\u00f3n de las olimp\u00edadas recreativas para personas mayores\"}]},{\"@type\":\"WebSite\",\"@id\":\"http:\/\/elregionalvm.com.ar\/noticias-villa-maria\/#website\",\"url\":\"http:\/\/elregionalvm.com.ar\/noticias-villa-maria\/\",\"name\":\"El Regional\",\"description\":\"Mucho m\u00e1s que informaci\u00f3n\",\"potentialAction\":[{\"@type\":\"SearchAction\",\"target\":{\"@type\":\"EntryPoint\",\"urlTemplate\":\"http:\/\/elregionalvm.com.ar\/noticias-villa-maria\/?s={search_term_string}\"},\"query-input\":{\"@type\":\"PropertyValueSpecification\",\"valueRequired\":true,\"valueName\":\"search_term_string\"}}],\"inLanguage\":\"es\"},{\"@type\":\"Person\",\"@id\":\"http:\/\/elregionalvm.com.ar\/noticias-villa-maria\/#\/schema\/person\/a0fb9c422317faca23d50163151bc354\",\"name\":\"Contenidos El Regional\",\"image\":{\"@type\":\"ImageObject\",\"inLanguage\":\"es\",\"@id\":\"http:\/\/elregionalvm.com.ar\/noticias-villa-maria\/#\/schema\/person\/image\/\",\"url\":\"https:\/\/secure.gravatar.com\/avatar\/265b27cb2209af7bb3a1318f03305787d7981a5cc6e6cd08fe5a4ecdf99d4b48?s=96&d=mm&r=g\",\"contentUrl\":\"https:\/\/secure.gravatar.com\/avatar\/265b27cb2209af7bb3a1318f03305787d7981a5cc6e6cd08fe5a4ecdf99d4b48?s=96&d=mm&r=g\",\"caption\":\"Contenidos El Regional\"},\"url\":\"https:\/\/elregionalvm.com.ar\/noticias-villa-maria\/author\/contenido\/\"}]}<\/script>\n<!-- \/ Yoast SEO plugin. -->","yoast_head_json":{"title":"Se llevar\u00e1 a cabo una nueva edici\u00f3n de las olimp\u00edadas recreativas para personas mayores - El Regional","robots":{"index":"index","follow":"follow","max-snippet":"max-snippet:-1","max-image-preview":"max-image-preview:large","max-video-preview":"max-video-preview:-1"},"canonical":"https:\/\/elregionalvm.com.ar\/noticias-villa-maria\/se-llevara-a-cabo-una-nueva-edicion-de-las-olimpiadas-recreativas-para-personas-mayores\/","og_locale":"es_ES","og_type":"article","og_title":"Se llevar\u00e1 a cabo una nueva edici\u00f3n de las olimp\u00edadas recreativas para personas mayores - El Regional","og_description":"Tendr\u00e1n lugar el pr\u00f3ximo s\u00e1bado en el Parque de la Vida, y est\u00e1n destinadas a personas mayores y sus familias La Municipalidad de Villa Mar\u00eda, a trav\u00e9s de la Secretar\u00eda de Educaci\u00f3n e Igualdad junto al Ente Villa Mar\u00eda Deporte y Turismo, invita a participar de las tradicionales Olimp\u00edadas Recreativas para Personas Mayores, que tienen [&hellip;]","og_url":"https:\/\/elregionalvm.com.ar\/noticias-villa-maria\/se-llevara-a-cabo-una-nueva-edicion-de-las-olimpiadas-recreativas-para-personas-mayores\/","og_site_name":"El Regional","article_publisher":"https:\/\/www.facebook.com\/elregionalvm","article_published_time":"2024-10-22T23:26:48+00:00","article_modified_time":"2024-10-22T23:26:50+00:00","og_image":[{"width":1080,"height":1350,"url":"https:\/\/elregionalvm.com.ar\/noticias-villa-maria\/wp-content\/uploads\/2024\/10\/WhatsApp-Image-2024-10-22-at-09.20.36.jpeg","type":"image\/jpeg"}],"author":"Contenidos El Regional","twitter_card":"summary_large_image","twitter_creator":"@elregionalvm1","twitter_site":"@elregionalvm1","twitter_misc":{"Escrito por":"Contenidos El Regional","Tiempo de lectura":"2 minutos"},"schema":{"@context":"https:\/\/schema.org","@graph":[{"@type":"Article","@id":"https:\/\/elregionalvm.com.ar\/noticias-villa-maria\/se-llevara-a-cabo-una-nueva-edicion-de-las-olimpiadas-recreativas-para-personas-mayores\/#article","isPartOf":{"@id":"https:\/\/elregionalvm.com.ar\/noticias-villa-maria\/se-llevara-a-cabo-una-nueva-edicion-de-las-olimpiadas-recreativas-para-personas-mayores\/"},"author":{"name":"Contenidos El Regional","@id":"http:\/\/elregionalvm.com.ar\/noticias-villa-maria\/#\/schema\/person\/a0fb9c422317faca23d50163151bc354"},"headline":"Se llevar\u00e1 a cabo una nueva edici\u00f3n de las olimp\u00edadas recreativas para personas mayores","datePublished":"2024-10-22T23:26:48+00:00","dateModified":"2024-10-22T23:26:50+00:00","mainEntityOfPage":{"@id":"https:\/\/elregionalvm.com.ar\/noticias-villa-maria\/se-llevara-a-cabo-una-nueva-edicion-de-las-olimpiadas-recreativas-para-personas-mayores\/"},"wordCount":255,"commentCount":0,"image":{"@id":"https:\/\/elregionalvm.com.ar\/noticias-villa-maria\/se-llevara-a-cabo-una-nueva-edicion-de-las-olimpiadas-recreativas-para-personas-mayores\/#primaryimage"},"thumbnailUrl":"https:\/\/i0.wp.com\/elregionalvm.com.ar\/noticias-villa-maria\/wp-content\/uploads\/2024\/10\/WhatsApp-Image-2024-10-22-at-09.20.36.jpeg?fit=1080%2C1350&ssl=1","articleSection":["Cultura","Sociedad","Villa Mar\u00eda"],"inLanguage":"es","potentialAction":[{"@type":"CommentAction","name":"Comment","target":["https:\/\/elregionalvm.com.ar\/noticias-villa-maria\/se-llevara-a-cabo-una-nueva-edicion-de-las-olimpiadas-recreativas-para-personas-mayores\/#respond"]}]},{"@type":"WebPage","@id":"https:\/\/elregionalvm.com.ar\/noticias-villa-maria\/se-llevara-a-cabo-una-nueva-edicion-de-las-olimpiadas-recreativas-para-personas-mayores\/","url":"https:\/\/elregionalvm.com.ar\/noticias-villa-maria\/se-llevara-a-cabo-una-nueva-edicion-de-las-olimpiadas-recreativas-para-personas-mayores\/","name":"Se llevar\u00e1 a cabo una nueva edici\u00f3n de las olimp\u00edadas recreativas para personas mayores - El Regional","isPartOf":{"@id":"http:\/\/elregionalvm.com.ar\/noticias-villa-maria\/#website"},"primaryImageOfPage":{"@id":"https:\/\/elregionalvm.com.ar\/noticias-villa-maria\/se-llevara-a-cabo-una-nueva-edicion-de-las-olimpiadas-recreativas-para-personas-mayores\/#primaryimage"},"image":{"@id":"https:\/\/elregionalvm.com.ar\/noticias-villa-maria\/se-llevara-a-cabo-una-nueva-edicion-de-las-olimpiadas-recreativas-para-personas-mayores\/#primaryimage"},"thumbnailUrl":"https:\/\/i0.wp.com\/elregionalvm.com.ar\/noticias-villa-maria\/wp-content\/uploads\/2024\/10\/WhatsApp-Image-2024-10-22-at-09.20.36.jpeg?fit=1080%2C1350&ssl=1","datePublished":"2024-10-22T23:26:48+00:00","dateModified":"2024-10-22T23:26:50+00:00","author":{"@id":"http:\/\/elregionalvm.com.ar\/noticias-villa-maria\/#\/schema\/person\/a0fb9c422317faca23d50163151bc354"},"breadcrumb":{"@id":"https:\/\/elregionalvm.com.ar\/noticias-villa-maria\/se-llevara-a-cabo-una-nueva-edicion-de-las-olimpiadas-recreativas-para-personas-mayores\/#breadcrumb"},"inLanguage":"es","potentialAction":[{"@type":"ReadAction","target":["https:\/\/elregionalvm.com.ar\/noticias-villa-maria\/se-llevara-a-cabo-una-nueva-edicion-de-las-olimpiadas-recreativas-para-personas-mayores\/"]}]},{"@type":"ImageObject","inLanguage":"es","@id":"https:\/\/elregionalvm.com.ar\/noticias-villa-maria\/se-llevara-a-cabo-una-nueva-edicion-de-las-olimpiadas-recreativas-para-personas-mayores\/#primaryimage","url":"https:\/\/i0.wp.com\/elregionalvm.com.ar\/noticias-villa-maria\/wp-content\/uploads\/2024\/10\/WhatsApp-Image-2024-10-22-at-09.20.36.jpeg?fit=1080%2C1350&ssl=1","contentUrl":"https:\/\/i0.wp.com\/elregionalvm.com.ar\/noticias-villa-maria\/wp-content\/uploads\/2024\/10\/WhatsApp-Image-2024-10-22-at-09.20.36.jpeg?fit=1080%2C1350&ssl=1","width":1080,"height":1350},{"@type":"BreadcrumbList","@id":"https:\/\/elregionalvm.com.ar\/noticias-villa-maria\/se-llevara-a-cabo-una-nueva-edicion-de-las-olimpiadas-recreativas-para-personas-mayores\/#breadcrumb","itemListElement":[{"@type":"ListItem","position":1,"name":"Portada","item":"https:\/\/elregionalvm.com.ar\/noticias-villa-maria\/"},{"@type":"ListItem","position":2,"name":"Se llevar\u00e1 a cabo una nueva edici\u00f3n de las olimp\u00edadas recreativas para personas mayores"}]},{"@type":"WebSite","@id":"http:\/\/elregionalvm.com.ar\/noticias-villa-maria\/#website","url":"http:\/\/elregionalvm.com.ar\/noticias-villa-maria\/","name":"El Regional","description":"Mucho m\u00e1s que informaci\u00f3n","potentialAction":[{"@type":"SearchAction","target":{"@type":"EntryPoint","urlTemplate":"http:\/\/elregionalvm.com.ar\/noticias-villa-maria\/?s={search_term_string}"},"query-input":{"@type":"PropertyValueSpecification","valueRequired":true,"valueName":"search_term_string"}}],"inLanguage":"es"},{"@type":"Person","@id":"http:\/\/elregionalvm.com.ar\/noticias-villa-maria\/#\/schema\/person\/a0fb9c422317faca23d50163151bc354","name":"Contenidos El Regional","image":{"@type":"ImageObject","inLanguage":"es","@id":"http:\/\/elregionalvm.com.ar\/noticias-villa-maria\/#\/schema\/person\/image\/","url":"https:\/\/secure.gravatar.com\/avatar\/265b27cb2209af7bb3a1318f03305787d7981a5cc6e6cd08fe5a4ecdf99d4b48?s=96&d=mm&r=g","contentUrl":"https:\/\/secure.gravatar.com\/avatar\/265b27cb2209af7bb3a1318f03305787d7981a5cc6e6cd08fe5a4ecdf99d4b48?s=96&d=mm&r=g","caption":"Contenidos El Regional"},"url":"https:\/\/elregionalvm.com.ar\/noticias-villa-maria\/author\/contenido\/"}]}},"jetpack_featured_media_url":"https:\/\/i0.wp.com\/elregionalvm.com.ar\/noticias-villa-maria\/wp-content\/uploads\/2024\/10\/WhatsApp-Image-2024-10-22-at-09.20.36.jpeg?fit=1080%2C1350&ssl=1","jetpack_sharing_enabled":true,"_links":{"self":[{"href":"https:\/\/elregionalvm.com.ar\/noticias-villa-maria\/wp-json\/wp\/v2\/posts\/99945","targetHints":{"allow":["GET"]}}],"collection":[{"href":"https:\/\/elregionalvm.com.ar\/noticias-villa-maria\/wp-json\/wp\/v2\/posts"}],"about":[{"href":"https:\/\/elregionalvm.com.ar\/noticias-villa-maria\/wp-json\/wp\/v2\/types\/post"}],"author":[{"embeddable":true,"href":"https:\/\/elregionalvm.com.ar\/noticias-villa-maria\/wp-json\/wp\/v2\/users\/4"}],"replies":[{"embeddable":true,"href":"https:\/\/elregionalvm.com.ar\/noticias-villa-maria\/wp-json\/wp\/v2\/comments?post=99945"}],"version-history":[{"count":1,"href":"https:\/\/elregionalvm.com.ar\/noticias-villa-maria\/wp-json\/wp\/v2\/posts\/99945\/revisions"}],"predecessor-version":[{"id":99948,"href":"https:\/\/elregionalvm.com.ar\/noticias-villa-maria\/wp-json\/wp\/v2\/posts\/99945\/revisions\/99948"}],"wp:featuredmedia":[{"embeddable":true,"href":"https:\/\/elregionalvm.com.ar\/noticias-villa-maria\/wp-json\/wp\/v2\/media\/99947"}],"wp:attachment":[{"href":"https:\/\/elregionalvm.com.ar\/noticias-villa-maria\/wp-json\/wp\/v2\/media?parent=99945"}],"wp:term":[{"taxonomy":"category","embeddable":true,"href":"https:\/\/elregionalvm.com.ar\/noticias-villa-maria\/wp-json\/wp\/v2\/categories?post=99945"},{"taxonomy":"post_tag","embeddable":true,"href":"https:\/\/elregionalvm.com.ar\/noticias-villa-maria\/wp-json\/wp\/v2\/tags?post=99945"}],"curies":[{"name":"wp","href":"https:\/\/api.w.org\/{rel}","templated":true}]}}